{"id":1014,"date":"2014-11-09T16:24:04","date_gmt":"2014-11-09T16:24:04","guid":{"rendered":"https:\/\/epokaserca.pl\/aktualnosci\/index.php\/2014\/11\/09\/9-listopada-2014\/"},"modified":"2014-11-09T16:24:04","modified_gmt":"2014-11-09T16:24:04","slug":"9-listopada-2014","status":"publish","type":"post","link":"https:\/\/epokaserca.pl\/aktualnosci\/9-listopada-2014\/","title":{"rendered":"9 LISTOPADA 2014"},"content":{"rendered":"\n<p style=\"margin-top: 6px; margin-bottom: 6px; color: #141823; font-family: Helvetica, Arial, 'lucida grande', tahoma, verdana, arial, sans-serif; font-size: 13.63636302948px; line-height: 17.5636348724365px;\"><span class=\"text_exposed_show\" style=\"display: inline;\"><\/span><\/p>\n<p style=\"margin-top: 6px; margin-bottom: 6px; color: #141823; font-family: Helvetica, Arial, 'lucida grande', tahoma, verdana, arial, sans-serif; font-size: 13.63636302948px; line-height: 17.5636348724365px;\"><span class=\"text_exposed_show\" style=\"display: inline;\"><\/span><\/p>\n<p style=\"margin-top: 6px; margin-bottom: 6px; color: #141823; font-family: Helvetica, Arial, 'lucida grande', tahoma, verdana, arial, sans-serif; font-size: 13.63636302948px; line-height: 17.5636348724365px;\"><span class=\"text_exposed_show\" style=\"display: inline;\"><img loading=\"lazy\" decoding=\"async\" class=\" size-full wp-image-1013\" src=\"https:\/\/el.cgnk.pl\/wp-content\/uploads\/2014\/11\/10407519_10203257722747167_5107043627339933342_n.jpg\" width=\"400\" height=\"300\" alt=\"10407519_10203257722747167_5107043627339933342_n\" style=\"display: block; margin-left: auto; margin-right: auto;\" srcset=\"https:\/\/epokaserca.pl\/aktualnosci\/wp-content\/uploads\/2014\/11\/10407519_10203257722747167_5107043627339933342_n.jpg 960w, https:\/\/epokaserca.pl\/aktualnosci\/wp-content\/uploads\/2014\/11\/10407519_10203257722747167_5107043627339933342_n-300x225.jpg 300w, https:\/\/epokaserca.pl\/aktualnosci\/wp-content\/uploads\/2014\/11\/10407519_10203257722747167_5107043627339933342_n-768x576.jpg 768w\" sizes=\"auto, (max-width: 400px) 100vw, 400px\" \/><br \/>Wa\u017cne mi jest, aby d\u017awi\u0119k, jego wibracja trafi\u0142a w sedno tego, co w tym momencie potrzebujesz. To jest widoczne, to jest wyczuwalne. Nie mo\u017cna mechanicznie tworzy\u0107 d\u017awi\u0119k\u00f3w, z my\u015bl\u0105, \u017ce one z Tob\u0105 co\u015b tam (dobrego) zrobi\u0105. Tworzenie takiego d\u017awi\u0119ku, to alchemia. Przy tworzeniu tych d\u017awi\u0119k\u00f3w bardziej istotne jest ich widzenie, zmys\u0142, kt\u00f3ry pozwala nam w momencie tworzenia d\u017awi\u0119ku widzie\u0107, co one robi\u0105 z le\u017c\u0105cym w medytacji cz\u0142owiekiem.&nbsp;<br \/>Kto tego nie widzi, podobnie jak w masa\u017cu misami tybeta\u0144skimi, ten uderza mniej lub bardziej uwa\u017cnie metalowe tybeta\u0144skie misy. Samo to jednak jest jeszcze bardzo, bardzo daleko od istoty tego, co znaczy prowadzi\u0107 d\u017awi\u0119kiem w medytacji, czy to na monokordzie czy te\u017c przy u\u017cyciu mis.&nbsp;<br \/>Kto chce prowadzi\u0107, ten sam musia\u0142 by\u0107 ju\u017c prowadzony, i to wielokrotnie, wielokrotnie, aby wej\u015b\u0107 w tajemnice tego, co mo\u017ce z nami, z naszym cia\u0142em, z nasz\u0105 energi\u0105, zrobi\u0107 d\u017awi\u0119k, wibracja wytworzona przez struny monochordu czy przez d\u017awi\u0119k tybeta\u0144skich mis.&nbsp;<br \/>Z tego co jest mi znane, to na polskiej scenie duchowo\u015bci zbyt ma\u0142o robiono g\u0142\u0119bszych przemy\u015ble\u0144 odno\u015bnie r\u00f3\u017cnicy miedzy postaw\u0105 pionowa a le\u017c\u0105c\u0105 w medytacji. Energetyczne i anatomiczne uwarunkowania naszej istoty s\u0105 tu istotne, co si\u0119 z nami \u201edzieje\u201d, jak na nas to wp\u0142ywa, gdy siedzimy, czy te\u017c le\u017cymy w medytacji. Obie pozycje maja swoje uzasadnienie, a zale\u017cno\u015bci, na co chcemy po\u0142o\u017cy\u0107 punkt ci\u0119\u017cko\u015bci w \u0107wiczeniu.&nbsp;<br \/>A ja tak czasami \u201egram\u201d sobie godzinami dla siebie .&nbsp;<br \/>Tutaj w o\u015brodku Mieszka i Jagienki na Prze\u0142\u0119czy T\u0105pad\u0142a.<\/span><\/p>\n<div class=\"text_exposed_show\" style=\"display: inline; color: #141823; font-family: Helvetica, Arial, 'lucida grande', tahoma, verdana, arial, sans-serif; font-size: 13.63636302948px; line-height: 17.5636348724365px;\">\n<p style=\"margin-bottom: 6px;\">Jacek M.Kwiatkowski &#8211; spiritual healing, terapia integralna&nbsp;<br \/>kontemplacja i spiritual counseling , masa\u017c misami tybeta\u0144skimi, rytua\u0142y i ceremonie \u015bwi\u0105teczne<\/p>\n<\/p><\/div>\n<p><span style=\"color: #141823; font-family: Helvetica, Arial, 'lucida grande', tahoma, verdana, arial, sans-serif; font-size: 13.63636302948px; line-height: 17.5636348724365px;\"><\/span><\/p>\n<p><span style=\"color: #141823; font-family: Helvetica, Arial, 'lucida grande', tahoma, verdana, arial, sans-serif; font-size: 13.63636302948px; line-height: 17.5636348724365px;\"><\/span><\/p>\n<p><span style=\"color: #141823; font-family: Helvetica, Arial, 'lucida grande', tahoma, verdana, arial, sans-serif; font-size: 13.63636302948px; line-height: 17.5636348724365px;\"><\/span><\/p>\n","protected":false},"excerpt":{"rendered":"<p><span style=\"color: #141823; font-family: Helvetica, Arial, 'lucida grande', tahoma, verdana, arial, sans-serif; font-size: 13.63636302948px; line-height: 17.5636348724365px;\">Ju\u017c 21 listopada -magiczne warsztaty TANTRA DUSZY.&nbsp;<\/span><\/p>\n<p style=\"margin-bottom: 6px; color: #141823; font-family: Helvetica, Arial, 'lucida grande', tahoma, verdana, arial, sans-serif; font-size: 13.63636302948px; line-height: 17.5636348724365px;\"><a class=\"profileLink\" href=\"https:\/\/www.facebook.com\/events\/864026096950009\/\" data-hovercard=\"\/ajax\/hovercard\/event.php?id=864026096950009\" style=\"color: #3b5998; cursor: pointer;\">https:\/\/www.facebook.com\/events\/864026096950009\/<\/a><br \/>NASZ GO\u015a\u0106 SPECJALNY -przygotowa\u0142 dla nas pi\u0119kny proces.<\/p>\n<p style=\"margin-top: 6px; margin-bottom: 6px; color: #141823; font-family: Helvetica, Arial, 'lucida grande', tahoma, verdana, arial, sans-serif; font-size: 13.63636302948px; line-height: 17.5636348724365px;\">Oto co sam o nim m\u00f3wi.<span class=\"text_exposed_show\" style=\"display: inline;\"><br \/>To, co robi\u0119 na monokordzie, nie jest w obiegowym sensie muzyk\u0105 i nie gram koncert\u00f3w na tym instrumencie. To jest instrument terapeutyczny, instrument do g\u0142\u0119bokich medytacji transformacji \u015bwiadomo\u015bci. D\u017awi\u0119ki tworz\u0105 dywan, na kt\u00f3rym \u201elatasz\u201d w czasoprzestrzeni. Ja czuwam, aby\u015b wr\u00f3ci\u0142 i wyl\u0105dowa\u0142. &nbsp;&nbsp;<\/span><\/p>\n","protected":false},"author":1,"featured_media":1013,"comment_status":"open","ping_status":"open","sticky":false,"template":"","format":"standard","meta":{"footnotes":""},"categories":[5],"tags":[],"class_list":{"0":"post-1014","1":"post","2":"type-post","3":"status-publish","4":"format-standard","5":"has-post-thumbnail","7":"category-aktualnosci","8":"czr-hentry"},"yoast_head":"<!-- This site is optimized with the Yoast SEO plugin v26.8 - https:\/\/yoast.com\/product\/yoast-seo-wordpress\/ -->\n<title>9 LISTOPADA 2014 - Aktualno\u015bci<\/title>\n<meta name=\"robots\" content=\"index, follow, max-snippet:-1, max-image-preview:large, max-video-preview:-1\" \/>\n<link rel=\"canonical\" href=\"https:\/\/epokaserca.pl\/aktualnosci\/9-listopada-2014\/\" \/>\n<meta property=\"og:locale\" content=\"pl_PL\" \/>\n<meta property=\"og:type\" content=\"article\" \/>\n<meta property=\"og:title\" content=\"9 LISTOPADA 2014 - Aktualno\u015bci\" \/>\n<meta property=\"og:description\" content=\"Ju\u017c 21 listopada -magiczne warsztaty TANTRA DUSZY.&nbsp; https:\/\/www.facebook.com\/events\/864026096950009\/NASZ GO\u015a\u0106 SPECJALNY -przygotowa\u0142 dla nas pi\u0119kny proces. Oto co sam o nim m\u00f3wi.To, co robi\u0119 na monokordzie, nie jest w obiegowym sensie muzyk\u0105 i nie gram koncert\u00f3w na tym instrumencie. To jest instrument terapeutyczny, instrument do g\u0142\u0119bokich medytacji transformacji \u015bwiadomo\u015bci. D\u017awi\u0119ki tworz\u0105 dywan, na kt\u00f3rym \u201elatasz\u201d w czasoprzestrzeni. Ja czuwam, aby\u015b wr\u00f3ci\u0142 i wyl\u0105dowa\u0142. &nbsp;&nbsp;\" \/>\n<meta property=\"og:url\" content=\"https:\/\/epokaserca.pl\/aktualnosci\/9-listopada-2014\/\" \/>\n<meta property=\"og:site_name\" content=\"Aktualno\u015bci\" \/>\n<meta property=\"article:published_time\" content=\"2014-11-09T16:24:04+00:00\" \/>\n<meta property=\"og:image\" content=\"https:\/\/epokaserca.pl\/aktualnosci\/wp-content\/uploads\/2014\/11\/10407519_10203257722747167_5107043627339933342_n.jpg\" \/>\n\t<meta property=\"og:image:width\" content=\"960\" \/>\n\t<meta property=\"og:image:height\" content=\"720\" \/>\n\t<meta property=\"og:image:type\" content=\"image\/jpeg\" \/>\n<meta name=\"author\" content=\"admin\" \/>\n<meta name=\"twitter:card\" content=\"summary_large_image\" \/>\n<meta name=\"twitter:label1\" content=\"Napisane przez\" \/>\n\t<meta name=\"twitter:data1\" content=\"admin\" \/>\n\t<meta name=\"twitter:label2\" content=\"Szacowany czas czytania\" \/>\n\t<meta name=\"twitter:data2\" content=\"2 minuty\" \/>\n<script type=\"application\/ld+json\" class=\"yoast-schema-graph\">{\"@context\":\"https:\/\/schema.org\",\"@graph\":[{\"@type\":\"Article\",\"@id\":\"https:\/\/epokaserca.pl\/aktualnosci\/9-listopada-2014\/#article\",\"isPartOf\":{\"@id\":\"https:\/\/epokaserca.pl\/aktualnosci\/9-listopada-2014\/\"},\"author\":{\"name\":\"admin\",\"@id\":\"https:\/\/epokaserca.pl\/aktualnosci\/#\/schema\/person\/f87215bc4f757d15c7321145cbabc434\"},\"headline\":\"9 LISTOPADA 2014\",\"datePublished\":\"2014-11-09T16:24:04+00:00\",\"mainEntityOfPage\":{\"@id\":\"https:\/\/epokaserca.pl\/aktualnosci\/9-listopada-2014\/\"},\"wordCount\":318,\"commentCount\":0,\"image\":{\"@id\":\"https:\/\/epokaserca.pl\/aktualnosci\/9-listopada-2014\/#primaryimage\"},\"thumbnailUrl\":\"https:\/\/epokaserca.pl\/aktualnosci\/wp-content\/uploads\/2014\/11\/10407519_10203257722747167_5107043627339933342_n.jpg\",\"articleSection\":[\"Aktualno\u015bci\"],\"inLanguage\":\"pl-PL\",\"potentialAction\":[{\"@type\":\"CommentAction\",\"name\":\"Comment\",\"target\":[\"https:\/\/epokaserca.pl\/aktualnosci\/9-listopada-2014\/#respond\"]}]},{\"@type\":\"WebPage\",\"@id\":\"https:\/\/epokaserca.pl\/aktualnosci\/9-listopada-2014\/\",\"url\":\"https:\/\/epokaserca.pl\/aktualnosci\/9-listopada-2014\/\",\"name\":\"9 LISTOPADA 2014 - Aktualno\u015bci\",\"isPartOf\":{\"@id\":\"https:\/\/epokaserca.pl\/aktualnosci\/#website\"},\"primaryImageOfPage\":{\"@id\":\"https:\/\/epokaserca.pl\/aktualnosci\/9-listopada-2014\/#primaryimage\"},\"image\":{\"@id\":\"https:\/\/epokaserca.pl\/aktualnosci\/9-listopada-2014\/#primaryimage\"},\"thumbnailUrl\":\"https:\/\/epokaserca.pl\/aktualnosci\/wp-content\/uploads\/2014\/11\/10407519_10203257722747167_5107043627339933342_n.jpg\",\"datePublished\":\"2014-11-09T16:24:04+00:00\",\"author\":{\"@id\":\"https:\/\/epokaserca.pl\/aktualnosci\/#\/schema\/person\/f87215bc4f757d15c7321145cbabc434\"},\"breadcrumb\":{\"@id\":\"https:\/\/epokaserca.pl\/aktualnosci\/9-listopada-2014\/#breadcrumb\"},\"inLanguage\":\"pl-PL\",\"potentialAction\":[{\"@type\":\"ReadAction\",\"target\":[\"https:\/\/epokaserca.pl\/aktualnosci\/9-listopada-2014\/\"]}]},{\"@type\":\"ImageObject\",\"inLanguage\":\"pl-PL\",\"@id\":\"https:\/\/epokaserca.pl\/aktualnosci\/9-listopada-2014\/#primaryimage\",\"url\":\"https:\/\/epokaserca.pl\/aktualnosci\/wp-content\/uploads\/2014\/11\/10407519_10203257722747167_5107043627339933342_n.jpg\",\"contentUrl\":\"https:\/\/epokaserca.pl\/aktualnosci\/wp-content\/uploads\/2014\/11\/10407519_10203257722747167_5107043627339933342_n.jpg\",\"width\":960,\"height\":720,\"caption\":\"10407519_10203257722747167_5107043627339933342_n\"},{\"@type\":\"BreadcrumbList\",\"@id\":\"https:\/\/epokaserca.pl\/aktualnosci\/9-listopada-2014\/#breadcrumb\",\"itemListElement\":[{\"@type\":\"ListItem\",\"position\":1,\"name\":\"Home\",\"item\":\"https:\/\/epokaserca.pl\/aktualnosci\/\"},{\"@type\":\"ListItem\",\"position\":2,\"name\":\"9 LISTOPADA 2014\"}]},{\"@type\":\"WebSite\",\"@id\":\"https:\/\/epokaserca.pl\/aktualnosci\/#website\",\"url\":\"https:\/\/epokaserca.pl\/aktualnosci\/\",\"name\":\"Aktualno\u015bci\",\"description\":\"\",\"potentialAction\":[{\"@type\":\"SearchAction\",\"target\":{\"@type\":\"EntryPoint\",\"urlTemplate\":\"https:\/\/epokaserca.pl\/aktualnosci\/?s={search_term_string}\"},\"query-input\":{\"@type\":\"PropertyValueSpecification\",\"valueRequired\":true,\"valueName\":\"search_term_string\"}}],\"inLanguage\":\"pl-PL\"},{\"@type\":\"Person\",\"@id\":\"https:\/\/epokaserca.pl\/aktualnosci\/#\/schema\/person\/f87215bc4f757d15c7321145cbabc434\",\"name\":\"admin\",\"image\":{\"@type\":\"ImageObject\",\"inLanguage\":\"pl-PL\",\"@id\":\"https:\/\/epokaserca.pl\/aktualnosci\/#\/schema\/person\/image\/\",\"url\":\"https:\/\/secure.gravatar.com\/avatar\/8e51b30565ad99a9f8b25bd638d21cd1?s=96&d=mm&r=g\",\"contentUrl\":\"https:\/\/secure.gravatar.com\/avatar\/8e51b30565ad99a9f8b25bd638d21cd1?s=96&d=mm&r=g\",\"caption\":\"admin\"},\"url\":\"https:\/\/epokaserca.pl\/aktualnosci\/author\/admin\/\"}]}<\/script>\n<!-- \/ Yoast SEO plugin. -->","yoast_head_json":{"title":"9 LISTOPADA 2014 - Aktualno\u015bci","robots":{"index":"index","follow":"follow","max-snippet":"max-snippet:-1","max-image-preview":"max-image-preview:large","max-video-preview":"max-video-preview:-1"},"canonical":"https:\/\/epokaserca.pl\/aktualnosci\/9-listopada-2014\/","og_locale":"pl_PL","og_type":"article","og_title":"9 LISTOPADA 2014 - Aktualno\u015bci","og_description":"Ju\u017c 21 listopada -magiczne warsztaty TANTRA DUSZY.&nbsp; https:\/\/www.facebook.com\/events\/864026096950009\/NASZ GO\u015a\u0106 SPECJALNY -przygotowa\u0142 dla nas pi\u0119kny proces. Oto co sam o nim m\u00f3wi.To, co robi\u0119 na monokordzie, nie jest w obiegowym sensie muzyk\u0105 i nie gram koncert\u00f3w na tym instrumencie. To jest instrument terapeutyczny, instrument do g\u0142\u0119bokich medytacji transformacji \u015bwiadomo\u015bci. D\u017awi\u0119ki tworz\u0105 dywan, na kt\u00f3rym \u201elatasz\u201d w czasoprzestrzeni. Ja czuwam, aby\u015b wr\u00f3ci\u0142 i wyl\u0105dowa\u0142. &nbsp;&nbsp;","og_url":"https:\/\/epokaserca.pl\/aktualnosci\/9-listopada-2014\/","og_site_name":"Aktualno\u015bci","article_published_time":"2014-11-09T16:24:04+00:00","og_image":[{"width":960,"height":720,"url":"https:\/\/epokaserca.pl\/aktualnosci\/wp-content\/uploads\/2014\/11\/10407519_10203257722747167_5107043627339933342_n.jpg","type":"image\/jpeg"}],"author":"admin","twitter_card":"summary_large_image","twitter_misc":{"Napisane przez":"admin","Szacowany czas czytania":"2 minuty"},"schema":{"@context":"https:\/\/schema.org","@graph":[{"@type":"Article","@id":"https:\/\/epokaserca.pl\/aktualnosci\/9-listopada-2014\/#article","isPartOf":{"@id":"https:\/\/epokaserca.pl\/aktualnosci\/9-listopada-2014\/"},"author":{"name":"admin","@id":"https:\/\/epokaserca.pl\/aktualnosci\/#\/schema\/person\/f87215bc4f757d15c7321145cbabc434"},"headline":"9 LISTOPADA 2014","datePublished":"2014-11-09T16:24:04+00:00","mainEntityOfPage":{"@id":"https:\/\/epokaserca.pl\/aktualnosci\/9-listopada-2014\/"},"wordCount":318,"commentCount":0,"image":{"@id":"https:\/\/epokaserca.pl\/aktualnosci\/9-listopada-2014\/#primaryimage"},"thumbnailUrl":"https:\/\/epokaserca.pl\/aktualnosci\/wp-content\/uploads\/2014\/11\/10407519_10203257722747167_5107043627339933342_n.jpg","articleSection":["Aktualno\u015bci"],"inLanguage":"pl-PL","potentialAction":[{"@type":"CommentAction","name":"Comment","target":["https:\/\/epokaserca.pl\/aktualnosci\/9-listopada-2014\/#respond"]}]},{"@type":"WebPage","@id":"https:\/\/epokaserca.pl\/aktualnosci\/9-listopada-2014\/","url":"https:\/\/epokaserca.pl\/aktualnosci\/9-listopada-2014\/","name":"9 LISTOPADA 2014 - Aktualno\u015bci","isPartOf":{"@id":"https:\/\/epokaserca.pl\/aktualnosci\/#website"},"primaryImageOfPage":{"@id":"https:\/\/epokaserca.pl\/aktualnosci\/9-listopada-2014\/#primaryimage"},"image":{"@id":"https:\/\/epokaserca.pl\/aktualnosci\/9-listopada-2014\/#primaryimage"},"thumbnailUrl":"https:\/\/epokaserca.pl\/aktualnosci\/wp-content\/uploads\/2014\/11\/10407519_10203257722747167_5107043627339933342_n.jpg","datePublished":"2014-11-09T16:24:04+00:00","author":{"@id":"https:\/\/epokaserca.pl\/aktualnosci\/#\/schema\/person\/f87215bc4f757d15c7321145cbabc434"},"breadcrumb":{"@id":"https:\/\/epokaserca.pl\/aktualnosci\/9-listopada-2014\/#breadcrumb"},"inLanguage":"pl-PL","potentialAction":[{"@type":"ReadAction","target":["https:\/\/epokaserca.pl\/aktualnosci\/9-listopada-2014\/"]}]},{"@type":"ImageObject","inLanguage":"pl-PL","@id":"https:\/\/epokaserca.pl\/aktualnosci\/9-listopada-2014\/#primaryimage","url":"https:\/\/epokaserca.pl\/aktualnosci\/wp-content\/uploads\/2014\/11\/10407519_10203257722747167_5107043627339933342_n.jpg","contentUrl":"https:\/\/epokaserca.pl\/aktualnosci\/wp-content\/uploads\/2014\/11\/10407519_10203257722747167_5107043627339933342_n.jpg","width":960,"height":720,"caption":"10407519_10203257722747167_5107043627339933342_n"},{"@type":"BreadcrumbList","@id":"https:\/\/epokaserca.pl\/aktualnosci\/9-listopada-2014\/#breadcrumb","itemListElement":[{"@type":"ListItem","position":1,"name":"Home","item":"https:\/\/epokaserca.pl\/aktualnosci\/"},{"@type":"ListItem","position":2,"name":"9 LISTOPADA 2014"}]},{"@type":"WebSite","@id":"https:\/\/epokaserca.pl\/aktualnosci\/#website","url":"https:\/\/epokaserca.pl\/aktualnosci\/","name":"Aktualno\u015bci","description":"","potentialAction":[{"@type":"SearchAction","target":{"@type":"EntryPoint","urlTemplate":"https:\/\/epokaserca.pl\/aktualnosci\/?s={search_term_string}"},"query-input":{"@type":"PropertyValueSpecification","valueRequired":true,"valueName":"search_term_string"}}],"inLanguage":"pl-PL"},{"@type":"Person","@id":"https:\/\/epokaserca.pl\/aktualnosci\/#\/schema\/person\/f87215bc4f757d15c7321145cbabc434","name":"admin","image":{"@type":"ImageObject","inLanguage":"pl-PL","@id":"https:\/\/epokaserca.pl\/aktualnosci\/#\/schema\/person\/image\/","url":"https:\/\/secure.gravatar.com\/avatar\/8e51b30565ad99a9f8b25bd638d21cd1?s=96&d=mm&r=g","contentUrl":"https:\/\/secure.gravatar.com\/avatar\/8e51b30565ad99a9f8b25bd638d21cd1?s=96&d=mm&r=g","caption":"admin"},"url":"https:\/\/epokaserca.pl\/aktualnosci\/author\/admin\/"}]}},"_links":{"self":[{"href":"https:\/\/epokaserca.pl\/aktualnosci\/wp-json\/wp\/v2\/posts\/1014","targetHints":{"allow":["GET"]}}],"collection":[{"href":"https:\/\/epokaserca.pl\/aktualnosci\/wp-json\/wp\/v2\/posts"}],"about":[{"href":"https:\/\/epokaserca.pl\/aktualnosci\/wp-json\/wp\/v2\/types\/post"}],"author":[{"embeddable":true,"href":"https:\/\/epokaserca.pl\/aktualnosci\/wp-json\/wp\/v2\/users\/1"}],"replies":[{"embeddable":true,"href":"https:\/\/epokaserca.pl\/aktualnosci\/wp-json\/wp\/v2\/comments?post=1014"}],"version-history":[{"count":0,"href":"https:\/\/epokaserca.pl\/aktualnosci\/wp-json\/wp\/v2\/posts\/1014\/revisions"}],"wp:featuredmedia":[{"embeddable":true,"href":"https:\/\/epokaserca.pl\/aktualnosci\/wp-json\/wp\/v2\/media\/1013"}],"wp:attachment":[{"href":"https:\/\/epokaserca.pl\/aktualnosci\/wp-json\/wp\/v2\/media?parent=1014"}],"wp:term":[{"taxonomy":"category","embeddable":true,"href":"https:\/\/epokaserca.pl\/aktualnosci\/wp-json\/wp\/v2\/categories?post=1014"},{"taxonomy":"post_tag","embeddable":true,"href":"https:\/\/epokaserca.pl\/aktualnosci\/wp-json\/wp\/v2\/tags?post=1014"}],"curies":[{"name":"wp","href":"https:\/\/api.w.org\/{rel}","templated":true}]}}