{"id":1043,"date":"2015-01-02T14:35:30","date_gmt":"2015-01-02T14:35:30","guid":{"rendered":"https:\/\/epokaserca.pl\/aktualnosci\/index.php\/2015\/01\/02\/noworoczne-zyczenia\/"},"modified":"2015-01-02T14:35:30","modified_gmt":"2015-01-02T14:35:30","slug":"noworoczne-zyczenia","status":"publish","type":"post","link":"https:\/\/epokaserca.pl\/aktualnosci\/noworoczne-zyczenia\/","title":{"rendered":"NOWOROCZNE \u017bYCZENIA"},"content":{"rendered":"\n<p style=\"margin-bottom: 6px; color: #141823; font-family: Helvetica, Arial, 'lucida grande', tahoma, verdana, arial, sans-serif; font-size: 13.63636302948px; line-height: 17.5636348724365px;\">&nbsp;<\/p>\n<p style=\"margin-bottom: 6px; color: #141823; font-family: Helvetica, Arial, 'lucida grande', tahoma, verdana, arial, sans-serif; font-size: 13.63636302948px; line-height: 17.5636348724365px;\">&nbsp;<\/p>\n<p style=\"margin-bottom: 6px; color: #141823; font-family: Helvetica, Arial, 'lucida grande', tahoma, verdana, arial, sans-serif; font-size: 13.63636302948px; line-height: 17.5636348724365px;\">W ramach moich \u017cycze\u0144 dla WAS KOCHANI &#8211;&nbsp;ma\u0142y tekst.<\/p>\n<p style=\"margin-top: 6px; margin-bottom: 6px; color: #141823; font-family: Helvetica, Arial, 'lucida grande', tahoma, verdana, arial, sans-serif; font-size: 13.63636302948px; line-height: 17.5636348724365px;\">Nowy Rok &#8211; jak ka\u017cdy, czasowo wyznaczony moment w czasoprzestrzeni Ziemi, jest tylko i wy\u0142\u0105cznie pewn\u0105 ram\u0105, kt\u00f3ra s\u0142u\u017cy ludzkiej Istocie w samookre\u015bleniu, to punk odniesienia.&nbsp;<br \/>B\u0119dzie trwa\u0142 &#8211; czas &#8211; dop\u00f3ki nie doro\u015bniemy. aby wyj\u015b\u0107 swoj\u0105 samo\u015bwiadomo\u015bci\u0105 POZA wszelkie KONCEPTY.<br \/>Iluzoryczno\u015b\u0107 czasu ju\u017c dzi\u015b wielu z nas odczuwa.<\/p>\n<p style=\"margin-top: 6px; margin-bottom: 6px; color: #141823; font-family: Helvetica, Arial, 'lucida grande', tahoma, verdana, arial, sans-serif; font-size: 13.63636302948px; line-height: 17.5636348724365px;\">Mo\u017cna powiedzie\u0107 &#8211; NIE MA NAS &#8211; s\u0105 tylko koncepty, kt\u00f3re uznali\u015bmy za prawdy, a one tworz\u0105 nasz\u0105 rzeczywisto\u015b\u0107 widzialn\u0105.<\/p>\n<p style=\"margin-top: 6px; margin-bottom: 6px; color: #141823; font-family: Helvetica, Arial, 'lucida grande', tahoma, verdana, arial, sans-serif; font-size: 13.63636302948px; line-height: 17.5636348724365px;\">Nie dla wszystkich to, co napisa\u0142am, jest zrozumia\u0142e, gdy\u017c wielu jeszcze przebywa w swoich UZNANYCH za prawd\u0119 KONCEPTACH, kt\u00f3re realizuj\u0105 si\u0119 jako \u017cycie, widzialne, odczuwalne.<\/p>\n<p style=\"margin-top: 6px; margin-bottom: 6px; color: #141823; font-family: Helvetica, Arial, 'lucida grande', tahoma, verdana, arial, sans-serif; font-size: 13.63636302948px; line-height: 17.5636348724365px;\">Umieszczam film, ciekawie jest ukazane, o czym napisa\u0142am powy\u017cej. Wielu o tym m\u00f3wi, jednak bardzo niewielu JEST TYM , niewielu jeszcze odczuwa ca\u0142ym sob\u0105 prawd\u0119 istnienia. Wiedzie\u0107, a by\u0107 &#8211; to ogromna r\u00f3\u017cnica.<\/p>\n<p style=\"margin-top: 6px; margin-bottom: 6px; color: #141823; font-family: Helvetica, Arial, 'lucida grande', tahoma, verdana, arial, sans-serif; font-size: 13.63636302948px; line-height: 17.5636348724365px;\">WIEDZIE\u0106- pozwala dyskutowa\u0107, przekonywa\u0107, przymusza\u0107, walczy\u0107 o swoj\u0105 prawd\u0119, obra\u017ca\u0107 si\u0119 na tych, kt\u00f3rzy my\u015bl\u0105 inaczej, por\u00f3wnywa\u0107, by\u0107 niepewnym swych prawd, szuka\u0107 wci\u0105\u017c u innych &#8230;&#8230;&#8230;.<br \/>BY\u0106 &#8211; daje spok\u00f3j, cisz\u0119, pewno\u015b\u0107, otwarto\u015b\u0107, dystans, rado\u015b\u0107 wolno\u015bci &#8211; bo przecie\u017c TO TYLKO WIBRUJ\u0104CA ILUZJA.<\/p>\n<p style=\"margin-top: 6px; margin-bottom: 6px; color: #141823; font-family: Helvetica, Arial, 'lucida grande', tahoma, verdana, arial, sans-serif; font-size: 13.63636302948px; line-height: 17.5636348724365px;\">Mi\u0119dzy wiedzie\u0107 , a by\u0107 &#8211; jest etap po\u015bredni, stopniowego przechodzenia z jednego stanu w drugi.<\/p>\n<p style=\"margin-top: 6px; margin-bottom: 6px; color: #141823; font-family: Helvetica, Arial, 'lucida grande', tahoma, verdana, arial, sans-serif; font-size: 13.63636302948px; line-height: 17.5636348724365px;\">Stan BY\u0106 pozwala WIDZIE\u0106 ca\u0142o\u015b\u0107 istnienia &#8211; koncepty, w kt\u00f3re wierzymy &#8211; cywilizacyjne, globalne, spo\u0142eczne, osobiste, bez emocji, zwyczajnie, tylko jako program.<\/p>\n<p style=\"margin-top: 6px; margin-bottom: 6px; color: #141823; font-family: Helvetica, Arial, 'lucida grande', tahoma, verdana, arial, sans-serif; font-size: 13.63636302948px; line-height: 17.5636348724365px;\">&nbsp;<\/p>\n<p style=\"margin-top: 6px; margin-bottom: 6px; color: #141823; font-family: Helvetica, Arial, 'lucida grande', tahoma, verdana, arial, sans-serif; font-size: 13.63636302948px; line-height: 17.5636348724365px;\">Ogl\u0105da\u0142am niedawno filmik o m\u0105dro\u015bci WED s\u0142owia\u0144skich &#8211; z jednej strony jest opowie\u015b\u0107 o m\u0105dro\u015bci starych S\u0142owian i ich wiedzy, o tym \u017ce mia\u0142 nadej\u015b\u0107 czas NOCY dla s\u0142owia\u0144szczyzny \/by\u0142o to zapisane\/, tak jak w Wedach hinduskich epoka bogini Kali, z drugiej jest g\u0142\u0119boka negatywna ocena i krytyka tego czasu, oraz chrze\u015bcija\u0144stwa, kt\u00f3re czas nocy wype\u0142ni\u0142o. To sprzeczno\u015b\u0107.&nbsp;<br \/>Je\u015bli zosta\u0142o przepowiedziane &#8211; \u017ce WYDARZY SI\u0118 &#8211; trzeba zada\u0107 pytanie &#8211; CO TEN CZAS MIA\u0141 PRZYNIE\u015a\u0106, CZEGO NAUCZY\u0106.&nbsp;<br \/>Mia\u0142o wydarzy\u0107 si\u0119 to, co by\u0142o zaplanowane, a plan s\u0142u\u017cy ewolucji \u015bwiadomo\u015bci, wzrostowi m\u0105dro\u015bci po kt\u00f3r\u0105 zszed\u0142 DUCH, gdy przybra\u0142 sobie cz\u0142owiecze cia\u0142o.<\/p>\n<p style=\"margin-top: 6px; margin-bottom: 6px; color: #141823; font-family: Helvetica, Arial, 'lucida grande', tahoma, verdana, arial, sans-serif; font-size: 13.63636302948px; line-height: 17.5636348724365px;\">Kto spogl\u0105da z g\u00f3ry na \u017cycie, ten zobaczy &#8211; PLAN ewolucji \u015bwiadomo\u015bci.<\/p>\n<p style=\"margin-top: 6px; margin-bottom: 6px; color: #141823; font-family: Helvetica, Arial, 'lucida grande', tahoma, verdana, arial, sans-serif; font-size: 13.63636302948px; line-height: 17.5636348724365px;\">&nbsp;<\/p>\n<p style=\"margin-top: 6px; margin-bottom: 6px; color: #141823; font-family: Helvetica, Arial, 'lucida grande', tahoma, verdana, arial, sans-serif; font-size: 13.63636302948px; line-height: 17.5636348724365px;\">Kto si\u0119ga do Wed, nawet s\u0142owia\u0144skich r\u00f3wnie\u017c dobrze by by\u0142o, aby zastanowi\u0142 si\u0119 nad ta kwesti\u0105. By\u0142o przepowiedziane nadej\u015bcie nocy, czyli odsuni\u0119cia wiedzy S\u0142owian, na rzecz chrze\u015bcija\u0144stwa. DLACZEGO? Po c\u00f3\u017c? Co przynios\u0142o chrze\u015bcija\u0144stwo?<\/p>\n<p style=\"margin-top: 6px; margin-bottom: 6px; color: #141823; font-family: Helvetica, Arial, 'lucida grande', tahoma, verdana, arial, sans-serif; font-size: 13.63636302948px; line-height: 17.5636348724365px;\">Nie b\u0119d\u0119 si\u0119 rozpisywa\u0142a, chc\u0119 tylko posun\u0105\u0107 temat do przemy\u015ble\u0144. W planie -nie ma z\u0142a &#8211; jest, tylko i wy\u0142\u0105cznie element ewolucyjny.<\/p>\n<p style=\"margin-top: 6px; margin-bottom: 6px; color: #141823; font-family: Helvetica, Arial, 'lucida grande', tahoma, verdana, arial, sans-serif; font-size: 13.63636302948px; line-height: 17.5636348724365px;\">&nbsp;<\/p>\n<p style=\"margin-top: 6px; margin-bottom: 6px; color: #141823; font-family: Helvetica, Arial, 'lucida grande', tahoma, verdana, arial, sans-serif; font-size: 13.63636302948px; line-height: 17.5636348724365px;\">1. \u017bycie widzialne toczy si\u0119 wed\u0142ug konceptu.<\/p>\n<p style=\"margin-top: 6px; margin-bottom: 6px; color: #141823; font-family: Helvetica, Arial, 'lucida grande', tahoma, verdana, arial, sans-serif; font-size: 13.63636302948px; line-height: 17.5636348724365px;\">2. W drodze ewolucji, mieli\u015bmy doj\u015b\u0107 do zrozumienia, \u017ce koncept mie\u015bci si\u0119 wewn\u0105trz nas i mamy nauczy\u0107 si\u0119 zmienia\u0107 go .<\/p>\n<p style=\"margin-top: 6px; margin-bottom: 6px; color: #141823; font-family: Helvetica, Arial, 'lucida grande', tahoma, verdana, arial, sans-serif; font-size: 13.63636302948px; line-height: 17.5636348724365px;\">3. Wszystko jest tylko programem, iluzj\u0105, jak mira\u017c na pustyni, nie trzeba wi\u0119c z niczym walczy\u0107, nikogo przekonywa\u0107, wybiera\u0107 co dobre, a co z\u0142e, lecz tylko zajrze\u0107 w siebie i dokona\u0107 zdj\u0119cia swoich, iluzorycznych koncept\u00f3w.<\/p>\n<p style=\"margin-top: 6px; margin-bottom: 6px; color: #141823; font-family: Helvetica, Arial, 'lucida grande', tahoma, verdana, arial, sans-serif; font-size: 13.63636302948px; line-height: 17.5636348724365px;\">4. Nie ma dobra i z\u0142a &#8211; jest droga dualno\u015bci opieraj\u0105ca si\u0119 na czasoprzestrzeni &#8211; czyli czasie i przestrzenno\u015bci np. cia\u0142 oraz wszelkich widzianych oczyma obraz\u00f3w.<\/p>\n<p style=\"margin-top: 6px; margin-bottom: 6px; color: #141823; font-family: Helvetica, Arial, 'lucida grande', tahoma, verdana, arial, sans-serif; font-size: 13.63636302948px; line-height: 17.5636348724365px;\">5. Tak stworzyli\u015bmy siebie &#8211; wzrok, s\u0142uch, percepcja g\u0142\u0119bi, iluzja emocji, uczu\u0107, my\u015bli, rozdzielenia, aby EWOLUOWA\u0106 i POZNA\u0106 wszelkie mo\u017cliwo\u015bci tej niewielkiej planety ZIEMIA.<\/p>\n<p style=\"margin-top: 6px; margin-bottom: 6px; color: #141823; font-family: Helvetica, Arial, 'lucida grande', tahoma, verdana, arial, sans-serif; font-size: 13.63636302948px; line-height: 17.5636348724365px;\">6.Wielcy Nauczyciele to JEDEN DUCH &#8211; ka\u017cdy z nich niesie dope\u0142niaj\u0105c\u0105 si\u0119 wzajemnie wiedz\u0119 &#8211; o tym jak wyj\u015b\u0107 z tego zaczarowanego kr\u0119gu &#8211; CZ\u0141OWIEK. Je\u015bli tylko zostawimy walk\u0119 dotycz\u0105c\u0105 s\u0142uszno\u015bci tylko jednej religii czy te\u017c nauki Nauczyciela z \u0142atwo\u015bci\u0105 dostrze\u017cemy &#8211; JEDNO PRZES\u0141ANIE, kt\u00f3re brzmi :<br \/>POZOSTAW CZ\u0141OWIEKA &#8211; STA\u0143 SI\u0118 BOSKO\u015aCI\u0104.<\/p>\n<p style=\"margin-top: 6px; margin-bottom: 6px; color: #141823; font-family: Helvetica, Arial, 'lucida grande', tahoma, verdana, arial, sans-serif; font-size: 13.63636302948px; line-height: 17.5636348724365px;\">7. Mi\u0142o\u015b\u0107 &#8211; dotychczasowe zrozumienia jest ca\u0142kowit\u0105 iluzj\u0105, gdy\u017c MI\u0141O\u015a\u0106 , o kt\u00f3rej m\u00f3wi\u0142 Jezus nie ma nic wsp\u00f3lnego z tym co znamy pod tych s\u0142owem, M\u0105dro\u015b\u0107 &#8211; o kt\u00f3rej uczy\u0142 Budda, nie przek\u0142ada si\u0119 na m\u0105dro\u015b\u0107 dualnego \u015bwiata, a uwa\u017cno\u015b\u0107 i wdzi\u0119czno\u015b\u0107 o kt\u00f3rej naucza\u0142 Mahomet wykracza poza stary \u015bwiat.<\/p>\n<p style=\"margin-top: 6px; margin-bottom: 6px; color: #141823; font-family: Helvetica, Arial, 'lucida grande', tahoma, verdana, arial, sans-serif; font-size: 13.63636302948px; line-height: 17.5636348724365px;\">8. KTO ZOSTAWIA KONCEPT &#8211; STAJE SI\u0118 WIDZ\u0104CYM<br \/>Trzecie oko, to nie widzenie demon\u00f3w czy duch\u00f3w, lecz POSTRZEGANIE wszystkiego JAKO JEDNO\u015aCI, w kt\u00f3rej toczy si\u0119 ewolucyjny plan Ducha. Nie ma z\u0142a czy dobra, lecz jedno nap\u0119dza drugie, pozornie wygl\u0105daj\u0105c tylko na przeciwie\u0144stwa, jak kobieta i m\u0119\u017cczyzna.<\/p>\n<p style=\"margin-top: 6px; margin-bottom: 6px; color: #141823; font-family: Helvetica, Arial, 'lucida grande', tahoma, verdana, arial, sans-serif; font-size: 13.63636302948px; line-height: 17.5636348724365px;\">9. Aby rozwi\u0105za\u0107 tajemnic\u0119 \u017cycia mo\u017cna by rzec jednym zdaniem,&nbsp;<br \/>KTO PATRZY I Z JAKIEJ WYSOKO\u015aCI<\/p>\n<p style=\"margin-top: 6px; margin-bottom: 6px; color: #141823; font-family: Helvetica, Arial, 'lucida grande', tahoma, verdana, arial, sans-serif; font-size: 13.63636302948px; line-height: 17.5636348724365px;\">&nbsp;<\/p>\n<p style=\"margin-top: 6px; margin-bottom: 6px; color: #141823; font-family: Helvetica, Arial, 'lucida grande', tahoma, verdana, arial, sans-serif; font-size: 13.63636302948px; line-height: 17.5636348724365px;\">Kto potrafi odczyta\u0107 te s\u0142owa, bez personifikacji &#8211; zrozumie.<\/p>\n<p style=\"margin-top: 6px; margin-bottom: 6px; color: #141823; font-family: Helvetica, Arial, 'lucida grande', tahoma, verdana, arial, sans-serif; font-size: 13.63636302948px; line-height: 17.5636348724365px;\">Ewangelia \u015bw.Jana \/prolog\/<br \/>1 Na pocz\u0105tku by\u0142o S\u0142owo<br \/>a S\u0142owo by\u0142o u Boga,&nbsp;<br \/>i Bogiem by\u0142o S\u0142owo.<\/p>\n<p style=\"margin-top: 6px; margin-bottom: 6px; color: #141823; font-family: Helvetica, Arial, 'lucida grande', tahoma, verdana, arial, sans-serif; font-size: 13.63636302948px; line-height: 17.5636348724365px;\">2 Ono by\u0142o na pocz\u0105tku u Boga.<\/p>\n<p style=\"margin-top: 6px; margin-bottom: 6px; color: #141823; font-family: Helvetica, Arial, 'lucida grande', tahoma, verdana, arial, sans-serif; font-size: 13.63636302948px; line-height: 17.5636348724365px;\">3 Wszystko przez Nie si\u0119 sta\u0142o,&nbsp;<br \/>a bez Niego nic si\u0119 nie sta\u0142o,&nbsp;<br \/>co si\u0119 sta\u0142o.<\/p>\n<p style=\"margin-top: 6px; margin-bottom: 6px; color: #141823; font-family: Helvetica, Arial, 'lucida grande', tahoma, verdana, arial, sans-serif; font-size: 13.63636302948px; line-height: 17.5636348724365px;\">4 [JK] W Nim by\u0142o \u017cycie.<br \/>a \u017cycie by\u0142o \u015bwiat\u0142o\u015bci\u0105 ludzi,<\/p>\n<p style=\"margin-top: 6px; margin-bottom: 6px; color: #141823; font-family: Helvetica, Arial, 'lucida grande', tahoma, verdana, arial, sans-serif; font-size: 13.63636302948px; line-height: 17.5636348724365px;\">5 [JK, JK] a \u015bwiat\u0142o\u015b\u0107 w ciemno\u015bci \u015bwieci&nbsp;<br \/>i ciemno\u015b\u0107 jej nie ogarn\u0119\u0142a.<\/p>\n<p style=\"margin-top: 6px; margin-bottom: 6px; color: #141823; font-family: Helvetica, Arial, 'lucida grande', tahoma, verdana, arial, sans-serif; font-size: 13.63636302948px; line-height: 17.5636348724365px;\">6 Pojawi\u0142 si\u0119 cz\u0142owiek pos\u0142any przez Boga &#8211;&nbsp;<br \/>Jan mu by\u0142o na imi\u0119<\/p>\n<p style=\"margin-top: 6px; margin-bottom: 6px; color: #141823; font-family: Helvetica, Arial, 'lucida grande', tahoma, verdana, arial, sans-serif; font-size: 13.63636302948px; line-height: 17.5636348724365px;\">7 Przyszed\u0142 on na \u015bwiadectwo,&nbsp;<br \/>aby za\u015bwiadczy\u0107 o \u015bwiat\u0142o\u015bci,&nbsp;<br \/>by wszyscy uwierzyli przez niego.<\/p>\n<p style=\"margin-top: 6px; margin-bottom: 6px; color: #141823; font-family: Helvetica, Arial, 'lucida grande', tahoma, verdana, arial, sans-serif; font-size: 13.63636302948px; line-height: 17.5636348724365px;\">8 Nie by\u0142 on \u015bwiat\u0142o\u015bci\u0105,&nbsp;<br \/>lecz [pos\u0142anym], aby za\u015bwiadczy\u0107 o \u015bwiat\u0142o\u015bci.<\/p>\n<p style=\"margin-top: 6px; margin-bottom: 6px; color: #141823; font-family: Helvetica, Arial, 'lucida grande', tahoma, verdana, arial, sans-serif; font-size: 13.63636302948px; line-height: 17.5636348724365px;\">9 [por. Vt 4,156] By\u0142a \u015bwiat\u0142o\u015b\u0107 prawdziwa,&nbsp;<br \/>kt\u00f3ra o\u015bwieca ka\u017cdego cz\u0142owieka,&nbsp;<br \/>gdy na \u015bwiat przychodzi<\/p>\n<p style=\"margin-top: 6px; margin-bottom: 6px; color: #141823; font-family: Helvetica, Arial, 'lucida grande', tahoma, verdana, arial, sans-serif; font-size: 13.63636302948px; line-height: 17.5636348724365px;\">10 Na \u015bwiecie by\u0142o [S\u0142owo],&nbsp;<br \/>a \u015bwiat sta\u0142 si\u0119 przez Nie,&nbsp;<br \/>lecz \u015bwiat Go nie pozna\u0142<\/p>\n<p style=\"margin-top: 6px; margin-bottom: 6px; color: #141823; font-family: Helvetica, Arial, 'lucida grande', tahoma, verdana, arial, sans-serif; font-size: 13.63636302948px; line-height: 17.5636348724365px;\">11 Przysz\u0142o do swojej w\u0142asno\u015bci,&nbsp;<br \/>a swoi Go nie przyj\u0119li.<\/p>\n<p style=\"margin-top: 6px; margin-bottom: 6px; color: #141823; font-family: Helvetica, Arial, 'lucida grande', tahoma, verdana, arial, sans-serif; font-size: 13.63636302948px; line-height: 17.5636348724365px;\">12 [JK] Wszystkim tym jednak, kt\u00f3rzy Je przyj\u0119li,&nbsp;<br \/>da\u0142o moc, aby si\u0119 stali dzie\u0107mi Bo\u017cymi&nbsp;<br \/>tym, kt\u00f3rzy wierz\u0105 w imi\u0119 Jego &#8211;<\/p>\n<p style=\"margin-top: 6px; margin-bottom: 6px; color: #141823; font-family: Helvetica, Arial, 'lucida grande', tahoma, verdana, arial, sans-serif; font-size: 13.63636302948px; line-height: 17.5636348724365px;\">13 [JK] kt\u00f3rzy ani z krwi,&nbsp;<br \/>ani z \u017c\u0105dzy cia\u0142a,&nbsp;<br \/>ani z woli m\u0119\u017ca,&nbsp;<br \/>ale z Boga si\u0119 narodzili<\/p>\n<p style=\"margin-top: 6px; margin-bottom: 6px; color: #141823; font-family: Helvetica, Arial, 'lucida grande', tahoma, verdana, arial, sans-serif; font-size: 13.63636302948px; line-height: 17.5636348724365px;\">14 A S\u0142owo sta\u0142o si\u0119 cia\u0142em i zamieszka\u0142o w\u015br\u00f3d nas.&nbsp;<br \/>I ogl\u0105dali\u015bmy Jego chwa\u0142\u0119,&nbsp;<br \/>chwa\u0142\u0119, jak\u0105 Jednorodzony otrzymuje od Ojca,&nbsp;<br \/>pe\u0142en \u0142aski i prawdy.<\/p>\n<p style=\"margin-top: 6px; margin-bottom: 6px; color: #141823; font-family: Helvetica, Arial, 'lucida grande', tahoma, verdana, arial, sans-serif; font-size: 13.63636302948px; line-height: 17.5636348724365px;\">&nbsp;<\/p>\n<p style=\"margin-top: 6px; margin-bottom: 6px; color: #141823; font-family: Helvetica, Arial, 'lucida grande', tahoma, verdana, arial, sans-serif; font-size: 13.63636302948px; line-height: 17.5636348724365px;\">Praca na Uniwersytecie Wirtualnym, kt\u00f3ry prowadz\u0119, oraz indywidualna, polega na u\u015bwiadomieniu koncept\u00f3w i zneutralizowaniu ich.<\/p>\n<p style=\"margin-top: 6px; margin-bottom: 6px; color: #141823; font-family: Helvetica, Arial, 'lucida grande', tahoma, verdana, arial, sans-serif; font-size: 13.63636302948px; line-height: 17.5636348724365px;\">Zdj\u0105\u0107 koncept &#8211; to pozna\u0107 siebie, jako czyst\u0105 DUCHOW\u0104 ISTOT\u0118.<\/p>\n<p style=\"margin-top: 6px; margin-bottom: 6px; color: #141823; font-family: Helvetica, Arial, 'lucida grande', tahoma, verdana, arial, sans-serif; font-size: 13.63636302948px; line-height: 17.5636348724365px;\">&nbsp;<\/p>\n<p style=\"margin-top: 6px; margin-bottom: 6px; color: #141823; font-family: Helvetica, Arial, 'lucida grande', tahoma, verdana, arial, sans-serif; font-size: 13.63636302948px; line-height: 17.5636348724365px; text-align: center;\"><span style=\"color: #800000; font-size: 12pt;\"><strong><span style=\"line-height: 17.5636348724365px;\">&nbsp;\u017bYCZ\u0118 WSZYSTKIM DUSZOM NA TEJ PLANECIE, PORZUCENIA WSZELKICH KONCEPT\u00d3W TEJ CZASOPRZESTRZENI.&nbsp;<\/span><\/strong><\/span><\/p>\n<p style=\"margin-top: 6px; margin-bottom: 6px; color: #141823; font-family: Helvetica, Arial, 'lucida grande', tahoma, verdana, arial, sans-serif; font-size: 13.63636302948px; line-height: 17.5636348724365px; text-align: center;\">&nbsp;<\/p>\n<p style=\"margin-top: 6px; margin-bottom: 6px; color: #141823; font-family: Helvetica, Arial, 'lucida grande', tahoma, verdana, arial, sans-serif; font-size: 13.63636302948px; line-height: 17.5636348724365px;\">&nbsp;<\/p>\n<p style=\"margin-top: 6px; margin-bottom: 6px; color: #141823; font-family: Helvetica, Arial, 'lucida grande', tahoma, verdana, arial, sans-serif; font-size: 13.63636302948px; line-height: 17.5636348724365px;\">Wyj\u015bcie z koncept\u00f3w nie oznacza \u015bmierci, lecz prawdziwe \u017cycie, zabaw\u0119 w \u017cycie. radowanie si\u0119 stwarzaniem.<br \/>I wspomniany film<\/p>\n<p style=\"margin-top: 6px; margin-bottom: 6px; color: #141823; font-family: Helvetica, Arial, 'lucida grande', tahoma, verdana, arial, sans-serif; font-size: 13.63636302948px; line-height: 17.5636348724365px;\"><a href=\"https:\/\/www.youtube.com\/watch?v=DovVacIXLWE\" target=\"_blank\" rel=\"nofollow noopener noreferrer\" style=\"color: #3b5998; cursor: pointer;\">https:\/\/www.youtube.com\/watch?v=DovVacIXLWE<\/a>&nbsp;<\/p>\n<p style=\"margin-top: 6px; margin-bottom: 6px; color: #141823; font-family: Helvetica, Arial, 'lucida grande', tahoma, verdana, arial, sans-serif; font-size: 13.63636302948px; line-height: 17.5636348724365px;\">&nbsp;<\/p>\n<p style=\"margin-top: 6px; margin-bottom: 6px; color: #141823; font-family: Helvetica, Arial, 'lucida grande', tahoma, verdana, arial, sans-serif; font-size: 13.63636302948px; line-height: 17.5636348724365px;\">&nbsp;<\/p>\n","protected":false},"excerpt":{"rendered":"<p style=\"margin-bottom: 6px; color: #141823; font-family: Helvetica, Arial, 'lucida grande', tahoma, verdana, arial, sans-serif; font-size: 13.63636302948px; line-height: 17.5636348724365px;\">KOCHANI &#8211; tak wiele wspania\u0142ych \u017cycze\u0144 od Was, z g\u0142\u0119bi pi\u0119knych serc, bardzo gor\u0105co DZI\u0118KUJ\u0118.<\/p>\n","protected":false},"author":1,"featured_media":0,"comment_status":"open","ping_status":"open","sticky":false,"template":"","format":"standard","meta":{"footnotes":""},"categories":[2],"tags":[],"class_list":{"0":"post-1043","1":"post","2":"type-post","3":"status-publish","4":"format-standard","6":"category-artykuly","7":"czr-hentry"},"yoast_head":"<!-- This site is optimized with the Yoast SEO plugin v26.8 - https:\/\/yoast.com\/product\/yoast-seo-wordpress\/ -->\n<title>NOWOROCZNE \u017bYCZENIA - Aktualno\u015bci<\/title>\n<meta name=\"robots\" content=\"index, follow, max-snippet:-1, max-image-preview:large, max-video-preview:-1\" \/>\n<link rel=\"canonical\" href=\"https:\/\/epokaserca.pl\/aktualnosci\/noworoczne-zyczenia\/\" \/>\n<meta property=\"og:locale\" content=\"pl_PL\" \/>\n<meta property=\"og:type\" content=\"article\" \/>\n<meta property=\"og:title\" content=\"NOWOROCZNE \u017bYCZENIA - Aktualno\u015bci\" \/>\n<meta property=\"og:description\" content=\"KOCHANI - tak wiele wspania\u0142ych \u017cycze\u0144 od Was, z g\u0142\u0119bi pi\u0119knych serc, bardzo gor\u0105co DZI\u0118KUJ\u0118.\" \/>\n<meta property=\"og:url\" content=\"https:\/\/epokaserca.pl\/aktualnosci\/noworoczne-zyczenia\/\" \/>\n<meta property=\"og:site_name\" content=\"Aktualno\u015bci\" \/>\n<meta property=\"article:published_time\" content=\"2015-01-02T14:35:30+00:00\" \/>\n<meta name=\"author\" content=\"admin\" \/>\n<meta name=\"twitter:card\" content=\"summary_large_image\" \/>\n<meta name=\"twitter:label1\" content=\"Napisane przez\" \/>\n\t<meta name=\"twitter:data1\" content=\"admin\" \/>\n\t<meta name=\"twitter:label2\" content=\"Szacowany czas czytania\" \/>\n\t<meta name=\"twitter:data2\" content=\"6 minut\" \/>\n<script type=\"application\/ld+json\" class=\"yoast-schema-graph\">{\"@context\":\"https:\/\/schema.org\",\"@graph\":[{\"@type\":\"Article\",\"@id\":\"https:\/\/epokaserca.pl\/aktualnosci\/noworoczne-zyczenia\/#article\",\"isPartOf\":{\"@id\":\"https:\/\/epokaserca.pl\/aktualnosci\/noworoczne-zyczenia\/\"},\"author\":{\"name\":\"admin\",\"@id\":\"https:\/\/epokaserca.pl\/aktualnosci\/#\/schema\/person\/f87215bc4f757d15c7321145cbabc434\"},\"headline\":\"NOWOROCZNE \u017bYCZENIA\",\"datePublished\":\"2015-01-02T14:35:30+00:00\",\"mainEntityOfPage\":{\"@id\":\"https:\/\/epokaserca.pl\/aktualnosci\/noworoczne-zyczenia\/\"},\"wordCount\":1173,\"commentCount\":0,\"articleSection\":[\"Artyku\u0142y\"],\"inLanguage\":\"pl-PL\",\"potentialAction\":[{\"@type\":\"CommentAction\",\"name\":\"Comment\",\"target\":[\"https:\/\/epokaserca.pl\/aktualnosci\/noworoczne-zyczenia\/#respond\"]}]},{\"@type\":\"WebPage\",\"@id\":\"https:\/\/epokaserca.pl\/aktualnosci\/noworoczne-zyczenia\/\",\"url\":\"https:\/\/epokaserca.pl\/aktualnosci\/noworoczne-zyczenia\/\",\"name\":\"NOWOROCZNE \u017bYCZENIA - Aktualno\u015bci\",\"isPartOf\":{\"@id\":\"https:\/\/epokaserca.pl\/aktualnosci\/#website\"},\"datePublished\":\"2015-01-02T14:35:30+00:00\",\"author\":{\"@id\":\"https:\/\/epokaserca.pl\/aktualnosci\/#\/schema\/person\/f87215bc4f757d15c7321145cbabc434\"},\"breadcrumb\":{\"@id\":\"https:\/\/epokaserca.pl\/aktualnosci\/noworoczne-zyczenia\/#breadcrumb\"},\"inLanguage\":\"pl-PL\",\"potentialAction\":[{\"@type\":\"ReadAction\",\"target\":[\"https:\/\/epokaserca.pl\/aktualnosci\/noworoczne-zyczenia\/\"]}]},{\"@type\":\"BreadcrumbList\",\"@id\":\"https:\/\/epokaserca.pl\/aktualnosci\/noworoczne-zyczenia\/#breadcrumb\",\"itemListElement\":[{\"@type\":\"ListItem\",\"position\":1,\"name\":\"Home\",\"item\":\"https:\/\/epokaserca.pl\/aktualnosci\/\"},{\"@type\":\"ListItem\",\"position\":2,\"name\":\"NOWOROCZNE \u017bYCZENIA\"}]},{\"@type\":\"WebSite\",\"@id\":\"https:\/\/epokaserca.pl\/aktualnosci\/#website\",\"url\":\"https:\/\/epokaserca.pl\/aktualnosci\/\",\"name\":\"Aktualno\u015bci\",\"description\":\"\",\"potentialAction\":[{\"@type\":\"SearchAction\",\"target\":{\"@type\":\"EntryPoint\",\"urlTemplate\":\"https:\/\/epokaserca.pl\/aktualnosci\/?s={search_term_string}\"},\"query-input\":{\"@type\":\"PropertyValueSpecification\",\"valueRequired\":true,\"valueName\":\"search_term_string\"}}],\"inLanguage\":\"pl-PL\"},{\"@type\":\"Person\",\"@id\":\"https:\/\/epokaserca.pl\/aktualnosci\/#\/schema\/person\/f87215bc4f757d15c7321145cbabc434\",\"name\":\"admin\",\"image\":{\"@type\":\"ImageObject\",\"inLanguage\":\"pl-PL\",\"@id\":\"https:\/\/epokaserca.pl\/aktualnosci\/#\/schema\/person\/image\/\",\"url\":\"https:\/\/secure.gravatar.com\/avatar\/8e51b30565ad99a9f8b25bd638d21cd1?s=96&d=mm&r=g\",\"contentUrl\":\"https:\/\/secure.gravatar.com\/avatar\/8e51b30565ad99a9f8b25bd638d21cd1?s=96&d=mm&r=g\",\"caption\":\"admin\"},\"url\":\"https:\/\/epokaserca.pl\/aktualnosci\/author\/admin\/\"}]}<\/script>\n<!-- \/ Yoast SEO plugin. -->","yoast_head_json":{"title":"NOWOROCZNE \u017bYCZENIA - Aktualno\u015bci","robots":{"index":"index","follow":"follow","max-snippet":"max-snippet:-1","max-image-preview":"max-image-preview:large","max-video-preview":"max-video-preview:-1"},"canonical":"https:\/\/epokaserca.pl\/aktualnosci\/noworoczne-zyczenia\/","og_locale":"pl_PL","og_type":"article","og_title":"NOWOROCZNE \u017bYCZENIA - Aktualno\u015bci","og_description":"KOCHANI - tak wiele wspania\u0142ych \u017cycze\u0144 od Was, z g\u0142\u0119bi pi\u0119knych serc, bardzo gor\u0105co DZI\u0118KUJ\u0118.","og_url":"https:\/\/epokaserca.pl\/aktualnosci\/noworoczne-zyczenia\/","og_site_name":"Aktualno\u015bci","article_published_time":"2015-01-02T14:35:30+00:00","author":"admin","twitter_card":"summary_large_image","twitter_misc":{"Napisane przez":"admin","Szacowany czas czytania":"6 minut"},"schema":{"@context":"https:\/\/schema.org","@graph":[{"@type":"Article","@id":"https:\/\/epokaserca.pl\/aktualnosci\/noworoczne-zyczenia\/#article","isPartOf":{"@id":"https:\/\/epokaserca.pl\/aktualnosci\/noworoczne-zyczenia\/"},"author":{"name":"admin","@id":"https:\/\/epokaserca.pl\/aktualnosci\/#\/schema\/person\/f87215bc4f757d15c7321145cbabc434"},"headline":"NOWOROCZNE \u017bYCZENIA","datePublished":"2015-01-02T14:35:30+00:00","mainEntityOfPage":{"@id":"https:\/\/epokaserca.pl\/aktualnosci\/noworoczne-zyczenia\/"},"wordCount":1173,"commentCount":0,"articleSection":["Artyku\u0142y"],"inLanguage":"pl-PL","potentialAction":[{"@type":"CommentAction","name":"Comment","target":["https:\/\/epokaserca.pl\/aktualnosci\/noworoczne-zyczenia\/#respond"]}]},{"@type":"WebPage","@id":"https:\/\/epokaserca.pl\/aktualnosci\/noworoczne-zyczenia\/","url":"https:\/\/epokaserca.pl\/aktualnosci\/noworoczne-zyczenia\/","name":"NOWOROCZNE \u017bYCZENIA - Aktualno\u015bci","isPartOf":{"@id":"https:\/\/epokaserca.pl\/aktualnosci\/#website"},"datePublished":"2015-01-02T14:35:30+00:00","author":{"@id":"https:\/\/epokaserca.pl\/aktualnosci\/#\/schema\/person\/f87215bc4f757d15c7321145cbabc434"},"breadcrumb":{"@id":"https:\/\/epokaserca.pl\/aktualnosci\/noworoczne-zyczenia\/#breadcrumb"},"inLanguage":"pl-PL","potentialAction":[{"@type":"ReadAction","target":["https:\/\/epokaserca.pl\/aktualnosci\/noworoczne-zyczenia\/"]}]},{"@type":"BreadcrumbList","@id":"https:\/\/epokaserca.pl\/aktualnosci\/noworoczne-zyczenia\/#breadcrumb","itemListElement":[{"@type":"ListItem","position":1,"name":"Home","item":"https:\/\/epokaserca.pl\/aktualnosci\/"},{"@type":"ListItem","position":2,"name":"NOWOROCZNE \u017bYCZENIA"}]},{"@type":"WebSite","@id":"https:\/\/epokaserca.pl\/aktualnosci\/#website","url":"https:\/\/epokaserca.pl\/aktualnosci\/","name":"Aktualno\u015bci","description":"","potentialAction":[{"@type":"SearchAction","target":{"@type":"EntryPoint","urlTemplate":"https:\/\/epokaserca.pl\/aktualnosci\/?s={search_term_string}"},"query-input":{"@type":"PropertyValueSpecification","valueRequired":true,"valueName":"search_term_string"}}],"inLanguage":"pl-PL"},{"@type":"Person","@id":"https:\/\/epokaserca.pl\/aktualnosci\/#\/schema\/person\/f87215bc4f757d15c7321145cbabc434","name":"admin","image":{"@type":"ImageObject","inLanguage":"pl-PL","@id":"https:\/\/epokaserca.pl\/aktualnosci\/#\/schema\/person\/image\/","url":"https:\/\/secure.gravatar.com\/avatar\/8e51b30565ad99a9f8b25bd638d21cd1?s=96&d=mm&r=g","contentUrl":"https:\/\/secure.gravatar.com\/avatar\/8e51b30565ad99a9f8b25bd638d21cd1?s=96&d=mm&r=g","caption":"admin"},"url":"https:\/\/epokaserca.pl\/aktualnosci\/author\/admin\/"}]}},"_links":{"self":[{"href":"https:\/\/epokaserca.pl\/aktualnosci\/wp-json\/wp\/v2\/posts\/1043","targetHints":{"allow":["GET"]}}],"collection":[{"href":"https:\/\/epokaserca.pl\/aktualnosci\/wp-json\/wp\/v2\/posts"}],"about":[{"href":"https:\/\/epokaserca.pl\/aktualnosci\/wp-json\/wp\/v2\/types\/post"}],"author":[{"embeddable":true,"href":"https:\/\/epokaserca.pl\/aktualnosci\/wp-json\/wp\/v2\/users\/1"}],"replies":[{"embeddable":true,"href":"https:\/\/epokaserca.pl\/aktualnosci\/wp-json\/wp\/v2\/comments?post=1043"}],"version-history":[{"count":0,"href":"https:\/\/epokaserca.pl\/aktualnosci\/wp-json\/wp\/v2\/posts\/1043\/revisions"}],"wp:attachment":[{"href":"https:\/\/epokaserca.pl\/aktualnosci\/wp-json\/wp\/v2\/media?parent=1043"}],"wp:term":[{"taxonomy":"category","embeddable":true,"href":"https:\/\/epokaserca.pl\/aktualnosci\/wp-json\/wp\/v2\/categories?post=1043"},{"taxonomy":"post_tag","embeddable":true,"href":"https:\/\/epokaserca.pl\/aktualnosci\/wp-json\/wp\/v2\/tags?post=1043"}],"curies":[{"name":"wp","href":"https:\/\/api.w.org\/{rel}","templated":true}]}}