{"id":107,"date":"2011-07-23T00:13:11","date_gmt":"2011-07-23T00:13:11","guid":{"rendered":"https:\/\/epokaserca.pl\/aktualnosci\/index.php\/2011\/07\/23\/rozmowy-z-mama\/"},"modified":"2011-07-23T00:13:11","modified_gmt":"2011-07-23T00:13:11","slug":"rozmowy-z-mama","status":"publish","type":"post","link":"https:\/\/epokaserca.pl\/aktualnosci\/rozmowy-z-mama\/","title":{"rendered":"ROZMOWY Z MAM\u0104"},"content":{"rendered":"\n<p>&nbsp;<\/p>\n<p>&nbsp;<\/p>\n<p><img loading=\"lazy\" decoding=\"async\" class=\" size-full wp-image-106\" src=\"https:\/\/el.cgnk.pl\/wp-content\/uploads\/2011\/07\/babcia.bmp\" alt=\"\" width=\"262\" height=\"309\" \/><\/p>\n<p>&nbsp;<\/p>\n<p>W czasie spisywania przekaz\u00f3w, powstawania ksi\u0105\u017cki, kt\u00f3re trwa\u0142o od marca do listopada 2005r. nast\u0105pi\u0142o wydarzenie, o kt\u00f3rym chc\u0119 tu wspomnie\u0107.<br \/> W sierpniu odesz\u0142a z naszej planety, w inny cudowny wymiar, jedna z najbli\u017cszych mi istot, moja mama.<br \/> Jej odej\u015bcie by\u0142o du\u017cym zaskoczeniem dla ca\u0142ej naszej rodziny.<br \/> Dostawa\u0142am sygna\u0142y o zbli\u017caj\u0105cych si\u0119 wydarzeniach, ale nie dowierzam przeczuciom, snom, g\u0142osowi, kt\u00f3ry delikatnie informowa\u0142.<br \/> Cho\u0107 sprawy potoczy\u0142y si\u0119 bardzo szybko i by\u0142y do\u015b\u0107 dramatyczne, wewn\u0105trz mia\u0142am g\u0142\u0119bokie uczucie spokoju, mi\u0142o\u015bci, wsparcia istot duchowych.<\/p>\n<p>Ca\u0142a nasza rodzina,(r\u00f3wnie\u017c moje siostry i ich dzieci), kt\u00f3ra by\u0142a bardzo zwi\u0105zana z mam\u0105, nie wyobra\u017ca\u0142a sobie jak prze\u017cyje \u015bmier\u0107 ukochanej mamy i babci. Na sam\u0105 my\u015bl, \u017ce takie wydarzenie mo\u017ce kiedy\u015b nast\u0105pi\u0107, ogarnia\u0142a je rozpacz.<br \/> Sta\u0142o si\u0119 jednak to, co nieuchronne dla ka\u017cdego z nas <br \/> i w\u00f3wczas, my\u015bl\u0119, \u017ce sta\u0142 si\u0119 ma\u0142y cud, a w\u0142a\u015bciwie cuda.<\/p>\n<p>Ju\u017c od chwili \u015bmierci, wszyscy czuli\u015bmy wielokrotnie obecno\u015b\u0107 mamy. Nikt nie identyfikowa\u0142 zw\u0142ok z nasz\u0105 ukochana mam\u0105, cho\u0107 poprzednio takie wyobra\u017cenie o \u015bmierci mieli moi bliscy.<br \/> Kilka dni po odej\u015bciu mamy, zwr\u00f3ci\u0142am si\u0119 do Jej duszy o informacj\u0119, o kilka s\u0142\u00f3w dla nas, najbli\u017cszych, kt\u00f3rzy nie byli\u015bmy obecni w chwili opuszczania przez Ni\u0105 cia\u0142a. <br \/> Mo\u017ce chcia\u0142a powiedzie\u0107 jeszcze co\u015b, czego nie zd\u0105\u017cy\u0142a za \u017cycia po\u015br\u00f3d nas.<br \/> I taki przekaz dosta\u0142am.<\/p>\n<p>Najpierw jeden, p\u00f3\u017aniej drugi.<br \/> S\u0142owa, kt\u00f3re wypowiedzia\u0142a, spowodowa\u0142y wewn\u0119trzny spok\u00f3j.<br \/> Zamiast dzikiej rozpaczy, rozpami\u0119tywania, uczucia straty, jest cicha t\u0119sknota i ufno\u015b\u0107, \u017ce tam gdzie odesz\u0142a jest szcz\u0119\u015bliwsza i bez cierpie\u0144, kt\u00f3re towarzyszy\u0142y Jej od kilku lat.<\/p>\n<p>Oto Jej s\u0142owa.<\/p>\n<p><b>&#8222;Dzieci ukochane moje,(&#8230;.) p\u0142acz Wasz zupe\u0142nie nie jest potrzebny. Jestem tu, gdzie miejsce cudowne i cho\u0107 troch\u0119 oszo\u0142omiona jestem, spok\u00f3j prawdziwy i ulg\u0119 czuj\u0119. Dzi\u0119kuj\u0119 Wam za \u017cycie wsp\u00f3lne. Wiem, \u017ce kochali\u015bcie mnie tak jak potrafili\u015bcie. Jeste\u015bcie lud\u017ami tylko i ludzki wgl\u0105d macie, ja ju\u017c wyzwolona z cia\u0142a niewoli i wgl\u0105d pe\u0142niejszy maj\u0105c, przes\u0142anie wam nios\u0119, kochajcie si\u0119, to warto\u015b\u0107 jedyna. Nic wa\u017cniejsze nie jest.<\/b><\/p>\n<p><b>Jest tu spok\u00f3j b\u0142ogi i pi\u0119kno i cisza. Jak\u017ce b\u0142ogo. Pom\u00f3dlcie si\u0119 i \u015bwiat\u0142o palcie. Uca\u0142uj wszystkich ode mnie. Kocham Was- mama. (&#8230;.) Cierpienie nie trwa\u0142o d\u0142ugo. Nie znaczy ono nic w stosunku do wiecznej mi\u0142o\u015bci Boga. Odesz\u0142am spokojnie. \u015amier\u0107 nie jest bolesna. Pami\u0119tajcie o tym. By\u0142am przera\u017cona perspektyw\u0105 \u015bmierci, ale ju\u017c wiem, \u017ce to, co si\u0119 wydarza jest cudownym stanem snu po\u015bmiertnego i b\u0142ogo\u015bci. Cisza, spok\u00f3j, \u015bwiat\u0142o.(&#8230;.) Kocham Was wszystkich, powiedz im o tym. Niech \u0142ez nie roni\u0105, bo \u017cycie szybko mija i spotkanie nied\u0142ugie. Chc\u0119 odpocz\u0105\u0107, \u017cegnajcie. Ostatnie dni by\u0142y trudne. Chc\u0119 odpocz\u0105\u0107. Ale jestem ju\u017c szcz\u0119\u015bliwa i tak mi tu dobrze.&#8221;<\/b>&nbsp;<\/p>\n<h4>I jeszcze kilka s\u0142\u00f3w od Duchowego Przewodnika.<\/h4>\n<p>&#8222;Odrzu\u0107 niepewno\u015b\u0107. Otw\u00f3rz serce. Niech ufno\u015b\u0107 pierwsze miejsce zajmie i mi\u0142o\u015b\u0107 do Boga, bo to On decyzj\u0119 wsp\u00f3lnie z dusz\u0105 Wasz\u0105 podejmuje.<br \/> Kochaj dusz\u0119 mamy swojej sercem ca\u0142ym i mi\u0142o\u015b\u0107 t\u0119 przesy\u0142aj Jej. To Jej potrzebne i spok\u00f3j Jej daje.<br \/> Mi\u0142o\u015b\u0107 Wasza, nie rozpami\u0119tywanie. \u015amiech mo\u017ce zbyteczny, bo smutek w sercach macie i t\u0119sknot\u0119, lecz one nie pierwsze miejsce zajmowa\u0107 powinny.&#8221;<\/p>\n<p><b>Ufno\u015b\u0107 i wiara pe\u0142na oddania i ciep\u0142a- oto dzia\u0142anie cz\u0142owieka w obliczu straty.<\/b>&nbsp;<\/p>\n<p>Daj Jej teraz odpocz\u0105\u0107. To potrzebne jej teraz &#8211; spok\u00f3j i wyciszenie i czas to jest na refleksj\u0119, lecz nade wszystko na odpoczynek.<\/p>\n<p>To sprawy bardzo osobiste i m\u00f3wi\u0119 o nich, tylko dlatego, \u017ce wielu ludziom, kt\u00f3rym trudno jest pogodzi\u0107 si\u0119 ze strat\u0105 bliskich, s\u0142owa te mog\u0105 przynie\u015b\u0107, tak jak i nam, ulg\u0119.<\/p>\n<p>Trudno opisywa\u0107 takie wydarzenia, ale jestem pewna, \u017ce lata sp\u0119dzone na poszukiwaniach duchowych, a w szczeg\u00f3lno\u015bci odnalezienie wewn\u0119trznej mi\u0142o\u015bci i obecno\u015bci Boga, kt\u00f3ry jest naszym jestestwem, pozwoli\u0142o mi, zamiast rozpaczy, odczuwa\u0107 w tych trudnych chwilach g\u0142\u0119bok\u0105 wewn\u0119trzna rado\u015b\u0107, poniewa\u017c ca\u0142\u0105 swoj\u0105 istot\u0105 czu\u0142am mi\u0142o\u015b\u0107, kt\u00f3ra przywita\u0142a mam\u0119 po drugiej stronie.<br \/> Nie czu\u0142am Jej l\u0119ku, natomiast spok\u00f3j i ogromn\u0105 rado\u015b\u0107, z odkrycia po drugiej stronie morza mi\u0142o\u015bci i szcz\u0119\u015bcia.<\/p>\n<p>Trudno to opisa\u0107 s\u0142owami. <br \/> Osoby, kt\u00f3re \u017cyj\u0105 w przekonaniach strachu, b\u00f3lu, zapomnienia, by\u0107 mo\u017ce uznaj\u0105 mnie za osob\u0119 nieczu\u0142\u0105, (takie opinie wydawa\u0142y osoby postronne, bo jak mo\u017cna nie p\u0142aka\u0107 na pogrzebie w\u0142asnej matki).<br \/> Ale jak\u017ce ubodzy i pe\u0142ni smutku s\u0105 ci, kt\u00f3rzy nie odkrywszy najcudowniejszej mi\u0142o\u015bci Boga, nie rozumiej\u0105, kim s\u0105 i dok\u0105d zmierzaj\u0105.<\/p>\n<p>Dzi\u0119kuj\u0119 Ci ukochany Ojcze. Dzi\u0119kuj\u0119 za \u017cycie, dzi\u0119kuj\u0119 za \u015bmier\u0107, dzi\u0119kuj\u0119 za wszystko co by\u0142o, co jest i co b\u0119dzie.<br \/> I tylko Ci, kt\u00f3rzy odkryli w swych sercach \u0142ask\u0119 mi\u0142owania i rado\u015bci wiedz\u0105, co pisz\u0119, co odczuwam. <br \/> Prosz\u0119 Najcudowniejszy Bo\u017ce, spraw, aby wszyscy, kt\u00f3rzy pragn\u0105 odczu\u0107 t\u0119 Mi\u0142o\u015b\u0107 , dost\u0105pili zmartwychwstania i radowali si\u0119 tak, jak dane jest to mojej istocie.<\/p>\n<p>Twoja mama ma Wam co\u015b do przekazania. Dnia ka\u017cdego my\u015blcie o niej i wspominacie i to dobrze, bo pami\u0119\u0107 jest wa\u017cna, lecz niech nie b\u0119dzie to b\u00f3l i cierpienie, a mi\u0142o\u015b\u0107 i ciep\u0142e wspomnienia i \u015bwiadomo\u015b\u0107, \u017ce jest ona z Wami my\u015bl\u0105.<\/p>\n<p>Co Ona ma do przekazania:<br \/> <b>&#8222;Dzieci moje drogie. Jestem ju\u017c po drugiej stronie. Jest tu rado\u015b\u0107 i szcz\u0119\u015bcie i \u015bwiat nowy, zupe\u0142nie inny od tego, kt\u00f3ry znacie. Nie ma smutku, nie ma trud\u00f3w i b\u00f3lu. Odpoczywam jeszcze po trudach \u017cycia, bo to, co u Was jest miesi\u0105cami, tu chwil\u0119 stanowi i czas musi up\u0142yn\u0105\u0107, a\u017c rozlicz\u0119 si\u0119 z \u017cyciem ubieg\u0142ym i odpocz\u0105wszy si\u0142 nabior\u0119, na dalsze istnienie. Pami\u0119tam o Was i my\u015bl\u0105 jestem jeszcze cz\u0119sto z Wami. Jeste\u015bcie w moim sercu i teraz i zawsze. Wszystko co by\u0142o ma\u0142e i trudne, tu ju\u017c w sercu nie istnieje, pozosta\u0142a mi\u0142o\u015b\u0107, to co najwa\u017cniejsze. Nie obawiajcie si\u0119 \u017cycia. Nic nie jest tak trudne, jak mo\u017ce si\u0119 to wydawa\u0107 z punktu widzenia \u017cycia na ziemi. Zmiany id\u0105 w Waszym \u017cyciu, lecz nie obawiajcie si\u0119 ich. Jeste\u015bcie silni i nic z\u0142ego wydarzy\u0107 si\u0119 nie mo\u017ce. A wszystko pokona\u0107 mo\u017cna. Ja jestem tu spokojna, bo wiem, \u017ce macie opiek\u0119 Naj\u015bwi\u0119tszej Matki i Boga. S\u0105 Oni niczym matka i ojciec dla Was. M\u00f3dlcie si\u0119 . Ka\u017cda modlitwa jest tu wys\u0142uchana, cho\u0107 nie ka\u017cda mo\u017ce si\u0119 spe\u0142ni\u0107 .Jestem zawsze z Wami. Czuj\u0119 Wasze my\u015bli i Wasze serca. Nie p\u0142aczcie. T\u0119sknota w sercu zostaje na zawsze, lecz zawsze trwa tylko chwil\u0119 .W chwili \u015bwi\u0105t jestem z Wami. Pami\u0119tajcie, \u017ce kocham Was na zawsze Mama.&#8221;<\/b>&nbsp;<\/p>\n<p>czerwiec 2006<br \/> <b>Najdro\u017csze moje dzieci, m\u00f3j czas odej\u015bcia w dalsze rejony zbli\u017ca si\u0119. Pozostan\u0119 tam sama, bez Waszych my\u015bli i wspomnie\u0144. To, co chce Wam powiedzie\u0107, to przes\u0142anie mojej duszy. Kiedykolwiek pomy\u015blicie o mnie, przypomnijcie sobie najlepsze chwile, najpi\u0119kniejsze. Nie wspominajcie b\u00f3lu, problem\u00f3w, \u0142ez, to mi pomo\u017ce upora\u0107 si\u0119 z pozosta\u0142o\u015bciami emocji jakie tkwi\u0105 w mych my\u015blach. Nie jest \u0142atwo pozby\u0107 si\u0119 tego, co powodowa\u0142o b\u00f3l, jednak jest to konieczno\u015b\u0107, aby przej\u015b\u0107 dalej. Moje przej\u015bcie jest trudne, gdy dopadaj\u0105 Was my\u015bli pe\u0142ne smutku i \u0142ez. Je\u015bli chcecie mi pom\u00f3c, w chwili wspomnie\u0144, niech miejsce pierwsze zajm\u0105 rado\u015b\u0107 i mi\u0142o\u015b\u0107 .Moje serce wype\u0142nia mi\u0142o\u015b\u0107 do Was i smutek, gdy patrz\u0119 na Wasze pe\u0142ne t\u0119sknoty my\u015bli. Prosz\u0119 nie rozmy\u015blajcie, nie p\u0142aczcie. B\u0105d\u017acie radosne, bo w\u00f3wczas jest mi tu o wiele \u0142atwiej. Jedyn\u0105 my\u015bl\u0105, kt\u00f3ra powinna w Was dominowa\u0107 niech b\u0119dzie rado\u015b\u0107, \u017ce moje \u017cycie tu jest szcz\u0119\u015bliwe, wolne od b\u00f3lu i trosk. Nie jestem a\u017c tak daleko. Widz\u0119 Wasze trudy, ale nie s\u0105 one a\u017c tak uci\u0105\u017cliwe. Poradzicie sobie ze wszystkim. Kocham Was dziewczynki, c\u00f3reczki moje. Pami\u0119tam o Was. Kocham Was. Mama.<\/b>&nbsp;<\/p>\n<p>Kochamy Ci\u0119 mamo. By\u0142a\u015b najcudowniejsz\u0105 mam\u0105, kochaj\u0105c\u0105, troskliw\u0105, wspieraj\u0105c\u0105.. Zawsze jeste\u015b i b\u0119dziesz w naszych sercach.<\/p>\n<p><b>Modlitwa za zmar\u0142ych<\/b>&nbsp;<\/p>\n<p>Ukochany Bo\u017ce, Ojcze m\u00f3j,<br \/> obejmij swymi czu\u0142ymi ramionami,<br \/> dusz\u0119 zmar\u0142ej(go) &#8230;&#8230;&#8230;&#8230;&#8230;&#8230;&#8230;&#8230;&#8230;,.<br \/> kt\u00f3ra(y) przeszed\u0142 do Domu Twego.<\/p>\n<p>Uko\u0142ysz t\u0119 zm\u0119czon\u0105 dusz\u0119,<br \/> aby zazna\u0142a wytchnienia, <br \/> po trudach \u017cycia.<\/p>\n<p>Otocz j\u0105 \u015bwiat\u0142em cudownej mi\u0142o\u015bci,<br \/> kt\u00f3r\u0105 tylko Ty, ukochany Ojcze<br \/> o\u015bwietli\u0107 mo\u017cesz.<\/p>\n<p>Ukochaj t\u0119 dusz\u0119, aby w jedno\u015bci z Tob\u0105, <br \/> dozna\u0142a ukojenia i wiecznej rado\u015bci,<br \/> istnienia w Tobie.<\/p>\n<p>(Modlitwa podyktowana przez Duchowych Przewodnik\u00f3w 15.11.2005)<\/p>\n","protected":false},"excerpt":{"rendered":"<p>&nbsp;<\/p>\n","protected":false},"author":1,"featured_media":106,"comment_status":"open","ping_status":"open","sticky":false,"template":"","format":"standard","meta":{"footnotes":""},"categories":[3],"tags":[],"class_list":{"0":"post-107","1":"post","2":"type-post","3":"status-publish","4":"format-standard","5":"has-post-thumbnail","7":"category-o-mnie","8":"czr-hentry"},"yoast_head":"<!-- This site is optimized with the Yoast SEO plugin v26.8 - https:\/\/yoast.com\/product\/yoast-seo-wordpress\/ -->\n<title>ROZMOWY Z MAM\u0104 - Aktualno\u015bci<\/title>\n<meta name=\"robots\" content=\"index, follow, max-snippet:-1, max-image-preview:large, max-video-preview:-1\" \/>\n<link rel=\"canonical\" href=\"https:\/\/epokaserca.pl\/aktualnosci\/rozmowy-z-mama\/\" \/>\n<meta property=\"og:locale\" content=\"pl_PL\" \/>\n<meta property=\"og:type\" content=\"article\" \/>\n<meta property=\"og:title\" content=\"ROZMOWY Z MAM\u0104 - Aktualno\u015bci\" \/>\n<meta property=\"og:description\" content=\"&nbsp;\" \/>\n<meta property=\"og:url\" content=\"https:\/\/epokaserca.pl\/aktualnosci\/rozmowy-z-mama\/\" \/>\n<meta property=\"og:site_name\" content=\"Aktualno\u015bci\" \/>\n<meta property=\"article:published_time\" content=\"2011-07-23T00:13:11+00:00\" \/>\n<meta name=\"author\" content=\"admin\" \/>\n<meta name=\"twitter:card\" content=\"summary_large_image\" \/>\n<meta name=\"twitter:label1\" content=\"Napisane przez\" \/>\n\t<meta name=\"twitter:data1\" content=\"admin\" \/>\n\t<meta name=\"twitter:label2\" content=\"Szacowany czas czytania\" \/>\n\t<meta name=\"twitter:data2\" content=\"8 minut\" \/>\n<script type=\"application\/ld+json\" class=\"yoast-schema-graph\">{\"@context\":\"https:\/\/schema.org\",\"@graph\":[{\"@type\":\"Article\",\"@id\":\"https:\/\/epokaserca.pl\/aktualnosci\/rozmowy-z-mama\/#article\",\"isPartOf\":{\"@id\":\"https:\/\/epokaserca.pl\/aktualnosci\/rozmowy-z-mama\/\"},\"author\":{\"name\":\"admin\",\"@id\":\"https:\/\/epokaserca.pl\/aktualnosci\/#\/schema\/person\/f87215bc4f757d15c7321145cbabc434\"},\"headline\":\"ROZMOWY Z MAM\u0104\",\"datePublished\":\"2011-07-23T00:13:11+00:00\",\"mainEntityOfPage\":{\"@id\":\"https:\/\/epokaserca.pl\/aktualnosci\/rozmowy-z-mama\/\"},\"wordCount\":1550,\"commentCount\":0,\"image\":{\"@id\":\"https:\/\/epokaserca.pl\/aktualnosci\/rozmowy-z-mama\/#primaryimage\"},\"thumbnailUrl\":\"https:\/\/epokaserca.pl\/aktualnosci\/wp-content\/uploads\/2011\/07\/babcia.bmp\",\"articleSection\":[\"O mnie\"],\"inLanguage\":\"pl-PL\",\"potentialAction\":[{\"@type\":\"CommentAction\",\"name\":\"Comment\",\"target\":[\"https:\/\/epokaserca.pl\/aktualnosci\/rozmowy-z-mama\/#respond\"]}]},{\"@type\":\"WebPage\",\"@id\":\"https:\/\/epokaserca.pl\/aktualnosci\/rozmowy-z-mama\/\",\"url\":\"https:\/\/epokaserca.pl\/aktualnosci\/rozmowy-z-mama\/\",\"name\":\"ROZMOWY Z MAM\u0104 - Aktualno\u015bci\",\"isPartOf\":{\"@id\":\"https:\/\/epokaserca.pl\/aktualnosci\/#website\"},\"primaryImageOfPage\":{\"@id\":\"https:\/\/epokaserca.pl\/aktualnosci\/rozmowy-z-mama\/#primaryimage\"},\"image\":{\"@id\":\"https:\/\/epokaserca.pl\/aktualnosci\/rozmowy-z-mama\/#primaryimage\"},\"thumbnailUrl\":\"https:\/\/epokaserca.pl\/aktualnosci\/wp-content\/uploads\/2011\/07\/babcia.bmp\",\"datePublished\":\"2011-07-23T00:13:11+00:00\",\"author\":{\"@id\":\"https:\/\/epokaserca.pl\/aktualnosci\/#\/schema\/person\/f87215bc4f757d15c7321145cbabc434\"},\"breadcrumb\":{\"@id\":\"https:\/\/epokaserca.pl\/aktualnosci\/rozmowy-z-mama\/#breadcrumb\"},\"inLanguage\":\"pl-PL\",\"potentialAction\":[{\"@type\":\"ReadAction\",\"target\":[\"https:\/\/epokaserca.pl\/aktualnosci\/rozmowy-z-mama\/\"]}]},{\"@type\":\"ImageObject\",\"inLanguage\":\"pl-PL\",\"@id\":\"https:\/\/epokaserca.pl\/aktualnosci\/rozmowy-z-mama\/#primaryimage\",\"url\":\"https:\/\/epokaserca.pl\/aktualnosci\/wp-content\/uploads\/2011\/07\/babcia.bmp\",\"contentUrl\":\"https:\/\/epokaserca.pl\/aktualnosci\/wp-content\/uploads\/2011\/07\/babcia.bmp\",\"width\":262,\"height\":309},{\"@type\":\"BreadcrumbList\",\"@id\":\"https:\/\/epokaserca.pl\/aktualnosci\/rozmowy-z-mama\/#breadcrumb\",\"itemListElement\":[{\"@type\":\"ListItem\",\"position\":1,\"name\":\"Home\",\"item\":\"https:\/\/epokaserca.pl\/aktualnosci\/\"},{\"@type\":\"ListItem\",\"position\":2,\"name\":\"ROZMOWY Z MAM\u0104\"}]},{\"@type\":\"WebSite\",\"@id\":\"https:\/\/epokaserca.pl\/aktualnosci\/#website\",\"url\":\"https:\/\/epokaserca.pl\/aktualnosci\/\",\"name\":\"Aktualno\u015bci\",\"description\":\"\",\"potentialAction\":[{\"@type\":\"SearchAction\",\"target\":{\"@type\":\"EntryPoint\",\"urlTemplate\":\"https:\/\/epokaserca.pl\/aktualnosci\/?s={search_term_string}\"},\"query-input\":{\"@type\":\"PropertyValueSpecification\",\"valueRequired\":true,\"valueName\":\"search_term_string\"}}],\"inLanguage\":\"pl-PL\"},{\"@type\":\"Person\",\"@id\":\"https:\/\/epokaserca.pl\/aktualnosci\/#\/schema\/person\/f87215bc4f757d15c7321145cbabc434\",\"name\":\"admin\",\"image\":{\"@type\":\"ImageObject\",\"inLanguage\":\"pl-PL\",\"@id\":\"https:\/\/epokaserca.pl\/aktualnosci\/#\/schema\/person\/image\/\",\"url\":\"https:\/\/secure.gravatar.com\/avatar\/8e51b30565ad99a9f8b25bd638d21cd1?s=96&d=mm&r=g\",\"contentUrl\":\"https:\/\/secure.gravatar.com\/avatar\/8e51b30565ad99a9f8b25bd638d21cd1?s=96&d=mm&r=g\",\"caption\":\"admin\"},\"url\":\"https:\/\/epokaserca.pl\/aktualnosci\/author\/admin\/\"}]}<\/script>\n<!-- \/ Yoast SEO plugin. -->","yoast_head_json":{"title":"ROZMOWY Z MAM\u0104 - Aktualno\u015bci","robots":{"index":"index","follow":"follow","max-snippet":"max-snippet:-1","max-image-preview":"max-image-preview:large","max-video-preview":"max-video-preview:-1"},"canonical":"https:\/\/epokaserca.pl\/aktualnosci\/rozmowy-z-mama\/","og_locale":"pl_PL","og_type":"article","og_title":"ROZMOWY Z MAM\u0104 - Aktualno\u015bci","og_description":"&nbsp;","og_url":"https:\/\/epokaserca.pl\/aktualnosci\/rozmowy-z-mama\/","og_site_name":"Aktualno\u015bci","article_published_time":"2011-07-23T00:13:11+00:00","author":"admin","twitter_card":"summary_large_image","twitter_misc":{"Napisane przez":"admin","Szacowany czas czytania":"8 minut"},"schema":{"@context":"https:\/\/schema.org","@graph":[{"@type":"Article","@id":"https:\/\/epokaserca.pl\/aktualnosci\/rozmowy-z-mama\/#article","isPartOf":{"@id":"https:\/\/epokaserca.pl\/aktualnosci\/rozmowy-z-mama\/"},"author":{"name":"admin","@id":"https:\/\/epokaserca.pl\/aktualnosci\/#\/schema\/person\/f87215bc4f757d15c7321145cbabc434"},"headline":"ROZMOWY Z MAM\u0104","datePublished":"2011-07-23T00:13:11+00:00","mainEntityOfPage":{"@id":"https:\/\/epokaserca.pl\/aktualnosci\/rozmowy-z-mama\/"},"wordCount":1550,"commentCount":0,"image":{"@id":"https:\/\/epokaserca.pl\/aktualnosci\/rozmowy-z-mama\/#primaryimage"},"thumbnailUrl":"https:\/\/epokaserca.pl\/aktualnosci\/wp-content\/uploads\/2011\/07\/babcia.bmp","articleSection":["O mnie"],"inLanguage":"pl-PL","potentialAction":[{"@type":"CommentAction","name":"Comment","target":["https:\/\/epokaserca.pl\/aktualnosci\/rozmowy-z-mama\/#respond"]}]},{"@type":"WebPage","@id":"https:\/\/epokaserca.pl\/aktualnosci\/rozmowy-z-mama\/","url":"https:\/\/epokaserca.pl\/aktualnosci\/rozmowy-z-mama\/","name":"ROZMOWY Z MAM\u0104 - Aktualno\u015bci","isPartOf":{"@id":"https:\/\/epokaserca.pl\/aktualnosci\/#website"},"primaryImageOfPage":{"@id":"https:\/\/epokaserca.pl\/aktualnosci\/rozmowy-z-mama\/#primaryimage"},"image":{"@id":"https:\/\/epokaserca.pl\/aktualnosci\/rozmowy-z-mama\/#primaryimage"},"thumbnailUrl":"https:\/\/epokaserca.pl\/aktualnosci\/wp-content\/uploads\/2011\/07\/babcia.bmp","datePublished":"2011-07-23T00:13:11+00:00","author":{"@id":"https:\/\/epokaserca.pl\/aktualnosci\/#\/schema\/person\/f87215bc4f757d15c7321145cbabc434"},"breadcrumb":{"@id":"https:\/\/epokaserca.pl\/aktualnosci\/rozmowy-z-mama\/#breadcrumb"},"inLanguage":"pl-PL","potentialAction":[{"@type":"ReadAction","target":["https:\/\/epokaserca.pl\/aktualnosci\/rozmowy-z-mama\/"]}]},{"@type":"ImageObject","inLanguage":"pl-PL","@id":"https:\/\/epokaserca.pl\/aktualnosci\/rozmowy-z-mama\/#primaryimage","url":"https:\/\/epokaserca.pl\/aktualnosci\/wp-content\/uploads\/2011\/07\/babcia.bmp","contentUrl":"https:\/\/epokaserca.pl\/aktualnosci\/wp-content\/uploads\/2011\/07\/babcia.bmp","width":262,"height":309},{"@type":"BreadcrumbList","@id":"https:\/\/epokaserca.pl\/aktualnosci\/rozmowy-z-mama\/#breadcrumb","itemListElement":[{"@type":"ListItem","position":1,"name":"Home","item":"https:\/\/epokaserca.pl\/aktualnosci\/"},{"@type":"ListItem","position":2,"name":"ROZMOWY Z MAM\u0104"}]},{"@type":"WebSite","@id":"https:\/\/epokaserca.pl\/aktualnosci\/#website","url":"https:\/\/epokaserca.pl\/aktualnosci\/","name":"Aktualno\u015bci","description":"","potentialAction":[{"@type":"SearchAction","target":{"@type":"EntryPoint","urlTemplate":"https:\/\/epokaserca.pl\/aktualnosci\/?s={search_term_string}"},"query-input":{"@type":"PropertyValueSpecification","valueRequired":true,"valueName":"search_term_string"}}],"inLanguage":"pl-PL"},{"@type":"Person","@id":"https:\/\/epokaserca.pl\/aktualnosci\/#\/schema\/person\/f87215bc4f757d15c7321145cbabc434","name":"admin","image":{"@type":"ImageObject","inLanguage":"pl-PL","@id":"https:\/\/epokaserca.pl\/aktualnosci\/#\/schema\/person\/image\/","url":"https:\/\/secure.gravatar.com\/avatar\/8e51b30565ad99a9f8b25bd638d21cd1?s=96&d=mm&r=g","contentUrl":"https:\/\/secure.gravatar.com\/avatar\/8e51b30565ad99a9f8b25bd638d21cd1?s=96&d=mm&r=g","caption":"admin"},"url":"https:\/\/epokaserca.pl\/aktualnosci\/author\/admin\/"}]}},"_links":{"self":[{"href":"https:\/\/epokaserca.pl\/aktualnosci\/wp-json\/wp\/v2\/posts\/107","targetHints":{"allow":["GET"]}}],"collection":[{"href":"https:\/\/epokaserca.pl\/aktualnosci\/wp-json\/wp\/v2\/posts"}],"about":[{"href":"https:\/\/epokaserca.pl\/aktualnosci\/wp-json\/wp\/v2\/types\/post"}],"author":[{"embeddable":true,"href":"https:\/\/epokaserca.pl\/aktualnosci\/wp-json\/wp\/v2\/users\/1"}],"replies":[{"embeddable":true,"href":"https:\/\/epokaserca.pl\/aktualnosci\/wp-json\/wp\/v2\/comments?post=107"}],"version-history":[{"count":0,"href":"https:\/\/epokaserca.pl\/aktualnosci\/wp-json\/wp\/v2\/posts\/107\/revisions"}],"wp:featuredmedia":[{"embeddable":true,"href":"https:\/\/epokaserca.pl\/aktualnosci\/wp-json\/wp\/v2\/media\/106"}],"wp:attachment":[{"href":"https:\/\/epokaserca.pl\/aktualnosci\/wp-json\/wp\/v2\/media?parent=107"}],"wp:term":[{"taxonomy":"category","embeddable":true,"href":"https:\/\/epokaserca.pl\/aktualnosci\/wp-json\/wp\/v2\/categories?post=107"},{"taxonomy":"post_tag","embeddable":true,"href":"https:\/\/epokaserca.pl\/aktualnosci\/wp-json\/wp\/v2\/tags?post=107"}],"curies":[{"name":"wp","href":"https:\/\/api.w.org\/{rel}","templated":true}]}}