{"id":1075,"date":"2015-02-13T21:24:35","date_gmt":"2015-02-13T21:24:35","guid":{"rendered":"https:\/\/epokaserca.pl\/aktualnosci\/index.php\/2015\/02\/13\/ciemna-noc-1\/"},"modified":"2015-02-13T21:24:35","modified_gmt":"2015-02-13T21:24:35","slug":"ciemna-noc-1","status":"publish","type":"post","link":"https:\/\/epokaserca.pl\/aktualnosci\/ciemna-noc-1\/","title":{"rendered":"CIEMNA NOC 1"},"content":{"rendered":"\n<p style=\"margin-bottom: 6px; color: #141823; font-family: Helvetica, Arial, 'lucida grande', tahoma, verdana, arial, sans-serif; font-size: 14px; line-height: 17.5636348724365px;\">&nbsp;<\/p>\n<p style=\"margin-bottom: 6px; color: #141823; font-family: Helvetica, Arial, 'lucida grande', tahoma, verdana, arial, sans-serif; font-size: 14px; line-height: 17.5636348724365px;\">&nbsp;<\/p>\n<p style=\"margin-bottom: 6px; color: #141823; font-family: Helvetica, Arial, 'lucida grande', tahoma, verdana, arial, sans-serif; font-size: 14px; line-height: 17.5636348724365px;\">&nbsp;Zasada dzia\u0142a tak samo w \u017cyciu jednostki, pa\u0144stwa, czy ca\u0142ego, naszego \u015bwiata.<br \/>Przesz\u0142am t\u0119 drog\u0119.&nbsp;<br \/>Jest w niej etap powierzchownego \u017cycia wed\u0142ug wzorc\u00f3w starego \u015bwiata, p\u00f3\u017aniej nast\u0119puje jakie\u015b wydarzenie, najcz\u0119\u015bciej bolesne, kt\u00f3re budzi cz\u0142owieka, je\u015bli to za ma\u0142o, upada wszystko, nast\u0119puje ciemna noc bezsilno\u015bci, bez jakiegokolwiek wyj\u015bcia z danej sytuacji, upada si\u0119 na samo dno niemo\u017cno\u015bci i w\u00f3wczas, mo\u017cna odej\u015b\u0107 z tego \u017cycia, lub&#8230;&#8230;..zawo\u0142a\u0107 do Ducha &#8211; pom\u00f3\u017c.<br \/>Kiedy upadli\u015bmy na dno rozpaczy i najcz\u0119\u015bciej utracili\u015bmy wiele lub wszystko i ludzki rozum nie jest ju\u017c w stanie znale\u017a\u0107 wyj\u015bcia, przestajemy si\u0119 ba\u0107 i oddajemy &#8222;G\u00f3rze&#8221; , a ona, je\u015bli zaufamy szczerze &#8211; rozwi\u0105zuje nasze \u017cycie, cz\u0119sto w spos\u00f3b, jakiego nie byliby\u015bmy w stanie nawet wymy\u015bli\u0107.<br \/>Tak dzieje si\u0119 obecnie na Ziemi, dochodzi do skumulowania negatyw\u00f3w, powoli dochodzimy do ciemnej nocy.&nbsp;<br \/>Co do niej doprowadza?<br \/>Oczywi\u015bcie stare, dualne programy &#8211; l\u0119ku, ofiary, chciwo\u015bci, w\u0142adzy, przemocy itd.<br \/>Wszystko co STARE wybuchnie, w obecnym wcieleniu ka\u017cdego z nas, je\u015bli dusza gotowa jest do przebudzenia.<br \/>Globalnie- \u015bwiadomo\u015b\u0107 w\u0142a\u015bnie do tego dochodzi.<br \/>To pozornie mo\u017ce wydawa\u0107 si\u0119 tragiczne, trudne, nie do prze\u017cycia, ale jest to swoista \u0142aska prowadz\u0105ca do OCZYSZCZENIA.<br \/>Wzorce wyrzucane s\u0105 na zewn\u0105trz, wed\u0142ug nich tworzy si\u0119 do\u015bwiadczenie i w\u00f3wczas nastaje czas&#8230;&#8230;&#8230;pozostawienia wszystkiego w co wierzyli\u015bmy, czemu dawali\u015bmy moc, naszego ludzkiego, ograniczonego umys\u0142u i nawet bolej\u0105cego serca, na rzecz &#8230;.ca\u0142kowitego oddania WY\u017bSZEJ M\u0104DRO\u015aCI i WY\u017bSZEMU SERCU.<br \/>To co widzimy wok\u00f3\u0142 &#8211; uznajmy za czas ciemnej nocy. Je\u015bli to nie zbudzi jeszcze ludzi, przyjd\u0105 trzy dni ciemno\u015bci, zapowiadane przez wizioner\u00f3w.<\/p>\n<p style=\"margin-top: 6px; margin-bottom: 6px; color: #141823; font-family: Helvetica, Arial, 'lucida grande', tahoma, verdana, arial, sans-serif; font-size: 14px; line-height: 17.5636348724365px;\">Kto si\u0119 przebudzi\u0142 i odda\u0142 Duchowi, kto porzuci\u0142 \u015bwiat stary i otworzy\u0142 si\u0119 na prowadzenie, nie musi si\u0119 obawia\u0107. Jest ju\u017c w nowym \u015bwiecie swej \u015bwiadomo\u015bci, kto chce &#8222;wykiwa\u0107&#8221; \u015bwiat, cho\u0107by trzyma\u0142 ca\u0142\u0105 w\u0142adz\u0119 w swych r\u0119kach -upadnie.<br \/>To zosta\u0142o zapisane w \u015bw.Ksi\u0119gach.<br \/>Zostawmy wi\u0119c obawy, lecz \u0107wiczmy si\u0119 w oddaniu, wdzi\u0119czno\u015bci, mi\u0142o\u015bci, jedno\u015bci, gdy\u017c NOWY \u015aWIAT powstaje od wewn\u0105trz, zar\u00f3wno w ka\u017cdym z nas, jak i globalnie.&nbsp;<br \/>To nie czas rewolucji, lecz ewolucji, nie si\u0142\u0105, lecz ufno\u015bci\u0105 w proces zmian, w kt\u00f3rym to nasze wn\u0119trza rozpuszcz\u0105 stare programy, a im wi\u0119cej nas b\u0119dzie tym szybciej stare prawdy, cho\u0107by wygl\u0105daj\u0105ce najgro\u017aniej i nie do obalenia, zostan\u0105 zmiecione z powierzchni planety.<br \/>Zarz\u0105dza\u0107 mo\u017cna tylko niewolnikami, kto przestanie nim by\u0107, niewolnikiem w\u0142asnej nie\u015bwiadomo\u015bci, nie b\u0119dzie podlega\u0142 zarz\u0105dowi, a w\u00f3wczas KIM, zarz\u0105dca zarz\u0105dzi? Nie b\u0119dzie KIM , wi\u0119c przestanie by\u0107 potrzebny,<\/p>\n<p style=\"margin-top: 6px; margin-bottom: 6px; color: #141823; font-family: Helvetica, Arial, 'lucida grande', tahoma, verdana, arial, sans-serif; font-size: 14px; line-height: 17.5636348724365px;\">Narodzili\u015bmy si\u0119 DZI\u015a, gdy\u017c mamy potencja\u0142 przemiany wewn\u0119trznej i jest nas tak wielu, a zarz\u0105dc\u00f3w &#8211; tylko gromadka. I z duchowego poziomu patrz\u0105c, a\u017c dziw, \u017ce tych niewielu, tak &#8222;dobrze&#8221; zarz\u0105dza tak wieloma. Robi\u0105 co mog\u0105, aby\u015bmy zobaczyli absurd ich dzia\u0142a\u0144 i OBUDZILI \u015aPI\u0104C\u0104 \u015aWIADOMO\u015a\u0106 JEDNO\u015aCI.<\/p>\n<p style=\"margin-top: 6px; margin-bottom: 6px; color: #141823; font-family: Helvetica, Arial, 'lucida grande', tahoma, verdana, arial, sans-serif; font-size: 14px; line-height: 17.5636348724365px;\">Gdy uznajesz z\u0142o, naradzasz z\u0142o, rozdzielno\u015b\u0107, zani\u017casz \u015bwiat\u0142o\u015b\u0107.&nbsp;<br \/>Gdy widzisz Ducha \u015bwiat\u0142o\u015bci, naradzasz \u015bwiat\u0142o\u015b\u0107, tworzysz jedno\u015b\u0107, wznosisz \u015bwiadomo\u015b\u0107.<br \/>Nie chodzi o to &#8211; co widzisz, lecz o to&#8230;&#8230;co chcesz stworzy\u0107.&nbsp;<br \/>Widzenie to dzieci\u0144stwo \u015bwiadomo\u015bci, stwarzanie &#8211; jej doros\u0142o\u015b\u0107.<\/p>\n","protected":false},"excerpt":{"rendered":"<p style=\"margin-bottom: 6px; color: #141823; font-family: Helvetica, Arial, 'lucida grande', tahoma, verdana, arial, sans-serif; font-size: 14px; line-height: 17.5636348724365px;\">Kto w swoim \u017cyciu przeszed\u0142 ciemn\u0105 noc, opisywan\u0105 przez Jana od Krzy\u017ca, wie i rozumie, co dzieje si\u0119 na \u015bwiecie.<\/p>\n","protected":false},"author":1,"featured_media":0,"comment_status":"open","ping_status":"open","sticky":false,"template":"","format":"standard","meta":{"footnotes":""},"categories":[2],"tags":[],"class_list":{"0":"post-1075","1":"post","2":"type-post","3":"status-publish","4":"format-standard","6":"category-artykuly","7":"czr-hentry"},"yoast_head":"<!-- This site is optimized with the Yoast SEO plugin v26.8 - https:\/\/yoast.com\/product\/yoast-seo-wordpress\/ -->\n<title>CIEMNA NOC 1 - Aktualno\u015bci<\/title>\n<meta name=\"robots\" content=\"index, follow, max-snippet:-1, max-image-preview:large, max-video-preview:-1\" \/>\n<link rel=\"canonical\" href=\"https:\/\/epokaserca.pl\/aktualnosci\/ciemna-noc-1\/\" \/>\n<meta property=\"og:locale\" content=\"pl_PL\" \/>\n<meta property=\"og:type\" content=\"article\" \/>\n<meta property=\"og:title\" content=\"CIEMNA NOC 1 - Aktualno\u015bci\" \/>\n<meta property=\"og:description\" content=\"Kto w swoim \u017cyciu przeszed\u0142 ciemn\u0105 noc, opisywan\u0105 przez Jana od Krzy\u017ca, wie i rozumie, co dzieje si\u0119 na \u015bwiecie.\" \/>\n<meta property=\"og:url\" content=\"https:\/\/epokaserca.pl\/aktualnosci\/ciemna-noc-1\/\" \/>\n<meta property=\"og:site_name\" content=\"Aktualno\u015bci\" \/>\n<meta property=\"article:published_time\" content=\"2015-02-13T21:24:35+00:00\" \/>\n<meta name=\"author\" content=\"admin\" \/>\n<meta name=\"twitter:card\" content=\"summary_large_image\" \/>\n<meta name=\"twitter:label1\" content=\"Napisane przez\" \/>\n\t<meta name=\"twitter:data1\" content=\"admin\" \/>\n\t<meta name=\"twitter:label2\" content=\"Szacowany czas czytania\" \/>\n\t<meta name=\"twitter:data2\" content=\"3 minuty\" \/>\n<script type=\"application\/ld+json\" class=\"yoast-schema-graph\">{\"@context\":\"https:\/\/schema.org\",\"@graph\":[{\"@type\":\"Article\",\"@id\":\"https:\/\/epokaserca.pl\/aktualnosci\/ciemna-noc-1\/#article\",\"isPartOf\":{\"@id\":\"https:\/\/epokaserca.pl\/aktualnosci\/ciemna-noc-1\/\"},\"author\":{\"name\":\"admin\",\"@id\":\"https:\/\/epokaserca.pl\/aktualnosci\/#\/schema\/person\/f87215bc4f757d15c7321145cbabc434\"},\"headline\":\"CIEMNA NOC 1\",\"datePublished\":\"2015-02-13T21:24:35+00:00\",\"mainEntityOfPage\":{\"@id\":\"https:\/\/epokaserca.pl\/aktualnosci\/ciemna-noc-1\/\"},\"wordCount\":596,\"commentCount\":0,\"articleSection\":[\"Artyku\u0142y\"],\"inLanguage\":\"pl-PL\",\"potentialAction\":[{\"@type\":\"CommentAction\",\"name\":\"Comment\",\"target\":[\"https:\/\/epokaserca.pl\/aktualnosci\/ciemna-noc-1\/#respond\"]}]},{\"@type\":\"WebPage\",\"@id\":\"https:\/\/epokaserca.pl\/aktualnosci\/ciemna-noc-1\/\",\"url\":\"https:\/\/epokaserca.pl\/aktualnosci\/ciemna-noc-1\/\",\"name\":\"CIEMNA NOC 1 - Aktualno\u015bci\",\"isPartOf\":{\"@id\":\"https:\/\/epokaserca.pl\/aktualnosci\/#website\"},\"datePublished\":\"2015-02-13T21:24:35+00:00\",\"author\":{\"@id\":\"https:\/\/epokaserca.pl\/aktualnosci\/#\/schema\/person\/f87215bc4f757d15c7321145cbabc434\"},\"breadcrumb\":{\"@id\":\"https:\/\/epokaserca.pl\/aktualnosci\/ciemna-noc-1\/#breadcrumb\"},\"inLanguage\":\"pl-PL\",\"potentialAction\":[{\"@type\":\"ReadAction\",\"target\":[\"https:\/\/epokaserca.pl\/aktualnosci\/ciemna-noc-1\/\"]}]},{\"@type\":\"BreadcrumbList\",\"@id\":\"https:\/\/epokaserca.pl\/aktualnosci\/ciemna-noc-1\/#breadcrumb\",\"itemListElement\":[{\"@type\":\"ListItem\",\"position\":1,\"name\":\"Home\",\"item\":\"https:\/\/epokaserca.pl\/aktualnosci\/\"},{\"@type\":\"ListItem\",\"position\":2,\"name\":\"CIEMNA NOC 1\"}]},{\"@type\":\"WebSite\",\"@id\":\"https:\/\/epokaserca.pl\/aktualnosci\/#website\",\"url\":\"https:\/\/epokaserca.pl\/aktualnosci\/\",\"name\":\"Aktualno\u015bci\",\"description\":\"\",\"potentialAction\":[{\"@type\":\"SearchAction\",\"target\":{\"@type\":\"EntryPoint\",\"urlTemplate\":\"https:\/\/epokaserca.pl\/aktualnosci\/?s={search_term_string}\"},\"query-input\":{\"@type\":\"PropertyValueSpecification\",\"valueRequired\":true,\"valueName\":\"search_term_string\"}}],\"inLanguage\":\"pl-PL\"},{\"@type\":\"Person\",\"@id\":\"https:\/\/epokaserca.pl\/aktualnosci\/#\/schema\/person\/f87215bc4f757d15c7321145cbabc434\",\"name\":\"admin\",\"image\":{\"@type\":\"ImageObject\",\"inLanguage\":\"pl-PL\",\"@id\":\"https:\/\/epokaserca.pl\/aktualnosci\/#\/schema\/person\/image\/\",\"url\":\"https:\/\/secure.gravatar.com\/avatar\/8e51b30565ad99a9f8b25bd638d21cd1?s=96&d=mm&r=g\",\"contentUrl\":\"https:\/\/secure.gravatar.com\/avatar\/8e51b30565ad99a9f8b25bd638d21cd1?s=96&d=mm&r=g\",\"caption\":\"admin\"},\"url\":\"https:\/\/epokaserca.pl\/aktualnosci\/author\/admin\/\"}]}<\/script>\n<!-- \/ Yoast SEO plugin. -->","yoast_head_json":{"title":"CIEMNA NOC 1 - Aktualno\u015bci","robots":{"index":"index","follow":"follow","max-snippet":"max-snippet:-1","max-image-preview":"max-image-preview:large","max-video-preview":"max-video-preview:-1"},"canonical":"https:\/\/epokaserca.pl\/aktualnosci\/ciemna-noc-1\/","og_locale":"pl_PL","og_type":"article","og_title":"CIEMNA NOC 1 - Aktualno\u015bci","og_description":"Kto w swoim \u017cyciu przeszed\u0142 ciemn\u0105 noc, opisywan\u0105 przez Jana od Krzy\u017ca, wie i rozumie, co dzieje si\u0119 na \u015bwiecie.","og_url":"https:\/\/epokaserca.pl\/aktualnosci\/ciemna-noc-1\/","og_site_name":"Aktualno\u015bci","article_published_time":"2015-02-13T21:24:35+00:00","author":"admin","twitter_card":"summary_large_image","twitter_misc":{"Napisane przez":"admin","Szacowany czas czytania":"3 minuty"},"schema":{"@context":"https:\/\/schema.org","@graph":[{"@type":"Article","@id":"https:\/\/epokaserca.pl\/aktualnosci\/ciemna-noc-1\/#article","isPartOf":{"@id":"https:\/\/epokaserca.pl\/aktualnosci\/ciemna-noc-1\/"},"author":{"name":"admin","@id":"https:\/\/epokaserca.pl\/aktualnosci\/#\/schema\/person\/f87215bc4f757d15c7321145cbabc434"},"headline":"CIEMNA NOC 1","datePublished":"2015-02-13T21:24:35+00:00","mainEntityOfPage":{"@id":"https:\/\/epokaserca.pl\/aktualnosci\/ciemna-noc-1\/"},"wordCount":596,"commentCount":0,"articleSection":["Artyku\u0142y"],"inLanguage":"pl-PL","potentialAction":[{"@type":"CommentAction","name":"Comment","target":["https:\/\/epokaserca.pl\/aktualnosci\/ciemna-noc-1\/#respond"]}]},{"@type":"WebPage","@id":"https:\/\/epokaserca.pl\/aktualnosci\/ciemna-noc-1\/","url":"https:\/\/epokaserca.pl\/aktualnosci\/ciemna-noc-1\/","name":"CIEMNA NOC 1 - Aktualno\u015bci","isPartOf":{"@id":"https:\/\/epokaserca.pl\/aktualnosci\/#website"},"datePublished":"2015-02-13T21:24:35+00:00","author":{"@id":"https:\/\/epokaserca.pl\/aktualnosci\/#\/schema\/person\/f87215bc4f757d15c7321145cbabc434"},"breadcrumb":{"@id":"https:\/\/epokaserca.pl\/aktualnosci\/ciemna-noc-1\/#breadcrumb"},"inLanguage":"pl-PL","potentialAction":[{"@type":"ReadAction","target":["https:\/\/epokaserca.pl\/aktualnosci\/ciemna-noc-1\/"]}]},{"@type":"BreadcrumbList","@id":"https:\/\/epokaserca.pl\/aktualnosci\/ciemna-noc-1\/#breadcrumb","itemListElement":[{"@type":"ListItem","position":1,"name":"Home","item":"https:\/\/epokaserca.pl\/aktualnosci\/"},{"@type":"ListItem","position":2,"name":"CIEMNA NOC 1"}]},{"@type":"WebSite","@id":"https:\/\/epokaserca.pl\/aktualnosci\/#website","url":"https:\/\/epokaserca.pl\/aktualnosci\/","name":"Aktualno\u015bci","description":"","potentialAction":[{"@type":"SearchAction","target":{"@type":"EntryPoint","urlTemplate":"https:\/\/epokaserca.pl\/aktualnosci\/?s={search_term_string}"},"query-input":{"@type":"PropertyValueSpecification","valueRequired":true,"valueName":"search_term_string"}}],"inLanguage":"pl-PL"},{"@type":"Person","@id":"https:\/\/epokaserca.pl\/aktualnosci\/#\/schema\/person\/f87215bc4f757d15c7321145cbabc434","name":"admin","image":{"@type":"ImageObject","inLanguage":"pl-PL","@id":"https:\/\/epokaserca.pl\/aktualnosci\/#\/schema\/person\/image\/","url":"https:\/\/secure.gravatar.com\/avatar\/8e51b30565ad99a9f8b25bd638d21cd1?s=96&d=mm&r=g","contentUrl":"https:\/\/secure.gravatar.com\/avatar\/8e51b30565ad99a9f8b25bd638d21cd1?s=96&d=mm&r=g","caption":"admin"},"url":"https:\/\/epokaserca.pl\/aktualnosci\/author\/admin\/"}]}},"_links":{"self":[{"href":"https:\/\/epokaserca.pl\/aktualnosci\/wp-json\/wp\/v2\/posts\/1075","targetHints":{"allow":["GET"]}}],"collection":[{"href":"https:\/\/epokaserca.pl\/aktualnosci\/wp-json\/wp\/v2\/posts"}],"about":[{"href":"https:\/\/epokaserca.pl\/aktualnosci\/wp-json\/wp\/v2\/types\/post"}],"author":[{"embeddable":true,"href":"https:\/\/epokaserca.pl\/aktualnosci\/wp-json\/wp\/v2\/users\/1"}],"replies":[{"embeddable":true,"href":"https:\/\/epokaserca.pl\/aktualnosci\/wp-json\/wp\/v2\/comments?post=1075"}],"version-history":[{"count":0,"href":"https:\/\/epokaserca.pl\/aktualnosci\/wp-json\/wp\/v2\/posts\/1075\/revisions"}],"wp:attachment":[{"href":"https:\/\/epokaserca.pl\/aktualnosci\/wp-json\/wp\/v2\/media?parent=1075"}],"wp:term":[{"taxonomy":"category","embeddable":true,"href":"https:\/\/epokaserca.pl\/aktualnosci\/wp-json\/wp\/v2\/categories?post=1075"},{"taxonomy":"post_tag","embeddable":true,"href":"https:\/\/epokaserca.pl\/aktualnosci\/wp-json\/wp\/v2\/tags?post=1075"}],"curies":[{"name":"wp","href":"https:\/\/api.w.org\/{rel}","templated":true}]}}