{"id":1099,"date":"2015-04-13T17:24:19","date_gmt":"2015-04-13T17:24:19","guid":{"rendered":"https:\/\/epokaserca.pl\/aktualnosci\/index.php\/2015\/04\/13\/po-co-te-swieta\/"},"modified":"2015-04-13T17:24:19","modified_gmt":"2015-04-13T17:24:19","slug":"po-co-te-swieta","status":"publish","type":"post","link":"https:\/\/epokaserca.pl\/aktualnosci\/po-co-te-swieta\/","title":{"rendered":"PO CO TE \u015aWI\u0118TA?"},"content":{"rendered":"\n<p style=\"margin-bottom: 6px; color: #141823; font-family: helvetica, arial, 'lucida grande', sans-serif; font-size: 14px; line-height: 17.5636348724365px;\">&nbsp;<\/p>\n<p style=\"margin-bottom: 6px; color: #141823; font-family: helvetica, arial, 'lucida grande', sans-serif; font-size: 14px; line-height: 17.5636348724365px;\">Ka\u017cde \u015bwi\u0119ta istniej\u0105 nie po to, aby\u015bmy umartwiali si\u0119 nad cierpieniem Chrystusa, bawili si\u0119 czy utrzymywali tradycj\u0119, ale aby\u015bmy&#8230;&#8230;. zaprzestali tradycji. I to nie z powodu jakiego\u015b z\u0142ego kleru czy zniewalaj\u0105cej religii, ale .. z powodu DORO\u015aNI\u0118CIA, czyli u\u015bwiadomienia sobie, a nast\u0119pnie uto\u017csamienia si\u0119 z nasz\u0105 bosko\u015bci\u0105.&nbsp;<br \/>Tradycja jest podtrzymywaniem g\u0142\u00f3wnego przes\u0142ania, ale nie mo\u017ce wci\u0105\u017c trwa\u0107, gdy\u017c nie o ni\u0105 chodzi, a o t\u0119 m\u0105dro\u015b\u0107, kt\u00f3r\u0105 mamy poj\u0105\u0107, poj\u0105\u0107, poj\u0105\u0107.<\/p>\n<p style=\"margin-top: 6px; margin-bottom: 6px; color: #141823; font-family: helvetica, arial, 'lucida grande', sans-serif; font-size: 14px; line-height: 17.5636348724365px;\">Nie chodzi ani o trwaniu w ko\u015bciele, ani o odrzucenie ko\u015bcio\u0142a, a stworzenie go w sobie. To wy\u017cszy etap.<br \/>Ko\u015bci\u00f3\u0142 w sobie? Czym jest ko\u015bci\u00f3\u0142? To grupa ludzi oddana jednej idei, zjednoczeni, rodzina, skupieni wok\u00f3\u0142 jednej prawdy. Utworzy\u0107 ko\u015bci\u00f3\u0142 w sobie, to zjednoczy\u0107 swoje energie, my\u015bli, odczuwanie pod jednym przewodnictwem &#8211; swego JA, Ducha, kt\u00f3ry zindywidualizowany tworzy \u017cycie. A p\u00f3\u017aniej sta\u0107 si\u0119 kr\u00f3lem tego ko\u015bcio\u0142a &#8211; czyli tym Duchem. To ca\u0142kowite skoncentrowanie na JAM JEST &#8211; kt\u00f3ry jestem, pe\u0142na uwa\u017cno\u015b\u0107. zjednoczenie siebie.&nbsp;<br \/>Wszelkie \u015bwi\u0119ta przemin\u0105, gdy cz\u0142owiek STANIE SI\u0118 \u015bwi\u0119tem, o\u0142tarzem i tronem, na kt\u00f3rym zasi\u0105dzie jako JA i M\u00d3J OJCIEC JEDNYM.<br \/>Tajemnice s\u0105 ujawniane, lecz nie ka\u017cdy zdo\u0142a jeszcze je poj\u0105\u0107, gdy\u017c wej\u015b\u0107 na poziom serca, to nie koniec, lecz pocz\u0105tek prawdziwej podr\u00f3\u017cy, cho\u0107 to p\u00f3\u0142metek naszej ewolucji.<br \/>Pod czakr\u0105 serca wszak mamy trzy dolne, ziemskie czakry. Przej\u015b\u0107 je i doj\u015b\u0107 do serca nie ko\u0144czy rozwoju.<br \/>Kiedy ju\u017c zapoznamy si\u0119 z t\u0105 czakr\u0105, a droga do niej nie jest \u0142atwa, p\u00f3\u017aniej czas na trzy nast\u0119pne. Czakra gard\u0142a, trzeciego oka i dopiero korona.<br \/>Aby tam zawita\u0107, trzeba najpier zobaczy\u0107 \u015bwiat jednym okiem, czyli mie\u0107 po\u0142\u0105czone w jedno obie p\u00f3\u0142kule. Widzie\u0107 jednym okiem nie oznacza widzie\u0107 aur\u0119, duchy, demony itd, lecz widzie\u0107 ca\u0142o\u015b\u0107 istnienia na tej planecie z perspektywy, jako doskona\u0142y plan ewolucyjny, gdzie jedno wynika z drugiego, cho\u0107 realizuje si\u0119 w wielu jednocze\u015bnie dziej\u0105cych si\u0119 tematach. By\u0107 na poziomie trzeciego oka to widzie\u0107 \u015bwiat jedno\u015bci, jednego planu, cho\u0107 wielowarstwowo, poza wszelk\u0105 dualno\u015bci\u0105, dobrem i z\u0142em.<br \/>P\u00f3\u017aniej jest korona, zwie\u0144czenie, dotkni\u0119cie boskiej m\u0105dro\u015bci, kt\u00f3ra powraca do serca, aby zasia\u0107 w nim wy\u017csz\u0105 bosk\u0105 m\u0105dro\u015b\u0107. I tu dopiero ujawnia si\u0119 prawdziwe zrozumienie i moc serca, gdy\u017c zosta\u0142o za\u015blubione i zap\u0142odnione przez wy\u017csz\u0105 m\u0105dro\u015b\u0107.<\/p>\n<p style=\"margin-top: 6px; margin-bottom: 6px; color: #141823; font-family: helvetica, arial, 'lucida grande', sans-serif; font-size: 14px; line-height: 17.5636348724365px;\">Droga jest daleka i fascynuj\u0105ca.&nbsp;<br \/>Ale dzi\u015b nie o tym. W kwietniu odb\u0119d\u0105 si\u0119 zajecia online na temat drogi i czakr, dlatego dzi\u015b tylko kilka s\u0142\u00f3w.<br \/>Wa\u017cne jest aby wzrasta\u0107, nie zatrzymywa\u0107 si\u0119 i wiedzie\u0107 dok\u0105d si\u0119 zmierza.<br \/>Najtrudniejszy czas to te trzy dolne czakry, w kt\u00f3rych jak \u015bwietnie pokaza\u0142 to cho\u0107by Georgij Gurd\u017cijew, utn\u0119li\u015bmy &#8211; do, re, mi&#8230;&#8230;czas doj\u015b\u0107 do fa.<\/p>\n<p style=\"margin-top: 6px; margin-bottom: 6px; color: #141823; font-family: helvetica, arial, 'lucida grande', sans-serif; font-size: 14px; line-height: 17.5636348724365px;\">Nowy \u015bwiat, to czas takiej wolno\u015bci, m\u0105dro\u015bci, przestrzeni, o kt\u00f3rej nie \u015bni\u0142o si\u0119 ani filozofom ani uczonym. To cudowna podr\u00f3\u017c wielowymiarowo\u015bci, ju\u017c bez poszukiwa\u0144 samoobjawiaj\u0105ca si\u0119, kt\u00f3ra jest tak niewyobra\u017calnie z\u0142o\u017cona, wielowarstwowa, a jednoczenie tak cicha i prosta. To cud nad cudami.<br \/>Zachwyt na \u017cyciem jest drobin\u0105 w por\u00f3waniu z zachwytem nad \u017bYCIEM.&nbsp;<br \/>Zapraszam Was Kochani do tej cudowej podr\u00f3\u017cy.<br \/>Oto moje przes\u0142anie na czas \u015bwi\u0105t.<br \/>Czas zamkna\u0107 ten etap&nbsp;<\/p>\n","protected":false},"excerpt":{"rendered":"<p style=\"margin-bottom: 6px; color: #141823; font-family: helvetica, arial, 'lucida grande', sans-serif; font-size: 14px; line-height: 17.5636348724365px;\">Ca\u0142a d\u0142uga droga ewolucji i jeden cel, doj\u015b\u0107 do zrozumienia, o kt\u00f3rym m\u00f3wi\u0142 mi\u0119dzy innymi Jezus &#8211; JA I M\u00d3J OJCIEC JEDNYM.&nbsp;<\/p>\n","protected":false},"author":1,"featured_media":0,"comment_status":"open","ping_status":"open","sticky":false,"template":"","format":"standard","meta":{"footnotes":""},"categories":[2],"tags":[],"class_list":{"0":"post-1099","1":"post","2":"type-post","3":"status-publish","4":"format-standard","6":"category-artykuly","7":"czr-hentry"},"yoast_head":"<!-- This site is optimized with the Yoast SEO plugin v26.8 - https:\/\/yoast.com\/product\/yoast-seo-wordpress\/ -->\n<title>PO CO TE \u015aWI\u0118TA? - Aktualno\u015bci<\/title>\n<meta name=\"robots\" content=\"index, follow, max-snippet:-1, max-image-preview:large, max-video-preview:-1\" \/>\n<link rel=\"canonical\" href=\"https:\/\/epokaserca.pl\/aktualnosci\/po-co-te-swieta\/\" \/>\n<meta property=\"og:locale\" content=\"pl_PL\" \/>\n<meta property=\"og:type\" content=\"article\" \/>\n<meta property=\"og:title\" content=\"PO CO TE \u015aWI\u0118TA? - Aktualno\u015bci\" \/>\n<meta property=\"og:description\" content=\"Ca\u0142a d\u0142uga droga ewolucji i jeden cel, doj\u015b\u0107 do zrozumienia, o kt\u00f3rym m\u00f3wi\u0142 mi\u0119dzy innymi Jezus - JA I M\u00d3J OJCIEC JEDNYM.&nbsp;\" \/>\n<meta property=\"og:url\" content=\"https:\/\/epokaserca.pl\/aktualnosci\/po-co-te-swieta\/\" \/>\n<meta property=\"og:site_name\" content=\"Aktualno\u015bci\" \/>\n<meta property=\"article:published_time\" content=\"2015-04-13T17:24:19+00:00\" \/>\n<meta name=\"author\" content=\"admin\" \/>\n<meta name=\"twitter:card\" content=\"summary_large_image\" \/>\n<meta name=\"twitter:label1\" content=\"Napisane przez\" \/>\n\t<meta name=\"twitter:data1\" content=\"admin\" \/>\n\t<meta name=\"twitter:label2\" content=\"Szacowany czas czytania\" \/>\n\t<meta name=\"twitter:data2\" content=\"3 minuty\" \/>\n<script type=\"application\/ld+json\" class=\"yoast-schema-graph\">{\"@context\":\"https:\/\/schema.org\",\"@graph\":[{\"@type\":\"Article\",\"@id\":\"https:\/\/epokaserca.pl\/aktualnosci\/po-co-te-swieta\/#article\",\"isPartOf\":{\"@id\":\"https:\/\/epokaserca.pl\/aktualnosci\/po-co-te-swieta\/\"},\"author\":{\"name\":\"admin\",\"@id\":\"https:\/\/epokaserca.pl\/aktualnosci\/#\/schema\/person\/f87215bc4f757d15c7321145cbabc434\"},\"headline\":\"PO CO TE \u015aWI\u0118TA?\",\"datePublished\":\"2015-04-13T17:24:19+00:00\",\"mainEntityOfPage\":{\"@id\":\"https:\/\/epokaserca.pl\/aktualnosci\/po-co-te-swieta\/\"},\"wordCount\":592,\"commentCount\":0,\"articleSection\":[\"Artyku\u0142y\"],\"inLanguage\":\"pl-PL\",\"potentialAction\":[{\"@type\":\"CommentAction\",\"name\":\"Comment\",\"target\":[\"https:\/\/epokaserca.pl\/aktualnosci\/po-co-te-swieta\/#respond\"]}]},{\"@type\":\"WebPage\",\"@id\":\"https:\/\/epokaserca.pl\/aktualnosci\/po-co-te-swieta\/\",\"url\":\"https:\/\/epokaserca.pl\/aktualnosci\/po-co-te-swieta\/\",\"name\":\"PO CO TE \u015aWI\u0118TA? - Aktualno\u015bci\",\"isPartOf\":{\"@id\":\"https:\/\/epokaserca.pl\/aktualnosci\/#website\"},\"datePublished\":\"2015-04-13T17:24:19+00:00\",\"author\":{\"@id\":\"https:\/\/epokaserca.pl\/aktualnosci\/#\/schema\/person\/f87215bc4f757d15c7321145cbabc434\"},\"breadcrumb\":{\"@id\":\"https:\/\/epokaserca.pl\/aktualnosci\/po-co-te-swieta\/#breadcrumb\"},\"inLanguage\":\"pl-PL\",\"potentialAction\":[{\"@type\":\"ReadAction\",\"target\":[\"https:\/\/epokaserca.pl\/aktualnosci\/po-co-te-swieta\/\"]}]},{\"@type\":\"BreadcrumbList\",\"@id\":\"https:\/\/epokaserca.pl\/aktualnosci\/po-co-te-swieta\/#breadcrumb\",\"itemListElement\":[{\"@type\":\"ListItem\",\"position\":1,\"name\":\"Home\",\"item\":\"https:\/\/epokaserca.pl\/aktualnosci\/\"},{\"@type\":\"ListItem\",\"position\":2,\"name\":\"PO CO TE \u015aWI\u0118TA?\"}]},{\"@type\":\"WebSite\",\"@id\":\"https:\/\/epokaserca.pl\/aktualnosci\/#website\",\"url\":\"https:\/\/epokaserca.pl\/aktualnosci\/\",\"name\":\"Aktualno\u015bci\",\"description\":\"\",\"potentialAction\":[{\"@type\":\"SearchAction\",\"target\":{\"@type\":\"EntryPoint\",\"urlTemplate\":\"https:\/\/epokaserca.pl\/aktualnosci\/?s={search_term_string}\"},\"query-input\":{\"@type\":\"PropertyValueSpecification\",\"valueRequired\":true,\"valueName\":\"search_term_string\"}}],\"inLanguage\":\"pl-PL\"},{\"@type\":\"Person\",\"@id\":\"https:\/\/epokaserca.pl\/aktualnosci\/#\/schema\/person\/f87215bc4f757d15c7321145cbabc434\",\"name\":\"admin\",\"image\":{\"@type\":\"ImageObject\",\"inLanguage\":\"pl-PL\",\"@id\":\"https:\/\/epokaserca.pl\/aktualnosci\/#\/schema\/person\/image\/\",\"url\":\"https:\/\/secure.gravatar.com\/avatar\/8e51b30565ad99a9f8b25bd638d21cd1?s=96&d=mm&r=g\",\"contentUrl\":\"https:\/\/secure.gravatar.com\/avatar\/8e51b30565ad99a9f8b25bd638d21cd1?s=96&d=mm&r=g\",\"caption\":\"admin\"},\"url\":\"https:\/\/epokaserca.pl\/aktualnosci\/author\/admin\/\"}]}<\/script>\n<!-- \/ Yoast SEO plugin. -->","yoast_head_json":{"title":"PO CO TE \u015aWI\u0118TA? - Aktualno\u015bci","robots":{"index":"index","follow":"follow","max-snippet":"max-snippet:-1","max-image-preview":"max-image-preview:large","max-video-preview":"max-video-preview:-1"},"canonical":"https:\/\/epokaserca.pl\/aktualnosci\/po-co-te-swieta\/","og_locale":"pl_PL","og_type":"article","og_title":"PO CO TE \u015aWI\u0118TA? - Aktualno\u015bci","og_description":"Ca\u0142a d\u0142uga droga ewolucji i jeden cel, doj\u015b\u0107 do zrozumienia, o kt\u00f3rym m\u00f3wi\u0142 mi\u0119dzy innymi Jezus - JA I M\u00d3J OJCIEC JEDNYM.&nbsp;","og_url":"https:\/\/epokaserca.pl\/aktualnosci\/po-co-te-swieta\/","og_site_name":"Aktualno\u015bci","article_published_time":"2015-04-13T17:24:19+00:00","author":"admin","twitter_card":"summary_large_image","twitter_misc":{"Napisane przez":"admin","Szacowany czas czytania":"3 minuty"},"schema":{"@context":"https:\/\/schema.org","@graph":[{"@type":"Article","@id":"https:\/\/epokaserca.pl\/aktualnosci\/po-co-te-swieta\/#article","isPartOf":{"@id":"https:\/\/epokaserca.pl\/aktualnosci\/po-co-te-swieta\/"},"author":{"name":"admin","@id":"https:\/\/epokaserca.pl\/aktualnosci\/#\/schema\/person\/f87215bc4f757d15c7321145cbabc434"},"headline":"PO CO TE \u015aWI\u0118TA?","datePublished":"2015-04-13T17:24:19+00:00","mainEntityOfPage":{"@id":"https:\/\/epokaserca.pl\/aktualnosci\/po-co-te-swieta\/"},"wordCount":592,"commentCount":0,"articleSection":["Artyku\u0142y"],"inLanguage":"pl-PL","potentialAction":[{"@type":"CommentAction","name":"Comment","target":["https:\/\/epokaserca.pl\/aktualnosci\/po-co-te-swieta\/#respond"]}]},{"@type":"WebPage","@id":"https:\/\/epokaserca.pl\/aktualnosci\/po-co-te-swieta\/","url":"https:\/\/epokaserca.pl\/aktualnosci\/po-co-te-swieta\/","name":"PO CO TE \u015aWI\u0118TA? - Aktualno\u015bci","isPartOf":{"@id":"https:\/\/epokaserca.pl\/aktualnosci\/#website"},"datePublished":"2015-04-13T17:24:19+00:00","author":{"@id":"https:\/\/epokaserca.pl\/aktualnosci\/#\/schema\/person\/f87215bc4f757d15c7321145cbabc434"},"breadcrumb":{"@id":"https:\/\/epokaserca.pl\/aktualnosci\/po-co-te-swieta\/#breadcrumb"},"inLanguage":"pl-PL","potentialAction":[{"@type":"ReadAction","target":["https:\/\/epokaserca.pl\/aktualnosci\/po-co-te-swieta\/"]}]},{"@type":"BreadcrumbList","@id":"https:\/\/epokaserca.pl\/aktualnosci\/po-co-te-swieta\/#breadcrumb","itemListElement":[{"@type":"ListItem","position":1,"name":"Home","item":"https:\/\/epokaserca.pl\/aktualnosci\/"},{"@type":"ListItem","position":2,"name":"PO CO TE \u015aWI\u0118TA?"}]},{"@type":"WebSite","@id":"https:\/\/epokaserca.pl\/aktualnosci\/#website","url":"https:\/\/epokaserca.pl\/aktualnosci\/","name":"Aktualno\u015bci","description":"","potentialAction":[{"@type":"SearchAction","target":{"@type":"EntryPoint","urlTemplate":"https:\/\/epokaserca.pl\/aktualnosci\/?s={search_term_string}"},"query-input":{"@type":"PropertyValueSpecification","valueRequired":true,"valueName":"search_term_string"}}],"inLanguage":"pl-PL"},{"@type":"Person","@id":"https:\/\/epokaserca.pl\/aktualnosci\/#\/schema\/person\/f87215bc4f757d15c7321145cbabc434","name":"admin","image":{"@type":"ImageObject","inLanguage":"pl-PL","@id":"https:\/\/epokaserca.pl\/aktualnosci\/#\/schema\/person\/image\/","url":"https:\/\/secure.gravatar.com\/avatar\/8e51b30565ad99a9f8b25bd638d21cd1?s=96&d=mm&r=g","contentUrl":"https:\/\/secure.gravatar.com\/avatar\/8e51b30565ad99a9f8b25bd638d21cd1?s=96&d=mm&r=g","caption":"admin"},"url":"https:\/\/epokaserca.pl\/aktualnosci\/author\/admin\/"}]}},"_links":{"self":[{"href":"https:\/\/epokaserca.pl\/aktualnosci\/wp-json\/wp\/v2\/posts\/1099","targetHints":{"allow":["GET"]}}],"collection":[{"href":"https:\/\/epokaserca.pl\/aktualnosci\/wp-json\/wp\/v2\/posts"}],"about":[{"href":"https:\/\/epokaserca.pl\/aktualnosci\/wp-json\/wp\/v2\/types\/post"}],"author":[{"embeddable":true,"href":"https:\/\/epokaserca.pl\/aktualnosci\/wp-json\/wp\/v2\/users\/1"}],"replies":[{"embeddable":true,"href":"https:\/\/epokaserca.pl\/aktualnosci\/wp-json\/wp\/v2\/comments?post=1099"}],"version-history":[{"count":0,"href":"https:\/\/epokaserca.pl\/aktualnosci\/wp-json\/wp\/v2\/posts\/1099\/revisions"}],"wp:attachment":[{"href":"https:\/\/epokaserca.pl\/aktualnosci\/wp-json\/wp\/v2\/media?parent=1099"}],"wp:term":[{"taxonomy":"category","embeddable":true,"href":"https:\/\/epokaserca.pl\/aktualnosci\/wp-json\/wp\/v2\/categories?post=1099"},{"taxonomy":"post_tag","embeddable":true,"href":"https:\/\/epokaserca.pl\/aktualnosci\/wp-json\/wp\/v2\/tags?post=1099"}],"curies":[{"name":"wp","href":"https:\/\/api.w.org\/{rel}","templated":true}]}}