{"id":1182,"date":"2016-02-12T19:40:23","date_gmt":"2016-02-12T19:40:23","guid":{"rendered":"https:\/\/epokaserca.pl\/aktualnosci\/index.php\/2016\/02\/12\/11-lutego-2016\/"},"modified":"2016-02-12T19:40:23","modified_gmt":"2016-02-12T19:40:23","slug":"11-lutego-2016","status":"publish","type":"post","link":"https:\/\/epokaserca.pl\/aktualnosci\/11-lutego-2016\/","title":{"rendered":"11 LUTEGO 2016"},"content":{"rendered":"\n<p style=\"margin-top: 6px; margin-bottom: 6px; color: #141823; font-family: helvetica, arial, sans-serif; font-size: 14px; line-height: 17.5636px;\">&nbsp;<\/p>\n<p style=\"margin-top: 6px; margin-bottom: 6px; color: #141823; font-family: helvetica, arial, sans-serif; font-size: 14px; line-height: 17.5636px;\"><span class=\"text_exposed_show\" style=\"display: inline;\"><br \/>\u2022 \u015ani\u0142o mi si\u0119 , \u017ce naprzeciw domu rodzinnego s\u0105siad mia\u0142 d\u0142uga bujn\u0105 zielon\u0105 \u0142\u0105k\u0119, przez t\u0105 \u0142\u0105k\u0119 p\u0142yn\u0119\u0142y silne strumienie. tak jakby jakie\u015b liny, rury. Silne strumienie wody szeroko\u015bci kilku centymetr\u00f3w. Na jednym z nich p\u0142yn\u0105\u0142em na kawa\u0142ku drewna. Spokojnie, a\u017c do samego ko\u0144ca \u0142\u0105ki ,potem stwierdzi\u0142em \u017ce wr\u00f3c\u0119 i pozbieram co\u015b, ale w konsekwencji to, co pozbiera\u0142em okaza\u0142o si\u0119 s\u0142onecznikami. Postanowi\u0142em wyci\u0105gn\u0105\u0107 ziarna. Pojawi\u0142 si\u0119 m\u00f3j ojciec i ze spokojem zaproponowa\u0142 \u017ce mi pomo\u017ce i tak si\u0119 sko\u0144czy\u0142 sen.<\/span><\/p>\n<div class=\"text_exposed_show\" style=\"display: inline; color: #141823; font-family: helvetica, arial, sans-serif; font-size: 14px; line-height: 17.5636px;\">\n<p style=\"margin-bottom: 6px;\">My\u015bl\u0119, \u017ce p\u0142yn\u0119 w dobrym kierunku do Domu, ze spokojem. Wa\u017cne by\u0142o pojawienie si\u0119 mojego ojca, nie jako negatywu, ale pomocy.<br \/>Praca z programami, kt\u00f3re mia\u0142em, dzi\u015b skutkuje pomoc\u0105 w zbieraniu ziarna, kt\u00f3re zasiewam.<br \/>Zielona bujna \u0142\u0105ka znacznie r\u00f3\u017cni si\u0119 od tego wysuszonego pola, jakie by\u0142o w \u015bnie, jaki\u015b czas temu.<\/p>\n<p style=\"margin-top: 6px; margin-bottom: 6px;\">Moje relacje z \u017con\u0105, te\u017c si\u0119 zmieni\u0142y, jest we mnie wi\u0119cej czu\u0142o\u015bci i spokoju, pokocha\u0142em j\u0105 tak\u0105, jaka jest, nie oczekuj\u0119, zrozumia\u0142em \u017ce jest najdoskonalsza jak\u0105 mog\u0142em sobie wybra\u0107 do wsp\u00f3lnej pracy<br \/>i jest moim Stworzeniem, wady kt\u00f3re widzia\u0142em, dzi\u015b wiem , \u017ce s\u0105 pi\u0119knymi pami\u0105tkami po darze jaki da\u0142a nam w postaci dzieci.<\/p>\n<p style=\"margin-top: 6px; margin-bottom: 6px;\">Teraz synek sam przychodzi do mnie i przytula si\u0119 przed wyj\u015bciem do przedszkola, po powrocie te\u017c si\u0119 przytula, widz\u0119 jak sam m\u00f3wi o mi\u0142o\u015bci, w nim te\u017c si\u0119 co\u015b zmieni\u0142o, dzi\u0119ki mojej pracy.<br \/>Jakie\u015b m\u0119skie wzorce musz\u0105 te\u017c w tym dziecku p\u0119ka\u0107 dzi\u0119ki mojej mi\u0142o\u015bci, jakie to pi\u0119kne.<br \/>P\u0142acz\u0119 ze wzruszenia, jak to pisz\u0119. Jaki\u015b czas temu wys\u0142a\u0142em pro\u015bb\u0119, bym pozna\u0142 energi\u0119 m\u0119ska i si\u0142\u0119 kreacji i dzieje si\u0119 to, jestem zdeterminowany na dalsz\u0105 prac\u0119.<\/p>\n<\/p><\/div>\n","protected":false},"excerpt":{"rendered":"<p style=\"margin-bottom: 6px; color: #141823; font-family: helvetica, arial, sans-serif; font-size: 14px; line-height: 17.5636px;\">Kochani &#8211; dziel\u0119 si\u0119 listem od jednego z uczestnik\u00f3w warsztat\u00f3w. Ta pi\u0119kna tre\u015b\u0107, niech niesie si\u0119 niczym wiatr mi\u0142o\u015bci.<\/p>\n<p style=\"margin-top: 6px; margin-bottom: 6px; color: #141823; font-family: helvetica, arial, sans-serif; font-size: 14px; line-height: 17.5636px;\">Witaj Elen;)<br \/>Dzi\u0119kuj\u0119 Ci za warsztaty, w energetyce tyle si\u0119 podzia\u0142o, \u017ce w poniedzia\u0142ek nie mog\u0142em si\u0119 wyspa\u0107 i we wtorek jeszcze by\u0142em os\u0142abiony. Mam wspania\u0142e relacje z synem, przychodzi przytula si\u0119, m\u00f3wi jak bardzo mnie kocha, to dzi\u0119ki naszej wsp\u00f3lnej pracy.<br \/>Chcia\u0142bym si\u0119 podzieli\u0107 z Tob\u0105 swoim snem. &nbsp;<\/p>\n","protected":false},"author":1,"featured_media":0,"comment_status":"open","ping_status":"open","sticky":false,"template":"","format":"standard","meta":{"footnotes":""},"categories":[5],"tags":[],"class_list":{"0":"post-1182","1":"post","2":"type-post","3":"status-publish","4":"format-standard","6":"category-aktualnosci","7":"czr-hentry"},"yoast_head":"<!-- This site is optimized with the Yoast SEO plugin v26.8 - https:\/\/yoast.com\/product\/yoast-seo-wordpress\/ -->\n<title>11 LUTEGO 2016 - Aktualno\u015bci<\/title>\n<meta name=\"robots\" content=\"index, follow, max-snippet:-1, max-image-preview:large, max-video-preview:-1\" \/>\n<link rel=\"canonical\" href=\"https:\/\/epokaserca.pl\/aktualnosci\/11-lutego-2016\/\" \/>\n<meta property=\"og:locale\" content=\"pl_PL\" \/>\n<meta property=\"og:type\" content=\"article\" \/>\n<meta property=\"og:title\" content=\"11 LUTEGO 2016 - Aktualno\u015bci\" \/>\n<meta property=\"og:description\" content=\"Kochani - dziel\u0119 si\u0119 listem od jednego z uczestnik\u00f3w warsztat\u00f3w. Ta pi\u0119kna tre\u015b\u0107, niech niesie si\u0119 niczym wiatr mi\u0142o\u015bci. Witaj Elen;)Dzi\u0119kuj\u0119 Ci za warsztaty, w energetyce tyle si\u0119 podzia\u0142o, \u017ce w poniedzia\u0142ek nie mog\u0142em si\u0119 wyspa\u0107 i we wtorek jeszcze by\u0142em os\u0142abiony. Mam wspania\u0142e relacje z synem, przychodzi przytula si\u0119, m\u00f3wi jak bardzo mnie kocha, to dzi\u0119ki naszej wsp\u00f3lnej pracy.Chcia\u0142bym si\u0119 podzieli\u0107 z Tob\u0105 swoim snem. &nbsp;\" \/>\n<meta property=\"og:url\" content=\"https:\/\/epokaserca.pl\/aktualnosci\/11-lutego-2016\/\" \/>\n<meta property=\"og:site_name\" content=\"Aktualno\u015bci\" \/>\n<meta property=\"article:published_time\" content=\"2016-02-12T19:40:23+00:00\" \/>\n<meta name=\"author\" content=\"admin\" \/>\n<meta name=\"twitter:card\" content=\"summary_large_image\" \/>\n<meta name=\"twitter:label1\" content=\"Napisane przez\" \/>\n\t<meta name=\"twitter:data1\" content=\"admin\" \/>\n\t<meta name=\"twitter:label2\" content=\"Szacowany czas czytania\" \/>\n\t<meta name=\"twitter:data2\" content=\"2 minuty\" \/>\n<script type=\"application\/ld+json\" class=\"yoast-schema-graph\">{\"@context\":\"https:\/\/schema.org\",\"@graph\":[{\"@type\":\"Article\",\"@id\":\"https:\/\/epokaserca.pl\/aktualnosci\/11-lutego-2016\/#article\",\"isPartOf\":{\"@id\":\"https:\/\/epokaserca.pl\/aktualnosci\/11-lutego-2016\/\"},\"author\":{\"name\":\"admin\",\"@id\":\"https:\/\/epokaserca.pl\/aktualnosci\/#\/schema\/person\/f87215bc4f757d15c7321145cbabc434\"},\"headline\":\"11 LUTEGO 2016\",\"datePublished\":\"2016-02-12T19:40:23+00:00\",\"mainEntityOfPage\":{\"@id\":\"https:\/\/epokaserca.pl\/aktualnosci\/11-lutego-2016\/\"},\"wordCount\":319,\"commentCount\":0,\"articleSection\":[\"Aktualno\u015bci\"],\"inLanguage\":\"pl-PL\",\"potentialAction\":[{\"@type\":\"CommentAction\",\"name\":\"Comment\",\"target\":[\"https:\/\/epokaserca.pl\/aktualnosci\/11-lutego-2016\/#respond\"]}]},{\"@type\":\"WebPage\",\"@id\":\"https:\/\/epokaserca.pl\/aktualnosci\/11-lutego-2016\/\",\"url\":\"https:\/\/epokaserca.pl\/aktualnosci\/11-lutego-2016\/\",\"name\":\"11 LUTEGO 2016 - Aktualno\u015bci\",\"isPartOf\":{\"@id\":\"https:\/\/epokaserca.pl\/aktualnosci\/#website\"},\"datePublished\":\"2016-02-12T19:40:23+00:00\",\"author\":{\"@id\":\"https:\/\/epokaserca.pl\/aktualnosci\/#\/schema\/person\/f87215bc4f757d15c7321145cbabc434\"},\"breadcrumb\":{\"@id\":\"https:\/\/epokaserca.pl\/aktualnosci\/11-lutego-2016\/#breadcrumb\"},\"inLanguage\":\"pl-PL\",\"potentialAction\":[{\"@type\":\"ReadAction\",\"target\":[\"https:\/\/epokaserca.pl\/aktualnosci\/11-lutego-2016\/\"]}]},{\"@type\":\"BreadcrumbList\",\"@id\":\"https:\/\/epokaserca.pl\/aktualnosci\/11-lutego-2016\/#breadcrumb\",\"itemListElement\":[{\"@type\":\"ListItem\",\"position\":1,\"name\":\"Home\",\"item\":\"https:\/\/epokaserca.pl\/aktualnosci\/\"},{\"@type\":\"ListItem\",\"position\":2,\"name\":\"11 LUTEGO 2016\"}]},{\"@type\":\"WebSite\",\"@id\":\"https:\/\/epokaserca.pl\/aktualnosci\/#website\",\"url\":\"https:\/\/epokaserca.pl\/aktualnosci\/\",\"name\":\"Aktualno\u015bci\",\"description\":\"\",\"potentialAction\":[{\"@type\":\"SearchAction\",\"target\":{\"@type\":\"EntryPoint\",\"urlTemplate\":\"https:\/\/epokaserca.pl\/aktualnosci\/?s={search_term_string}\"},\"query-input\":{\"@type\":\"PropertyValueSpecification\",\"valueRequired\":true,\"valueName\":\"search_term_string\"}}],\"inLanguage\":\"pl-PL\"},{\"@type\":\"Person\",\"@id\":\"https:\/\/epokaserca.pl\/aktualnosci\/#\/schema\/person\/f87215bc4f757d15c7321145cbabc434\",\"name\":\"admin\",\"image\":{\"@type\":\"ImageObject\",\"inLanguage\":\"pl-PL\",\"@id\":\"https:\/\/epokaserca.pl\/aktualnosci\/#\/schema\/person\/image\/\",\"url\":\"https:\/\/secure.gravatar.com\/avatar\/8e51b30565ad99a9f8b25bd638d21cd1?s=96&d=mm&r=g\",\"contentUrl\":\"https:\/\/secure.gravatar.com\/avatar\/8e51b30565ad99a9f8b25bd638d21cd1?s=96&d=mm&r=g\",\"caption\":\"admin\"},\"url\":\"https:\/\/epokaserca.pl\/aktualnosci\/author\/admin\/\"}]}<\/script>\n<!-- \/ Yoast SEO plugin. -->","yoast_head_json":{"title":"11 LUTEGO 2016 - Aktualno\u015bci","robots":{"index":"index","follow":"follow","max-snippet":"max-snippet:-1","max-image-preview":"max-image-preview:large","max-video-preview":"max-video-preview:-1"},"canonical":"https:\/\/epokaserca.pl\/aktualnosci\/11-lutego-2016\/","og_locale":"pl_PL","og_type":"article","og_title":"11 LUTEGO 2016 - Aktualno\u015bci","og_description":"Kochani - dziel\u0119 si\u0119 listem od jednego z uczestnik\u00f3w warsztat\u00f3w. Ta pi\u0119kna tre\u015b\u0107, niech niesie si\u0119 niczym wiatr mi\u0142o\u015bci. Witaj Elen;)Dzi\u0119kuj\u0119 Ci za warsztaty, w energetyce tyle si\u0119 podzia\u0142o, \u017ce w poniedzia\u0142ek nie mog\u0142em si\u0119 wyspa\u0107 i we wtorek jeszcze by\u0142em os\u0142abiony. Mam wspania\u0142e relacje z synem, przychodzi przytula si\u0119, m\u00f3wi jak bardzo mnie kocha, to dzi\u0119ki naszej wsp\u00f3lnej pracy.Chcia\u0142bym si\u0119 podzieli\u0107 z Tob\u0105 swoim snem. &nbsp;","og_url":"https:\/\/epokaserca.pl\/aktualnosci\/11-lutego-2016\/","og_site_name":"Aktualno\u015bci","article_published_time":"2016-02-12T19:40:23+00:00","author":"admin","twitter_card":"summary_large_image","twitter_misc":{"Napisane przez":"admin","Szacowany czas czytania":"2 minuty"},"schema":{"@context":"https:\/\/schema.org","@graph":[{"@type":"Article","@id":"https:\/\/epokaserca.pl\/aktualnosci\/11-lutego-2016\/#article","isPartOf":{"@id":"https:\/\/epokaserca.pl\/aktualnosci\/11-lutego-2016\/"},"author":{"name":"admin","@id":"https:\/\/epokaserca.pl\/aktualnosci\/#\/schema\/person\/f87215bc4f757d15c7321145cbabc434"},"headline":"11 LUTEGO 2016","datePublished":"2016-02-12T19:40:23+00:00","mainEntityOfPage":{"@id":"https:\/\/epokaserca.pl\/aktualnosci\/11-lutego-2016\/"},"wordCount":319,"commentCount":0,"articleSection":["Aktualno\u015bci"],"inLanguage":"pl-PL","potentialAction":[{"@type":"CommentAction","name":"Comment","target":["https:\/\/epokaserca.pl\/aktualnosci\/11-lutego-2016\/#respond"]}]},{"@type":"WebPage","@id":"https:\/\/epokaserca.pl\/aktualnosci\/11-lutego-2016\/","url":"https:\/\/epokaserca.pl\/aktualnosci\/11-lutego-2016\/","name":"11 LUTEGO 2016 - Aktualno\u015bci","isPartOf":{"@id":"https:\/\/epokaserca.pl\/aktualnosci\/#website"},"datePublished":"2016-02-12T19:40:23+00:00","author":{"@id":"https:\/\/epokaserca.pl\/aktualnosci\/#\/schema\/person\/f87215bc4f757d15c7321145cbabc434"},"breadcrumb":{"@id":"https:\/\/epokaserca.pl\/aktualnosci\/11-lutego-2016\/#breadcrumb"},"inLanguage":"pl-PL","potentialAction":[{"@type":"ReadAction","target":["https:\/\/epokaserca.pl\/aktualnosci\/11-lutego-2016\/"]}]},{"@type":"BreadcrumbList","@id":"https:\/\/epokaserca.pl\/aktualnosci\/11-lutego-2016\/#breadcrumb","itemListElement":[{"@type":"ListItem","position":1,"name":"Home","item":"https:\/\/epokaserca.pl\/aktualnosci\/"},{"@type":"ListItem","position":2,"name":"11 LUTEGO 2016"}]},{"@type":"WebSite","@id":"https:\/\/epokaserca.pl\/aktualnosci\/#website","url":"https:\/\/epokaserca.pl\/aktualnosci\/","name":"Aktualno\u015bci","description":"","potentialAction":[{"@type":"SearchAction","target":{"@type":"EntryPoint","urlTemplate":"https:\/\/epokaserca.pl\/aktualnosci\/?s={search_term_string}"},"query-input":{"@type":"PropertyValueSpecification","valueRequired":true,"valueName":"search_term_string"}}],"inLanguage":"pl-PL"},{"@type":"Person","@id":"https:\/\/epokaserca.pl\/aktualnosci\/#\/schema\/person\/f87215bc4f757d15c7321145cbabc434","name":"admin","image":{"@type":"ImageObject","inLanguage":"pl-PL","@id":"https:\/\/epokaserca.pl\/aktualnosci\/#\/schema\/person\/image\/","url":"https:\/\/secure.gravatar.com\/avatar\/8e51b30565ad99a9f8b25bd638d21cd1?s=96&d=mm&r=g","contentUrl":"https:\/\/secure.gravatar.com\/avatar\/8e51b30565ad99a9f8b25bd638d21cd1?s=96&d=mm&r=g","caption":"admin"},"url":"https:\/\/epokaserca.pl\/aktualnosci\/author\/admin\/"}]}},"_links":{"self":[{"href":"https:\/\/epokaserca.pl\/aktualnosci\/wp-json\/wp\/v2\/posts\/1182","targetHints":{"allow":["GET"]}}],"collection":[{"href":"https:\/\/epokaserca.pl\/aktualnosci\/wp-json\/wp\/v2\/posts"}],"about":[{"href":"https:\/\/epokaserca.pl\/aktualnosci\/wp-json\/wp\/v2\/types\/post"}],"author":[{"embeddable":true,"href":"https:\/\/epokaserca.pl\/aktualnosci\/wp-json\/wp\/v2\/users\/1"}],"replies":[{"embeddable":true,"href":"https:\/\/epokaserca.pl\/aktualnosci\/wp-json\/wp\/v2\/comments?post=1182"}],"version-history":[{"count":0,"href":"https:\/\/epokaserca.pl\/aktualnosci\/wp-json\/wp\/v2\/posts\/1182\/revisions"}],"wp:attachment":[{"href":"https:\/\/epokaserca.pl\/aktualnosci\/wp-json\/wp\/v2\/media?parent=1182"}],"wp:term":[{"taxonomy":"category","embeddable":true,"href":"https:\/\/epokaserca.pl\/aktualnosci\/wp-json\/wp\/v2\/categories?post=1182"},{"taxonomy":"post_tag","embeddable":true,"href":"https:\/\/epokaserca.pl\/aktualnosci\/wp-json\/wp\/v2\/tags?post=1182"}],"curies":[{"name":"wp","href":"https:\/\/api.w.org\/{rel}","templated":true}]}}