{"id":1184,"date":"2016-02-23T16:35:02","date_gmt":"2016-02-23T16:35:02","guid":{"rendered":"https:\/\/epokaserca.pl\/aktualnosci\/index.php\/2016\/02\/23\/23-lutego-2016\/"},"modified":"2016-02-23T16:35:02","modified_gmt":"2016-02-23T16:35:02","slug":"23-lutego-2016","status":"publish","type":"post","link":"https:\/\/epokaserca.pl\/aktualnosci\/23-lutego-2016\/","title":{"rendered":"23 LUTEGO 2016"},"content":{"rendered":"\n<p style=\"margin-top: 6px; margin-bottom: 6px; color: #141823; font-family: helvetica, arial, sans-serif; font-size: 14px; line-height: 17.5636px;\">Ko\u0144czy si\u0119 pewnien okres, tak by\u0142o zaplanowane, a wraz z nim mamy odkodowa\u0107 stary program. Robimy to bardzo szczeg\u00f3\u0142owo na naszych spotkaniach. Jeste\u015bmy jak dysk\/ struktura informacyjno energetyczna\/ na kt\u00f3rym trzeba teraz zmieni\u0107 program.<\/p>\n<p style=\"margin-top: 6px; margin-bottom: 6px; color: #141823; font-family: helvetica, arial, sans-serif; font-size: 14px; line-height: 17.5636px;\">To nie koniec naszego rozwoju w materii, po rozkodowaniu pewnych program\u00f3w, ujawni\u0105 sie inne, w kt\u00f3rych jeszcze b\u0119dziemy funkcjnowa\u0107, taki jest odg\u00f3rny plan, lecz ten nowy \u015bwiat nie b\u0119dzie juz trudny dualnie.<br \/>W nowym czasie nic nie stanie sie nagle, lecz b\u0119dziemy, jak we wcze\u015bniejszych okresach wzrasta\u0107, rozwija\u0107 si\u0119 stopniowo.<\/p>\n<p style=\"margin-top: 6px; margin-bottom: 6px; color: #141823; font-family: helvetica, arial, sans-serif; font-size: 14px; line-height: 17.5636px;\">Na naszych spotkaniach, mamy przyspieszony kurs, gdy\u017c nie tylko rozkodowujemy, ale poznajemy nasz\u0105 przysz\u0142a drog\u0119, aby nie i\u015b\u0107 dalej po omacku.<br \/>To prosta, jasna, i jak\u017ce przyjemna droga, rozpoznawania SIEBIE, w ca\u0142o\u015bci swego potencja\u0142u oraz mo\u017cliwo\u015bci tw\u00f3rczych.<\/p>\n<p style=\"margin-top: 6px; margin-bottom: 6px; color: #141823; font-family: helvetica, arial, sans-serif; font-size: 14px; line-height: 17.5636px;\">Na spotkaniach, jesli tak Duch podpowiada stosujemy olejki, kt\u00f3re udra\u017cniaj\u0105 kana\u0142y energi i po swojemu czyni\u0105 porz\u0105dek.<\/p>\n<p style=\"margin-top: 6px; margin-bottom: 6px; color: #141823; font-family: helvetica, arial, sans-serif; font-size: 14px; line-height: 17.5636px;\">Kto b\u0119dzie chcia\u0142 wzi\u0105\u0107 udzia\u0142 w warsztatach na skypie, a ma bardzo trudna sytuacj\u0119 finansow\u0105, mo\u017ce poprosi\u0107 -po wczesniejszym opisaniu swej sytuacji &#8211; o ugl\u0119, jest taka mo\u017cliwo\u015b\u0107.<\/p>\n<p style=\"margin-top: 6px; margin-bottom: 6px; color: #141823; font-family: helvetica, arial, sans-serif; font-size: 14px; line-height: 17.5636px;\"><i class=\"_4-k1 img sp_fM-mz8spZ1b sx_62a652\" style=\"vertical-align: -3px; display: inline-block; height: 16px; width: 16px; background-image: url('https:\/\/static.xx.fbcdn.net\/rsrc.php\/v2\/yx\/r\/pimRBh7B6ER.png'); background-position: 0px -204px; background-repeat: no-repeat;\"><span style=\"left: -999999px; position: absolute; text-decoration: underline;\">Emotikon heart<\/span><\/i><\/p>\n<p style=\"margin-top: 6px; margin-bottom: 6px; color: #141823; font-family: helvetica, arial, sans-serif; font-size: 14px; line-height: 17.5636px;\">Przes\u0142ucha\u0142am wczoraj w nocy nagranie ze spotkania i mimo \u017ce nie bra\u0142am w nim czynnego udzia\u0142u Duch poprzez Ciebie Elen objawi\u0142 mi odpowiedzi na moje pytania i zrozumienie sp\u0142yn\u0119\u0142o na mnie&#8230;.w ko\u0144cowych minutach nagrania, gdy opowiada\u0142a\u015b o swoich zwi\u0105zkach ( ja te\u017c w tym wcieleniu nad tym pracuj\u0119) z niedowierzaniem wr\u0119cz s\u0142ucha\u0142am Twej opowie\u015bci bo mia\u0142am wra\u017cenie \u017ce m\u00f3wisz o moich do\u015bwiadczeniach&#8230;..Prosi\u0142am Ducha by da\u0142 mi zrozumienie relacji z m\u0119\u017cczyzn\u0105 kt\u00f3ry sta\u0142 mi si\u0119 bliski, no i otrzyma\u0142am odpowiedz&nbsp;<i class=\"_4-k1 img sp_fM-mz8spZ1b sx_5371b4\" style=\"vertical-align: -3px; display: inline-block; height: 16px; width: 16px; background-image: url('https:\/\/static.xx.fbcdn.net\/rsrc.php\/v2\/yx\/r\/pimRBh7B6ER.png'); background-position: 0px -340px; background-repeat: no-repeat;\"><span style=\"left: -999999px; position: absolute; text-decoration: underline;\">Emotikon smile<\/span><\/i>&nbsp;To jest niesamowite jak cudnie Duch prowadzi&nbsp;<i class=\"_4-k1 img sp_fM-mz8spZ1b sx_5371b4\" style=\"vertical-align: -3px; display: inline-block; height: 16px; width: 16px; background-image: url('https:\/\/static.xx.fbcdn.net\/rsrc.php\/v2\/yx\/r\/pimRBh7B6ER.png'); background-position: 0px -340px; background-repeat: no-repeat;\"><span style=\"left: -999999px; position: absolute; text-decoration: underline;\">Emotikon smile<\/span><\/i>&nbsp;Kocham&#8230;wielbi\u0119&#8230;mi\u0142uj\u0119 siebie, Ciebie Elen i Was wszystkie&#8230;dzi\u0119kuj\u0119 za Wasz\u0105 obecno\u015b\u0107&#8230;. wraz ze zrozumieniem sp\u0142yne\u0142a na mnie energia cudna, moc dzia\u0142ania, moc decydowania o swym \u017cyciu&#8230;..by\u0142o pytanie odno\u015bnie zmian po olejkach&#8230;u mnie pojawi\u0142o si\u0119 uczucie takiej wielkiej mocy, spok\u00f3j b\u0142ogi, prze\u015bwiadczenia \u017ce pod\u0105\u017cam dobr\u0105 drog\u0105, wiara niez\u0142omna w to \u017ce wszystko si\u0119 uda tak jak sobie to wymarzy\u0142am&#8230;.i co dzie\u0144 nap\u0142ywa co\u015b nowego&#8230;harmonia&#8230;zrozumienie tego co si\u0119 wydarza, zrozumienie i jasno\u015b\u0107 jak kreuj\u0119 m\u00f3j \u015bwiat&#8230;czasem to co wykr\u0119uj\u0119 pojawia si\u0119 tak szybko \u017ce a\u017c wpadam w zdumienie i zachwyt jednocze\u015bnie i u\u015bwiadamiam sobie coraz g\u0142\u0119biej jak wa\u017cne jest by dba\u0107 o czysto\u015b\u0107 my\u015bli, czysto\u015b\u0107 intencji&#8230;ale te\u017c wdzi\u0119czna jestem z ca\u0142ego serducha za wszystko co si\u0119 pojawia, za ka\u017cdy program kt\u00f3ry wyp\u0142yn\u0105\u0142 na wierzch i za \u015bwiadomo\u015b\u0107 zauwa\u017cenia tego programu, ogromn\u0105 wdzi\u0119czno\u015b\u0107 mam do Ciebie Elen, za Tw\u0105 m\u0105dro\u015b\u0107 i za to \u017ce tak pi\u0119knie wyja\u015bniasz wszystko co si\u0119 dzieje&#8230;tej wiedzy, tego zrozumienia tak bardzo mi brakowa\u0142o na mej drodze i ot&#8230;Duch prowadzi&#8230;.po tych olejkach odczuwam to w\u0142a\u015bnie kim jestem &#8211; Duchem&#8230;i bez wahania oddaj\u0119 Duchowi ka\u017cdy program kt\u00f3ry si\u0119 pojawia, ka\u017cdy &#8222;problem&#8221;, ka\u017cd\u0105 spraw\u0119 z kt\u00f3r\u0105 nie umiem sobie poradzi\u0107 gdy umys\u0142, ego pr\u00f3buj\u0105 &#8221; za\u0142atwi\u0107&#8221; j\u0105 po swojemu&#8230;&#8230;&#8230;..<br \/>\/fragment wypowiedzi uczestniczki I roku Uniwersytetu Instytutu Nowej Ziemi.<\/p>\n","protected":false},"excerpt":{"rendered":"<p style=\"margin-bottom: 6px; color: #141823; font-family: helvetica, arial, sans-serif; font-size: 14px; line-height: 17.5636px;\">Kochani &#8211; tutaj znajdziecie plan warsztat\u00f3w do ko\u0144ca czerwca, odbywaj\u0105cych si\u0119 na g\u0142\u00f3wnie na skypie, ale te\u017c stacjonarne. &nbsp;<\/p>\n<p><span style=\"text-decoration: underline; color: #000000;\"><a href=\"..\/instytut\/warsztaty-i-wczasy\/warsztaty\"><span style=\"color: #000000; text-decoration: underline;\">http:\/\/www.epokaserca.pl\/instytut\/warsztaty-i-wczasy\/warsztaty<\/span><\/a><\/span><\/p>\n<p style=\"margin-top: 6px; margin-bottom: 6px; color: #141823; font-family: helvetica, arial, sans-serif; font-size: 14px; line-height: 17.5636px;\">\u017byjemy w niezwyk\u0142ym czasie, gdzie priorytetem jest odzyskanie Siebie.<br \/>Nasza cywilizacja powsta\u0142a na wielu programach, kt\u00f3re tworzy\u0142y mo\u017cliwo\u015b\u0107 poznania tej czaso- przestrzeni. &nbsp;<\/p>\n","protected":false},"author":1,"featured_media":0,"comment_status":"open","ping_status":"open","sticky":false,"template":"","format":"standard","meta":{"footnotes":""},"categories":[5],"tags":[],"class_list":{"0":"post-1184","1":"post","2":"type-post","3":"status-publish","4":"format-standard","6":"category-aktualnosci","7":"czr-hentry"},"yoast_head":"<!-- This site is optimized with the Yoast SEO plugin v26.8 - https:\/\/yoast.com\/product\/yoast-seo-wordpress\/ -->\n<title>23 LUTEGO 2016 - Aktualno\u015bci<\/title>\n<meta name=\"robots\" content=\"index, follow, max-snippet:-1, max-image-preview:large, max-video-preview:-1\" \/>\n<link rel=\"canonical\" href=\"https:\/\/epokaserca.pl\/aktualnosci\/23-lutego-2016\/\" \/>\n<meta property=\"og:locale\" content=\"pl_PL\" \/>\n<meta property=\"og:type\" content=\"article\" \/>\n<meta property=\"og:title\" content=\"23 LUTEGO 2016 - Aktualno\u015bci\" \/>\n<meta property=\"og:description\" content=\"Kochani - tutaj znajdziecie plan warsztat\u00f3w do ko\u0144ca czerwca, odbywaj\u0105cych si\u0119 na g\u0142\u00f3wnie na skypie, ale te\u017c stacjonarne. &nbsp; http:\/\/www.epokaserca.pl\/instytut\/warsztaty-i-wczasy\/warsztaty \u017byjemy w niezwyk\u0142ym czasie, gdzie priorytetem jest odzyskanie Siebie.Nasza cywilizacja powsta\u0142a na wielu programach, kt\u00f3re tworzy\u0142y mo\u017cliwo\u015b\u0107 poznania tej czaso- przestrzeni. &nbsp;\" \/>\n<meta property=\"og:url\" content=\"https:\/\/epokaserca.pl\/aktualnosci\/23-lutego-2016\/\" \/>\n<meta property=\"og:site_name\" content=\"Aktualno\u015bci\" \/>\n<meta property=\"article:published_time\" content=\"2016-02-23T16:35:02+00:00\" \/>\n<meta name=\"author\" content=\"admin\" \/>\n<meta name=\"twitter:card\" content=\"summary_large_image\" \/>\n<meta name=\"twitter:label1\" content=\"Napisane przez\" \/>\n\t<meta name=\"twitter:data1\" content=\"admin\" \/>\n\t<meta name=\"twitter:label2\" content=\"Szacowany czas czytania\" \/>\n\t<meta name=\"twitter:data2\" content=\"3 minuty\" \/>\n<script type=\"application\/ld+json\" class=\"yoast-schema-graph\">{\"@context\":\"https:\/\/schema.org\",\"@graph\":[{\"@type\":\"Article\",\"@id\":\"https:\/\/epokaserca.pl\/aktualnosci\/23-lutego-2016\/#article\",\"isPartOf\":{\"@id\":\"https:\/\/epokaserca.pl\/aktualnosci\/23-lutego-2016\/\"},\"author\":{\"name\":\"admin\",\"@id\":\"https:\/\/epokaserca.pl\/aktualnosci\/#\/schema\/person\/f87215bc4f757d15c7321145cbabc434\"},\"headline\":\"23 LUTEGO 2016\",\"datePublished\":\"2016-02-23T16:35:02+00:00\",\"mainEntityOfPage\":{\"@id\":\"https:\/\/epokaserca.pl\/aktualnosci\/23-lutego-2016\/\"},\"wordCount\":573,\"commentCount\":0,\"articleSection\":[\"Aktualno\u015bci\"],\"inLanguage\":\"pl-PL\",\"potentialAction\":[{\"@type\":\"CommentAction\",\"name\":\"Comment\",\"target\":[\"https:\/\/epokaserca.pl\/aktualnosci\/23-lutego-2016\/#respond\"]}]},{\"@type\":\"WebPage\",\"@id\":\"https:\/\/epokaserca.pl\/aktualnosci\/23-lutego-2016\/\",\"url\":\"https:\/\/epokaserca.pl\/aktualnosci\/23-lutego-2016\/\",\"name\":\"23 LUTEGO 2016 - Aktualno\u015bci\",\"isPartOf\":{\"@id\":\"https:\/\/epokaserca.pl\/aktualnosci\/#website\"},\"datePublished\":\"2016-02-23T16:35:02+00:00\",\"author\":{\"@id\":\"https:\/\/epokaserca.pl\/aktualnosci\/#\/schema\/person\/f87215bc4f757d15c7321145cbabc434\"},\"breadcrumb\":{\"@id\":\"https:\/\/epokaserca.pl\/aktualnosci\/23-lutego-2016\/#breadcrumb\"},\"inLanguage\":\"pl-PL\",\"potentialAction\":[{\"@type\":\"ReadAction\",\"target\":[\"https:\/\/epokaserca.pl\/aktualnosci\/23-lutego-2016\/\"]}]},{\"@type\":\"BreadcrumbList\",\"@id\":\"https:\/\/epokaserca.pl\/aktualnosci\/23-lutego-2016\/#breadcrumb\",\"itemListElement\":[{\"@type\":\"ListItem\",\"position\":1,\"name\":\"Home\",\"item\":\"https:\/\/epokaserca.pl\/aktualnosci\/\"},{\"@type\":\"ListItem\",\"position\":2,\"name\":\"23 LUTEGO 2016\"}]},{\"@type\":\"WebSite\",\"@id\":\"https:\/\/epokaserca.pl\/aktualnosci\/#website\",\"url\":\"https:\/\/epokaserca.pl\/aktualnosci\/\",\"name\":\"Aktualno\u015bci\",\"description\":\"\",\"potentialAction\":[{\"@type\":\"SearchAction\",\"target\":{\"@type\":\"EntryPoint\",\"urlTemplate\":\"https:\/\/epokaserca.pl\/aktualnosci\/?s={search_term_string}\"},\"query-input\":{\"@type\":\"PropertyValueSpecification\",\"valueRequired\":true,\"valueName\":\"search_term_string\"}}],\"inLanguage\":\"pl-PL\"},{\"@type\":\"Person\",\"@id\":\"https:\/\/epokaserca.pl\/aktualnosci\/#\/schema\/person\/f87215bc4f757d15c7321145cbabc434\",\"name\":\"admin\",\"image\":{\"@type\":\"ImageObject\",\"inLanguage\":\"pl-PL\",\"@id\":\"https:\/\/epokaserca.pl\/aktualnosci\/#\/schema\/person\/image\/\",\"url\":\"https:\/\/secure.gravatar.com\/avatar\/8e51b30565ad99a9f8b25bd638d21cd1?s=96&d=mm&r=g\",\"contentUrl\":\"https:\/\/secure.gravatar.com\/avatar\/8e51b30565ad99a9f8b25bd638d21cd1?s=96&d=mm&r=g\",\"caption\":\"admin\"},\"url\":\"https:\/\/epokaserca.pl\/aktualnosci\/author\/admin\/\"}]}<\/script>\n<!-- \/ Yoast SEO plugin. -->","yoast_head_json":{"title":"23 LUTEGO 2016 - Aktualno\u015bci","robots":{"index":"index","follow":"follow","max-snippet":"max-snippet:-1","max-image-preview":"max-image-preview:large","max-video-preview":"max-video-preview:-1"},"canonical":"https:\/\/epokaserca.pl\/aktualnosci\/23-lutego-2016\/","og_locale":"pl_PL","og_type":"article","og_title":"23 LUTEGO 2016 - Aktualno\u015bci","og_description":"Kochani - tutaj znajdziecie plan warsztat\u00f3w do ko\u0144ca czerwca, odbywaj\u0105cych si\u0119 na g\u0142\u00f3wnie na skypie, ale te\u017c stacjonarne. &nbsp; http:\/\/www.epokaserca.pl\/instytut\/warsztaty-i-wczasy\/warsztaty \u017byjemy w niezwyk\u0142ym czasie, gdzie priorytetem jest odzyskanie Siebie.Nasza cywilizacja powsta\u0142a na wielu programach, kt\u00f3re tworzy\u0142y mo\u017cliwo\u015b\u0107 poznania tej czaso- przestrzeni. &nbsp;","og_url":"https:\/\/epokaserca.pl\/aktualnosci\/23-lutego-2016\/","og_site_name":"Aktualno\u015bci","article_published_time":"2016-02-23T16:35:02+00:00","author":"admin","twitter_card":"summary_large_image","twitter_misc":{"Napisane przez":"admin","Szacowany czas czytania":"3 minuty"},"schema":{"@context":"https:\/\/schema.org","@graph":[{"@type":"Article","@id":"https:\/\/epokaserca.pl\/aktualnosci\/23-lutego-2016\/#article","isPartOf":{"@id":"https:\/\/epokaserca.pl\/aktualnosci\/23-lutego-2016\/"},"author":{"name":"admin","@id":"https:\/\/epokaserca.pl\/aktualnosci\/#\/schema\/person\/f87215bc4f757d15c7321145cbabc434"},"headline":"23 LUTEGO 2016","datePublished":"2016-02-23T16:35:02+00:00","mainEntityOfPage":{"@id":"https:\/\/epokaserca.pl\/aktualnosci\/23-lutego-2016\/"},"wordCount":573,"commentCount":0,"articleSection":["Aktualno\u015bci"],"inLanguage":"pl-PL","potentialAction":[{"@type":"CommentAction","name":"Comment","target":["https:\/\/epokaserca.pl\/aktualnosci\/23-lutego-2016\/#respond"]}]},{"@type":"WebPage","@id":"https:\/\/epokaserca.pl\/aktualnosci\/23-lutego-2016\/","url":"https:\/\/epokaserca.pl\/aktualnosci\/23-lutego-2016\/","name":"23 LUTEGO 2016 - Aktualno\u015bci","isPartOf":{"@id":"https:\/\/epokaserca.pl\/aktualnosci\/#website"},"datePublished":"2016-02-23T16:35:02+00:00","author":{"@id":"https:\/\/epokaserca.pl\/aktualnosci\/#\/schema\/person\/f87215bc4f757d15c7321145cbabc434"},"breadcrumb":{"@id":"https:\/\/epokaserca.pl\/aktualnosci\/23-lutego-2016\/#breadcrumb"},"inLanguage":"pl-PL","potentialAction":[{"@type":"ReadAction","target":["https:\/\/epokaserca.pl\/aktualnosci\/23-lutego-2016\/"]}]},{"@type":"BreadcrumbList","@id":"https:\/\/epokaserca.pl\/aktualnosci\/23-lutego-2016\/#breadcrumb","itemListElement":[{"@type":"ListItem","position":1,"name":"Home","item":"https:\/\/epokaserca.pl\/aktualnosci\/"},{"@type":"ListItem","position":2,"name":"23 LUTEGO 2016"}]},{"@type":"WebSite","@id":"https:\/\/epokaserca.pl\/aktualnosci\/#website","url":"https:\/\/epokaserca.pl\/aktualnosci\/","name":"Aktualno\u015bci","description":"","potentialAction":[{"@type":"SearchAction","target":{"@type":"EntryPoint","urlTemplate":"https:\/\/epokaserca.pl\/aktualnosci\/?s={search_term_string}"},"query-input":{"@type":"PropertyValueSpecification","valueRequired":true,"valueName":"search_term_string"}}],"inLanguage":"pl-PL"},{"@type":"Person","@id":"https:\/\/epokaserca.pl\/aktualnosci\/#\/schema\/person\/f87215bc4f757d15c7321145cbabc434","name":"admin","image":{"@type":"ImageObject","inLanguage":"pl-PL","@id":"https:\/\/epokaserca.pl\/aktualnosci\/#\/schema\/person\/image\/","url":"https:\/\/secure.gravatar.com\/avatar\/8e51b30565ad99a9f8b25bd638d21cd1?s=96&d=mm&r=g","contentUrl":"https:\/\/secure.gravatar.com\/avatar\/8e51b30565ad99a9f8b25bd638d21cd1?s=96&d=mm&r=g","caption":"admin"},"url":"https:\/\/epokaserca.pl\/aktualnosci\/author\/admin\/"}]}},"_links":{"self":[{"href":"https:\/\/epokaserca.pl\/aktualnosci\/wp-json\/wp\/v2\/posts\/1184","targetHints":{"allow":["GET"]}}],"collection":[{"href":"https:\/\/epokaserca.pl\/aktualnosci\/wp-json\/wp\/v2\/posts"}],"about":[{"href":"https:\/\/epokaserca.pl\/aktualnosci\/wp-json\/wp\/v2\/types\/post"}],"author":[{"embeddable":true,"href":"https:\/\/epokaserca.pl\/aktualnosci\/wp-json\/wp\/v2\/users\/1"}],"replies":[{"embeddable":true,"href":"https:\/\/epokaserca.pl\/aktualnosci\/wp-json\/wp\/v2\/comments?post=1184"}],"version-history":[{"count":0,"href":"https:\/\/epokaserca.pl\/aktualnosci\/wp-json\/wp\/v2\/posts\/1184\/revisions"}],"wp:attachment":[{"href":"https:\/\/epokaserca.pl\/aktualnosci\/wp-json\/wp\/v2\/media?parent=1184"}],"wp:term":[{"taxonomy":"category","embeddable":true,"href":"https:\/\/epokaserca.pl\/aktualnosci\/wp-json\/wp\/v2\/categories?post=1184"},{"taxonomy":"post_tag","embeddable":true,"href":"https:\/\/epokaserca.pl\/aktualnosci\/wp-json\/wp\/v2\/tags?post=1184"}],"curies":[{"name":"wp","href":"https:\/\/api.w.org\/{rel}","templated":true}]}}