{"id":120,"date":"2011-08-27T20:22:50","date_gmt":"2011-08-27T20:22:50","guid":{"rendered":"https:\/\/epokaserca.pl\/aktualnosci\/index.php\/2011\/08\/27\/wczasy-duchowe-11-2108\/"},"modified":"2011-08-27T20:22:50","modified_gmt":"2011-08-27T20:22:50","slug":"wczasy-duchowe-11-2108","status":"publish","type":"post","link":"https:\/\/epokaserca.pl\/aktualnosci\/wczasy-duchowe-11-2108\/","title":{"rendered":"Wczasy duchowe 11-21.08.2011"},"content":{"rendered":"\n<p>Jak zwykle oddaj\u0119 prowadzenie Duchowi wierz\u0105c , \u017ce wydarz\u0105 si\u0119 sprawy najwa\u017cniejsze dla wszystkich.<\/p>\n<p>Pogoda sprzyja\u0142a &#8211; by\u0142 upa\u0142 i ciep\u0142o, ulewa i burza i mogli\u015bmy uczestniczy\u0107 w tym wszyscy. By\u0142o nas 12 os\u00f3b.<\/p>\n<p>Ka\u017cdy z uczestnik\u00f3w otrzyma\u0142 sw\u00f3j dzwi\u0119k do \u015bpiewania, kt\u00f3ry podnosi wibracje , zmienia enegetyk\u0119, otwiera czakram serca, gard\u0142a, uwalnia przestrze\u0144 p\u0142uc, grasic\u0119, wycisza.&nbsp; \u015apiewali\u015bmy wsp\u00f3lnie w puszczy, podczas wyprawy kolejk\u0105 w\u0105skotorow\u0105, w cerkwi, na ognisku , w miejscu mocy i w domu, harmonizuj\u0105c si\u0119 coraz bardziej we wsp\u00f3lnym \u015bpiewie.<\/p>\n<p>By\u0142y te\u017c wsp\u00f3lnie od\u015bpiewywane runy.<\/p>\n<p>Otwierali\u015bmy si\u0119 coraz bardziej na wsp\u00f3lne po\u0142\u0105czenie poprzez g\u0142os i &#8230;by\u0142o naprawd\u0119 pi\u0119knie, muzyka serc wznosi\u0142a si\u0119 do g\u00f3ry.<\/p>\n<p>By\u0142y dwa ogniska, jedno u Pani Lucynki,&nbsp; podziwiali\u015bmy tam gr\u0119 na b\u0119bnie szama\u0144skim Gyuli, drugie -w g\u0142\u0119bi puszczy gdzie odwiedzili\u015bmy pi\u0119knych ludzi i przy wieczornym ognisku s\u0142uchali\u015bmy&nbsp; bardzo ekspresyjnej gry na perkusji &#8211; gra\u0142 Gyula i tajemnicze, m\u0142ode dziewcz\u0119, grali te\u017c na szama\u0144skim b\u0119bnie.<\/p>\n<p>Odwiedzili\u015bmy miejsce mocy w Puszczy Bia\u0142owieskiej . Przem\u00f3wi\u0142y do nas kamienie, opowiadaj\u0105c swoj\u0105 histori\u0119 &#8211; by\u0142 kamie\u0144 stra\u017cnik pe\u0142en ciep\u0142a i mi\u0119kko\u015bci, kamie\u0144 z m\u0119sk\u0105 energi\u0105 m\u00f3wi\u0105cy o bolesnych wydarzeniach, kamie\u0144 \u017ce\u0144ski pokaza\u0142&nbsp; mocarn\u0105 m\u0105dro\u015b\u0107 \u017cyj\u0105cych tam kobiet, pomimo swej delikatno\u015bci, trud\u00f3w , napa\u015bci, potrafi\u0142y utrzyma\u0107 wewn\u0105trzn\u0105 pewno\u015b\u0107 swej mocy , nieprzemijalno\u015b\u0107 \u017ce\u0144skiej boskiej m\u0105dro\u015bci serca i kamie\u0144 dziecko &#8211; obietnica Nowego. Niekt\u00f3rzy z uczestnik\u00f3w rozpoznali swoje wsp\u00f3lne&nbsp; wcielenia, by\u0142o wybaczanie, zjednoczenie, mi\u0142o\u015b\u0107.<\/p>\n<p>Nic nie dziele si\u0119 przypadkowo , tak i tu zjawili\u015bmy si\u0119 rozwi\u0105zania starej karmy i odnalezienia nieprzemijaj\u0105cych prawd przechowywanych w kamieniach.<\/p>\n<p>Zwiedzili\u015bmy pobliskie miasteczka, w Hajn\u00f3wce star\u0105, pi\u0119kn\u0105 cerkiew, carski dworzec, carski park, wchodzili\u015bmy na wie\u017c\u0119 widokow\u0105, ogl\u0105dali\u015bmy zwierz\u0119ta &#8211; \u0142osie, \u017cubry, sarny, \u017cbika, polskie koniki, i inne. Gyula prowadzi\u0142 nas w dziewicze tereny puszczy, tam gdzie nie tylko niezwyk\u0142e pi\u0119kno przyrody \/ \u015bcis\u0142y rezerwat\/, ale i zwodnicze bagna. Sama mia\u0142am okazj\u0119 pozna\u0107 ich si\u0142\u0119 kiedy wpad\u0142am wraz z jednym z uczestnik\u00f3w w niewielkie bagienko i \u017cadnym sposobem nie mog\u0142am sama si\u0119 wydosta\u0107 &#8211; potrzebna by\u0142a pomoc innych.<\/p>\n<p>Niekt\u00f3rzy odwiedzili szeptuch\u0119, by\u0107 na Podlasiu&nbsp; i nie dotkn\u0105\u0107 tajemnicy &#8230;&#8230;&#8230;.?<\/p>\n<p>Sporo pracowali\u015bmy, dyskutowali\u015bmy, otwierali\u015bmy serca i umys\u0142y aby pozna\u0107 wolno\u015b\u0107 czwartego wymiaru.<\/p>\n<p>Malowali\u015bmy obrazy duszy, Adrian napisa\u0142 dla ka\u017cdego wiersz, bawili\u015bmy si\u0119 kartami Osho i mandalami May\u00f3w, kt\u00f3re zawsze mia\u0142y dla nas ciekawe przes\u0142ania.<\/p>\n<p>Byli\u015bmy te\u017c w gospodarstwie Gyuli &#8211; strzelali\u015bmy z bata, \u0142uk\u00f3w, jedli\u015bmy jab\u0142ka prosto z drzewa, g\u0142askali\u015bmy konie.<\/p>\n<p>No i zadzia\u0142y si\u0119 niespodziewane rzeczy.<\/p>\n<p>Tomek &#8211; podczas warsztat\u00f3w poprosi\u0142 o r\u0119k\u0119 swoj\u0105 ukochan\u0105 Madzi\u0119 i zosta\u0142 przyj\u0119ty \/ jest zdj\u0119cie w galerii\/,&nbsp; Gyula i Ewunia odnale\u017ali si\u0119 po wiekach i ich serca ponownie po\u0142\u0105czy\u0142a mi\u0142o\u015b\u0107 \/ te\u017c jest zdj\u0119cie\/.<\/p>\n<p>Kamila wraz z Andrzejem \/ s\u0105 par\u0105 \/&nbsp; wypiekali pyszne ciasta.<\/p>\n<p>Igor , zawsze ch\u0119tny do pomocy, roz\u015bmiesza\u0142 nas wszystkich swoim poczuciem humoru , tak jak i Adrian , kt\u00f3ry dzieli\u0142 si\u0119 swoimi przemy\u015bleniami i snami.<\/p>\n<p>Piotr cichy i spokojny pracowa\u0142 wytrwale nad swymi ograniczeniami z trzeciego wymiaru, opowiada\u0142 sny, kt\u00f3re uk\u0142ada\u0142y si\u0119 w logiczne przes\u0142anie.<\/p>\n<p>Aneczka &#8211; zag\u0142\u0119biona w swoim duchowym \u015bwiecie, roztacza\u0142a kobiece pi\u0119kno i czas.<\/p>\n<p>Ewunia &#8211; delikatna i drobna, przytulanka, odnalaz\u0142a swoje wcielenie silnej m\u0105drej kobiety na miejscu mocy.<\/p>\n<p>Jurek &#8211; pilnie uczestniczy\u0142 w pracy i roz\u015bmiesza\u0142 nas cz\u0119sto, szczeg\u00f3lnie utkwi\u0142o w pami\u0119ci , chyba nam wszystkim, jego pytanie &#8212; Na ile lat ja wygl\u0105dam &#8211; wspomnienie tego pytania zawsze budzi\u0142o salwy \u015bmiechu.<\/p>\n<p>Madzia i Tomek , Kamilka i Andrzej &#8211; zakochani &#8211; przyjemnie by\u0142o patrze\u0107 na ich mi\u0142o\u015b\u0107 i wzajemne obdarowywanie.<\/p>\n<p>\u015amiali\u015bmy si\u0119 cz\u0119sto &#8230;&#8230;bardzo czesto.&nbsp;<\/p>\n<p>Czas szybko mija\u0142, to tylko 10 dni, ale by\u0142 to PI\u0118KNY CZAS .<\/p>\n<p>Dzi\u0119kuj\u0119 Kochani za ten wsp\u00f3lny CZAS DUSZ, czas rado\u015bci, mi\u0142o\u015bci i dobra.<\/p>\n<p>Kochani w Galergii wiele zdj\u0119\u0107 z naszej wsp\u00f3lnej wyprawy w g\u0142\u0105b siebie.<\/p>\n<p><img loading=\"lazy\" decoding=\"async\" class=\" size-full wp-image-119\" alt=\"dsc_0008\" src=\"https:\/\/el.cgnk.pl\/wp-content\/uploads\/2011\/08\/dsc_0008.jpg\" height=\"536\" width=\"800\" srcset=\"https:\/\/epokaserca.pl\/aktualnosci\/wp-content\/uploads\/2011\/08\/dsc_0008.jpg 3872w, https:\/\/epokaserca.pl\/aktualnosci\/wp-content\/uploads\/2011\/08\/dsc_0008-300x201.jpg 300w, https:\/\/epokaserca.pl\/aktualnosci\/wp-content\/uploads\/2011\/08\/dsc_0008-768x514.jpg 768w, https:\/\/epokaserca.pl\/aktualnosci\/wp-content\/uploads\/2011\/08\/dsc_0008-1024x685.jpg 1024w, https:\/\/epokaserca.pl\/aktualnosci\/wp-content\/uploads\/2011\/08\/dsc_0008-1200x803.jpg 1200w\" sizes=\"auto, (max-width: 800px) 100vw, 800px\" \/><\/p>\n<p><strong>LIST EWUNI<\/strong><\/p>\n<p>Kochana Elen, Namaste<\/p>\n<p>Chcia\u0142abym opisa\u0107 s\u0142owami niezwyk\u0142o\u015b\u0107 warsztat\u00f3w ale tak trudno to wszystko s\u0142owami wyrazi\u0107, ka\u017cda chwila by\u0142a w JAM JEST, nie zastanawia\u0142am si\u0119 co b\u0119dziemy robi\u0107 za chwil\u0119 i czy w og\u00f3le co\u015b b\u0119dziemy robi\u0107, nie wiedzia\u0142am jaki jest dzie\u0144 nie zna\u0142am jaki jest czas a dzia\u0142o si\u0119, na warsztatach zobaczy\u0142am swoje silne wzorce i ograniczenia, niekt\u00f3re ujawni\u0142y si\u0119 i zesz\u0142y jak lawina, czy uzdrowi\u0142am wszystkie wzorce schematy kt\u00f3re sobie u\u015bwiadomi\u0142am?, nie wiem, wiem jednak \u017ce nie boje si\u0119 i\u015b\u0107 przez <br \/>\u017cycie poniewa\u017c Ty pokaza\u0142a\u015b Nam jak \u017cy\u0107, nie tylko dope\u0142ni\u0142a\u015b moj\u0105 wiedz\u0119 porz\u0105dkuj\u0105c j\u0105 w taki spos\u00f3b,i\u017c nie pozosta\u0142y w\u0105tpliwo\u015bci ale najpi\u0119kniejsze jest to \u017ce ca\u0142\u0105 sob\u0105 pokaza\u0142a\u015b Nam swoj\u0105 kobieco\u015b\u0107, delikatno\u015b\u0107 a jednocze\u015bnie si\u0142\u0119, pokaza\u0142a\u015b prawdziwe \u017cycie w 4 wymiarze jakie jest, jak je odnale\u017a\u0107 w sobie jak uczy\u0107 si\u0119 kocha\u0107 codzienno\u015b\u0107 jak odbiera\u0107 to co \u017cycie przynosi i za to Ci z ca\u0142ego serca dzi\u0119kuje niezwyk\u0142a przepi\u0119kna Kobieto, nie mog\u0142am doczeka\u0107 si\u0119 poznania Ciebie, my\u015bla\u0142am jaka <br \/>jeste\u015b naprawd\u0119 czy jeste\u015b dost\u0119pna czy b\u0119d\u0119 mog\u0142a si\u0119 do Ciebie przytuli\u0107, przy Tobie uruchomi\u0142y mi si\u0119 wzorce oceny i krytyki zobaczy\u0142am silny wzorzec \u017ce wszystko musi by\u0107 doskona\u0142e wr\u0119cz idealne a Ty pi\u0119knie pokaza\u0142a\u015b siebie jako tak\u0105 zwyczajna niezwyczajn\u0105, na warsztatach pozna\u0142am niezwyk\u0142ych ludzi, moje wakacje to CUD do\u015bwiadczania 4 wymiaru weso\u0142ego radosnego, ju\u017c nie boje si\u0119 smutku nie boje si\u0119 wiatru ani piorun\u00f3w czekam na to co \u017cycie przynosi i chce i\u015b\u0107 z nurtem \u017cycia ono przynosi <br \/>same dary. Kocham Ci\u0119 Elen i serdecznie pozdrawiam wszystkie cudowne istoty dzi\u0119kuje Wam \u017ce byli\u015bcie ze mn\u0105 na warsztatach, dzi\u0119kuje Ci Aniu, Kamilko, Madziu, Andrzeju, Igorze, Tomku, Piotrze, Adrianie, Jurku, dzi\u0119kuje mojemu Rycerzowi.<\/p>\n<p>Ocean Mi\u0142o\u015bci dla wszystkich<\/p>\n<p>Ewunia<\/p>\n<p>&nbsp;<\/p>\n<p>Witaj Kochana Elen,<\/p>\n<p>Jest czas niezwyk\u0142y, powoli otwieram serce,czuj\u0119 jak roztapiaj\u0105 si\u0119 wszystkie l\u0119ki czasem nie wierz\u0105c czy \u015bni\u0119 bo pi\u0119kny prezent dosta\u0142am &#8211; niezwyk\u0142ego m\u0119\u017cczyzn\u0119 kt\u00f3ry jest dla mnie tak wielkim oparciem inspiracj\u0105 przy kt\u00f3rym tak dobrze si\u0119 czuj\u0119, jego ciep\u0142o blisko\u015b\u0107 m\u0105dro\u015b\u0107, dobro\u0107 nie spos\u00f3b nie i\u015b\u0107 za tym, czuj\u0119 swoje serduszko jak staje si\u0119 coraz wi\u0119ksze coraz bardziej czyste w swej prawdzie, wzrusza mnie to; czuj\u0119 i widz\u0119 jak \u017cycie jest pi\u0119kne, jak wiele dar\u00f3w przynosi, mam tak\u0105 si\u0142\u0119 w sobie i wiar\u0119 w siebie wiem \u017ce id\u0119 w\u0142a\u015bciwa drog\u0105 pozwalam aby \u017cycie p\u0142yn\u0119\u0142o nurtem, tak pi\u0119knie pokaza\u0142a\u015b Nam \u017ce \u017cycie w ka\u017cdej sytuacji jest wyj\u0105tkowe, dla mnie warsztaty , spotkanie z Tob\u0105 stanowi\u0105 \u0142ask\u0119 Boga, kiedy dokonujemy wyboru, g\u0142\u0119boko ze swej duszy pragniemy wzrostu to otrzymujemy pomoc, wiele rzeczy dzieje si\u0119 poza sfera naszych wyobra\u017ce\u0144 oczekiwa\u0144, a wszystko we w\u0142a\u015bciwym dla Nas czasie, po warsztatach przesta\u0142am si\u0119 przejmowa\u0107 wieloma sprawami bardziej pozwalam sobie na bycie sob\u0105,przyjmuje to co \u017cycie przynosi, nie planuj\u0119 i jest pi\u0119knie, Gyula by\u0142 u mnie pojechali\u015bmy razem w g\u00f3ry by\u0142a z Nami Ania, i wspania\u0142e istotki kt\u00f3re tak samo id\u0105 pi\u0119kna droga wzrostu, jest czas \u0142\u0105czenia si\u0119 spotykania dusz, na szczycie g\u00f3ry Radochna \u015bpiewali\u015bmy runy i tak pi\u0119knie nios\u0142o d\u017awi\u0119k, ca\u0142y czas nast\u0119puje praca nad sob\u0105 widz\u0119 swoje ograniczenia, maski ju\u017c nie boje si\u0119 ich zobaczy\u0107,b\u0119d\u0119 pisa\u0107 kochana Elen i napewno zadzwoni\u0119 &#8211; tak wiele si\u0119 dzieje ostatnio, &#8230;&#8230;., bardzo Ci\u0119 Kocham, wiem \u017ce otoczy\u0142a\u015b mnie swoim sercem, da\u0142a\u015b wsparcie i ochron\u0119, da\u0142a\u015b mi zrozumienie i pi\u0119kn\u0105 lekcj\u0119 pokory, wiem \u017ce nied\u0142ugo si\u0119 zobaczymy, kochana Elen zwyk\u0142a niezwyk\u0142a czasem mam ochot\u0119 powiedzie\u0107 Mamo, tak czuje w sercu, tak\u0105 blisko\u015b\u0107 do Ciebie, Kocham Ci\u0119 Elija, jeste\u015b przepi\u0119kn\u0105 Bogini\u0105, pokazujesz Nam kobietom jak by\u0107 siln\u0105, a jednocze\u015bnie delikatn\u0105, w pe\u0142ni kobiec\u0105.<\/p>\n<p>Ocean mi\u0142o\u015bci dla Ciebie i Jureczka<br \/>Jeste\u015bcie cudowni<br \/>Ewunia<\/p>\n<p>&nbsp;<\/p>\n<p>&nbsp;<\/p>\n<p><strong>LIST ADRIANA<\/strong><\/p>\n<p>Podczas wczas\u00f3w duchowych, na kt\u00f3rych by\u0142em, przede wszystkim si\u0119 zrelaksowa\u0142em i odpocz\u0105\u0142em od zgie\u0142ku codziennego dnia. Pozna\u0142em tam wspania\u0142ych, serdecznych ludzi, kt\u00f3rych polubi\u0142em i kt\u00f3rzy zostali moimi przyjaci\u00f3\u0142mi. Ka\u017cdy dzie\u0144 tych niezwyk\u0142ych wczas\u00f3w by\u0142 wype\u0142niony kontaktem z pi\u0119knem puszczy Bia\u0142owieskiej, kt\u00f3ra to nape\u0142nia\u0142a mnie spokojem i harmoni\u0105. Dzi\u0119ki pracy duchowej, kt\u00f3ra mia\u0142a tam miejsce pog\u0142\u0119bi\u0142em sw\u00f3j kontakt z samym sob\u0105. Uda\u0142o mi si\u0119 zrozumie\u0107 i u\u015bwiadomi\u0107 dwie bardzo wa\u017cne kwestie dotycz\u0105c mojego obecnego \u017cycia. Pierwsza z nich, kt\u00f3ra to jest niezmiernie wa\u017cna dla ka\u017cdego cz\u0142owieka, kt\u00f3ry zaczyna si\u0119 w jaki\u015b spos\u00f3b rozwia\u0107 duchowo jest zrozumienie, \u017ce droga tego rozwoju jest we mnie i to ja jestem t\u0105 drog\u0105. Kiedy\u015b wydawa\u0142o mi si\u0119, \u017ce to od kogo\u015b lub czego\u015b zale\u017cy- m\u00f3j rozw\u00f3j. Jednak teraz u\u015bwiadomi\u0142em sobie to, \u017ce pow\u00f3d jak i przyczyna oraz skutek s\u0105 cz\u0119\u015bci\u0105 mej wiecznej istoty. I tylko ja jestem odpowiedzialny za moje post\u0119py i efekty w moim \u017cyciu. Drug\u0105 bardzo wa\u017cn\u0105 kwesti\u0105, kt\u00f3r\u0105 sobie u\u015bwiadomi\u0142em by\u0142o g\u0142\u0119boki zrozumienie tego, dlaczego ucieka\u0142em przed zwi\u0105zkami i nie potrafi\u0142am stworzy\u0107 trwa\u0142ego zwi\u0105zku . By\u0142o to spowodowane tym, \u017ce w poprzednich \u017cyciach do\u015bwiadcza\u0142em utraty swych rodzin jak i partnerek \u017cyciowych oraz dzieci, kt\u00f3re w tamtych \u017cyciach bardzo kocha\u0142em. Te straty zapisa\u0142y si\u0119 we mnie i nios\u0142y przekaz w mej pod\u015bwiadomo\u015b\u0107, \u017ce zwi\u0105zek to co\u015b strasznego i pe\u0142nego b\u00f3lu, co powodowa\u0142o, \u017ce przed tym do\u015bwiadczeniem ucieka\u0142em i nie potrafi\u0142em si\u0119 na nie otworzy\u0107. Bardzo si\u0119 cisze z tego \u017ce zdecydowa\u0142em si\u0119 na ten wyjazd i ze wszystkiego co otrzyma\u0142em na tych wczasach.<\/p>\n<p style=\"text-align: center;\" align=\"center\">Wewn\u0119trzne kr\u00f3lestwo<\/p>\n<p style=\"text-align: center;\" align=\"center\">Ka\u017cdy z nas w g\u0142\u0119bi siebie<\/p>\n<p style=\"text-align: center;\" align=\"center\">Ma wieczny niezwyk\u0142y \u015bwiat<\/p>\n<p style=\"text-align: center;\" align=\"center\">Kr\u00f3lestwo pe\u0142ne mi\u0142o\u015bci<\/p>\n<p style=\"text-align: center;\" align=\"center\">Tam pocz\u0105tek ma<\/p>\n<p style=\"text-align: center;\" align=\"center\">Ogie\u0144 woda ziemia i wiatr<\/p>\n<p style=\"text-align: center;\" align=\"center\">Tam pocz\u0105tek istnienia<\/p>\n<p style=\"text-align: center;\" align=\"center\">Tam ten wieczny ojciec<\/p>\n<p style=\"text-align: center;\" align=\"center\">Kt\u00f3ry na nas czeka<\/p>\n<p style=\"text-align: center;\" align=\"center\">My wieczne kwiaty<\/p>\n<p style=\"text-align: center;\" align=\"center\">Cia\u0142em, ko\u015b\u0107mi oblepione<\/p>\n<p style=\"text-align: center;\" align=\"center\">Poprzez dotyk emocje<\/p>\n<p style=\"text-align: center;\" align=\"center\">Rozpalamy duszy naszej p\u0142omie\u0144<\/p>\n<p style=\"text-align: center;\" align=\"center\">Odkrywamy czar delikatno\u015bci<\/p>\n<p style=\"text-align: center;\" align=\"center\">Poznajmy, czym jest g\u0142\u00f3d tej wiecznej mi\u0142o\u015bci<\/p>\n<p style=\"text-align: center;\" align=\"center\">Smakujemy smutku jak i rado\u015bci<\/p>\n<p style=\"text-align: center;\" align=\"center\">Doznajemy z cia\u0142em roz\u0142\u0105ki, jaki i zjednoczenia<\/p>\n<p style=\"text-align: center;\" align=\"center\">Bo tak w\u0142a\u015bnie wygl\u0105da droga wiecznego istnienia<\/p>\n<p style=\"text-align: center;\" align=\"center\">Droga prostej niezachwianej prawdy<\/p>\n<p style=\"text-align: center;\" align=\"center\">Poza nami nie istniej\u0105 bogowie ani diab\u0142y<\/p>\n<p style=\"text-align: center;\" align=\"center\">Bo wszystko, co nas dotyka w nas pocz\u0105tek bierze<\/p>\n<p style=\"text-align: center;\" align=\"center\">W nas si\u0119 zaczyna nasza w\u0119dr\u00f3wka<\/p>\n<p style=\"text-align: center;\" align=\"center\">Nasze wybawienie<\/p>\n<p style=\"text-align: center;\" align=\"center\">Tam w\u0142a\u015bnie kroczymy<\/p>\n<p style=\"text-align: center;\" align=\"center\">Zamieszkuj\u0105c ziemi\u0119<\/p>\n<p style=\"text-align: center;\" align=\"center\">&nbsp;<\/p>\n<div><\/div>\n<div><\/div>\n<div><\/div>\n<div><strong>LIST ANI<\/strong><\/div>\n<div><\/div>\n<div>Kochana Elen,<\/div>\n<div><\/div>\n<div>Kochani: Adrianie, Gyula, Igorze, Tomku, Piotrusiu, Andrzeju, Jureczku, niezwykle si\u0119 ciesz\u0119, \u017ce mog\u0142am Was pozna\u0107. Kochane Boginie: Elen, Madziu, Ewuniu, Kamilko niezwykle si\u0119 ciesz\u0119, \u017ce mog\u0142am Was obserwowa\u0107 i podziwia\u0107, ale co najwa\u017cniejsze, wiele si\u0119 od Was nauczy\u0107. Ilekro\u0107 przypomn\u0119 sobie ten niezwyk\u0142y, sp\u0119dzony we wsp\u00f3lnym gronie czas, niezmiernie za Wami&nbsp; wszystkimi t\u0119skni\u0119. Ka\u017cdy z nas to dope\u0142nienie ca\u0142o\u015bci. Niezwyk\u0142a r\u00f3\u017cnorodno\u015b\u0107 w jedno\u015bci, wszystko w nico\u015bci. Dzi\u0119kuj\u0119 za te wspania\u0142e i niepowtarzalne chwile. Dzi\u0119kuj\u0119 za s\u0142owa otuchy i mobilizacji. Dzi\u0119kuj\u0119 za ostatni\u0105 noc sp\u0119dzon\u0105 na korytarzu :-), troch\u0119 pokory nigdy nikomu jeszcze nie zaszkodzi\u0142o \ud83d\ude42<\/div>\n<div><\/div>\n<div>Adrianie, m\u00f3j niezwyk\u0142y bracie Kocham Ci\u0119 :);<\/div>\n<div>Gyula, jeste\u015b dla mnie prawdziwym oparciem i wzorem wolno\u015bci Dzi\u0119kuj\u0119, \u017ce jeste\u015b :);<\/div>\n<div>Igorze, jeste\u015b niesamowitym m\u0119\u017cczyzn\u0105 i takim pozosta\u0144 na Zawsze. Dzi\u0119ki Tobie pozna\u0142am swoje ograniczenia. Dzi\u015b moje serce jest ju\u017c w pe\u0142ni otwarte i gotowe na przyj\u0119cie mi\u0142o\u015bci m\u0119\u017cczyzny. Dzi\u0119kuj\u0119 Ci za to z ca\u0142ego serca :-);<\/div>\n<div>Tomku, Twoja tajemnicza osobowo\u015b\u0107 i niezwyk\u0142o\u015b\u0107 by\u0142y\/s\u0105 dla mnie wielk\u0105 inspiracj\u0105. Jeste\u015b wzorem dla wszystkich m\u0119\u017cczyzn Nowego Czasu. Pozna\u0107 Ciebie rycerzu Madzi, to wielki zaszczyt. Dzi\u0119kuj\u0119 :).&nbsp;<\/div>\n<div>Piotrusiu, Ty m\u00f3j Anio\u0142ku, jest w Tobie tyle dobroci i \u0142agodno\u015bci, \u017ce a\u017c dech zapiera w piersiach. Twoja KOBIETA to niesamowita szcz\u0119\u015bciara :). Zaszczytem by\u0142o Ci\u0119 pozna\u0107. Mam nadziej\u0119, \u017ce wkr\u00f3tce si\u0119 zobaczymy (mam ochot\u0119 Ci\u0119 troszeczk\u0119 &#8222;rozrusza\u0107&#8221;) :);<\/div>\n<div>Andzejku, Tw\u00f3j spok\u00f3j i mi\u0142o\u015b\u0107 do Kamilki s\u0105 wzruszaj\u0105ce. Dzi\u0119kuj\u0119, \u017ce pokaza\u0142e\u015b nam jak Mi\u0142o\u015b\u0107 potrafi by\u0107 cierpliwa, wytrwa\u0142a i niewzruszona :);<\/div>\n<div>Jureczku jest taki cudowny :). Potrafisz wzrusza\u0107, a\u017c do \u0142ez. To niezwyk\u0142y dar, piel\u0119gnuj go w sobie. Tw\u00f3j ujmuj\u0105cy u\u015bmiech niech nigdy nie zchodzi z Twojej, &#8222;wiecznie m\u0142odej&#8221; twarzyczki :). Nadal wspaniale opiekuj si\u0119 Elen &#8211; Rycerzu :);&nbsp;<\/div>\n<div><\/div>\n<div>Elenko, Ty m\u00f3j cudzie \u015bwiata, c\u00f3\u017c mog\u0119 jeszcze doda\u0107 do tych wspania\u0142ych cech Twojej osobowo\u015bci, kt\u00f3re s\u0105 wychwalane na Twojej stronie (ale nie tylko) pod niebiosa ? Chyba tylko, one wszystkie razy niesko\u0144czono\u015b\u0107 i tak po wieczne czasy :). Dzi\u0119kuj\u0119 Ci kochana za wszystko. Moja wdzi\u0119czno\u015b\u0107 za Twoje wspania\u0142e cuda nie ma ko\u0144ca;<\/div>\n<div>Madziu, wiesz, \u017ce z ci\u0119\u017ckim sercem oddawa\u0142am Ci &#8222;moje&#8221; \u0142\u00f3\u017cko ? :). Dzi\u015b bez mrugni\u0119cia okiem odda\u0142abym Ci wszystkie \u0142\u00f3\u017cka \u015bwiata ( i wszech\u015bwiata :). Jeste\u015b WIELKA moja kochana Madziu. Brak mi s\u0142\u00f3w, abym potrafi\u0142a wyrazi\u0107 Tobie moj\u0105 ogomn\u0105 wdzi\u0119czno\u015b\u0107, szacunek i podziw za to, \u017ce Tu Jeste\u015b. Kochanie licz\u0119 na to, \u017ce wkr\u00f3tce si\u0119 zobaczymy :);<\/div>\n<div>Ewuniu, kruszynko WIELKA DUCHEM, jeste\u015b moim najs\u0142odszym oparciem i najukocha\u0144sz\u0105 bratow\u0105 pod s\u0142o\u0144cem. Dzi\u0119kuj\u0119 ka\u017cdego dnia, \u017ce jeste\u015b m\u00f3j cudowny Anio\u0142ku :);<\/div>\n<div>Kamilko, jeste\u015b s\u0142odka jak ciasteczko i gdybym mog\u0142a to bym Ci\u0119 kochanie schrupa\u0142a :). Kochanie masz tyle dobra, ciep\u0142a i mi\u0142o\u015bci w sobie &#8211; jeste\u015b CUDOWNA kr\u00f3lowo. Do zobaczenia :);&nbsp;<\/div>\n<div><\/div>\n<div>Pozdrawiam Was w niesko\u0144czonej Mi\u0142o\u015bci<\/div>\n<div><\/div>\n<div>Ania<\/div>\n","protected":false},"excerpt":{"rendered":"<p>Kochani &#8211; jak zawsze wiele si\u0119 dzia\u0142o, pi\u0119knych, zaskakuj\u0105cych, ciekawych rzeczy.<\/p>\n<p>Pi\u0119kne, przyjazne miejsce u Pani Lucynki, zawsze bogato zastawiony st\u00f3\u0142, \u017cyczliwi ludzie, zwierz\u0119ta, przestrze\u0144, puszcza.<\/p>\n","protected":false},"author":1,"featured_media":119,"comment_status":"open","ping_status":"open","sticky":false,"template":"","format":"standard","meta":{"footnotes":""},"categories":[4],"tags":[],"class_list":{"0":"post-120","1":"post","2":"type-post","3":"status-publish","4":"format-standard","5":"has-post-thumbnail","7":"category-warsztaty-i-wczasy","8":"czr-hentry"},"yoast_head":"<!-- This site is optimized with the Yoast SEO plugin v26.8 - https:\/\/yoast.com\/product\/yoast-seo-wordpress\/ -->\n<title>Wczasy duchowe 11-21.08.2011 - Aktualno\u015bci<\/title>\n<meta name=\"robots\" content=\"index, follow, max-snippet:-1, max-image-preview:large, max-video-preview:-1\" \/>\n<link rel=\"canonical\" href=\"https:\/\/epokaserca.pl\/aktualnosci\/wczasy-duchowe-11-2108\/\" \/>\n<meta property=\"og:locale\" content=\"pl_PL\" \/>\n<meta property=\"og:type\" content=\"article\" \/>\n<meta property=\"og:title\" content=\"Wczasy duchowe 11-21.08.2011 - Aktualno\u015bci\" \/>\n<meta property=\"og:description\" content=\"Kochani - jak zawsze wiele si\u0119 dzia\u0142o, pi\u0119knych, zaskakuj\u0105cych, ciekawych rzeczy. Pi\u0119kne, przyjazne miejsce u Pani Lucynki, zawsze bogato zastawiony st\u00f3\u0142, \u017cyczliwi ludzie, zwierz\u0119ta, przestrze\u0144, puszcza.\" \/>\n<meta property=\"og:url\" content=\"https:\/\/epokaserca.pl\/aktualnosci\/wczasy-duchowe-11-2108\/\" \/>\n<meta property=\"og:site_name\" content=\"Aktualno\u015bci\" \/>\n<meta property=\"article:published_time\" content=\"2011-08-27T20:22:50+00:00\" \/>\n<meta property=\"og:image\" content=\"https:\/\/epokaserca.pl\/aktualnosci\/wp-content\/uploads\/2011\/08\/dsc_0008.jpg\" \/>\n\t<meta property=\"og:image:width\" content=\"3872\" \/>\n\t<meta property=\"og:image:height\" content=\"2592\" \/>\n\t<meta property=\"og:image:type\" content=\"image\/jpeg\" \/>\n<meta name=\"author\" content=\"admin\" \/>\n<meta name=\"twitter:card\" content=\"summary_large_image\" \/>\n<meta name=\"twitter:label1\" content=\"Napisane przez\" \/>\n\t<meta name=\"twitter:data1\" content=\"admin\" \/>\n\t<meta name=\"twitter:label2\" content=\"Szacowany czas czytania\" \/>\n\t<meta name=\"twitter:data2\" content=\"12 minut\" \/>\n<script type=\"application\/ld+json\" class=\"yoast-schema-graph\">{\"@context\":\"https:\/\/schema.org\",\"@graph\":[{\"@type\":\"Article\",\"@id\":\"https:\/\/epokaserca.pl\/aktualnosci\/wczasy-duchowe-11-2108\/#article\",\"isPartOf\":{\"@id\":\"https:\/\/epokaserca.pl\/aktualnosci\/wczasy-duchowe-11-2108\/\"},\"author\":{\"name\":\"admin\",\"@id\":\"https:\/\/epokaserca.pl\/aktualnosci\/#\/schema\/person\/f87215bc4f757d15c7321145cbabc434\"},\"headline\":\"Wczasy duchowe 11-21.08.2011\",\"datePublished\":\"2011-08-27T20:22:50+00:00\",\"mainEntityOfPage\":{\"@id\":\"https:\/\/epokaserca.pl\/aktualnosci\/wczasy-duchowe-11-2108\/\"},\"wordCount\":2446,\"commentCount\":0,\"image\":{\"@id\":\"https:\/\/epokaserca.pl\/aktualnosci\/wczasy-duchowe-11-2108\/#primaryimage\"},\"thumbnailUrl\":\"https:\/\/epokaserca.pl\/aktualnosci\/wp-content\/uploads\/2011\/08\/dsc_0008.jpg\",\"articleSection\":[\"Warsztaty i wczasy\"],\"inLanguage\":\"pl-PL\",\"potentialAction\":[{\"@type\":\"CommentAction\",\"name\":\"Comment\",\"target\":[\"https:\/\/epokaserca.pl\/aktualnosci\/wczasy-duchowe-11-2108\/#respond\"]}]},{\"@type\":\"WebPage\",\"@id\":\"https:\/\/epokaserca.pl\/aktualnosci\/wczasy-duchowe-11-2108\/\",\"url\":\"https:\/\/epokaserca.pl\/aktualnosci\/wczasy-duchowe-11-2108\/\",\"name\":\"Wczasy duchowe 11-21.08.2011 - Aktualno\u015bci\",\"isPartOf\":{\"@id\":\"https:\/\/epokaserca.pl\/aktualnosci\/#website\"},\"primaryImageOfPage\":{\"@id\":\"https:\/\/epokaserca.pl\/aktualnosci\/wczasy-duchowe-11-2108\/#primaryimage\"},\"image\":{\"@id\":\"https:\/\/epokaserca.pl\/aktualnosci\/wczasy-duchowe-11-2108\/#primaryimage\"},\"thumbnailUrl\":\"https:\/\/epokaserca.pl\/aktualnosci\/wp-content\/uploads\/2011\/08\/dsc_0008.jpg\",\"datePublished\":\"2011-08-27T20:22:50+00:00\",\"author\":{\"@id\":\"https:\/\/epokaserca.pl\/aktualnosci\/#\/schema\/person\/f87215bc4f757d15c7321145cbabc434\"},\"breadcrumb\":{\"@id\":\"https:\/\/epokaserca.pl\/aktualnosci\/wczasy-duchowe-11-2108\/#breadcrumb\"},\"inLanguage\":\"pl-PL\",\"potentialAction\":[{\"@type\":\"ReadAction\",\"target\":[\"https:\/\/epokaserca.pl\/aktualnosci\/wczasy-duchowe-11-2108\/\"]}]},{\"@type\":\"ImageObject\",\"inLanguage\":\"pl-PL\",\"@id\":\"https:\/\/epokaserca.pl\/aktualnosci\/wczasy-duchowe-11-2108\/#primaryimage\",\"url\":\"https:\/\/epokaserca.pl\/aktualnosci\/wp-content\/uploads\/2011\/08\/dsc_0008.jpg\",\"contentUrl\":\"https:\/\/epokaserca.pl\/aktualnosci\/wp-content\/uploads\/2011\/08\/dsc_0008.jpg\",\"width\":3872,\"height\":2592,\"caption\":\"dsc_0008\"},{\"@type\":\"BreadcrumbList\",\"@id\":\"https:\/\/epokaserca.pl\/aktualnosci\/wczasy-duchowe-11-2108\/#breadcrumb\",\"itemListElement\":[{\"@type\":\"ListItem\",\"position\":1,\"name\":\"Home\",\"item\":\"https:\/\/epokaserca.pl\/aktualnosci\/\"},{\"@type\":\"ListItem\",\"position\":2,\"name\":\"Wczasy duchowe 11-21.08.2011\"}]},{\"@type\":\"WebSite\",\"@id\":\"https:\/\/epokaserca.pl\/aktualnosci\/#website\",\"url\":\"https:\/\/epokaserca.pl\/aktualnosci\/\",\"name\":\"Aktualno\u015bci\",\"description\":\"\",\"potentialAction\":[{\"@type\":\"SearchAction\",\"target\":{\"@type\":\"EntryPoint\",\"urlTemplate\":\"https:\/\/epokaserca.pl\/aktualnosci\/?s={search_term_string}\"},\"query-input\":{\"@type\":\"PropertyValueSpecification\",\"valueRequired\":true,\"valueName\":\"search_term_string\"}}],\"inLanguage\":\"pl-PL\"},{\"@type\":\"Person\",\"@id\":\"https:\/\/epokaserca.pl\/aktualnosci\/#\/schema\/person\/f87215bc4f757d15c7321145cbabc434\",\"name\":\"admin\",\"image\":{\"@type\":\"ImageObject\",\"inLanguage\":\"pl-PL\",\"@id\":\"https:\/\/epokaserca.pl\/aktualnosci\/#\/schema\/person\/image\/\",\"url\":\"https:\/\/secure.gravatar.com\/avatar\/8e51b30565ad99a9f8b25bd638d21cd1?s=96&d=mm&r=g\",\"contentUrl\":\"https:\/\/secure.gravatar.com\/avatar\/8e51b30565ad99a9f8b25bd638d21cd1?s=96&d=mm&r=g\",\"caption\":\"admin\"},\"url\":\"https:\/\/epokaserca.pl\/aktualnosci\/author\/admin\/\"}]}<\/script>\n<!-- \/ Yoast SEO plugin. -->","yoast_head_json":{"title":"Wczasy duchowe 11-21.08.2011 - Aktualno\u015bci","robots":{"index":"index","follow":"follow","max-snippet":"max-snippet:-1","max-image-preview":"max-image-preview:large","max-video-preview":"max-video-preview:-1"},"canonical":"https:\/\/epokaserca.pl\/aktualnosci\/wczasy-duchowe-11-2108\/","og_locale":"pl_PL","og_type":"article","og_title":"Wczasy duchowe 11-21.08.2011 - Aktualno\u015bci","og_description":"Kochani - jak zawsze wiele si\u0119 dzia\u0142o, pi\u0119knych, zaskakuj\u0105cych, ciekawych rzeczy. Pi\u0119kne, przyjazne miejsce u Pani Lucynki, zawsze bogato zastawiony st\u00f3\u0142, \u017cyczliwi ludzie, zwierz\u0119ta, przestrze\u0144, puszcza.","og_url":"https:\/\/epokaserca.pl\/aktualnosci\/wczasy-duchowe-11-2108\/","og_site_name":"Aktualno\u015bci","article_published_time":"2011-08-27T20:22:50+00:00","og_image":[{"width":3872,"height":2592,"url":"https:\/\/epokaserca.pl\/aktualnosci\/wp-content\/uploads\/2011\/08\/dsc_0008.jpg","type":"image\/jpeg"}],"author":"admin","twitter_card":"summary_large_image","twitter_misc":{"Napisane przez":"admin","Szacowany czas czytania":"12 minut"},"schema":{"@context":"https:\/\/schema.org","@graph":[{"@type":"Article","@id":"https:\/\/epokaserca.pl\/aktualnosci\/wczasy-duchowe-11-2108\/#article","isPartOf":{"@id":"https:\/\/epokaserca.pl\/aktualnosci\/wczasy-duchowe-11-2108\/"},"author":{"name":"admin","@id":"https:\/\/epokaserca.pl\/aktualnosci\/#\/schema\/person\/f87215bc4f757d15c7321145cbabc434"},"headline":"Wczasy duchowe 11-21.08.2011","datePublished":"2011-08-27T20:22:50+00:00","mainEntityOfPage":{"@id":"https:\/\/epokaserca.pl\/aktualnosci\/wczasy-duchowe-11-2108\/"},"wordCount":2446,"commentCount":0,"image":{"@id":"https:\/\/epokaserca.pl\/aktualnosci\/wczasy-duchowe-11-2108\/#primaryimage"},"thumbnailUrl":"https:\/\/epokaserca.pl\/aktualnosci\/wp-content\/uploads\/2011\/08\/dsc_0008.jpg","articleSection":["Warsztaty i wczasy"],"inLanguage":"pl-PL","potentialAction":[{"@type":"CommentAction","name":"Comment","target":["https:\/\/epokaserca.pl\/aktualnosci\/wczasy-duchowe-11-2108\/#respond"]}]},{"@type":"WebPage","@id":"https:\/\/epokaserca.pl\/aktualnosci\/wczasy-duchowe-11-2108\/","url":"https:\/\/epokaserca.pl\/aktualnosci\/wczasy-duchowe-11-2108\/","name":"Wczasy duchowe 11-21.08.2011 - Aktualno\u015bci","isPartOf":{"@id":"https:\/\/epokaserca.pl\/aktualnosci\/#website"},"primaryImageOfPage":{"@id":"https:\/\/epokaserca.pl\/aktualnosci\/wczasy-duchowe-11-2108\/#primaryimage"},"image":{"@id":"https:\/\/epokaserca.pl\/aktualnosci\/wczasy-duchowe-11-2108\/#primaryimage"},"thumbnailUrl":"https:\/\/epokaserca.pl\/aktualnosci\/wp-content\/uploads\/2011\/08\/dsc_0008.jpg","datePublished":"2011-08-27T20:22:50+00:00","author":{"@id":"https:\/\/epokaserca.pl\/aktualnosci\/#\/schema\/person\/f87215bc4f757d15c7321145cbabc434"},"breadcrumb":{"@id":"https:\/\/epokaserca.pl\/aktualnosci\/wczasy-duchowe-11-2108\/#breadcrumb"},"inLanguage":"pl-PL","potentialAction":[{"@type":"ReadAction","target":["https:\/\/epokaserca.pl\/aktualnosci\/wczasy-duchowe-11-2108\/"]}]},{"@type":"ImageObject","inLanguage":"pl-PL","@id":"https:\/\/epokaserca.pl\/aktualnosci\/wczasy-duchowe-11-2108\/#primaryimage","url":"https:\/\/epokaserca.pl\/aktualnosci\/wp-content\/uploads\/2011\/08\/dsc_0008.jpg","contentUrl":"https:\/\/epokaserca.pl\/aktualnosci\/wp-content\/uploads\/2011\/08\/dsc_0008.jpg","width":3872,"height":2592,"caption":"dsc_0008"},{"@type":"BreadcrumbList","@id":"https:\/\/epokaserca.pl\/aktualnosci\/wczasy-duchowe-11-2108\/#breadcrumb","itemListElement":[{"@type":"ListItem","position":1,"name":"Home","item":"https:\/\/epokaserca.pl\/aktualnosci\/"},{"@type":"ListItem","position":2,"name":"Wczasy duchowe 11-21.08.2011"}]},{"@type":"WebSite","@id":"https:\/\/epokaserca.pl\/aktualnosci\/#website","url":"https:\/\/epokaserca.pl\/aktualnosci\/","name":"Aktualno\u015bci","description":"","potentialAction":[{"@type":"SearchAction","target":{"@type":"EntryPoint","urlTemplate":"https:\/\/epokaserca.pl\/aktualnosci\/?s={search_term_string}"},"query-input":{"@type":"PropertyValueSpecification","valueRequired":true,"valueName":"search_term_string"}}],"inLanguage":"pl-PL"},{"@type":"Person","@id":"https:\/\/epokaserca.pl\/aktualnosci\/#\/schema\/person\/f87215bc4f757d15c7321145cbabc434","name":"admin","image":{"@type":"ImageObject","inLanguage":"pl-PL","@id":"https:\/\/epokaserca.pl\/aktualnosci\/#\/schema\/person\/image\/","url":"https:\/\/secure.gravatar.com\/avatar\/8e51b30565ad99a9f8b25bd638d21cd1?s=96&d=mm&r=g","contentUrl":"https:\/\/secure.gravatar.com\/avatar\/8e51b30565ad99a9f8b25bd638d21cd1?s=96&d=mm&r=g","caption":"admin"},"url":"https:\/\/epokaserca.pl\/aktualnosci\/author\/admin\/"}]}},"_links":{"self":[{"href":"https:\/\/epokaserca.pl\/aktualnosci\/wp-json\/wp\/v2\/posts\/120","targetHints":{"allow":["GET"]}}],"collection":[{"href":"https:\/\/epokaserca.pl\/aktualnosci\/wp-json\/wp\/v2\/posts"}],"about":[{"href":"https:\/\/epokaserca.pl\/aktualnosci\/wp-json\/wp\/v2\/types\/post"}],"author":[{"embeddable":true,"href":"https:\/\/epokaserca.pl\/aktualnosci\/wp-json\/wp\/v2\/users\/1"}],"replies":[{"embeddable":true,"href":"https:\/\/epokaserca.pl\/aktualnosci\/wp-json\/wp\/v2\/comments?post=120"}],"version-history":[{"count":0,"href":"https:\/\/epokaserca.pl\/aktualnosci\/wp-json\/wp\/v2\/posts\/120\/revisions"}],"wp:featuredmedia":[{"embeddable":true,"href":"https:\/\/epokaserca.pl\/aktualnosci\/wp-json\/wp\/v2\/media\/119"}],"wp:attachment":[{"href":"https:\/\/epokaserca.pl\/aktualnosci\/wp-json\/wp\/v2\/media?parent=120"}],"wp:term":[{"taxonomy":"category","embeddable":true,"href":"https:\/\/epokaserca.pl\/aktualnosci\/wp-json\/wp\/v2\/categories?post=120"},{"taxonomy":"post_tag","embeddable":true,"href":"https:\/\/epokaserca.pl\/aktualnosci\/wp-json\/wp\/v2\/tags?post=120"}],"curies":[{"name":"wp","href":"https:\/\/api.w.org\/{rel}","templated":true}]}}