{"id":1201,"date":"2016-06-01T20:16:28","date_gmt":"2016-06-01T20:16:28","guid":{"rendered":"https:\/\/epokaserca.pl\/aktualnosci\/index.php\/2016\/06\/01\/1-czerwca-2016\/"},"modified":"2016-06-01T20:16:28","modified_gmt":"2016-06-01T20:16:28","slug":"1-czerwca-2016","status":"publish","type":"post","link":"https:\/\/epokaserca.pl\/aktualnosci\/1-czerwca-2016\/","title":{"rendered":"1 czerwca 2016"},"content":{"rendered":"<p style=\"margin-bottom: 6px; font-family: helvetica, arial, sans-serif; color: #1d2129; font-size: 14px; line-height: 19.32px;\">KOCHANI &#8211; otrzyma\u0142am e-mail od Tomka z pro\u015bb\u0105 o publikacj\u0119, co niniejszym czyni\u0119.&nbsp;<i class=\"_lew\" title=\"Emotikon heart\"><i class=\"_4-k1 img sp_fM-mz8spZ1b sx_62a652\" aria-hidden=\"true\" style=\"display: inline-block; height: 16px; width: 16px; vertical-align: -3px; background-image: url('https:\/\/www.facebook.com\/rsrc.php\/v2\/yx\/r\/pimRBh7B6ER.png'); background-position: 0px -204px; background-repeat: no-repeat;\"><span style=\"left: -999999px; position: absolute; text-decoration: underline;\">&lt;3<\/span><\/i><\/i><\/p>\n<p style=\"margin-top: 6px; margin-bottom: 6px; font-family: helvetica, arial, sans-serif; color: #1d2129; font-size: 14px; line-height: 19.32px;\">Powodem napisania tego listu by\u0142a poni\u017csza sesja, a szczeg\u00f3lnie fragment od ok. 45min do ok. 1:05 godz. Prosz\u0119 wys\u0142ucha\u0107 uwa\u017cnie i czyta\u0107 dalej.<br \/><a href=\"https:\/\/www.youtube.com\/watch?v=tgwIvU_y86Q\" target=\"_blank\" rel=\"nofollow noopener noreferrer\" style=\"color: #365899; cursor: pointer; font-family: inherit;\">https:\/\/www.youtube.com\/watch?v=tgwIvU_y86Q<\/a><\/p>\n<div class=\"text_exposed_show\" style=\"display: inline; font-family: helvetica, arial, sans-serif; color: #1d2129; font-size: 14px; line-height: 19.32px;\">\n<p style=\"margin-bottom: 6px; font-family: inherit; letter-spacing: inherit;\">Chcia\u0142bym zaprosi\u0107 wszystkich, kt\u00f3rzy chc\u0105 wesprze\u0107 proces zmian do uczynienia tego i po\u0142\u0105czenia si\u0142. Patrz\u0105c na program \u015aDM wydaje mi si\u0119, \u017ce Msza z papie\u017cem Franciszkiem w niedziel\u0119 31 lipca prawdopodobnie o 10 jest najlepszym momentem na wsp\u00f3ln\u0105 modlitw\u0119\/medytacj\u0119.<br \/>Pisz\u0119 to wcze\u015bniej, aby ka\u017cdy kto chce m\u00f3g\u0142 przemy\u015ble\u0107 wszystkie trudno\u015bci wewn\u0119trzne i zarezerwowa\u0107 sobie czas.<br \/>Celem wsp\u00f3lnej modlitwy\/medytacji jest przemiana, wsparcie jej :<\/p>\n<p style=\"margin-top: 6px; margin-bottom: 6px; font-family: inherit; letter-spacing: inherit;\">Nowy Cz\u0142owiek, Nowa Ziemia,<br \/>Nowa Polska, Nowy \u015awiat,<br \/>Wolni Ludzie<\/p>\n<p style=\"margin-top: 6px; margin-bottom: 6px; font-family: inherit; letter-spacing: inherit;\">Dlatego<br \/>je\u015bli kogo\u015b wykluczasz, przemy\u015bl to,<br \/>je\u015bli uznajesz kogo\u015b za nieprzebudzonego, przemy\u015bl to,<br \/>je\u015bli nie mo\u017cesz zjednoczy\u0107 si\u0119 z kim\u015b w modlitwie przemy\u015bl to,<br \/>je\u015bli zamykasz serce na bycie razem zastan\u00f3w si\u0119.<\/p>\n<p style=\"margin-top: 6px; margin-bottom: 6px; font-family: inherit; letter-spacing: inherit;\">Nie organizuje wyjazdu do Krakowa. Zak\u0142adam, ze msza b\u0119dzie transmitowana w telewizji, wi\u0119c dla lepszego kontaktu proponuje ogl\u0105danie i duchowe do\u0142\u0105czenie do uczestnik\u00f3w mszy i wszystkich modl\u0105cych si\u0119 i medytuj\u0105cych. Przypuszczalny czas trwania mszy to ok. 2 godziny.<br \/>Tyle os\u00f3b modl\u0105cych si\u0119 razem jest darem.<\/p>\n<p style=\"margin-top: 6px; margin-bottom: 6px; font-family: inherit; letter-spacing: inherit;\">Pozdrawiam wszystkich Tomek<\/p>\n<p style=\"margin-top: 6px; margin-bottom: 6px; font-family: inherit; letter-spacing: inherit;\">kontakt: <a href=\"mailto:tomek.sdm.krakow@o2.pl\">tomek.sdm.krakow@o2.pl<\/a><\/p>\n<\/p><\/div>\n","protected":false},"excerpt":{"rendered":"<p>KOCHANI &#8211; otrzyma\u0142am e-mail od Tomka z pro\u015bb\u0105 o publikacj\u0119, co niniejszym czyni\u0119.&nbsp;&lt;3 Powodem napisania tego listu by\u0142a poni\u017csza sesja, a szczeg\u00f3lnie fragment od ok. 45min do ok. 1:05 godz. Prosz\u0119 wys\u0142ucha\u0107 uwa\u017cnie i czyta\u0107 dalej.https:\/\/www.youtube.com\/watch?v=tgwIvU_y86Q Chcia\u0142bym zaprosi\u0107 wszystkich, kt\u00f3rzy chc\u0105 wesprze\u0107 proces zmian do uczynienia tego i po\u0142\u0105czenia si\u0142. Patrz\u0105c na program \u015aDM wydaje [&hellip;]<\/p>\n","protected":false},"author":1,"featured_media":0,"comment_status":"open","ping_status":"open","sticky":false,"template":"","format":"standard","meta":{"footnotes":""},"categories":[5],"tags":[],"class_list":{"0":"post-1201","1":"post","2":"type-post","3":"status-publish","4":"format-standard","6":"category-aktualnosci","7":"czr-hentry"},"yoast_head":"<!-- This site is optimized with the Yoast SEO plugin v26.8 - https:\/\/yoast.com\/product\/yoast-seo-wordpress\/ -->\n<title>1 czerwca 2016 - Aktualno\u015bci<\/title>\n<meta name=\"robots\" content=\"index, follow, max-snippet:-1, max-image-preview:large, max-video-preview:-1\" \/>\n<link rel=\"canonical\" href=\"https:\/\/epokaserca.pl\/aktualnosci\/1-czerwca-2016\/\" \/>\n<meta property=\"og:locale\" content=\"pl_PL\" \/>\n<meta property=\"og:type\" content=\"article\" \/>\n<meta property=\"og:title\" content=\"1 czerwca 2016 - Aktualno\u015bci\" \/>\n<meta property=\"og:description\" content=\"KOCHANI &#8211; otrzyma\u0142am e-mail od Tomka z pro\u015bb\u0105 o publikacj\u0119, co niniejszym czyni\u0119.&nbsp;&lt;3 Powodem napisania tego listu by\u0142a poni\u017csza sesja, a szczeg\u00f3lnie fragment od ok. 45min do ok. 1:05 godz. Prosz\u0119 wys\u0142ucha\u0107 uwa\u017cnie i czyta\u0107 dalej.https:\/\/www.youtube.com\/watch?v=tgwIvU_y86Q Chcia\u0142bym zaprosi\u0107 wszystkich, kt\u00f3rzy chc\u0105 wesprze\u0107 proces zmian do uczynienia tego i po\u0142\u0105czenia si\u0142. Patrz\u0105c na program \u015aDM wydaje [&hellip;]\" \/>\n<meta property=\"og:url\" content=\"https:\/\/epokaserca.pl\/aktualnosci\/1-czerwca-2016\/\" \/>\n<meta property=\"og:site_name\" content=\"Aktualno\u015bci\" \/>\n<meta property=\"article:published_time\" content=\"2016-06-01T20:16:28+00:00\" \/>\n<meta name=\"author\" content=\"admin\" \/>\n<meta name=\"twitter:card\" content=\"summary_large_image\" \/>\n<meta name=\"twitter:label1\" content=\"Napisane przez\" \/>\n\t<meta name=\"twitter:data1\" content=\"admin\" \/>\n\t<meta name=\"twitter:label2\" content=\"Szacowany czas czytania\" \/>\n\t<meta name=\"twitter:data2\" content=\"1 minuta\" \/>\n<script type=\"application\/ld+json\" class=\"yoast-schema-graph\">{\"@context\":\"https:\/\/schema.org\",\"@graph\":[{\"@type\":\"Article\",\"@id\":\"https:\/\/epokaserca.pl\/aktualnosci\/1-czerwca-2016\/#article\",\"isPartOf\":{\"@id\":\"https:\/\/epokaserca.pl\/aktualnosci\/1-czerwca-2016\/\"},\"author\":{\"name\":\"admin\",\"@id\":\"https:\/\/epokaserca.pl\/aktualnosci\/#\/schema\/person\/f87215bc4f757d15c7321145cbabc434\"},\"headline\":\"1 czerwca 2016\",\"datePublished\":\"2016-06-01T20:16:28+00:00\",\"mainEntityOfPage\":{\"@id\":\"https:\/\/epokaserca.pl\/aktualnosci\/1-czerwca-2016\/\"},\"wordCount\":243,\"commentCount\":0,\"articleSection\":[\"Aktualno\u015bci\"],\"inLanguage\":\"pl-PL\",\"potentialAction\":[{\"@type\":\"CommentAction\",\"name\":\"Comment\",\"target\":[\"https:\/\/epokaserca.pl\/aktualnosci\/1-czerwca-2016\/#respond\"]}]},{\"@type\":\"WebPage\",\"@id\":\"https:\/\/epokaserca.pl\/aktualnosci\/1-czerwca-2016\/\",\"url\":\"https:\/\/epokaserca.pl\/aktualnosci\/1-czerwca-2016\/\",\"name\":\"1 czerwca 2016 - Aktualno\u015bci\",\"isPartOf\":{\"@id\":\"https:\/\/epokaserca.pl\/aktualnosci\/#website\"},\"datePublished\":\"2016-06-01T20:16:28+00:00\",\"author\":{\"@id\":\"https:\/\/epokaserca.pl\/aktualnosci\/#\/schema\/person\/f87215bc4f757d15c7321145cbabc434\"},\"breadcrumb\":{\"@id\":\"https:\/\/epokaserca.pl\/aktualnosci\/1-czerwca-2016\/#breadcrumb\"},\"inLanguage\":\"pl-PL\",\"potentialAction\":[{\"@type\":\"ReadAction\",\"target\":[\"https:\/\/epokaserca.pl\/aktualnosci\/1-czerwca-2016\/\"]}]},{\"@type\":\"BreadcrumbList\",\"@id\":\"https:\/\/epokaserca.pl\/aktualnosci\/1-czerwca-2016\/#breadcrumb\",\"itemListElement\":[{\"@type\":\"ListItem\",\"position\":1,\"name\":\"Home\",\"item\":\"https:\/\/epokaserca.pl\/aktualnosci\/\"},{\"@type\":\"ListItem\",\"position\":2,\"name\":\"1 czerwca 2016\"}]},{\"@type\":\"WebSite\",\"@id\":\"https:\/\/epokaserca.pl\/aktualnosci\/#website\",\"url\":\"https:\/\/epokaserca.pl\/aktualnosci\/\",\"name\":\"Aktualno\u015bci\",\"description\":\"\",\"potentialAction\":[{\"@type\":\"SearchAction\",\"target\":{\"@type\":\"EntryPoint\",\"urlTemplate\":\"https:\/\/epokaserca.pl\/aktualnosci\/?s={search_term_string}\"},\"query-input\":{\"@type\":\"PropertyValueSpecification\",\"valueRequired\":true,\"valueName\":\"search_term_string\"}}],\"inLanguage\":\"pl-PL\"},{\"@type\":\"Person\",\"@id\":\"https:\/\/epokaserca.pl\/aktualnosci\/#\/schema\/person\/f87215bc4f757d15c7321145cbabc434\",\"name\":\"admin\",\"image\":{\"@type\":\"ImageObject\",\"inLanguage\":\"pl-PL\",\"@id\":\"https:\/\/epokaserca.pl\/aktualnosci\/#\/schema\/person\/image\/\",\"url\":\"https:\/\/secure.gravatar.com\/avatar\/8e51b30565ad99a9f8b25bd638d21cd1?s=96&d=mm&r=g\",\"contentUrl\":\"https:\/\/secure.gravatar.com\/avatar\/8e51b30565ad99a9f8b25bd638d21cd1?s=96&d=mm&r=g\",\"caption\":\"admin\"},\"url\":\"https:\/\/epokaserca.pl\/aktualnosci\/author\/admin\/\"}]}<\/script>\n<!-- \/ Yoast SEO plugin. -->","yoast_head_json":{"title":"1 czerwca 2016 - Aktualno\u015bci","robots":{"index":"index","follow":"follow","max-snippet":"max-snippet:-1","max-image-preview":"max-image-preview:large","max-video-preview":"max-video-preview:-1"},"canonical":"https:\/\/epokaserca.pl\/aktualnosci\/1-czerwca-2016\/","og_locale":"pl_PL","og_type":"article","og_title":"1 czerwca 2016 - Aktualno\u015bci","og_description":"KOCHANI &#8211; otrzyma\u0142am e-mail od Tomka z pro\u015bb\u0105 o publikacj\u0119, co niniejszym czyni\u0119.&nbsp;&lt;3 Powodem napisania tego listu by\u0142a poni\u017csza sesja, a szczeg\u00f3lnie fragment od ok. 45min do ok. 1:05 godz. Prosz\u0119 wys\u0142ucha\u0107 uwa\u017cnie i czyta\u0107 dalej.https:\/\/www.youtube.com\/watch?v=tgwIvU_y86Q Chcia\u0142bym zaprosi\u0107 wszystkich, kt\u00f3rzy chc\u0105 wesprze\u0107 proces zmian do uczynienia tego i po\u0142\u0105czenia si\u0142. Patrz\u0105c na program \u015aDM wydaje [&hellip;]","og_url":"https:\/\/epokaserca.pl\/aktualnosci\/1-czerwca-2016\/","og_site_name":"Aktualno\u015bci","article_published_time":"2016-06-01T20:16:28+00:00","author":"admin","twitter_card":"summary_large_image","twitter_misc":{"Napisane przez":"admin","Szacowany czas czytania":"1 minuta"},"schema":{"@context":"https:\/\/schema.org","@graph":[{"@type":"Article","@id":"https:\/\/epokaserca.pl\/aktualnosci\/1-czerwca-2016\/#article","isPartOf":{"@id":"https:\/\/epokaserca.pl\/aktualnosci\/1-czerwca-2016\/"},"author":{"name":"admin","@id":"https:\/\/epokaserca.pl\/aktualnosci\/#\/schema\/person\/f87215bc4f757d15c7321145cbabc434"},"headline":"1 czerwca 2016","datePublished":"2016-06-01T20:16:28+00:00","mainEntityOfPage":{"@id":"https:\/\/epokaserca.pl\/aktualnosci\/1-czerwca-2016\/"},"wordCount":243,"commentCount":0,"articleSection":["Aktualno\u015bci"],"inLanguage":"pl-PL","potentialAction":[{"@type":"CommentAction","name":"Comment","target":["https:\/\/epokaserca.pl\/aktualnosci\/1-czerwca-2016\/#respond"]}]},{"@type":"WebPage","@id":"https:\/\/epokaserca.pl\/aktualnosci\/1-czerwca-2016\/","url":"https:\/\/epokaserca.pl\/aktualnosci\/1-czerwca-2016\/","name":"1 czerwca 2016 - Aktualno\u015bci","isPartOf":{"@id":"https:\/\/epokaserca.pl\/aktualnosci\/#website"},"datePublished":"2016-06-01T20:16:28+00:00","author":{"@id":"https:\/\/epokaserca.pl\/aktualnosci\/#\/schema\/person\/f87215bc4f757d15c7321145cbabc434"},"breadcrumb":{"@id":"https:\/\/epokaserca.pl\/aktualnosci\/1-czerwca-2016\/#breadcrumb"},"inLanguage":"pl-PL","potentialAction":[{"@type":"ReadAction","target":["https:\/\/epokaserca.pl\/aktualnosci\/1-czerwca-2016\/"]}]},{"@type":"BreadcrumbList","@id":"https:\/\/epokaserca.pl\/aktualnosci\/1-czerwca-2016\/#breadcrumb","itemListElement":[{"@type":"ListItem","position":1,"name":"Home","item":"https:\/\/epokaserca.pl\/aktualnosci\/"},{"@type":"ListItem","position":2,"name":"1 czerwca 2016"}]},{"@type":"WebSite","@id":"https:\/\/epokaserca.pl\/aktualnosci\/#website","url":"https:\/\/epokaserca.pl\/aktualnosci\/","name":"Aktualno\u015bci","description":"","potentialAction":[{"@type":"SearchAction","target":{"@type":"EntryPoint","urlTemplate":"https:\/\/epokaserca.pl\/aktualnosci\/?s={search_term_string}"},"query-input":{"@type":"PropertyValueSpecification","valueRequired":true,"valueName":"search_term_string"}}],"inLanguage":"pl-PL"},{"@type":"Person","@id":"https:\/\/epokaserca.pl\/aktualnosci\/#\/schema\/person\/f87215bc4f757d15c7321145cbabc434","name":"admin","image":{"@type":"ImageObject","inLanguage":"pl-PL","@id":"https:\/\/epokaserca.pl\/aktualnosci\/#\/schema\/person\/image\/","url":"https:\/\/secure.gravatar.com\/avatar\/8e51b30565ad99a9f8b25bd638d21cd1?s=96&d=mm&r=g","contentUrl":"https:\/\/secure.gravatar.com\/avatar\/8e51b30565ad99a9f8b25bd638d21cd1?s=96&d=mm&r=g","caption":"admin"},"url":"https:\/\/epokaserca.pl\/aktualnosci\/author\/admin\/"}]}},"_links":{"self":[{"href":"https:\/\/epokaserca.pl\/aktualnosci\/wp-json\/wp\/v2\/posts\/1201","targetHints":{"allow":["GET"]}}],"collection":[{"href":"https:\/\/epokaserca.pl\/aktualnosci\/wp-json\/wp\/v2\/posts"}],"about":[{"href":"https:\/\/epokaserca.pl\/aktualnosci\/wp-json\/wp\/v2\/types\/post"}],"author":[{"embeddable":true,"href":"https:\/\/epokaserca.pl\/aktualnosci\/wp-json\/wp\/v2\/users\/1"}],"replies":[{"embeddable":true,"href":"https:\/\/epokaserca.pl\/aktualnosci\/wp-json\/wp\/v2\/comments?post=1201"}],"version-history":[{"count":0,"href":"https:\/\/epokaserca.pl\/aktualnosci\/wp-json\/wp\/v2\/posts\/1201\/revisions"}],"wp:attachment":[{"href":"https:\/\/epokaserca.pl\/aktualnosci\/wp-json\/wp\/v2\/media?parent=1201"}],"wp:term":[{"taxonomy":"category","embeddable":true,"href":"https:\/\/epokaserca.pl\/aktualnosci\/wp-json\/wp\/v2\/categories?post=1201"},{"taxonomy":"post_tag","embeddable":true,"href":"https:\/\/epokaserca.pl\/aktualnosci\/wp-json\/wp\/v2\/tags?post=1201"}],"curies":[{"name":"wp","href":"https:\/\/api.w.org\/{rel}","templated":true}]}}