{"id":1218,"date":"2016-06-26T18:23:39","date_gmt":"2016-06-26T18:23:39","guid":{"rendered":"https:\/\/epokaserca.pl\/aktualnosci\/index.php\/2016\/06\/26\/25-czerwca-2016\/"},"modified":"2016-06-26T18:23:39","modified_gmt":"2016-06-26T18:23:39","slug":"25-czerwca-2016","status":"publish","type":"post","link":"https:\/\/epokaserca.pl\/aktualnosci\/25-czerwca-2016\/","title":{"rendered":"25 czerwca 2016"},"content":{"rendered":"<p style=\"margin-bottom: 6px; font-family: helvetica, arial, sans-serif; color: #1d2129; font-size: 14px; line-height: 19.32px;\">Harmonia Kosmosu &#8211; za mn\u0105.BY\u0141O UPALNIE &#8230;.uff&#8230;.<br \/>Temat wyk\u0142adu, kt\u00f3ry przygotowa\u0142am &#8211; &#8222;Zrozumie\u0107 Mi\u0142o\u015b\u0107, wyj\u015b\u0107 poza czas i przestrze\u0144, sta\u0107 si\u0119 jedno\u015bci\u0105.&#8221;&#8230;zosta\u0142 troszk\u0119 skorygowany przez Ducha.<br \/>Kocham to prowadzenie, gdy\u017c jest to najwspanialszy akt mi\u0142o\u015bci. Gdy akt mi\u0119dzy kobiet\u0105 i m\u0119\u017cczyzn\u0105 nie jest kontrolowany, lecz oboje poddaj\u0105 si\u0119 Duchowi, energie ta\u0144cz\u0105 w rytmie wszech\u015bwiata, dzieje si\u0119 cud zjednoczenia, jeden rytm, jeden oddech&#8230;&#8230;&#8230;<br \/>Tak samo dzieje si\u0119 gdy p<span class=\"text_exposed_show\" style=\"display: inline; font-family: inherit;\">oddaj\u0119 si\u0119 prowadzeniu Ducha&#8230;<br \/>i On podpowiedzia\u0142&#8230;&#8230;&#8230;..<\/span><\/p>\n<div class=\"text_exposed_show\" style=\"display: inline; font-family: helvetica, arial, sans-serif; color: #1d2129; font-size: 14px; line-height: 19.32px;\">\n<p style=\"margin-bottom: 6px; font-family: inherit;\">By\u0142 oczywi\u015bcie wyk\u0142ad, ale te\u017c uczestniczyli s\u0142uchacze. Zrobili\u015bmy ma\u0142e do\u015bwiadczenie, aby zobrazowa\u0107 istot\u0119 Jedno\u015bci, by\u0142a ma\u0142a medytacja rozszerzenia, fragment z ksi\u0105\u017cki &#8222;Dla Mi\u0142o\u015bci Stworzeni&#8221; oraz jedna z opowie\u015bci , z ksi\u0105\u017cki &#8222;Ta\u0144cz\u0105c \u017bycie&#8221;, a tak\u017ce kilka wierszy z tomiku &#8222;W \u0142agodno\u015bci serca&#8221;. Fragmenty czyta\u0142a moja przyjaci\u00f3\u0142ka Aganieszka. Ka\u017cdy tekst by\u0142 otwierany na &#8222;chybi\u0142 trafi\u0142&#8221; a jednak w pe\u0142ni harmonizowa\u0142 z tematem wyk\u0142adu.<\/p>\n<p style=\"margin-top: 6px; margin-bottom: 6px; font-family: inherit;\">Po wyk\u0142adzie podszed\u0142 m\u0119\u017cczyzna i powiedzia\u0142: &#8222;Dzi\u0119kuj\u0119, znale\u017ali\u015bmy si\u0119 z \u017con\u0105 chyba tylko z powodu Twojego wyk\u0142adu, by\u0142 on tylko przeznaczony dla nas, tak wiele zrozumieli\u015bmy.<br \/>I cho\u0107by dla tego jednego zdania, a przecie\u017c by\u0142o wi\u0119cej mi\u0142ych podzi\u0119kowa\u0144, warto by\u0142o poby\u0107 w ogromnym upale namiotu, gdzie odbywa\u0142o si\u0119 nasze spotkanie.<\/p>\n<p style=\"margin-top: 6px; margin-bottom: 6px; font-family: inherit;\">Gdy s\u0142ysz\u0119 podzi\u0119kowania czuje si\u0119 za\u017cenowana, gdy\u017c przecie\u017c TO M\u00d3J OBLUBIENIEC ta\u0144czy przeze mnie sw\u00f3j taniec mi\u0142o\u015bci.<br \/>Nie moja w tym zas\u0142uga&#8230;..no mo\u017ce tylko jedna&#8230;..moje oddanie w jego ramiona i prowadzenie.<br \/>By\u0142y pi\u0119kne spotkania z lud\u017ami, pi\u0119kne chwile&#8230;..mi\u0142e u\u015bmiechy i ciekawe s\u0142owa&#8230;&#8230;czy mog\u0119 si\u0119 przytuli\u0107&#8230;&#8230;i dzia\u0142o si\u0119 przytulanie z osobami, kt\u00f3rych nie znam, a kt\u00f3re s\u0105 przecie\u017c cz\u0119\u015bci\u0105 mnie.<\/p>\n<p style=\"margin-top: 6px; margin-bottom: 6px; font-family: inherit;\">Wspania\u0142e miejsce noclegowe, ciche, &#8222;ZIELONE WZ\u00d3RZE&#8221;\/polecam\/.<br \/>Dzi\u0119kuj\u0119 mojemu przycielowi Andrzejowi za pomoc, Aguni za rozmowy, pomoc w wyk\u0142adzie, Aguni \/innej\/, oraz Paw\u0142owi za wsp\u00f3lne \u015bniadania.<br \/>I Wam Kochani, kt\u00f3rych spotka\u0142am i tym, kt\u00f3rzy uczestniczyli w wyk\u0142adzie,&nbsp;<i class=\"_lew\" title=\"Emotikon heart\"><i class=\"_4-k1 img sp_fM-mz8spZ1b sx_62a652\" aria-hidden=\"true\" style=\"display: inline-block; height: 16px; width: 16px; vertical-align: -3px; background-image: url('https:\/\/www.facebook.com\/rsrc.php\/v2\/yx\/r\/pimRBh7B6ER.png'); background-position: 0px -204px; background-repeat: no-repeat;\"><\/i><span class=\"_4mcd\" aria-hidden=\"true\" style=\"font-size: 0px; font-family: inherit;\">&lt;3<\/span><\/i><br \/>Ma by\u0107 nagranie z wyk\u0142adu w Telewizji Niezale\u017cnej Janusza Zag\u00f3rskiego, cho\u0107 by\u0142y jakie\u015b ma\u0142e problemy z bateriami&nbsp;<i class=\"_lew\" title=\"Emotikon grin\"><i class=\"_4-k1 img sp_fM-mz8spZ1b sx_d580ab\" aria-hidden=\"true\" style=\"display: inline-block; height: 16px; width: 16px; vertical-align: -3px; background-image: url('https:\/\/www.facebook.com\/rsrc.php\/v2\/yx\/r\/pimRBh7B6ER.png'); background-position: 0px -170px; background-repeat: no-repeat;\"><\/i><span class=\"_4mcd\" aria-hidden=\"true\" style=\"font-size: 0px; font-family: inherit;\">\ud83d\ude00<\/span><\/i>&nbsp;<i class=\"_lew\" title=\"Emotikon grin\"><i class=\"_4-k1 img sp_fM-mz8spZ1b sx_d580ab\" aria-hidden=\"true\" style=\"display: inline-block; height: 16px; width: 16px; vertical-align: -3px; background-image: url('https:\/\/www.facebook.com\/rsrc.php\/v2\/yx\/r\/pimRBh7B6ER.png'); background-position: 0px -170px; background-repeat: no-repeat;\"><\/i><span class=\"_4mcd\" aria-hidden=\"true\" style=\"font-size: 0px; font-family: inherit;\">\ud83d\ude00<\/span><\/i>&nbsp;<i class=\"_lew\" title=\"Emotikon grin\"><i class=\"_4-k1 img sp_fM-mz8spZ1b sx_d580ab\" aria-hidden=\"true\" style=\"display: inline-block; height: 16px; width: 16px; vertical-align: -3px; background-image: url('https:\/\/www.facebook.com\/rsrc.php\/v2\/yx\/r\/pimRBh7B6ER.png'); background-position: 0px -170px; background-repeat: no-repeat;\"><\/i><span class=\"_4mcd\" aria-hidden=\"true\" style=\"font-size: 0px; font-family: inherit;\">\ud83d\ude00<\/span><\/i><\/p>\n<p style=\"margin-top: 6px; margin-bottom: 6px; font-family: inherit;\">MI\u0141O\u015a\u0106 TO ZA MA\u0141O<\/p>\n<p style=\"margin-top: 6px; margin-bottom: 6px; font-family: inherit;\">Kocha\u0107<br \/>to wci\u0105\u017c ma\u0142o Bo\u017ce<br \/>daj mi jeszcze, jeszcze<br \/>umi\u0142owaniem<br \/>ogarn\u0105\u0107 \u015bwiat<br \/>niech moje serce<br \/>w najwi\u0119kszej pokorze<br \/>zdob\u0119dzie<br \/>mi\u0142o\u015bci laur<br \/>to wci\u0105\u017c za ma\u0142o<br \/>Bo\u017ce m\u00f3j<br \/>wci\u0105\u017c ma\u0142o tej mi\u0142o\u015bci<br \/>niech p\u0142ynie&nbsp;<br \/>z serc do serc<br \/>dla chwa\u0142y Twej<br \/>i Ziemi doros\u0142o\u015bci<br \/>tak wiele da\u0142e\u015b nam<br \/>pi\u0119kna tak niezliczone<br \/>wi\u0119c pozw\u00f3l mi<br \/>poczu\u0107 to<br \/>co uwielbieniem \u017cycia jest<br \/>i daj mi \u015bwiat\u0142o\u015b\u0107<br \/>Twej \u015bwiat\u0142o\u015bci<br \/>umi\u0142owan\u0105 daj mi by\u0107<br \/>abym mi\u0142owa\u0107 mog\u0142a<br \/>wszystko<br \/>i \u015bwiat\u0142em tak jak Ty<br \/>ju\u017c BY\u0106<br \/>mi\u0142o\u015bci\u0105 Twoj\u0105<br \/>t\u0105 tak pot\u0119\u017cn\u0105<br \/>nieograniczon\u0105<br \/>w pot\u0119dze by\u0107<br \/>lecz i w skromno\u015bci<br \/>i s\u0142u\u017cbie swej<br \/>jak dla nas jeste\u015b Ty<br \/>roz\u0142o\u017cy\u0107 chc\u0119 ju\u017c<br \/>skrzyd\u0142a moje<br \/>i wznie\u015b\u0107 si\u0119<br \/>z anio\u0142ami ta\u0144czy\u0107 wraz<br \/>istnieniem boskim moim<br \/>naznacza\u0107 wieczno\u015bci czas<br \/>wzmocnij mnie<br \/>nape\u0142nij \u015bwiat\u0142em<br \/>prosz\u0119 pozw\u00f3l mi<br \/>bo kocha\u0107&nbsp;<br \/>to wci\u0105\u017c za ma\u0142o<br \/>uwielbieniem&nbsp;<br \/>pozw\u00f3l mi BY\u0106.<\/p>\n<\/p><\/div>\n","protected":false},"excerpt":{"rendered":"<p>Harmonia Kosmosu &#8211; za mn\u0105.BY\u0141O UPALNIE &#8230;.uff&#8230;.Temat wyk\u0142adu, kt\u00f3ry przygotowa\u0142am &#8211; &#8222;Zrozumie\u0107 Mi\u0142o\u015b\u0107, wyj\u015b\u0107 poza czas i przestrze\u0144, sta\u0107 si\u0119 jedno\u015bci\u0105.&#8221;&#8230;zosta\u0142 troszk\u0119 skorygowany przez Ducha.Kocham to prowadzenie, gdy\u017c jest to najwspanialszy akt mi\u0142o\u015bci. Gdy akt mi\u0119dzy kobiet\u0105 i m\u0119\u017cczyzn\u0105 nie jest kontrolowany, lecz oboje poddaj\u0105 si\u0119 Duchowi, energie ta\u0144cz\u0105 w rytmie wszech\u015bwiata, dzieje si\u0119 cud [&hellip;]<\/p>\n","protected":false},"author":1,"featured_media":0,"comment_status":"open","ping_status":"open","sticky":false,"template":"","format":"standard","meta":{"footnotes":""},"categories":[5],"tags":[],"class_list":{"0":"post-1218","1":"post","2":"type-post","3":"status-publish","4":"format-standard","6":"category-aktualnosci","7":"czr-hentry"},"yoast_head":"<!-- This site is optimized with the Yoast SEO plugin v26.8 - https:\/\/yoast.com\/product\/yoast-seo-wordpress\/ -->\n<title>25 czerwca 2016 - Aktualno\u015bci<\/title>\n<meta name=\"robots\" content=\"index, follow, max-snippet:-1, max-image-preview:large, max-video-preview:-1\" \/>\n<link rel=\"canonical\" href=\"https:\/\/epokaserca.pl\/aktualnosci\/25-czerwca-2016\/\" \/>\n<meta property=\"og:locale\" content=\"pl_PL\" \/>\n<meta property=\"og:type\" content=\"article\" \/>\n<meta property=\"og:title\" content=\"25 czerwca 2016 - Aktualno\u015bci\" \/>\n<meta property=\"og:description\" content=\"Harmonia Kosmosu &#8211; za mn\u0105.BY\u0141O UPALNIE &#8230;.uff&#8230;.Temat wyk\u0142adu, kt\u00f3ry przygotowa\u0142am &#8211; &#8222;Zrozumie\u0107 Mi\u0142o\u015b\u0107, wyj\u015b\u0107 poza czas i przestrze\u0144, sta\u0107 si\u0119 jedno\u015bci\u0105.&#8221;&#8230;zosta\u0142 troszk\u0119 skorygowany przez Ducha.Kocham to prowadzenie, gdy\u017c jest to najwspanialszy akt mi\u0142o\u015bci. Gdy akt mi\u0119dzy kobiet\u0105 i m\u0119\u017cczyzn\u0105 nie jest kontrolowany, lecz oboje poddaj\u0105 si\u0119 Duchowi, energie ta\u0144cz\u0105 w rytmie wszech\u015bwiata, dzieje si\u0119 cud [&hellip;]\" \/>\n<meta property=\"og:url\" content=\"https:\/\/epokaserca.pl\/aktualnosci\/25-czerwca-2016\/\" \/>\n<meta property=\"og:site_name\" content=\"Aktualno\u015bci\" \/>\n<meta property=\"article:published_time\" content=\"2016-06-26T18:23:39+00:00\" \/>\n<meta name=\"author\" content=\"admin\" \/>\n<meta name=\"twitter:card\" content=\"summary_large_image\" \/>\n<meta name=\"twitter:label1\" content=\"Napisane przez\" \/>\n\t<meta name=\"twitter:data1\" content=\"admin\" \/>\n\t<meta name=\"twitter:label2\" content=\"Szacowany czas czytania\" \/>\n\t<meta name=\"twitter:data2\" content=\"3 minuty\" \/>\n<script type=\"application\/ld+json\" class=\"yoast-schema-graph\">{\"@context\":\"https:\/\/schema.org\",\"@graph\":[{\"@type\":\"Article\",\"@id\":\"https:\/\/epokaserca.pl\/aktualnosci\/25-czerwca-2016\/#article\",\"isPartOf\":{\"@id\":\"https:\/\/epokaserca.pl\/aktualnosci\/25-czerwca-2016\/\"},\"author\":{\"name\":\"admin\",\"@id\":\"https:\/\/epokaserca.pl\/aktualnosci\/#\/schema\/person\/f87215bc4f757d15c7321145cbabc434\"},\"headline\":\"25 czerwca 2016\",\"datePublished\":\"2016-06-26T18:23:39+00:00\",\"mainEntityOfPage\":{\"@id\":\"https:\/\/epokaserca.pl\/aktualnosci\/25-czerwca-2016\/\"},\"wordCount\":556,\"commentCount\":0,\"articleSection\":[\"Aktualno\u015bci\"],\"inLanguage\":\"pl-PL\",\"potentialAction\":[{\"@type\":\"CommentAction\",\"name\":\"Comment\",\"target\":[\"https:\/\/epokaserca.pl\/aktualnosci\/25-czerwca-2016\/#respond\"]}]},{\"@type\":\"WebPage\",\"@id\":\"https:\/\/epokaserca.pl\/aktualnosci\/25-czerwca-2016\/\",\"url\":\"https:\/\/epokaserca.pl\/aktualnosci\/25-czerwca-2016\/\",\"name\":\"25 czerwca 2016 - Aktualno\u015bci\",\"isPartOf\":{\"@id\":\"https:\/\/epokaserca.pl\/aktualnosci\/#website\"},\"datePublished\":\"2016-06-26T18:23:39+00:00\",\"author\":{\"@id\":\"https:\/\/epokaserca.pl\/aktualnosci\/#\/schema\/person\/f87215bc4f757d15c7321145cbabc434\"},\"breadcrumb\":{\"@id\":\"https:\/\/epokaserca.pl\/aktualnosci\/25-czerwca-2016\/#breadcrumb\"},\"inLanguage\":\"pl-PL\",\"potentialAction\":[{\"@type\":\"ReadAction\",\"target\":[\"https:\/\/epokaserca.pl\/aktualnosci\/25-czerwca-2016\/\"]}]},{\"@type\":\"BreadcrumbList\",\"@id\":\"https:\/\/epokaserca.pl\/aktualnosci\/25-czerwca-2016\/#breadcrumb\",\"itemListElement\":[{\"@type\":\"ListItem\",\"position\":1,\"name\":\"Home\",\"item\":\"https:\/\/epokaserca.pl\/aktualnosci\/\"},{\"@type\":\"ListItem\",\"position\":2,\"name\":\"25 czerwca 2016\"}]},{\"@type\":\"WebSite\",\"@id\":\"https:\/\/epokaserca.pl\/aktualnosci\/#website\",\"url\":\"https:\/\/epokaserca.pl\/aktualnosci\/\",\"name\":\"Aktualno\u015bci\",\"description\":\"\",\"potentialAction\":[{\"@type\":\"SearchAction\",\"target\":{\"@type\":\"EntryPoint\",\"urlTemplate\":\"https:\/\/epokaserca.pl\/aktualnosci\/?s={search_term_string}\"},\"query-input\":{\"@type\":\"PropertyValueSpecification\",\"valueRequired\":true,\"valueName\":\"search_term_string\"}}],\"inLanguage\":\"pl-PL\"},{\"@type\":\"Person\",\"@id\":\"https:\/\/epokaserca.pl\/aktualnosci\/#\/schema\/person\/f87215bc4f757d15c7321145cbabc434\",\"name\":\"admin\",\"image\":{\"@type\":\"ImageObject\",\"inLanguage\":\"pl-PL\",\"@id\":\"https:\/\/epokaserca.pl\/aktualnosci\/#\/schema\/person\/image\/\",\"url\":\"https:\/\/secure.gravatar.com\/avatar\/8e51b30565ad99a9f8b25bd638d21cd1?s=96&d=mm&r=g\",\"contentUrl\":\"https:\/\/secure.gravatar.com\/avatar\/8e51b30565ad99a9f8b25bd638d21cd1?s=96&d=mm&r=g\",\"caption\":\"admin\"},\"url\":\"https:\/\/epokaserca.pl\/aktualnosci\/author\/admin\/\"}]}<\/script>\n<!-- \/ Yoast SEO plugin. -->","yoast_head_json":{"title":"25 czerwca 2016 - Aktualno\u015bci","robots":{"index":"index","follow":"follow","max-snippet":"max-snippet:-1","max-image-preview":"max-image-preview:large","max-video-preview":"max-video-preview:-1"},"canonical":"https:\/\/epokaserca.pl\/aktualnosci\/25-czerwca-2016\/","og_locale":"pl_PL","og_type":"article","og_title":"25 czerwca 2016 - Aktualno\u015bci","og_description":"Harmonia Kosmosu &#8211; za mn\u0105.BY\u0141O UPALNIE &#8230;.uff&#8230;.Temat wyk\u0142adu, kt\u00f3ry przygotowa\u0142am &#8211; &#8222;Zrozumie\u0107 Mi\u0142o\u015b\u0107, wyj\u015b\u0107 poza czas i przestrze\u0144, sta\u0107 si\u0119 jedno\u015bci\u0105.&#8221;&#8230;zosta\u0142 troszk\u0119 skorygowany przez Ducha.Kocham to prowadzenie, gdy\u017c jest to najwspanialszy akt mi\u0142o\u015bci. Gdy akt mi\u0119dzy kobiet\u0105 i m\u0119\u017cczyzn\u0105 nie jest kontrolowany, lecz oboje poddaj\u0105 si\u0119 Duchowi, energie ta\u0144cz\u0105 w rytmie wszech\u015bwiata, dzieje si\u0119 cud [&hellip;]","og_url":"https:\/\/epokaserca.pl\/aktualnosci\/25-czerwca-2016\/","og_site_name":"Aktualno\u015bci","article_published_time":"2016-06-26T18:23:39+00:00","author":"admin","twitter_card":"summary_large_image","twitter_misc":{"Napisane przez":"admin","Szacowany czas czytania":"3 minuty"},"schema":{"@context":"https:\/\/schema.org","@graph":[{"@type":"Article","@id":"https:\/\/epokaserca.pl\/aktualnosci\/25-czerwca-2016\/#article","isPartOf":{"@id":"https:\/\/epokaserca.pl\/aktualnosci\/25-czerwca-2016\/"},"author":{"name":"admin","@id":"https:\/\/epokaserca.pl\/aktualnosci\/#\/schema\/person\/f87215bc4f757d15c7321145cbabc434"},"headline":"25 czerwca 2016","datePublished":"2016-06-26T18:23:39+00:00","mainEntityOfPage":{"@id":"https:\/\/epokaserca.pl\/aktualnosci\/25-czerwca-2016\/"},"wordCount":556,"commentCount":0,"articleSection":["Aktualno\u015bci"],"inLanguage":"pl-PL","potentialAction":[{"@type":"CommentAction","name":"Comment","target":["https:\/\/epokaserca.pl\/aktualnosci\/25-czerwca-2016\/#respond"]}]},{"@type":"WebPage","@id":"https:\/\/epokaserca.pl\/aktualnosci\/25-czerwca-2016\/","url":"https:\/\/epokaserca.pl\/aktualnosci\/25-czerwca-2016\/","name":"25 czerwca 2016 - Aktualno\u015bci","isPartOf":{"@id":"https:\/\/epokaserca.pl\/aktualnosci\/#website"},"datePublished":"2016-06-26T18:23:39+00:00","author":{"@id":"https:\/\/epokaserca.pl\/aktualnosci\/#\/schema\/person\/f87215bc4f757d15c7321145cbabc434"},"breadcrumb":{"@id":"https:\/\/epokaserca.pl\/aktualnosci\/25-czerwca-2016\/#breadcrumb"},"inLanguage":"pl-PL","potentialAction":[{"@type":"ReadAction","target":["https:\/\/epokaserca.pl\/aktualnosci\/25-czerwca-2016\/"]}]},{"@type":"BreadcrumbList","@id":"https:\/\/epokaserca.pl\/aktualnosci\/25-czerwca-2016\/#breadcrumb","itemListElement":[{"@type":"ListItem","position":1,"name":"Home","item":"https:\/\/epokaserca.pl\/aktualnosci\/"},{"@type":"ListItem","position":2,"name":"25 czerwca 2016"}]},{"@type":"WebSite","@id":"https:\/\/epokaserca.pl\/aktualnosci\/#website","url":"https:\/\/epokaserca.pl\/aktualnosci\/","name":"Aktualno\u015bci","description":"","potentialAction":[{"@type":"SearchAction","target":{"@type":"EntryPoint","urlTemplate":"https:\/\/epokaserca.pl\/aktualnosci\/?s={search_term_string}"},"query-input":{"@type":"PropertyValueSpecification","valueRequired":true,"valueName":"search_term_string"}}],"inLanguage":"pl-PL"},{"@type":"Person","@id":"https:\/\/epokaserca.pl\/aktualnosci\/#\/schema\/person\/f87215bc4f757d15c7321145cbabc434","name":"admin","image":{"@type":"ImageObject","inLanguage":"pl-PL","@id":"https:\/\/epokaserca.pl\/aktualnosci\/#\/schema\/person\/image\/","url":"https:\/\/secure.gravatar.com\/avatar\/8e51b30565ad99a9f8b25bd638d21cd1?s=96&d=mm&r=g","contentUrl":"https:\/\/secure.gravatar.com\/avatar\/8e51b30565ad99a9f8b25bd638d21cd1?s=96&d=mm&r=g","caption":"admin"},"url":"https:\/\/epokaserca.pl\/aktualnosci\/author\/admin\/"}]}},"_links":{"self":[{"href":"https:\/\/epokaserca.pl\/aktualnosci\/wp-json\/wp\/v2\/posts\/1218","targetHints":{"allow":["GET"]}}],"collection":[{"href":"https:\/\/epokaserca.pl\/aktualnosci\/wp-json\/wp\/v2\/posts"}],"about":[{"href":"https:\/\/epokaserca.pl\/aktualnosci\/wp-json\/wp\/v2\/types\/post"}],"author":[{"embeddable":true,"href":"https:\/\/epokaserca.pl\/aktualnosci\/wp-json\/wp\/v2\/users\/1"}],"replies":[{"embeddable":true,"href":"https:\/\/epokaserca.pl\/aktualnosci\/wp-json\/wp\/v2\/comments?post=1218"}],"version-history":[{"count":0,"href":"https:\/\/epokaserca.pl\/aktualnosci\/wp-json\/wp\/v2\/posts\/1218\/revisions"}],"wp:attachment":[{"href":"https:\/\/epokaserca.pl\/aktualnosci\/wp-json\/wp\/v2\/media?parent=1218"}],"wp:term":[{"taxonomy":"category","embeddable":true,"href":"https:\/\/epokaserca.pl\/aktualnosci\/wp-json\/wp\/v2\/categories?post=1218"},{"taxonomy":"post_tag","embeddable":true,"href":"https:\/\/epokaserca.pl\/aktualnosci\/wp-json\/wp\/v2\/tags?post=1218"}],"curies":[{"name":"wp","href":"https:\/\/api.w.org\/{rel}","templated":true}]}}