{"id":1228,"date":"2016-07-22T19:20:01","date_gmt":"2016-07-22T19:20:01","guid":{"rendered":"https:\/\/epokaserca.pl\/aktualnosci\/index.php\/2016\/07\/22\/21-lipca-2016\/"},"modified":"2016-07-22T19:20:01","modified_gmt":"2016-07-22T19:20:01","slug":"21-lipca-2016","status":"publish","type":"post","link":"https:\/\/epokaserca.pl\/aktualnosci\/21-lipca-2016\/","title":{"rendered":"21 lipca 2016"},"content":{"rendered":"<p style=\"margin-bottom: 6px; font-family: helvetica, arial, sans-serif; color: #1d2129; font-size: 14px; line-height: 19.32px;\">Dobrze, dzieje si\u0119 nowe, nawet komentarz do tej medytacji pokazuje inne ju\u017c spojrzenie. Cieszy mnie to. Ju\u017c nie walka i nienawi\u015b\u0107, ale zrozumienie roli tzw.z\u0142a dla naszej ewolucji.<br \/>Mam tylko jeszcze jedn\u0105 podpowied\u017a.<br \/>Kiedy znika cie\u0144, ten najg\u0142\u0119bszy cie\u0144? W\u00f3wczas gdy skierujemy najsilniejsze \u015bwiat\u0142o na najg\u0142\u0119bszy cie\u0144.<br \/>Najg\u0142\u0119bszy cie\u0144 to w poni\u017cszej sytuacji &#8222;sprawcy&#8221; .<br \/>Dzieci &#8211; owszem, maj\u0105 program ofiar, l\u0119k &#8211; i je nale\u017cy roz\u015bwietli\u0107, lecz nie tylko cia\u0142a, ale przede wszyst<span class=\"text_exposed_show\" style=\"display: inline; font-family: inherit;\">kim dusze, gdy\u017c tam mog\u0105 by\u0107 programy z przesz\u0142o\u015bci \/ sprawc\u00f3w i kat\u00f3w, a za tym powstaje wzorzec ofiary, domagaj\u0105cy si\u0119 ukarania\/. Trzeba wi\u0119c przekaza\u0107 MI\u0141O\u015a\u0106 ich duszom, akceptacj\u0119 i zrozumienie ich drogi ewolucyjnej.<br \/>&#8222;Kaci&#8221; &#8211; tu trzeba \u015bwiat\u0142a du\u017cego, czyli zala\u0107 ich serca r\u00f3wnie\u017c mi\u0142o\u015bci\u0105, gdy\u017c w oczach wi\u0119kszo\u015bci s\u0105 oni z\u0142em, a zawsze pod tzw. z\u0142em, patrz\u0105c g\u0142\u0119biej, kryje si\u0119 brak mi\u0142o\u015bci, brak zrozumienia mi\u0142o\u015bci, pustka.<br \/>Warto wi\u0119c zala\u0107 Mi\u0142o\u015bci\u0105 Bezwarunkow\u0105, czyli woln\u0105 od program\u00f3w ca\u0142e to wydarzenie, ka\u017cd\u0105 Istot\u0119 i przestrze\u0144.<\/span><\/p>\n<div class=\"text_exposed_show\" style=\"display: inline; font-family: helvetica, arial, sans-serif; color: #1d2129; font-size: 14px; line-height: 19.32px;\">\n<p style=\"margin-bottom: 6px; font-family: inherit;\">I cudnie by\u0142oby, gdyby\u015bmy tak robili z ca\u0142\u0105 nasz\u0105 planet\u0105 bez podzia\u0142\u00f3w na z\u0142ych i dobrych, kat\u00f3w i ofiary, gdy\u017c czas dualno\u015bci mija i ka\u017cda dusza chce wzniesienia, nawet ta, kt\u00f3ra wydaje si\u0119, \u017ce \u015bpi g\u0142\u0119bokim snem.<\/p>\n<p style=\"margin-top: 6px; margin-bottom: 6px; font-family: inherit;\">By\u0107 mo\u017ce to tylko nasze widzenie, a dusze te, tylko prowadz\u0105 nas ku \u015bwiat\u0142o\u015bci i wy\u017cszej boskiej m\u0105dro\u015bci -wyj\u015bcia poza dulano\u015b\u0107.<\/p>\n<p style=\"margin-top: 6px; margin-bottom: 6px; font-family: inherit;\">I nie chodzi w\u0142a\u015bciwe o innych, o nich, lecz o nasze serca, w kt\u00f3rych nie ma ju\u017c istnie\u0107 podzia\u0142 na z\u0142ych i dobrych. To nasze serca zbudzone w \u015bwiat\u0142o\u015bci dla ca\u0142o\u015bci Istnienia podnosz\u0105 wibracj\u0119.<\/p>\n<p style=\"margin-top: 6px; margin-bottom: 6px; font-family: inherit;\">Mo\u017ce to ca\u0142e wydarzenie\/ ceremonie, jest tylko pobudzeniem nas do porywu serc ku prawdzie Mi\u0142o\u015bci i Jedno\u015bci?.S\u0105 sposobem poruszenia w Nas MI\u0141O\u015aCI?&nbsp;<br \/>Zalewajmy wi\u0119c MI\u0141O\u015aCI\u0104 wszystko co jest.<\/p>\n<p style=\"margin-top: 6px; margin-bottom: 6px; font-family: inherit;\"><a href=\"http:\/\/porozmawiajmy.tv\/przekaz-swiatla-19-lipca-2300\/\" target=\"_blank\" rel=\"nofollow noopener noreferrer\" style=\"color: #365899; cursor: pointer; font-family: inherit;\">http:\/\/porozmawiajmy.tv\/przekaz-swiatla-19-lipca-2300\/<\/a><\/p>\n<\/p><\/div>\n","protected":false},"excerpt":{"rendered":"<p>Dobrze, dzieje si\u0119 nowe, nawet komentarz do tej medytacji pokazuje inne ju\u017c spojrzenie. Cieszy mnie to. Ju\u017c nie walka i nienawi\u015b\u0107, ale zrozumienie roli tzw.z\u0142a dla naszej ewolucji.Mam tylko jeszcze jedn\u0105 podpowied\u017a.Kiedy znika cie\u0144, ten najg\u0142\u0119bszy cie\u0144? W\u00f3wczas gdy skierujemy najsilniejsze \u015bwiat\u0142o na najg\u0142\u0119bszy cie\u0144.Najg\u0142\u0119bszy cie\u0144 to w poni\u017cszej sytuacji &#8222;sprawcy&#8221; .Dzieci &#8211; owszem, maj\u0105 [&hellip;]<\/p>\n","protected":false},"author":1,"featured_media":0,"comment_status":"open","ping_status":"open","sticky":false,"template":"","format":"standard","meta":{"footnotes":""},"categories":[5],"tags":[],"class_list":{"0":"post-1228","1":"post","2":"type-post","3":"status-publish","4":"format-standard","6":"category-aktualnosci","7":"czr-hentry"},"yoast_head":"<!-- This site is optimized with the Yoast SEO plugin v26.8 - https:\/\/yoast.com\/product\/yoast-seo-wordpress\/ -->\n<title>21 lipca 2016 - Aktualno\u015bci<\/title>\n<meta name=\"robots\" content=\"index, follow, max-snippet:-1, max-image-preview:large, max-video-preview:-1\" \/>\n<link rel=\"canonical\" href=\"https:\/\/epokaserca.pl\/aktualnosci\/21-lipca-2016\/\" \/>\n<meta property=\"og:locale\" content=\"pl_PL\" \/>\n<meta property=\"og:type\" content=\"article\" \/>\n<meta property=\"og:title\" content=\"21 lipca 2016 - Aktualno\u015bci\" \/>\n<meta property=\"og:description\" content=\"Dobrze, dzieje si\u0119 nowe, nawet komentarz do tej medytacji pokazuje inne ju\u017c spojrzenie. Cieszy mnie to. Ju\u017c nie walka i nienawi\u015b\u0107, ale zrozumienie roli tzw.z\u0142a dla naszej ewolucji.Mam tylko jeszcze jedn\u0105 podpowied\u017a.Kiedy znika cie\u0144, ten najg\u0142\u0119bszy cie\u0144? W\u00f3wczas gdy skierujemy najsilniejsze \u015bwiat\u0142o na najg\u0142\u0119bszy cie\u0144.Najg\u0142\u0119bszy cie\u0144 to w poni\u017cszej sytuacji &#8222;sprawcy&#8221; .Dzieci &#8211; owszem, maj\u0105 [&hellip;]\" \/>\n<meta property=\"og:url\" content=\"https:\/\/epokaserca.pl\/aktualnosci\/21-lipca-2016\/\" \/>\n<meta property=\"og:site_name\" content=\"Aktualno\u015bci\" \/>\n<meta property=\"article:published_time\" content=\"2016-07-22T19:20:01+00:00\" \/>\n<meta name=\"author\" content=\"admin\" \/>\n<meta name=\"twitter:card\" content=\"summary_large_image\" \/>\n<meta name=\"twitter:label1\" content=\"Napisane przez\" \/>\n\t<meta name=\"twitter:data1\" content=\"admin\" \/>\n\t<meta name=\"twitter:label2\" content=\"Szacowany czas czytania\" \/>\n\t<meta name=\"twitter:data2\" content=\"2 minuty\" \/>\n<script type=\"application\/ld+json\" class=\"yoast-schema-graph\">{\"@context\":\"https:\/\/schema.org\",\"@graph\":[{\"@type\":\"Article\",\"@id\":\"https:\/\/epokaserca.pl\/aktualnosci\/21-lipca-2016\/#article\",\"isPartOf\":{\"@id\":\"https:\/\/epokaserca.pl\/aktualnosci\/21-lipca-2016\/\"},\"author\":{\"name\":\"admin\",\"@id\":\"https:\/\/epokaserca.pl\/aktualnosci\/#\/schema\/person\/f87215bc4f757d15c7321145cbabc434\"},\"headline\":\"21 lipca 2016\",\"datePublished\":\"2016-07-22T19:20:01+00:00\",\"mainEntityOfPage\":{\"@id\":\"https:\/\/epokaserca.pl\/aktualnosci\/21-lipca-2016\/\"},\"wordCount\":357,\"commentCount\":0,\"articleSection\":[\"Aktualno\u015bci\"],\"inLanguage\":\"pl-PL\",\"potentialAction\":[{\"@type\":\"CommentAction\",\"name\":\"Comment\",\"target\":[\"https:\/\/epokaserca.pl\/aktualnosci\/21-lipca-2016\/#respond\"]}]},{\"@type\":\"WebPage\",\"@id\":\"https:\/\/epokaserca.pl\/aktualnosci\/21-lipca-2016\/\",\"url\":\"https:\/\/epokaserca.pl\/aktualnosci\/21-lipca-2016\/\",\"name\":\"21 lipca 2016 - Aktualno\u015bci\",\"isPartOf\":{\"@id\":\"https:\/\/epokaserca.pl\/aktualnosci\/#website\"},\"datePublished\":\"2016-07-22T19:20:01+00:00\",\"author\":{\"@id\":\"https:\/\/epokaserca.pl\/aktualnosci\/#\/schema\/person\/f87215bc4f757d15c7321145cbabc434\"},\"breadcrumb\":{\"@id\":\"https:\/\/epokaserca.pl\/aktualnosci\/21-lipca-2016\/#breadcrumb\"},\"inLanguage\":\"pl-PL\",\"potentialAction\":[{\"@type\":\"ReadAction\",\"target\":[\"https:\/\/epokaserca.pl\/aktualnosci\/21-lipca-2016\/\"]}]},{\"@type\":\"BreadcrumbList\",\"@id\":\"https:\/\/epokaserca.pl\/aktualnosci\/21-lipca-2016\/#breadcrumb\",\"itemListElement\":[{\"@type\":\"ListItem\",\"position\":1,\"name\":\"Home\",\"item\":\"https:\/\/epokaserca.pl\/aktualnosci\/\"},{\"@type\":\"ListItem\",\"position\":2,\"name\":\"21 lipca 2016\"}]},{\"@type\":\"WebSite\",\"@id\":\"https:\/\/epokaserca.pl\/aktualnosci\/#website\",\"url\":\"https:\/\/epokaserca.pl\/aktualnosci\/\",\"name\":\"Aktualno\u015bci\",\"description\":\"\",\"potentialAction\":[{\"@type\":\"SearchAction\",\"target\":{\"@type\":\"EntryPoint\",\"urlTemplate\":\"https:\/\/epokaserca.pl\/aktualnosci\/?s={search_term_string}\"},\"query-input\":{\"@type\":\"PropertyValueSpecification\",\"valueRequired\":true,\"valueName\":\"search_term_string\"}}],\"inLanguage\":\"pl-PL\"},{\"@type\":\"Person\",\"@id\":\"https:\/\/epokaserca.pl\/aktualnosci\/#\/schema\/person\/f87215bc4f757d15c7321145cbabc434\",\"name\":\"admin\",\"image\":{\"@type\":\"ImageObject\",\"inLanguage\":\"pl-PL\",\"@id\":\"https:\/\/epokaserca.pl\/aktualnosci\/#\/schema\/person\/image\/\",\"url\":\"https:\/\/secure.gravatar.com\/avatar\/8e51b30565ad99a9f8b25bd638d21cd1?s=96&d=mm&r=g\",\"contentUrl\":\"https:\/\/secure.gravatar.com\/avatar\/8e51b30565ad99a9f8b25bd638d21cd1?s=96&d=mm&r=g\",\"caption\":\"admin\"},\"url\":\"https:\/\/epokaserca.pl\/aktualnosci\/author\/admin\/\"}]}<\/script>\n<!-- \/ Yoast SEO plugin. -->","yoast_head_json":{"title":"21 lipca 2016 - Aktualno\u015bci","robots":{"index":"index","follow":"follow","max-snippet":"max-snippet:-1","max-image-preview":"max-image-preview:large","max-video-preview":"max-video-preview:-1"},"canonical":"https:\/\/epokaserca.pl\/aktualnosci\/21-lipca-2016\/","og_locale":"pl_PL","og_type":"article","og_title":"21 lipca 2016 - Aktualno\u015bci","og_description":"Dobrze, dzieje si\u0119 nowe, nawet komentarz do tej medytacji pokazuje inne ju\u017c spojrzenie. Cieszy mnie to. Ju\u017c nie walka i nienawi\u015b\u0107, ale zrozumienie roli tzw.z\u0142a dla naszej ewolucji.Mam tylko jeszcze jedn\u0105 podpowied\u017a.Kiedy znika cie\u0144, ten najg\u0142\u0119bszy cie\u0144? W\u00f3wczas gdy skierujemy najsilniejsze \u015bwiat\u0142o na najg\u0142\u0119bszy cie\u0144.Najg\u0142\u0119bszy cie\u0144 to w poni\u017cszej sytuacji &#8222;sprawcy&#8221; .Dzieci &#8211; owszem, maj\u0105 [&hellip;]","og_url":"https:\/\/epokaserca.pl\/aktualnosci\/21-lipca-2016\/","og_site_name":"Aktualno\u015bci","article_published_time":"2016-07-22T19:20:01+00:00","author":"admin","twitter_card":"summary_large_image","twitter_misc":{"Napisane przez":"admin","Szacowany czas czytania":"2 minuty"},"schema":{"@context":"https:\/\/schema.org","@graph":[{"@type":"Article","@id":"https:\/\/epokaserca.pl\/aktualnosci\/21-lipca-2016\/#article","isPartOf":{"@id":"https:\/\/epokaserca.pl\/aktualnosci\/21-lipca-2016\/"},"author":{"name":"admin","@id":"https:\/\/epokaserca.pl\/aktualnosci\/#\/schema\/person\/f87215bc4f757d15c7321145cbabc434"},"headline":"21 lipca 2016","datePublished":"2016-07-22T19:20:01+00:00","mainEntityOfPage":{"@id":"https:\/\/epokaserca.pl\/aktualnosci\/21-lipca-2016\/"},"wordCount":357,"commentCount":0,"articleSection":["Aktualno\u015bci"],"inLanguage":"pl-PL","potentialAction":[{"@type":"CommentAction","name":"Comment","target":["https:\/\/epokaserca.pl\/aktualnosci\/21-lipca-2016\/#respond"]}]},{"@type":"WebPage","@id":"https:\/\/epokaserca.pl\/aktualnosci\/21-lipca-2016\/","url":"https:\/\/epokaserca.pl\/aktualnosci\/21-lipca-2016\/","name":"21 lipca 2016 - Aktualno\u015bci","isPartOf":{"@id":"https:\/\/epokaserca.pl\/aktualnosci\/#website"},"datePublished":"2016-07-22T19:20:01+00:00","author":{"@id":"https:\/\/epokaserca.pl\/aktualnosci\/#\/schema\/person\/f87215bc4f757d15c7321145cbabc434"},"breadcrumb":{"@id":"https:\/\/epokaserca.pl\/aktualnosci\/21-lipca-2016\/#breadcrumb"},"inLanguage":"pl-PL","potentialAction":[{"@type":"ReadAction","target":["https:\/\/epokaserca.pl\/aktualnosci\/21-lipca-2016\/"]}]},{"@type":"BreadcrumbList","@id":"https:\/\/epokaserca.pl\/aktualnosci\/21-lipca-2016\/#breadcrumb","itemListElement":[{"@type":"ListItem","position":1,"name":"Home","item":"https:\/\/epokaserca.pl\/aktualnosci\/"},{"@type":"ListItem","position":2,"name":"21 lipca 2016"}]},{"@type":"WebSite","@id":"https:\/\/epokaserca.pl\/aktualnosci\/#website","url":"https:\/\/epokaserca.pl\/aktualnosci\/","name":"Aktualno\u015bci","description":"","potentialAction":[{"@type":"SearchAction","target":{"@type":"EntryPoint","urlTemplate":"https:\/\/epokaserca.pl\/aktualnosci\/?s={search_term_string}"},"query-input":{"@type":"PropertyValueSpecification","valueRequired":true,"valueName":"search_term_string"}}],"inLanguage":"pl-PL"},{"@type":"Person","@id":"https:\/\/epokaserca.pl\/aktualnosci\/#\/schema\/person\/f87215bc4f757d15c7321145cbabc434","name":"admin","image":{"@type":"ImageObject","inLanguage":"pl-PL","@id":"https:\/\/epokaserca.pl\/aktualnosci\/#\/schema\/person\/image\/","url":"https:\/\/secure.gravatar.com\/avatar\/8e51b30565ad99a9f8b25bd638d21cd1?s=96&d=mm&r=g","contentUrl":"https:\/\/secure.gravatar.com\/avatar\/8e51b30565ad99a9f8b25bd638d21cd1?s=96&d=mm&r=g","caption":"admin"},"url":"https:\/\/epokaserca.pl\/aktualnosci\/author\/admin\/"}]}},"_links":{"self":[{"href":"https:\/\/epokaserca.pl\/aktualnosci\/wp-json\/wp\/v2\/posts\/1228","targetHints":{"allow":["GET"]}}],"collection":[{"href":"https:\/\/epokaserca.pl\/aktualnosci\/wp-json\/wp\/v2\/posts"}],"about":[{"href":"https:\/\/epokaserca.pl\/aktualnosci\/wp-json\/wp\/v2\/types\/post"}],"author":[{"embeddable":true,"href":"https:\/\/epokaserca.pl\/aktualnosci\/wp-json\/wp\/v2\/users\/1"}],"replies":[{"embeddable":true,"href":"https:\/\/epokaserca.pl\/aktualnosci\/wp-json\/wp\/v2\/comments?post=1228"}],"version-history":[{"count":0,"href":"https:\/\/epokaserca.pl\/aktualnosci\/wp-json\/wp\/v2\/posts\/1228\/revisions"}],"wp:attachment":[{"href":"https:\/\/epokaserca.pl\/aktualnosci\/wp-json\/wp\/v2\/media?parent=1228"}],"wp:term":[{"taxonomy":"category","embeddable":true,"href":"https:\/\/epokaserca.pl\/aktualnosci\/wp-json\/wp\/v2\/categories?post=1228"},{"taxonomy":"post_tag","embeddable":true,"href":"https:\/\/epokaserca.pl\/aktualnosci\/wp-json\/wp\/v2\/tags?post=1228"}],"curies":[{"name":"wp","href":"https:\/\/api.w.org\/{rel}","templated":true}]}}