{"id":1252,"date":"2016-08-05T15:03:45","date_gmt":"2016-08-05T15:03:45","guid":{"rendered":"https:\/\/epokaserca.pl\/aktualnosci\/index.php\/2016\/08\/05\/pamieci-maxa-spiers-a\/"},"modified":"2016-08-05T15:03:45","modified_gmt":"2016-08-05T15:03:45","slug":"pamieci-maxa-spiers-a","status":"publish","type":"post","link":"https:\/\/epokaserca.pl\/aktualnosci\/pamieci-maxa-spiers-a\/","title":{"rendered":"PAMI\u0118CI Maxa Spiers&#8217;a"},"content":{"rendered":"\n<p style=\"margin-bottom: 6px; font-family: helvetica, arial, sans-serif; color: #1d2129; font-size: 14px; line-height: 19.32px;\">&nbsp;<\/p>\n<p style=\"margin-bottom: 6px; font-family: helvetica, arial, sans-serif; color: #1d2129; font-size: 14px; line-height: 19.32px;\">Z jakiej wysoko\u015bci patrzymy na \u017cycie. Z poziomu cz\u0142owieka czy Ducha.&nbsp;<br \/>Je\u015bli z poziomu cz\u0142owieka &#8211; wszystko co jest wok\u00f3\u0142 uznamy za prawd\u0119, wed\u0142ug tego b\u0119dzie toczy\u0142o si\u0119 nasze \u017cycie i konsekwencj\u0105 b\u0119dzie ten sam poziom \u015bwiadomo\u015bci, z kt\u00f3rym tu zeszli\u015bmy. Karuzela dualno\u015bci trwa, pies wci\u0105\u017c goni sw\u00f3j ogon.<\/p>\n<p style=\"margin-top: 6px; margin-bottom: 6px; font-family: helvetica, arial, sans-serif; color: #1d2129; font-size: 14px; line-height: 19.32px;\">Je\u015bli spojrzymy z poziomu Ducha &#8211; b\u0119dziemy wiedzieli, \u017ce przyszli\u015bmy dla zmiany, najpierw siebie, a poprzez siebie zmiany tego, co wok\u00f3\u0142. To ewoluc<span class=\"text_exposed_show\" style=\"display: inline; font-family: inherit;\">ja.<\/span><\/p>\n<div class=\"text_exposed_show\" style=\"display: inline; font-family: helvetica, arial, sans-serif; color: #1d2129; font-size: 14px; line-height: 19.32px;\">\n<p style=\"margin-bottom: 6px; font-family: inherit;\">S\u0142ysz\u0119 czasami &#8211; \u015bwiat jest biegunowy, jest walka odwieczna dobra ze z\u0142em. Hm&#8230;..je\u015bli tak kto\u015b postrzega rzeczywisto\u015b\u0107&#8230;..to w takim \u015bwiecie \u017cyje.<\/p>\n<p style=\"margin-top: 6px; margin-bottom: 6px; font-family: inherit;\">Ja uznaj\u0119 ewolucj\u0119. W szkole istnieje nie tylko pierwsza klasa, na \u015bwiecie \u017cyj\u0105 nie tylko niemowl\u0119ta, a cz\u0142owiek nie jest istot\u0105 tylko fizyczn\u0105, materialn\u0105.<br \/>A w ewolucji s\u0105 poziomy \u015bwiadomo\u015bci, jak i w szkole, czy rozwoju fizycznym cz\u0142owieka.<\/p>\n<p style=\"margin-top: 6px; margin-bottom: 6px; font-family: inherit;\">Nowy \u015bwiat nastanie tym, kt\u00f3rzy zajm\u0105 si\u0119 \u015bwiadomym stwarzaniem JEDNO\u015aCI, a tam nie ma dobra czy z\u0142a, jest tylko \u015awiat\u0142o i Duch, to\u017csamo\u015b\u0107 JAM JEST \u015bwiadomie stwarzaj\u0105cym.<\/p>\n<p style=\"margin-top: 6px; margin-bottom: 6px; font-family: inherit;\">W Sodomie i Gomorze nie szukano dobrych, lecz \u015bwiadomych, nie znaleziono.<\/p>\n<p style=\"margin-top: 6px; margin-bottom: 6px; font-family: inherit;\">Stwarzamy to, CZYM \u017bYJEMY.&nbsp;<br \/>Stwarzamy \u015bwiat takim, JAKIMI PRAWDAMI \u017bYJEMY.<\/p>\n<p style=\"margin-top: 6px; margin-bottom: 6px; font-family: inherit;\">Jezus rzek\u0142: B\u0105d\u017acie pomimo.<\/p>\n<p style=\"margin-top: 6px; margin-bottom: 6px; font-family: inherit;\">Ten \u015bwiat nie jest z\u0142y: JEST TAKI, JAKI MY\u015aLIMY, \u017bE JEST.<br \/>Ten \u015bwiat nie jest z\u0142y, ani ludzie nie s\u0105 \u017ali: JEST TAKI, JAKIM GO STWARZAMY.<\/p>\n<p style=\"margin-top: 6px; margin-bottom: 6px; font-family: inherit;\">To nie \u015bwiat stwarza nas, lecz MY stwarzamy \u015aWIAT.<br \/>Jakim go stworzymy?<\/p>\n<p style=\"margin-top: 6px; margin-bottom: 6px; font-family: inherit;\">Dusza \u015bwiadomie wybiera czas narodzin, miejsce, oraz zadania.<\/p>\n<p style=\"margin-top: 6px; margin-bottom: 6px; font-family: inherit;\">Mo\u017cna zada\u0107 pytanie &#8211; dlaczego wybra\u0142a takie zadania,a odpowied\u017a jest prosta.&nbsp;<br \/>Gdy zapytano Jezusa: &#8211; Dlaczego \u015blepiec jest \u015blepy, czy on zgrzeszy\u0142 czy jego rodzice?<br \/>Jezus rzek\u0142: &#8211; Ani on, ani jego rodzice, sta\u0142 si\u0119 \u015blepym, aby mog\u0142a objawi\u0107 si\u0119 moc Boga.&nbsp;<br \/>Tzn. aby sta\u0142 si\u0119 widz\u0105cym.<br \/>Wybieramy zadania dualne, aby uczyni\u0107 je jedno\u015bci\u0105.<br \/>Wybieramy zadania cienia, aby uczyni\u0107 je \u015bwiat\u0142em.<\/p>\n<p style=\"margin-top: 6px; margin-bottom: 6px; font-family: inherit;\"><i class=\"_lew\" title=\"Emotikon heart\"><i class=\"_4-k1 img sp_fM-mz8spZ1b sx_62a652\" aria-hidden=\"true\" style=\"display: inline-block; height: 16px; width: 16px; vertical-align: -3px; background-image: url('https:\/\/www.facebook.com\/rsrc.php\/v2\/yx\/r\/pimRBh7B6ER.png'); background-position: 0px -204px; background-repeat: no-repeat;\"><\/i><span class=\"_4mcd\" aria-hidden=\"true\" style=\"font-size: 0px; font-family: inherit;\">&lt;3<\/span><\/i>&nbsp;<i class=\"_lew\" title=\"Emotikon heart\"><i class=\"_4-k1 img sp_fM-mz8spZ1b sx_62a652\" aria-hidden=\"true\" style=\"display: inline-block; height: 16px; width: 16px; vertical-align: -3px; background-image: url('https:\/\/www.facebook.com\/rsrc.php\/v2\/yx\/r\/pimRBh7B6ER.png'); background-position: 0px -204px; background-repeat: no-repeat;\"><\/i><span class=\"_4mcd\" aria-hidden=\"true\" style=\"font-size: 0px; font-family: inherit;\">&lt;3<\/span><\/i>&nbsp;<i class=\"_lew\" title=\"Emotikon heart\"><i class=\"_4-k1 img sp_fM-mz8spZ1b sx_62a652\" aria-hidden=\"true\" style=\"display: inline-block; height: 16px; width: 16px; vertical-align: -3px; background-image: url('https:\/\/www.facebook.com\/rsrc.php\/v2\/yx\/r\/pimRBh7B6ER.png'); background-position: 0px -204px; background-repeat: no-repeat;\"><\/i><span class=\"_4mcd\" aria-hidden=\"true\" style=\"font-size: 0px; font-family: inherit;\">&lt;3<\/span><\/i><span style=\"font-family: inherit; line-height: 19.32px;\">Nie znam ju\u017c nic innego pr\u00f3cz MI\u0141O\u015aCI, a WY KOCHANI ? <\/span><\/p>\n<p style=\"margin-top: 6px; margin-bottom: 6px; font-family: inherit;\"><span style=\"font-family: inherit; line-height: 19.32px;\">&nbsp;<\/span><\/p>\n<p style=\"margin-top: 6px; margin-bottom: 6px; font-family: inherit;\"><img loading=\"lazy\" decoding=\"async\" class=\" size-full wp-image-1251\" src=\"https:\/\/el.cgnk.pl\/wp-content\/uploads\/2016\/08\/13669157_1640598672921131_3719996209131353847_n.jpg\" width=\"400\" height=\"320\" alt=\"13669157_1640598672921131_3719996209131353847_n\" style=\"display: block; margin-left: auto; margin-right: auto;\" srcset=\"https:\/\/epokaserca.pl\/aktualnosci\/wp-content\/uploads\/2016\/08\/13669157_1640598672921131_3719996209131353847_n.jpg 400w, https:\/\/epokaserca.pl\/aktualnosci\/wp-content\/uploads\/2016\/08\/13669157_1640598672921131_3719996209131353847_n-300x240.jpg 300w\" sizes=\"auto, (max-width: 400px) 100vw, 400px\" \/><\/p>\n<\/p><\/div>\n","protected":false},"excerpt":{"rendered":"<p style=\"margin-bottom: 6px; font-family: helvetica, arial, sans-serif; color: #1d2129; font-size: 14px; line-height: 19.32px;\">&nbsp; &nbsp;<\/p>\n","protected":false},"author":1,"featured_media":1251,"comment_status":"open","ping_status":"open","sticky":false,"template":"","format":"standard","meta":{"footnotes":""},"categories":[2],"tags":[],"class_list":{"0":"post-1252","1":"post","2":"type-post","3":"status-publish","4":"format-standard","5":"has-post-thumbnail","7":"category-artykuly","8":"czr-hentry"},"yoast_head":"<!-- This site is optimized with the Yoast SEO plugin v26.8 - https:\/\/yoast.com\/product\/yoast-seo-wordpress\/ -->\n<title>PAMI\u0118CI Maxa Spiers&#039;a - Aktualno\u015bci<\/title>\n<meta name=\"robots\" content=\"index, follow, max-snippet:-1, max-image-preview:large, max-video-preview:-1\" \/>\n<link rel=\"canonical\" href=\"https:\/\/epokaserca.pl\/aktualnosci\/pamieci-maxa-spiers-a\/\" \/>\n<meta property=\"og:locale\" content=\"pl_PL\" \/>\n<meta property=\"og:type\" content=\"article\" \/>\n<meta property=\"og:title\" content=\"PAMI\u0118CI Maxa Spiers&#039;a - Aktualno\u015bci\" \/>\n<meta property=\"og:description\" content=\"&nbsp; &nbsp;\" \/>\n<meta property=\"og:url\" content=\"https:\/\/epokaserca.pl\/aktualnosci\/pamieci-maxa-spiers-a\/\" \/>\n<meta property=\"og:site_name\" content=\"Aktualno\u015bci\" \/>\n<meta property=\"article:published_time\" content=\"2016-08-05T15:03:45+00:00\" \/>\n<meta property=\"og:image\" content=\"https:\/\/epokaserca.pl\/aktualnosci\/wp-content\/uploads\/2016\/08\/13669157_1640598672921131_3719996209131353847_n.jpg\" \/>\n\t<meta property=\"og:image:width\" content=\"400\" \/>\n\t<meta property=\"og:image:height\" content=\"320\" \/>\n\t<meta property=\"og:image:type\" content=\"image\/jpeg\" \/>\n<meta name=\"author\" content=\"admin\" \/>\n<meta name=\"twitter:card\" content=\"summary_large_image\" \/>\n<meta name=\"twitter:label1\" content=\"Napisane przez\" \/>\n\t<meta name=\"twitter:data1\" content=\"admin\" \/>\n\t<meta name=\"twitter:label2\" content=\"Szacowany czas czytania\" \/>\n\t<meta name=\"twitter:data2\" content=\"2 minuty\" \/>\n<script type=\"application\/ld+json\" class=\"yoast-schema-graph\">{\"@context\":\"https:\/\/schema.org\",\"@graph\":[{\"@type\":\"Article\",\"@id\":\"https:\/\/epokaserca.pl\/aktualnosci\/pamieci-maxa-spiers-a\/#article\",\"isPartOf\":{\"@id\":\"https:\/\/epokaserca.pl\/aktualnosci\/pamieci-maxa-spiers-a\/\"},\"author\":{\"name\":\"admin\",\"@id\":\"https:\/\/epokaserca.pl\/aktualnosci\/#\/schema\/person\/f87215bc4f757d15c7321145cbabc434\"},\"headline\":\"PAMI\u0118CI Maxa Spiers&#8217;a\",\"datePublished\":\"2016-08-05T15:03:45+00:00\",\"mainEntityOfPage\":{\"@id\":\"https:\/\/epokaserca.pl\/aktualnosci\/pamieci-maxa-spiers-a\/\"},\"wordCount\":362,\"commentCount\":0,\"image\":{\"@id\":\"https:\/\/epokaserca.pl\/aktualnosci\/pamieci-maxa-spiers-a\/#primaryimage\"},\"thumbnailUrl\":\"https:\/\/epokaserca.pl\/aktualnosci\/wp-content\/uploads\/2016\/08\/13669157_1640598672921131_3719996209131353847_n.jpg\",\"articleSection\":[\"Artyku\u0142y\"],\"inLanguage\":\"pl-PL\",\"potentialAction\":[{\"@type\":\"CommentAction\",\"name\":\"Comment\",\"target\":[\"https:\/\/epokaserca.pl\/aktualnosci\/pamieci-maxa-spiers-a\/#respond\"]}]},{\"@type\":\"WebPage\",\"@id\":\"https:\/\/epokaserca.pl\/aktualnosci\/pamieci-maxa-spiers-a\/\",\"url\":\"https:\/\/epokaserca.pl\/aktualnosci\/pamieci-maxa-spiers-a\/\",\"name\":\"PAMI\u0118CI Maxa Spiers'a - Aktualno\u015bci\",\"isPartOf\":{\"@id\":\"https:\/\/epokaserca.pl\/aktualnosci\/#website\"},\"primaryImageOfPage\":{\"@id\":\"https:\/\/epokaserca.pl\/aktualnosci\/pamieci-maxa-spiers-a\/#primaryimage\"},\"image\":{\"@id\":\"https:\/\/epokaserca.pl\/aktualnosci\/pamieci-maxa-spiers-a\/#primaryimage\"},\"thumbnailUrl\":\"https:\/\/epokaserca.pl\/aktualnosci\/wp-content\/uploads\/2016\/08\/13669157_1640598672921131_3719996209131353847_n.jpg\",\"datePublished\":\"2016-08-05T15:03:45+00:00\",\"author\":{\"@id\":\"https:\/\/epokaserca.pl\/aktualnosci\/#\/schema\/person\/f87215bc4f757d15c7321145cbabc434\"},\"breadcrumb\":{\"@id\":\"https:\/\/epokaserca.pl\/aktualnosci\/pamieci-maxa-spiers-a\/#breadcrumb\"},\"inLanguage\":\"pl-PL\",\"potentialAction\":[{\"@type\":\"ReadAction\",\"target\":[\"https:\/\/epokaserca.pl\/aktualnosci\/pamieci-maxa-spiers-a\/\"]}]},{\"@type\":\"ImageObject\",\"inLanguage\":\"pl-PL\",\"@id\":\"https:\/\/epokaserca.pl\/aktualnosci\/pamieci-maxa-spiers-a\/#primaryimage\",\"url\":\"https:\/\/epokaserca.pl\/aktualnosci\/wp-content\/uploads\/2016\/08\/13669157_1640598672921131_3719996209131353847_n.jpg\",\"contentUrl\":\"https:\/\/epokaserca.pl\/aktualnosci\/wp-content\/uploads\/2016\/08\/13669157_1640598672921131_3719996209131353847_n.jpg\",\"width\":400,\"height\":320,\"caption\":\"13669157_1640598672921131_3719996209131353847_n\"},{\"@type\":\"BreadcrumbList\",\"@id\":\"https:\/\/epokaserca.pl\/aktualnosci\/pamieci-maxa-spiers-a\/#breadcrumb\",\"itemListElement\":[{\"@type\":\"ListItem\",\"position\":1,\"name\":\"Home\",\"item\":\"https:\/\/epokaserca.pl\/aktualnosci\/\"},{\"@type\":\"ListItem\",\"position\":2,\"name\":\"PAMI\u0118CI Maxa Spiers&#8217;a\"}]},{\"@type\":\"WebSite\",\"@id\":\"https:\/\/epokaserca.pl\/aktualnosci\/#website\",\"url\":\"https:\/\/epokaserca.pl\/aktualnosci\/\",\"name\":\"Aktualno\u015bci\",\"description\":\"\",\"potentialAction\":[{\"@type\":\"SearchAction\",\"target\":{\"@type\":\"EntryPoint\",\"urlTemplate\":\"https:\/\/epokaserca.pl\/aktualnosci\/?s={search_term_string}\"},\"query-input\":{\"@type\":\"PropertyValueSpecification\",\"valueRequired\":true,\"valueName\":\"search_term_string\"}}],\"inLanguage\":\"pl-PL\"},{\"@type\":\"Person\",\"@id\":\"https:\/\/epokaserca.pl\/aktualnosci\/#\/schema\/person\/f87215bc4f757d15c7321145cbabc434\",\"name\":\"admin\",\"image\":{\"@type\":\"ImageObject\",\"inLanguage\":\"pl-PL\",\"@id\":\"https:\/\/epokaserca.pl\/aktualnosci\/#\/schema\/person\/image\/\",\"url\":\"https:\/\/secure.gravatar.com\/avatar\/8e51b30565ad99a9f8b25bd638d21cd1?s=96&d=mm&r=g\",\"contentUrl\":\"https:\/\/secure.gravatar.com\/avatar\/8e51b30565ad99a9f8b25bd638d21cd1?s=96&d=mm&r=g\",\"caption\":\"admin\"},\"url\":\"https:\/\/epokaserca.pl\/aktualnosci\/author\/admin\/\"}]}<\/script>\n<!-- \/ Yoast SEO plugin. -->","yoast_head_json":{"title":"PAMI\u0118CI Maxa Spiers'a - Aktualno\u015bci","robots":{"index":"index","follow":"follow","max-snippet":"max-snippet:-1","max-image-preview":"max-image-preview:large","max-video-preview":"max-video-preview:-1"},"canonical":"https:\/\/epokaserca.pl\/aktualnosci\/pamieci-maxa-spiers-a\/","og_locale":"pl_PL","og_type":"article","og_title":"PAMI\u0118CI Maxa Spiers'a - Aktualno\u015bci","og_description":"&nbsp; &nbsp;","og_url":"https:\/\/epokaserca.pl\/aktualnosci\/pamieci-maxa-spiers-a\/","og_site_name":"Aktualno\u015bci","article_published_time":"2016-08-05T15:03:45+00:00","og_image":[{"width":400,"height":320,"url":"https:\/\/epokaserca.pl\/aktualnosci\/wp-content\/uploads\/2016\/08\/13669157_1640598672921131_3719996209131353847_n.jpg","type":"image\/jpeg"}],"author":"admin","twitter_card":"summary_large_image","twitter_misc":{"Napisane przez":"admin","Szacowany czas czytania":"2 minuty"},"schema":{"@context":"https:\/\/schema.org","@graph":[{"@type":"Article","@id":"https:\/\/epokaserca.pl\/aktualnosci\/pamieci-maxa-spiers-a\/#article","isPartOf":{"@id":"https:\/\/epokaserca.pl\/aktualnosci\/pamieci-maxa-spiers-a\/"},"author":{"name":"admin","@id":"https:\/\/epokaserca.pl\/aktualnosci\/#\/schema\/person\/f87215bc4f757d15c7321145cbabc434"},"headline":"PAMI\u0118CI Maxa Spiers&#8217;a","datePublished":"2016-08-05T15:03:45+00:00","mainEntityOfPage":{"@id":"https:\/\/epokaserca.pl\/aktualnosci\/pamieci-maxa-spiers-a\/"},"wordCount":362,"commentCount":0,"image":{"@id":"https:\/\/epokaserca.pl\/aktualnosci\/pamieci-maxa-spiers-a\/#primaryimage"},"thumbnailUrl":"https:\/\/epokaserca.pl\/aktualnosci\/wp-content\/uploads\/2016\/08\/13669157_1640598672921131_3719996209131353847_n.jpg","articleSection":["Artyku\u0142y"],"inLanguage":"pl-PL","potentialAction":[{"@type":"CommentAction","name":"Comment","target":["https:\/\/epokaserca.pl\/aktualnosci\/pamieci-maxa-spiers-a\/#respond"]}]},{"@type":"WebPage","@id":"https:\/\/epokaserca.pl\/aktualnosci\/pamieci-maxa-spiers-a\/","url":"https:\/\/epokaserca.pl\/aktualnosci\/pamieci-maxa-spiers-a\/","name":"PAMI\u0118CI Maxa Spiers'a - Aktualno\u015bci","isPartOf":{"@id":"https:\/\/epokaserca.pl\/aktualnosci\/#website"},"primaryImageOfPage":{"@id":"https:\/\/epokaserca.pl\/aktualnosci\/pamieci-maxa-spiers-a\/#primaryimage"},"image":{"@id":"https:\/\/epokaserca.pl\/aktualnosci\/pamieci-maxa-spiers-a\/#primaryimage"},"thumbnailUrl":"https:\/\/epokaserca.pl\/aktualnosci\/wp-content\/uploads\/2016\/08\/13669157_1640598672921131_3719996209131353847_n.jpg","datePublished":"2016-08-05T15:03:45+00:00","author":{"@id":"https:\/\/epokaserca.pl\/aktualnosci\/#\/schema\/person\/f87215bc4f757d15c7321145cbabc434"},"breadcrumb":{"@id":"https:\/\/epokaserca.pl\/aktualnosci\/pamieci-maxa-spiers-a\/#breadcrumb"},"inLanguage":"pl-PL","potentialAction":[{"@type":"ReadAction","target":["https:\/\/epokaserca.pl\/aktualnosci\/pamieci-maxa-spiers-a\/"]}]},{"@type":"ImageObject","inLanguage":"pl-PL","@id":"https:\/\/epokaserca.pl\/aktualnosci\/pamieci-maxa-spiers-a\/#primaryimage","url":"https:\/\/epokaserca.pl\/aktualnosci\/wp-content\/uploads\/2016\/08\/13669157_1640598672921131_3719996209131353847_n.jpg","contentUrl":"https:\/\/epokaserca.pl\/aktualnosci\/wp-content\/uploads\/2016\/08\/13669157_1640598672921131_3719996209131353847_n.jpg","width":400,"height":320,"caption":"13669157_1640598672921131_3719996209131353847_n"},{"@type":"BreadcrumbList","@id":"https:\/\/epokaserca.pl\/aktualnosci\/pamieci-maxa-spiers-a\/#breadcrumb","itemListElement":[{"@type":"ListItem","position":1,"name":"Home","item":"https:\/\/epokaserca.pl\/aktualnosci\/"},{"@type":"ListItem","position":2,"name":"PAMI\u0118CI Maxa Spiers&#8217;a"}]},{"@type":"WebSite","@id":"https:\/\/epokaserca.pl\/aktualnosci\/#website","url":"https:\/\/epokaserca.pl\/aktualnosci\/","name":"Aktualno\u015bci","description":"","potentialAction":[{"@type":"SearchAction","target":{"@type":"EntryPoint","urlTemplate":"https:\/\/epokaserca.pl\/aktualnosci\/?s={search_term_string}"},"query-input":{"@type":"PropertyValueSpecification","valueRequired":true,"valueName":"search_term_string"}}],"inLanguage":"pl-PL"},{"@type":"Person","@id":"https:\/\/epokaserca.pl\/aktualnosci\/#\/schema\/person\/f87215bc4f757d15c7321145cbabc434","name":"admin","image":{"@type":"ImageObject","inLanguage":"pl-PL","@id":"https:\/\/epokaserca.pl\/aktualnosci\/#\/schema\/person\/image\/","url":"https:\/\/secure.gravatar.com\/avatar\/8e51b30565ad99a9f8b25bd638d21cd1?s=96&d=mm&r=g","contentUrl":"https:\/\/secure.gravatar.com\/avatar\/8e51b30565ad99a9f8b25bd638d21cd1?s=96&d=mm&r=g","caption":"admin"},"url":"https:\/\/epokaserca.pl\/aktualnosci\/author\/admin\/"}]}},"_links":{"self":[{"href":"https:\/\/epokaserca.pl\/aktualnosci\/wp-json\/wp\/v2\/posts\/1252","targetHints":{"allow":["GET"]}}],"collection":[{"href":"https:\/\/epokaserca.pl\/aktualnosci\/wp-json\/wp\/v2\/posts"}],"about":[{"href":"https:\/\/epokaserca.pl\/aktualnosci\/wp-json\/wp\/v2\/types\/post"}],"author":[{"embeddable":true,"href":"https:\/\/epokaserca.pl\/aktualnosci\/wp-json\/wp\/v2\/users\/1"}],"replies":[{"embeddable":true,"href":"https:\/\/epokaserca.pl\/aktualnosci\/wp-json\/wp\/v2\/comments?post=1252"}],"version-history":[{"count":0,"href":"https:\/\/epokaserca.pl\/aktualnosci\/wp-json\/wp\/v2\/posts\/1252\/revisions"}],"wp:featuredmedia":[{"embeddable":true,"href":"https:\/\/epokaserca.pl\/aktualnosci\/wp-json\/wp\/v2\/media\/1251"}],"wp:attachment":[{"href":"https:\/\/epokaserca.pl\/aktualnosci\/wp-json\/wp\/v2\/media?parent=1252"}],"wp:term":[{"taxonomy":"category","embeddable":true,"href":"https:\/\/epokaserca.pl\/aktualnosci\/wp-json\/wp\/v2\/categories?post=1252"},{"taxonomy":"post_tag","embeddable":true,"href":"https:\/\/epokaserca.pl\/aktualnosci\/wp-json\/wp\/v2\/tags?post=1252"}],"curies":[{"name":"wp","href":"https:\/\/api.w.org\/{rel}","templated":true}]}}