{"id":1276,"date":"2016-10-28T15:37:29","date_gmt":"2016-10-28T15:37:29","guid":{"rendered":"https:\/\/epokaserca.pl\/aktualnosci\/index.php\/2016\/10\/28\/28-pazdziernika-2016\/"},"modified":"2016-10-28T15:37:29","modified_gmt":"2016-10-28T15:37:29","slug":"28-pazdziernika-2016","status":"publish","type":"post","link":"https:\/\/epokaserca.pl\/aktualnosci\/28-pazdziernika-2016\/","title":{"rendered":"28 pa\u017adziernika 2016"},"content":{"rendered":"\n<p style=\"margin-bottom: 6px; font-family: Helvetica, Arial, sans-serif; color: #1d2129; font-size: 14px; line-height: 19.32px;\">&nbsp;<\/p>\n<p style=\"margin-top: 6px; margin-bottom: 6px; font-family: Helvetica, Arial, sans-serif; color: #1d2129; font-size: 14px; line-height: 19.32px;\">Jak\u017ce wiele problem\u00f3w w naszym \u017cyciu &#8211; ma swoj\u0105 przyczyn\u0119 w zani\u017conej warto\u015bci w\u0142asnej.<br \/>Ujawnia si\u0119 on nie tylko w s\u0142abych, wycofanych, lecz r\u00f3wnie\u017c tam, gdzie jest agresja, dominacja, przemoc.<\/p>\n<div class=\"text_exposed_show\" style=\"display: inline; font-family: Helvetica, Arial, sans-serif; color: #1d2129; font-size: 14px; line-height: 19.32px;\">\n<p style=\"margin-bottom: 6px; font-family: inherit;\">Nasza dualna natura od tysi\u0119cy lat przysparza\u0142a nam cierpienia, wci\u0105\u017c poszukiwali\u015bmy rozwi\u0105za\u0144 -jak wyj\u015b\u0107 z ma\u0142ej warto\u015bci w\u0142asnej.<br \/>Albo upadali\u015bmy pozwalaj\u0105c innym niszczy\u0107 nas, albo wchodzili\u015bmy w biegun przeciwny i niszczyli\u015bmy innych.<br \/>Jak\u017ce cz\u0119sto mieli\u015bmy marzenia, plany, jednak &#8211; nie mogli\u015bmy ich realizowa\u0107 w\u0142a\u015bnie z powodu &#8211; uznania swej niskiej warto\u015bci.<\/p>\n<p style=\"margin-top: 6px; margin-bottom: 6px; font-family: inherit;\">Zapraszam na wyk\u0142ad, podczas kt\u00f3rego raz na zawsze pozb\u0119dziemy si\u0119 tego starego wzorca.<\/p>\n<p style=\"margin-top: 6px; margin-bottom: 6px; font-family: inherit;\">Kiedy spogl\u0105damy z duchowej perspektywy &#8211; z \u0142atwo\u015bci\u0105 mo\u017cemy wyrugowa\u0107 ten niepotrzebny ju\u017c nam wzorzec z naszej sfery mentalnej i emocjonalnej i p\u00f3j\u015b\u0107 w \u017cycie wyprostowani, pewni siebie, szcz\u0119\u015bliwi.<\/p>\n<p style=\"margin-top: 6px; margin-bottom: 6px; font-family: inherit;\">PLAN<\/p>\n<p style=\"margin-top: 6px; margin-bottom: 6px; font-family: inherit;\">1. Kim jestem<br \/>2. Czym jest poczucie warto\u015bci<br \/>3. Ewolucja wzorca &#8211; poczucie warto\u015bci&nbsp;<br \/>4. Jaka jest moja warto\u015b\u0107<br \/>5. Warto\u015b\u0107 w\u0142asna w r\u00f3\u017cnych sferach \u017cycia &#8211; dom, partnerstwo, rodzice, dzieci, praca, finanse, \u015bwiat&nbsp;<br \/>6. Moje nowe \u017cycie<br \/>7. Pytania<\/p>\n<p style=\"margin-top: 6px; margin-bottom: 6px; font-family: inherit;\">PROGRAM AUTORSKI<\/p>\n<p style=\"margin-top: 6px; margin-bottom: 6px; font-family: inherit;\">Informacje i zapisy: e-mail:<a href=\"mailto:zyjwmilosci@wp.pl\">zyjwmilosci@wp.pl<\/a>&nbsp;<\/p>\n<p style=\"margin-top: 10px; padding: 0px; line-height: 1.5em; color: #141823; font-family: Helvetica, Arial, 'lucida grande', tahoma, verdana, arial, sans-serif; font-size: 11.8182px;\">&nbsp;<\/p>\n<\/p><\/div>\n","protected":false},"excerpt":{"rendered":"<p style=\"margin-top: 10px; padding: 0px; line-height: 1.5em; color: #141823; font-family: Helvetica, Arial, 'lucida grande', tahoma, verdana, arial, sans-serif; font-size: 11.8182px;\"><span style=\"margin: 0px; padding: 0px; color: #ff0000; font-size: 12pt;\"><strong style=\"margin: 0px; padding: 0px;\"><span style=\"margin: 0px; padding: 0px; text-decoration: underline;\">Listopad<\/span><\/strong><\/span><\/p>\n<p style=\"margin-top: 10px; padding: 0px; line-height: 1.5em; color: #141823; font-family: Helvetica, Arial, 'lucida grande', tahoma, verdana, arial, sans-serif; font-size: 11.8182px;\"><span style=\"margin: 0px; padding: 0px; font-size: 12pt;\"><strong style=\"margin: 0px; padding: 0px;\"><span style=\"margin: 0px; padding: 0px; color: #800000;\">6 listopada 2016 -Poczucie w\u0142asnej warto\u015bci&nbsp;&#8211;&nbsp;<span style=\"margin: 0px; padding: 0px; color: #ff0000;\">skyp<\/span><\/span><\/strong><\/span><\/p>\n<p style=\"margin-top: 10px; padding: 0px; line-height: 1.5em; color: #141823; font-family: Helvetica, Arial, 'lucida grande', tahoma, verdana, arial, sans-serif; font-size: 11.8182px;\"><span style=\"margin: 0px; padding: 0px; text-decoration: underline;\"><span style=\"margin: 0px; padding: 0px; color: #800000;\"><a href=\"..\/instytut\/warsztaty-i-wczasy\/warsztaty\/143-poczucie-wlasnej-wartosci-2\" style=\"color: #800000; font-size: 1em; outline-width: 0px; cursor: pointer;\">http:\/\/www.epokaserca.pl\/instytut\/warsztaty-i-wczasy\/warsztaty\/143-poczucie-wlasnej-wartosci-2<\/a><\/span><\/span><\/p>\n<p style=\"margin-bottom: 6px; font-family: Helvetica, Arial, sans-serif; color: #1d2129; font-size: 14px; line-height: 19.32px;\">&nbsp;<\/p>\n<p style=\"margin-bottom: 6px; font-family: Helvetica, Arial, sans-serif; color: #1d2129; font-size: 14px; line-height: 19.32px;\">Kochani -ju\u017c 6 listopada , w nast\u0119pna niedziel\u0119 &#8211; warsztaty na skypie, kt\u00f3ry mo\u017ce zmieni\u0107 Twoje \u017cycie.<br \/>Kto pozna tre\u015b\u0107 przes\u0142ania za\u015bmieje si\u0119 z dotychczasowego widzenia siebie, roz\u0142o\u017cy skrzyd\u0142a i zacznie prawdziwie \u017cy\u0107. &nbsp;<\/p>\n","protected":false},"author":1,"featured_media":0,"comment_status":"open","ping_status":"open","sticky":false,"template":"","format":"standard","meta":{"footnotes":""},"categories":[5],"tags":[],"class_list":{"0":"post-1276","1":"post","2":"type-post","3":"status-publish","4":"format-standard","6":"category-aktualnosci","7":"czr-hentry"},"yoast_head":"<!-- This site is optimized with the Yoast SEO plugin v26.8 - https:\/\/yoast.com\/product\/yoast-seo-wordpress\/ -->\n<title>28 pa\u017adziernika 2016 - Aktualno\u015bci<\/title>\n<meta name=\"robots\" content=\"index, follow, max-snippet:-1, max-image-preview:large, max-video-preview:-1\" \/>\n<link rel=\"canonical\" href=\"https:\/\/epokaserca.pl\/aktualnosci\/28-pazdziernika-2016\/\" \/>\n<meta property=\"og:locale\" content=\"pl_PL\" \/>\n<meta property=\"og:type\" content=\"article\" \/>\n<meta property=\"og:title\" content=\"28 pa\u017adziernika 2016 - Aktualno\u015bci\" \/>\n<meta property=\"og:description\" content=\"Listopad 6 listopada 2016 -Poczucie w\u0142asnej warto\u015bci&nbsp;-&nbsp;skyp http:\/\/www.epokaserca.pl\/instytut\/warsztaty-i-wczasy\/warsztaty\/143-poczucie-wlasnej-wartosci-2 &nbsp; Kochani -ju\u017c 6 listopada , w nast\u0119pna niedziel\u0119 - warsztaty na skypie, kt\u00f3ry mo\u017ce zmieni\u0107 Twoje \u017cycie.Kto pozna tre\u015b\u0107 przes\u0142ania za\u015bmieje si\u0119 z dotychczasowego widzenia siebie, roz\u0142o\u017cy skrzyd\u0142a i zacznie prawdziwie \u017cy\u0107. &nbsp;\" \/>\n<meta property=\"og:url\" content=\"https:\/\/epokaserca.pl\/aktualnosci\/28-pazdziernika-2016\/\" \/>\n<meta property=\"og:site_name\" content=\"Aktualno\u015bci\" \/>\n<meta property=\"article:published_time\" content=\"2016-10-28T15:37:29+00:00\" \/>\n<meta name=\"author\" content=\"admin\" \/>\n<meta name=\"twitter:card\" content=\"summary_large_image\" \/>\n<meta name=\"twitter:label1\" content=\"Napisane przez\" \/>\n\t<meta name=\"twitter:data1\" content=\"admin\" \/>\n\t<meta name=\"twitter:label2\" content=\"Szacowany czas czytania\" \/>\n\t<meta name=\"twitter:data2\" content=\"1 minuta\" \/>\n<script type=\"application\/ld+json\" class=\"yoast-schema-graph\">{\"@context\":\"https:\/\/schema.org\",\"@graph\":[{\"@type\":\"Article\",\"@id\":\"https:\/\/epokaserca.pl\/aktualnosci\/28-pazdziernika-2016\/#article\",\"isPartOf\":{\"@id\":\"https:\/\/epokaserca.pl\/aktualnosci\/28-pazdziernika-2016\/\"},\"author\":{\"name\":\"admin\",\"@id\":\"https:\/\/epokaserca.pl\/aktualnosci\/#\/schema\/person\/f87215bc4f757d15c7321145cbabc434\"},\"headline\":\"28 pa\u017adziernika 2016\",\"datePublished\":\"2016-10-28T15:37:29+00:00\",\"mainEntityOfPage\":{\"@id\":\"https:\/\/epokaserca.pl\/aktualnosci\/28-pazdziernika-2016\/\"},\"wordCount\":210,\"commentCount\":0,\"articleSection\":[\"Aktualno\u015bci\"],\"inLanguage\":\"pl-PL\",\"potentialAction\":[{\"@type\":\"CommentAction\",\"name\":\"Comment\",\"target\":[\"https:\/\/epokaserca.pl\/aktualnosci\/28-pazdziernika-2016\/#respond\"]}]},{\"@type\":\"WebPage\",\"@id\":\"https:\/\/epokaserca.pl\/aktualnosci\/28-pazdziernika-2016\/\",\"url\":\"https:\/\/epokaserca.pl\/aktualnosci\/28-pazdziernika-2016\/\",\"name\":\"28 pa\u017adziernika 2016 - Aktualno\u015bci\",\"isPartOf\":{\"@id\":\"https:\/\/epokaserca.pl\/aktualnosci\/#website\"},\"datePublished\":\"2016-10-28T15:37:29+00:00\",\"author\":{\"@id\":\"https:\/\/epokaserca.pl\/aktualnosci\/#\/schema\/person\/f87215bc4f757d15c7321145cbabc434\"},\"breadcrumb\":{\"@id\":\"https:\/\/epokaserca.pl\/aktualnosci\/28-pazdziernika-2016\/#breadcrumb\"},\"inLanguage\":\"pl-PL\",\"potentialAction\":[{\"@type\":\"ReadAction\",\"target\":[\"https:\/\/epokaserca.pl\/aktualnosci\/28-pazdziernika-2016\/\"]}]},{\"@type\":\"BreadcrumbList\",\"@id\":\"https:\/\/epokaserca.pl\/aktualnosci\/28-pazdziernika-2016\/#breadcrumb\",\"itemListElement\":[{\"@type\":\"ListItem\",\"position\":1,\"name\":\"Home\",\"item\":\"https:\/\/epokaserca.pl\/aktualnosci\/\"},{\"@type\":\"ListItem\",\"position\":2,\"name\":\"28 pa\u017adziernika 2016\"}]},{\"@type\":\"WebSite\",\"@id\":\"https:\/\/epokaserca.pl\/aktualnosci\/#website\",\"url\":\"https:\/\/epokaserca.pl\/aktualnosci\/\",\"name\":\"Aktualno\u015bci\",\"description\":\"\",\"potentialAction\":[{\"@type\":\"SearchAction\",\"target\":{\"@type\":\"EntryPoint\",\"urlTemplate\":\"https:\/\/epokaserca.pl\/aktualnosci\/?s={search_term_string}\"},\"query-input\":{\"@type\":\"PropertyValueSpecification\",\"valueRequired\":true,\"valueName\":\"search_term_string\"}}],\"inLanguage\":\"pl-PL\"},{\"@type\":\"Person\",\"@id\":\"https:\/\/epokaserca.pl\/aktualnosci\/#\/schema\/person\/f87215bc4f757d15c7321145cbabc434\",\"name\":\"admin\",\"image\":{\"@type\":\"ImageObject\",\"inLanguage\":\"pl-PL\",\"@id\":\"https:\/\/epokaserca.pl\/aktualnosci\/#\/schema\/person\/image\/\",\"url\":\"https:\/\/secure.gravatar.com\/avatar\/8e51b30565ad99a9f8b25bd638d21cd1?s=96&d=mm&r=g\",\"contentUrl\":\"https:\/\/secure.gravatar.com\/avatar\/8e51b30565ad99a9f8b25bd638d21cd1?s=96&d=mm&r=g\",\"caption\":\"admin\"},\"url\":\"https:\/\/epokaserca.pl\/aktualnosci\/author\/admin\/\"}]}<\/script>\n<!-- \/ Yoast SEO plugin. -->","yoast_head_json":{"title":"28 pa\u017adziernika 2016 - Aktualno\u015bci","robots":{"index":"index","follow":"follow","max-snippet":"max-snippet:-1","max-image-preview":"max-image-preview:large","max-video-preview":"max-video-preview:-1"},"canonical":"https:\/\/epokaserca.pl\/aktualnosci\/28-pazdziernika-2016\/","og_locale":"pl_PL","og_type":"article","og_title":"28 pa\u017adziernika 2016 - Aktualno\u015bci","og_description":"Listopad 6 listopada 2016 -Poczucie w\u0142asnej warto\u015bci&nbsp;-&nbsp;skyp http:\/\/www.epokaserca.pl\/instytut\/warsztaty-i-wczasy\/warsztaty\/143-poczucie-wlasnej-wartosci-2 &nbsp; Kochani -ju\u017c 6 listopada , w nast\u0119pna niedziel\u0119 - warsztaty na skypie, kt\u00f3ry mo\u017ce zmieni\u0107 Twoje \u017cycie.Kto pozna tre\u015b\u0107 przes\u0142ania za\u015bmieje si\u0119 z dotychczasowego widzenia siebie, roz\u0142o\u017cy skrzyd\u0142a i zacznie prawdziwie \u017cy\u0107. &nbsp;","og_url":"https:\/\/epokaserca.pl\/aktualnosci\/28-pazdziernika-2016\/","og_site_name":"Aktualno\u015bci","article_published_time":"2016-10-28T15:37:29+00:00","author":"admin","twitter_card":"summary_large_image","twitter_misc":{"Napisane przez":"admin","Szacowany czas czytania":"1 minuta"},"schema":{"@context":"https:\/\/schema.org","@graph":[{"@type":"Article","@id":"https:\/\/epokaserca.pl\/aktualnosci\/28-pazdziernika-2016\/#article","isPartOf":{"@id":"https:\/\/epokaserca.pl\/aktualnosci\/28-pazdziernika-2016\/"},"author":{"name":"admin","@id":"https:\/\/epokaserca.pl\/aktualnosci\/#\/schema\/person\/f87215bc4f757d15c7321145cbabc434"},"headline":"28 pa\u017adziernika 2016","datePublished":"2016-10-28T15:37:29+00:00","mainEntityOfPage":{"@id":"https:\/\/epokaserca.pl\/aktualnosci\/28-pazdziernika-2016\/"},"wordCount":210,"commentCount":0,"articleSection":["Aktualno\u015bci"],"inLanguage":"pl-PL","potentialAction":[{"@type":"CommentAction","name":"Comment","target":["https:\/\/epokaserca.pl\/aktualnosci\/28-pazdziernika-2016\/#respond"]}]},{"@type":"WebPage","@id":"https:\/\/epokaserca.pl\/aktualnosci\/28-pazdziernika-2016\/","url":"https:\/\/epokaserca.pl\/aktualnosci\/28-pazdziernika-2016\/","name":"28 pa\u017adziernika 2016 - Aktualno\u015bci","isPartOf":{"@id":"https:\/\/epokaserca.pl\/aktualnosci\/#website"},"datePublished":"2016-10-28T15:37:29+00:00","author":{"@id":"https:\/\/epokaserca.pl\/aktualnosci\/#\/schema\/person\/f87215bc4f757d15c7321145cbabc434"},"breadcrumb":{"@id":"https:\/\/epokaserca.pl\/aktualnosci\/28-pazdziernika-2016\/#breadcrumb"},"inLanguage":"pl-PL","potentialAction":[{"@type":"ReadAction","target":["https:\/\/epokaserca.pl\/aktualnosci\/28-pazdziernika-2016\/"]}]},{"@type":"BreadcrumbList","@id":"https:\/\/epokaserca.pl\/aktualnosci\/28-pazdziernika-2016\/#breadcrumb","itemListElement":[{"@type":"ListItem","position":1,"name":"Home","item":"https:\/\/epokaserca.pl\/aktualnosci\/"},{"@type":"ListItem","position":2,"name":"28 pa\u017adziernika 2016"}]},{"@type":"WebSite","@id":"https:\/\/epokaserca.pl\/aktualnosci\/#website","url":"https:\/\/epokaserca.pl\/aktualnosci\/","name":"Aktualno\u015bci","description":"","potentialAction":[{"@type":"SearchAction","target":{"@type":"EntryPoint","urlTemplate":"https:\/\/epokaserca.pl\/aktualnosci\/?s={search_term_string}"},"query-input":{"@type":"PropertyValueSpecification","valueRequired":true,"valueName":"search_term_string"}}],"inLanguage":"pl-PL"},{"@type":"Person","@id":"https:\/\/epokaserca.pl\/aktualnosci\/#\/schema\/person\/f87215bc4f757d15c7321145cbabc434","name":"admin","image":{"@type":"ImageObject","inLanguage":"pl-PL","@id":"https:\/\/epokaserca.pl\/aktualnosci\/#\/schema\/person\/image\/","url":"https:\/\/secure.gravatar.com\/avatar\/8e51b30565ad99a9f8b25bd638d21cd1?s=96&d=mm&r=g","contentUrl":"https:\/\/secure.gravatar.com\/avatar\/8e51b30565ad99a9f8b25bd638d21cd1?s=96&d=mm&r=g","caption":"admin"},"url":"https:\/\/epokaserca.pl\/aktualnosci\/author\/admin\/"}]}},"_links":{"self":[{"href":"https:\/\/epokaserca.pl\/aktualnosci\/wp-json\/wp\/v2\/posts\/1276","targetHints":{"allow":["GET"]}}],"collection":[{"href":"https:\/\/epokaserca.pl\/aktualnosci\/wp-json\/wp\/v2\/posts"}],"about":[{"href":"https:\/\/epokaserca.pl\/aktualnosci\/wp-json\/wp\/v2\/types\/post"}],"author":[{"embeddable":true,"href":"https:\/\/epokaserca.pl\/aktualnosci\/wp-json\/wp\/v2\/users\/1"}],"replies":[{"embeddable":true,"href":"https:\/\/epokaserca.pl\/aktualnosci\/wp-json\/wp\/v2\/comments?post=1276"}],"version-history":[{"count":0,"href":"https:\/\/epokaserca.pl\/aktualnosci\/wp-json\/wp\/v2\/posts\/1276\/revisions"}],"wp:attachment":[{"href":"https:\/\/epokaserca.pl\/aktualnosci\/wp-json\/wp\/v2\/media?parent=1276"}],"wp:term":[{"taxonomy":"category","embeddable":true,"href":"https:\/\/epokaserca.pl\/aktualnosci\/wp-json\/wp\/v2\/categories?post=1276"},{"taxonomy":"post_tag","embeddable":true,"href":"https:\/\/epokaserca.pl\/aktualnosci\/wp-json\/wp\/v2\/tags?post=1276"}],"curies":[{"name":"wp","href":"https:\/\/api.w.org\/{rel}","templated":true}]}}