{"id":1342,"date":"2017-06-15T20:26:16","date_gmt":"2017-06-15T20:26:16","guid":{"rendered":"https:\/\/epokaserca.pl\/aktualnosci\/index.php\/2017\/06\/15\/15-czerwca-2017\/"},"modified":"2017-06-15T20:26:16","modified_gmt":"2017-06-15T20:26:16","slug":"15-czerwca-2017","status":"publish","type":"post","link":"https:\/\/epokaserca.pl\/aktualnosci\/15-czerwca-2017\/","title":{"rendered":"15 czerwca 2017"},"content":{"rendered":"<p><span style=\"font-size: 12pt; color: #800000;\">Kochani &#8211; mamy w planach dwa ciekawe wyjazdy turystyczno &#8211; spiritualne<\/span><\/p>\n<p><span style=\"text-decoration: underline;\"><span style=\"font-size: 12pt; color: #800000; text-decoration: underline;\">1.Kreta&nbsp;<\/span><\/span><\/p>\n<p><span style=\"color: #800000; font-size: 12pt;\">Wrzesie\u0144 2017 r, ok 10 dni.<\/span><\/p>\n<p><span style=\"color: #800000; font-size: 12pt;\">Wyjazd :wypoczynkowo-warsztatowy + wycieczki fakultatywne<\/span><\/p>\n<p><span style=\"color: #800000; font-size: 12pt;\">Grupa ok.20 os\u00f3b&nbsp;<\/span><\/p>\n<p><span style=\"color: #800000; font-size: 12pt;\">Cena &#8211; ok. 3700 z\u0142.<\/span><\/p>\n<p><span style=\"color: #800000; font-size: 12pt;\">W tej cenie przelot w obie strony, wy\u017cywienie \/\u015bniadanie i obiadokolacja\/ ubezpieczenie, opieka rezydenta, transfery z i na lotnisko. Wycieczki &nbsp;s\u0105 liczone dodatkowo. B\u0119dzie kilka do wyboru z czego wybierzemy 1-2 &nbsp;i poje\u017adzimy po wyspie samochodami. iKoniecznie impreza z ta\u0144cem i winem czyli tzw. wiecz\u00f3r grecki.<\/span><\/p>\n<p><span style=\"color: #800000; font-size: 12pt;\">Kreta &#8211; Pi\u0119kna, energetyczna wyspa, morski ciep\u0142y klimat. Jest co zwiedza\u0107. Morze i wysokie g\u00f3ry, zabytki, malownicze ma\u0142e wioski, przyja\u017ani ludzie i pi\u0119kne krajobrazy, cisza i spok\u00f3j lub mariny i nadmorskie miejscowo\u015bci t\u0119tni\u0105ce \u017cyciem i zabaw\u0105 to wszystko na tej pi\u0119knej wyspie i do naszej dyspozycji.<\/span><\/p>\n<p><span style=\"color: #800000; font-size: 12pt;\">Z uwagi na konieczno\u015b\u0107 rezerwacji &nbsp;hotelu zapisy do 7 lipca.<\/span><\/p>\n<p><span style=\"color: #800000; font-size: 12pt;\">Zapisy i wszelkie informacje u organizatora p.Andrzeja&nbsp;<\/span><\/p>\n<p><span style=\"color: #800000; font-size: 12pt;\">Organizator : <span style=\"text-decoration: underline;\">nr tel i e-mail \/606 441 988,&nbsp;<a href=\"mailto:atgs@op.pl\"><span style=\"color: #800000; text-decoration: underline;\">atgs@op.pl<\/span><\/a><\/span><\/span><\/p>\n<p>&nbsp;<\/p>\n<p><span style=\"text-decoration: underline; color: #800000;\"><span style=\"font-size: 12pt;\">2.Wyspy Kanaryjskie<\/span><\/span><\/p>\n<p>&nbsp;<\/p>\n<p><span style=\"font-size: 12pt; color: #800000;\">Wrzesie\u0144 &nbsp;10.09 -20.09 .2017<\/span><\/p>\n<p><span style=\"color: #800000; font-size: 12pt;\">Wyjazd :wypoczynkowo-warsztatowy + wycieczki fakultatywne<\/span><\/p>\n<p><span style=\"color: #800000; font-size: 12pt;\">Grupa ok.20 os\u00f3b&nbsp;<\/span><\/p>\n<p><span style=\"color: #800000; font-size: 12pt;\">Cena &#8211; ok. 3700 z\u0142.<\/span><\/p>\n<p><span style=\"color: #800000; font-size: 12pt;\">Wyspy Kanaryjskie po\u0142o\u017cone s\u0105 na oceanie Atlantyckim. Najwi\u0119ksze z nich to Teneryfa i Gran Canaria. My polecieliby\u015bmy na &nbsp;Teneryf\u0119. Miejsce pobytu Puerto de La Cruz. Hotel ***, wy\u017cywienie &#8211; \u015bniadania i obiadokolacje, wypoczynek + zwiedzanie wyspy + ew. wycieczki na inne wyspy+ &nbsp;warsztaty. Do zwiedzania m.in s\u0142ynny ogr\u00f3d botaniczny, Park Narodowy i wspinaczka na wulkan, rezerwat przyrody oczywi\u015bcie zabytki i dobra zabawa. Wi\u0119cej szczeg\u00f3\u0142\u00f3w &nbsp;dot. miejsca pobytu jak i wycieczek fakultatywnych podam po ew. wyborze naszego kierunku podr\u00f3\u017cy<\/span><\/p>\n<p><span style=\"color: #800000; font-size: 12pt;\">Z uwagi na konieczno\u015b\u0107 rezerwacji &nbsp;hotelu zapisy do 10 lipca.<\/span><\/p>\n<p><span style=\"color: #800000; font-size: 12pt;\">Zapisy i wszelkie informacje u organizatora p.Andrzeja&nbsp;<\/span><\/p>\n<p><span style=\"color: #800000; font-size: 12pt;\">Organizator :&nbsp;<span style=\"text-decoration: underline;\">nr tel i e-mail \/606 441 988,&nbsp;<a href=\"mailto:atgs@op.pl\"><span style=\"color: #800000;\">atgs@op.pl<\/span><\/a><\/span><\/span><\/p>\n","protected":false},"excerpt":{"rendered":"<p>Kochani &#8211; mamy w planach dwa ciekawe wyjazdy turystyczno &#8211; spiritualne 1.Kreta&nbsp; Wrzesie\u0144 2017 r, ok 10 dni. Wyjazd :wypoczynkowo-warsztatowy + wycieczki fakultatywne Grupa ok.20 os\u00f3b&nbsp; Cena &#8211; ok. 3700 z\u0142. W tej cenie przelot w obie strony, wy\u017cywienie \/\u015bniadanie i obiadokolacja\/ ubezpieczenie, opieka rezydenta, transfery z i na lotnisko. Wycieczki &nbsp;s\u0105 liczone dodatkowo. B\u0119dzie [&hellip;]<\/p>\n","protected":false},"author":1,"featured_media":0,"comment_status":"open","ping_status":"open","sticky":false,"template":"","format":"standard","meta":{"footnotes":""},"categories":[5],"tags":[],"class_list":{"0":"post-1342","1":"post","2":"type-post","3":"status-publish","4":"format-standard","6":"category-aktualnosci","7":"czr-hentry"},"yoast_head":"<!-- This site is optimized with the Yoast SEO plugin v26.8 - https:\/\/yoast.com\/product\/yoast-seo-wordpress\/ -->\n<title>15 czerwca 2017 - Aktualno\u015bci<\/title>\n<meta name=\"robots\" content=\"index, follow, max-snippet:-1, max-image-preview:large, max-video-preview:-1\" \/>\n<link rel=\"canonical\" href=\"https:\/\/epokaserca.pl\/aktualnosci\/15-czerwca-2017\/\" \/>\n<meta property=\"og:locale\" content=\"pl_PL\" \/>\n<meta property=\"og:type\" content=\"article\" \/>\n<meta property=\"og:title\" content=\"15 czerwca 2017 - Aktualno\u015bci\" \/>\n<meta property=\"og:description\" content=\"Kochani &#8211; mamy w planach dwa ciekawe wyjazdy turystyczno &#8211; spiritualne 1.Kreta&nbsp; Wrzesie\u0144 2017 r, ok 10 dni. Wyjazd :wypoczynkowo-warsztatowy + wycieczki fakultatywne Grupa ok.20 os\u00f3b&nbsp; Cena &#8211; ok. 3700 z\u0142. W tej cenie przelot w obie strony, wy\u017cywienie \/\u015bniadanie i obiadokolacja\/ ubezpieczenie, opieka rezydenta, transfery z i na lotnisko. Wycieczki &nbsp;s\u0105 liczone dodatkowo. B\u0119dzie [&hellip;]\" \/>\n<meta property=\"og:url\" content=\"https:\/\/epokaserca.pl\/aktualnosci\/15-czerwca-2017\/\" \/>\n<meta property=\"og:site_name\" content=\"Aktualno\u015bci\" \/>\n<meta property=\"article:published_time\" content=\"2017-06-15T20:26:16+00:00\" \/>\n<meta name=\"author\" content=\"admin\" \/>\n<meta name=\"twitter:card\" content=\"summary_large_image\" \/>\n<meta name=\"twitter:label1\" content=\"Napisane przez\" \/>\n\t<meta name=\"twitter:data1\" content=\"admin\" \/>\n\t<meta name=\"twitter:label2\" content=\"Szacowany czas czytania\" \/>\n\t<meta name=\"twitter:data2\" content=\"2 minuty\" \/>\n<script type=\"application\/ld+json\" class=\"yoast-schema-graph\">{\"@context\":\"https:\/\/schema.org\",\"@graph\":[{\"@type\":\"Article\",\"@id\":\"https:\/\/epokaserca.pl\/aktualnosci\/15-czerwca-2017\/#article\",\"isPartOf\":{\"@id\":\"https:\/\/epokaserca.pl\/aktualnosci\/15-czerwca-2017\/\"},\"author\":{\"name\":\"admin\",\"@id\":\"https:\/\/epokaserca.pl\/aktualnosci\/#\/schema\/person\/f87215bc4f757d15c7321145cbabc434\"},\"headline\":\"15 czerwca 2017\",\"datePublished\":\"2017-06-15T20:26:16+00:00\",\"mainEntityOfPage\":{\"@id\":\"https:\/\/epokaserca.pl\/aktualnosci\/15-czerwca-2017\/\"},\"wordCount\":308,\"commentCount\":0,\"articleSection\":[\"Aktualno\u015bci\"],\"inLanguage\":\"pl-PL\",\"potentialAction\":[{\"@type\":\"CommentAction\",\"name\":\"Comment\",\"target\":[\"https:\/\/epokaserca.pl\/aktualnosci\/15-czerwca-2017\/#respond\"]}]},{\"@type\":\"WebPage\",\"@id\":\"https:\/\/epokaserca.pl\/aktualnosci\/15-czerwca-2017\/\",\"url\":\"https:\/\/epokaserca.pl\/aktualnosci\/15-czerwca-2017\/\",\"name\":\"15 czerwca 2017 - Aktualno\u015bci\",\"isPartOf\":{\"@id\":\"https:\/\/epokaserca.pl\/aktualnosci\/#website\"},\"datePublished\":\"2017-06-15T20:26:16+00:00\",\"author\":{\"@id\":\"https:\/\/epokaserca.pl\/aktualnosci\/#\/schema\/person\/f87215bc4f757d15c7321145cbabc434\"},\"breadcrumb\":{\"@id\":\"https:\/\/epokaserca.pl\/aktualnosci\/15-czerwca-2017\/#breadcrumb\"},\"inLanguage\":\"pl-PL\",\"potentialAction\":[{\"@type\":\"ReadAction\",\"target\":[\"https:\/\/epokaserca.pl\/aktualnosci\/15-czerwca-2017\/\"]}]},{\"@type\":\"BreadcrumbList\",\"@id\":\"https:\/\/epokaserca.pl\/aktualnosci\/15-czerwca-2017\/#breadcrumb\",\"itemListElement\":[{\"@type\":\"ListItem\",\"position\":1,\"name\":\"Home\",\"item\":\"https:\/\/epokaserca.pl\/aktualnosci\/\"},{\"@type\":\"ListItem\",\"position\":2,\"name\":\"15 czerwca 2017\"}]},{\"@type\":\"WebSite\",\"@id\":\"https:\/\/epokaserca.pl\/aktualnosci\/#website\",\"url\":\"https:\/\/epokaserca.pl\/aktualnosci\/\",\"name\":\"Aktualno\u015bci\",\"description\":\"\",\"potentialAction\":[{\"@type\":\"SearchAction\",\"target\":{\"@type\":\"EntryPoint\",\"urlTemplate\":\"https:\/\/epokaserca.pl\/aktualnosci\/?s={search_term_string}\"},\"query-input\":{\"@type\":\"PropertyValueSpecification\",\"valueRequired\":true,\"valueName\":\"search_term_string\"}}],\"inLanguage\":\"pl-PL\"},{\"@type\":\"Person\",\"@id\":\"https:\/\/epokaserca.pl\/aktualnosci\/#\/schema\/person\/f87215bc4f757d15c7321145cbabc434\",\"name\":\"admin\",\"image\":{\"@type\":\"ImageObject\",\"inLanguage\":\"pl-PL\",\"@id\":\"https:\/\/epokaserca.pl\/aktualnosci\/#\/schema\/person\/image\/\",\"url\":\"https:\/\/secure.gravatar.com\/avatar\/8e51b30565ad99a9f8b25bd638d21cd1?s=96&d=mm&r=g\",\"contentUrl\":\"https:\/\/secure.gravatar.com\/avatar\/8e51b30565ad99a9f8b25bd638d21cd1?s=96&d=mm&r=g\",\"caption\":\"admin\"},\"url\":\"https:\/\/epokaserca.pl\/aktualnosci\/author\/admin\/\"}]}<\/script>\n<!-- \/ Yoast SEO plugin. -->","yoast_head_json":{"title":"15 czerwca 2017 - Aktualno\u015bci","robots":{"index":"index","follow":"follow","max-snippet":"max-snippet:-1","max-image-preview":"max-image-preview:large","max-video-preview":"max-video-preview:-1"},"canonical":"https:\/\/epokaserca.pl\/aktualnosci\/15-czerwca-2017\/","og_locale":"pl_PL","og_type":"article","og_title":"15 czerwca 2017 - Aktualno\u015bci","og_description":"Kochani &#8211; mamy w planach dwa ciekawe wyjazdy turystyczno &#8211; spiritualne 1.Kreta&nbsp; Wrzesie\u0144 2017 r, ok 10 dni. Wyjazd :wypoczynkowo-warsztatowy + wycieczki fakultatywne Grupa ok.20 os\u00f3b&nbsp; Cena &#8211; ok. 3700 z\u0142. W tej cenie przelot w obie strony, wy\u017cywienie \/\u015bniadanie i obiadokolacja\/ ubezpieczenie, opieka rezydenta, transfery z i na lotnisko. Wycieczki &nbsp;s\u0105 liczone dodatkowo. B\u0119dzie [&hellip;]","og_url":"https:\/\/epokaserca.pl\/aktualnosci\/15-czerwca-2017\/","og_site_name":"Aktualno\u015bci","article_published_time":"2017-06-15T20:26:16+00:00","author":"admin","twitter_card":"summary_large_image","twitter_misc":{"Napisane przez":"admin","Szacowany czas czytania":"2 minuty"},"schema":{"@context":"https:\/\/schema.org","@graph":[{"@type":"Article","@id":"https:\/\/epokaserca.pl\/aktualnosci\/15-czerwca-2017\/#article","isPartOf":{"@id":"https:\/\/epokaserca.pl\/aktualnosci\/15-czerwca-2017\/"},"author":{"name":"admin","@id":"https:\/\/epokaserca.pl\/aktualnosci\/#\/schema\/person\/f87215bc4f757d15c7321145cbabc434"},"headline":"15 czerwca 2017","datePublished":"2017-06-15T20:26:16+00:00","mainEntityOfPage":{"@id":"https:\/\/epokaserca.pl\/aktualnosci\/15-czerwca-2017\/"},"wordCount":308,"commentCount":0,"articleSection":["Aktualno\u015bci"],"inLanguage":"pl-PL","potentialAction":[{"@type":"CommentAction","name":"Comment","target":["https:\/\/epokaserca.pl\/aktualnosci\/15-czerwca-2017\/#respond"]}]},{"@type":"WebPage","@id":"https:\/\/epokaserca.pl\/aktualnosci\/15-czerwca-2017\/","url":"https:\/\/epokaserca.pl\/aktualnosci\/15-czerwca-2017\/","name":"15 czerwca 2017 - Aktualno\u015bci","isPartOf":{"@id":"https:\/\/epokaserca.pl\/aktualnosci\/#website"},"datePublished":"2017-06-15T20:26:16+00:00","author":{"@id":"https:\/\/epokaserca.pl\/aktualnosci\/#\/schema\/person\/f87215bc4f757d15c7321145cbabc434"},"breadcrumb":{"@id":"https:\/\/epokaserca.pl\/aktualnosci\/15-czerwca-2017\/#breadcrumb"},"inLanguage":"pl-PL","potentialAction":[{"@type":"ReadAction","target":["https:\/\/epokaserca.pl\/aktualnosci\/15-czerwca-2017\/"]}]},{"@type":"BreadcrumbList","@id":"https:\/\/epokaserca.pl\/aktualnosci\/15-czerwca-2017\/#breadcrumb","itemListElement":[{"@type":"ListItem","position":1,"name":"Home","item":"https:\/\/epokaserca.pl\/aktualnosci\/"},{"@type":"ListItem","position":2,"name":"15 czerwca 2017"}]},{"@type":"WebSite","@id":"https:\/\/epokaserca.pl\/aktualnosci\/#website","url":"https:\/\/epokaserca.pl\/aktualnosci\/","name":"Aktualno\u015bci","description":"","potentialAction":[{"@type":"SearchAction","target":{"@type":"EntryPoint","urlTemplate":"https:\/\/epokaserca.pl\/aktualnosci\/?s={search_term_string}"},"query-input":{"@type":"PropertyValueSpecification","valueRequired":true,"valueName":"search_term_string"}}],"inLanguage":"pl-PL"},{"@type":"Person","@id":"https:\/\/epokaserca.pl\/aktualnosci\/#\/schema\/person\/f87215bc4f757d15c7321145cbabc434","name":"admin","image":{"@type":"ImageObject","inLanguage":"pl-PL","@id":"https:\/\/epokaserca.pl\/aktualnosci\/#\/schema\/person\/image\/","url":"https:\/\/secure.gravatar.com\/avatar\/8e51b30565ad99a9f8b25bd638d21cd1?s=96&d=mm&r=g","contentUrl":"https:\/\/secure.gravatar.com\/avatar\/8e51b30565ad99a9f8b25bd638d21cd1?s=96&d=mm&r=g","caption":"admin"},"url":"https:\/\/epokaserca.pl\/aktualnosci\/author\/admin\/"}]}},"_links":{"self":[{"href":"https:\/\/epokaserca.pl\/aktualnosci\/wp-json\/wp\/v2\/posts\/1342","targetHints":{"allow":["GET"]}}],"collection":[{"href":"https:\/\/epokaserca.pl\/aktualnosci\/wp-json\/wp\/v2\/posts"}],"about":[{"href":"https:\/\/epokaserca.pl\/aktualnosci\/wp-json\/wp\/v2\/types\/post"}],"author":[{"embeddable":true,"href":"https:\/\/epokaserca.pl\/aktualnosci\/wp-json\/wp\/v2\/users\/1"}],"replies":[{"embeddable":true,"href":"https:\/\/epokaserca.pl\/aktualnosci\/wp-json\/wp\/v2\/comments?post=1342"}],"version-history":[{"count":0,"href":"https:\/\/epokaserca.pl\/aktualnosci\/wp-json\/wp\/v2\/posts\/1342\/revisions"}],"wp:attachment":[{"href":"https:\/\/epokaserca.pl\/aktualnosci\/wp-json\/wp\/v2\/media?parent=1342"}],"wp:term":[{"taxonomy":"category","embeddable":true,"href":"https:\/\/epokaserca.pl\/aktualnosci\/wp-json\/wp\/v2\/categories?post=1342"},{"taxonomy":"post_tag","embeddable":true,"href":"https:\/\/epokaserca.pl\/aktualnosci\/wp-json\/wp\/v2\/tags?post=1342"}],"curies":[{"name":"wp","href":"https:\/\/api.w.org\/{rel}","templated":true}]}}