{"id":1343,"date":"2017-06-25T15:40:25","date_gmt":"2017-06-25T15:40:25","guid":{"rendered":"https:\/\/epokaserca.pl\/aktualnosci\/index.php\/2017\/06\/25\/25-czerwca-2017\/"},"modified":"2017-06-25T15:40:25","modified_gmt":"2017-06-25T15:40:25","slug":"25-czerwca-2017","status":"publish","type":"post","link":"https:\/\/epokaserca.pl\/aktualnosci\/25-czerwca-2017\/","title":{"rendered":"25 czerwca 2017"},"content":{"rendered":"\n<p><span style=\"color: #1d2129; font-family: Helvetica, Arial, sans-serif; font-size: 14px;\"><span style=\"color: #1d2129; font-family: Helvetica, Arial, sans-serif; font-size: 14px;\"><span style=\"color: #1d2129; font-family: Helvetica, Arial, sans-serif; font-size: 14px;\"><\/span><\/span><\/span><\/p>\n<p><span style=\"color: #1d2129; font-family: Helvetica, Arial, sans-serif; font-size: 14px;\"><span style=\"color: #1d2129; font-family: Helvetica, Arial, sans-serif; font-size: 14px;\"><span style=\"color: #1d2129; font-family: Helvetica, Arial, sans-serif; font-size: 14px;\"><br style=\"color: #1d2129; font-family: Helvetica, Arial, sans-serif; font-size: 14px;\" \/><span style=\"color: #1d2129; font-family: Helvetica, Arial, sans-serif; font-size: 14px;\">Sama rozwijam si\u0119 nadal. Po pracy ze \u015bwiadomo\u015bci\u0105 i podst<span class=\"text_exposed_show\" style=\"display: inline; font-family: Helvetica, Arial, sans-serif; color: #1d2129; font-size: 14px;\">awami energetyki p\u00f3jdziemy dalej. Och b\u0119dzie si\u0119 dzia\u0142o, sama jestem niezwyle ciekawa&#8230;.<br \/>Uniwersytet stacjonarny , zamkn\u0119li\u015bmy rok II ,a uczestnicy tak si\u0119 rozp\u0119dzili we wsp\u00f3lnej pracy, \u017ce poprosili o zaj\u0119cia w wakacje.. &nbsp;<\/span><\/span><\/span><\/span><\/span><\/p>\n<p><span style=\"color: #1d2129; font-family: Helvetica, Arial, sans-serif; font-size: 14px;\">Dzieje si\u0119 tak wiele pi\u0119kna&#8230;a Duch nieustannie zaskakuj\u0119 .<\/span><\/p>\n<p style=\"margin-bottom: 6px; font-family: Helvetica, Arial, sans-serif; color: #1d2129; font-size: 14px;\">Pi\u0119kne dusze nie tylko dziel\u0105 si\u0119 swoimi przemy\u015bleniami na koniec naszych zaj\u0119\u0107 na Uniwersytecie Duchowego Rozwoju,, ale pracuj\u0105 z innymi, przekazuj\u0105c \u015bwiat\u0142o.<br \/>Brawo.<\/p>\n<p style=\"margin-top: 6px; margin-bottom: 6px; font-family: Helvetica, Arial, sans-serif; color: #1d2129; font-size: 14px;\">&#8222;Elen, dzi\u0119kuj\u0119 Ci z ca\u0142ego serca za niezwyk\u0142e CUDA kt\u00f3re si\u0119 dziej\u0105 we mnie. Brakuje mi s\u0142\u00f3w \u017ceby wyrazi\u0107 wdzi\u0119czno\u015b\u0107 dla Ciebie za twoje serce i prac\u0119 kt\u00f3r\u0105 wykonujesz na rzecz innych. (heart) Z niecierpliwo\u015bci\u0105 czekam na kolejne zaj\u0119cia od wrze\u015bnia. Pozdrawiam Wszystkich serdecznie i \u017cycz\u0119 mi\u0142ych w<span class=\"text_exposed_show\" style=\"display: inline; font-family: inherit;\">akacji &#8222;<\/span><\/p>\n<div class=\"text_exposed_show\" style=\"display: inline; font-family: Helvetica, Arial, sans-serif; color: #1d2129; font-size: 14px;\">\n<p style=\"margin-bottom: 6px; font-family: inherit;\">&#8222;Pokazalem mu jak zaczac robi\u0107 procesy rodowe. &#8230;.Chcia\u0142 i\u015b\u0107 na drog\u0119 przest\u0119pstwa, podpowiedzia\u0142em co zrobi\u0107, odst\u0105pi\u0142, zrozumia\u0142.&#8221;<\/p>\n<p style=\"margin-top: 6px; margin-bottom: 6px; font-family: inherit;\">Czasami moi klienci pytaj\u0105&#8221;<br \/>-Czy mog\u0119 podzieli\u0107 si\u0119 tym co m\u00f3wisz z innymi, czy mog\u0119 podpowiedzie\u0107 metod\u0119?<br \/>Zawsze m\u00f3wi\u0119:<br \/>-Oczywi\u015bcie, po to Duch nam j\u0105 da\u0142, aby si\u0119 ni\u0105 dzieli\u0107, czas jest wa\u017cny&#8230;..<\/p>\n<\/p><\/div>\n<p><span style=\"color: #1d2129; font-family: Helvetica, Arial, sans-serif; font-size: 14px;\"><\/span><\/p>\n<p><span style=\"color: #1d2129; font-family: Helvetica, Arial, sans-serif; font-size: 14px;\"><span style=\"color: #1d2129; font-family: Helvetica, Arial, sans-serif; font-size: 14px;\"><span style=\"color: #1d2129; font-family: Helvetica, Arial, sans-serif; font-size: 14px;\"><span style=\"color: #1d2129; font-family: Helvetica, Arial, sans-serif; font-size: 14px;\"><span class=\"text_exposed_show\" style=\"display: inline; font-family: Helvetica, Arial, sans-serif; color: #1d2129; font-size: 14px;\"><\/span><\/span><\/span><\/span><\/span><\/p>\n","protected":false},"excerpt":{"rendered":"<p><span style=\"color: #1d2129; font-family: Helvetica, Arial, sans-serif; font-size: 14px;\">Uniwersytet Wiedzy Duchowej, kt\u00f3ry prowadz\u0119 online, mia\u0142 w zamy\u015ble trwa\u0107 dwa lata. W pierwszym przepracowujemy programy dualno\u015bci, w drugim poznajemy \u015bwiat wy\u017cszych wibracji, Nauczycieli, Archanio\u0142\u00f3w itd. W ubieg\u0142ym roku kilka os\u00f3b z drugiego roku poprosi\u0142o mnie o trzeci rok..<br style=\"color: #1d2129; font-family: Helvetica, Arial, sans-serif; font-size: 14px;\" \/><span style=\"color: #1d2129; font-family: Helvetica, Arial, sans-serif; font-size: 14px;\">Dobrze, dlaczego nie. I w\u0142a\u015bnie min\u0105\u0142 nam trzeci rok. Na ostatnim spotkaniu ponownie uczestnicy poprosili mnie o rok czwarty&#8230;..&nbsp;<br style=\"color: #1d2129; font-family: Helvetica, Arial, sans-serif; font-size: 14px;\" \/><span style=\"color: #1d2129; font-family: Helvetica, Arial, sans-serif; font-size: 14px;\">Wspaniale&#8230;..<\/span><\/span><\/span><\/p>\n","protected":false},"author":1,"featured_media":0,"comment_status":"open","ping_status":"open","sticky":false,"template":"","format":"standard","meta":{"footnotes":""},"categories":[5],"tags":[],"class_list":{"0":"post-1343","1":"post","2":"type-post","3":"status-publish","4":"format-standard","6":"category-aktualnosci","7":"czr-hentry"},"yoast_head":"<!-- This site is optimized with the Yoast SEO plugin v26.8 - https:\/\/yoast.com\/product\/yoast-seo-wordpress\/ -->\n<title>25 czerwca 2017 - Aktualno\u015bci<\/title>\n<meta name=\"robots\" content=\"index, follow, max-snippet:-1, max-image-preview:large, max-video-preview:-1\" \/>\n<link rel=\"canonical\" href=\"https:\/\/epokaserca.pl\/aktualnosci\/25-czerwca-2017\/\" \/>\n<meta property=\"og:locale\" content=\"pl_PL\" \/>\n<meta property=\"og:type\" content=\"article\" \/>\n<meta property=\"og:title\" content=\"25 czerwca 2017 - Aktualno\u015bci\" \/>\n<meta property=\"og:description\" content=\"Uniwersytet Wiedzy Duchowej, kt\u00f3ry prowadz\u0119 online, mia\u0142 w zamy\u015ble trwa\u0107 dwa lata. W pierwszym przepracowujemy programy dualno\u015bci, w drugim poznajemy \u015bwiat wy\u017cszych wibracji, Nauczycieli, Archanio\u0142\u00f3w itd. W ubieg\u0142ym roku kilka os\u00f3b z drugiego roku poprosi\u0142o mnie o trzeci rok..Dobrze, dlaczego nie. I w\u0142a\u015bnie min\u0105\u0142 nam trzeci rok. Na ostatnim spotkaniu ponownie uczestnicy poprosili mnie o rok czwarty.....&nbsp;Wspaniale.....\" \/>\n<meta property=\"og:url\" content=\"https:\/\/epokaserca.pl\/aktualnosci\/25-czerwca-2017\/\" \/>\n<meta property=\"og:site_name\" content=\"Aktualno\u015bci\" \/>\n<meta property=\"article:published_time\" content=\"2017-06-25T15:40:25+00:00\" \/>\n<meta name=\"author\" content=\"admin\" \/>\n<meta name=\"twitter:card\" content=\"summary_large_image\" \/>\n<meta name=\"twitter:label1\" content=\"Napisane przez\" \/>\n\t<meta name=\"twitter:data1\" content=\"admin\" \/>\n\t<meta name=\"twitter:label2\" content=\"Szacowany czas czytania\" \/>\n\t<meta name=\"twitter:data2\" content=\"1 minuta\" \/>\n<script type=\"application\/ld+json\" class=\"yoast-schema-graph\">{\"@context\":\"https:\/\/schema.org\",\"@graph\":[{\"@type\":\"Article\",\"@id\":\"https:\/\/epokaserca.pl\/aktualnosci\/25-czerwca-2017\/#article\",\"isPartOf\":{\"@id\":\"https:\/\/epokaserca.pl\/aktualnosci\/25-czerwca-2017\/\"},\"author\":{\"name\":\"admin\",\"@id\":\"https:\/\/epokaserca.pl\/aktualnosci\/#\/schema\/person\/f87215bc4f757d15c7321145cbabc434\"},\"headline\":\"25 czerwca 2017\",\"datePublished\":\"2017-06-25T15:40:25+00:00\",\"mainEntityOfPage\":{\"@id\":\"https:\/\/epokaserca.pl\/aktualnosci\/25-czerwca-2017\/\"},\"wordCount\":204,\"commentCount\":0,\"articleSection\":[\"Aktualno\u015bci\"],\"inLanguage\":\"pl-PL\",\"potentialAction\":[{\"@type\":\"CommentAction\",\"name\":\"Comment\",\"target\":[\"https:\/\/epokaserca.pl\/aktualnosci\/25-czerwca-2017\/#respond\"]}]},{\"@type\":\"WebPage\",\"@id\":\"https:\/\/epokaserca.pl\/aktualnosci\/25-czerwca-2017\/\",\"url\":\"https:\/\/epokaserca.pl\/aktualnosci\/25-czerwca-2017\/\",\"name\":\"25 czerwca 2017 - Aktualno\u015bci\",\"isPartOf\":{\"@id\":\"https:\/\/epokaserca.pl\/aktualnosci\/#website\"},\"datePublished\":\"2017-06-25T15:40:25+00:00\",\"author\":{\"@id\":\"https:\/\/epokaserca.pl\/aktualnosci\/#\/schema\/person\/f87215bc4f757d15c7321145cbabc434\"},\"breadcrumb\":{\"@id\":\"https:\/\/epokaserca.pl\/aktualnosci\/25-czerwca-2017\/#breadcrumb\"},\"inLanguage\":\"pl-PL\",\"potentialAction\":[{\"@type\":\"ReadAction\",\"target\":[\"https:\/\/epokaserca.pl\/aktualnosci\/25-czerwca-2017\/\"]}]},{\"@type\":\"BreadcrumbList\",\"@id\":\"https:\/\/epokaserca.pl\/aktualnosci\/25-czerwca-2017\/#breadcrumb\",\"itemListElement\":[{\"@type\":\"ListItem\",\"position\":1,\"name\":\"Home\",\"item\":\"https:\/\/epokaserca.pl\/aktualnosci\/\"},{\"@type\":\"ListItem\",\"position\":2,\"name\":\"25 czerwca 2017\"}]},{\"@type\":\"WebSite\",\"@id\":\"https:\/\/epokaserca.pl\/aktualnosci\/#website\",\"url\":\"https:\/\/epokaserca.pl\/aktualnosci\/\",\"name\":\"Aktualno\u015bci\",\"description\":\"\",\"potentialAction\":[{\"@type\":\"SearchAction\",\"target\":{\"@type\":\"EntryPoint\",\"urlTemplate\":\"https:\/\/epokaserca.pl\/aktualnosci\/?s={search_term_string}\"},\"query-input\":{\"@type\":\"PropertyValueSpecification\",\"valueRequired\":true,\"valueName\":\"search_term_string\"}}],\"inLanguage\":\"pl-PL\"},{\"@type\":\"Person\",\"@id\":\"https:\/\/epokaserca.pl\/aktualnosci\/#\/schema\/person\/f87215bc4f757d15c7321145cbabc434\",\"name\":\"admin\",\"image\":{\"@type\":\"ImageObject\",\"inLanguage\":\"pl-PL\",\"@id\":\"https:\/\/epokaserca.pl\/aktualnosci\/#\/schema\/person\/image\/\",\"url\":\"https:\/\/secure.gravatar.com\/avatar\/8e51b30565ad99a9f8b25bd638d21cd1?s=96&d=mm&r=g\",\"contentUrl\":\"https:\/\/secure.gravatar.com\/avatar\/8e51b30565ad99a9f8b25bd638d21cd1?s=96&d=mm&r=g\",\"caption\":\"admin\"},\"url\":\"https:\/\/epokaserca.pl\/aktualnosci\/author\/admin\/\"}]}<\/script>\n<!-- \/ Yoast SEO plugin. -->","yoast_head_json":{"title":"25 czerwca 2017 - Aktualno\u015bci","robots":{"index":"index","follow":"follow","max-snippet":"max-snippet:-1","max-image-preview":"max-image-preview:large","max-video-preview":"max-video-preview:-1"},"canonical":"https:\/\/epokaserca.pl\/aktualnosci\/25-czerwca-2017\/","og_locale":"pl_PL","og_type":"article","og_title":"25 czerwca 2017 - Aktualno\u015bci","og_description":"Uniwersytet Wiedzy Duchowej, kt\u00f3ry prowadz\u0119 online, mia\u0142 w zamy\u015ble trwa\u0107 dwa lata. W pierwszym przepracowujemy programy dualno\u015bci, w drugim poznajemy \u015bwiat wy\u017cszych wibracji, Nauczycieli, Archanio\u0142\u00f3w itd. W ubieg\u0142ym roku kilka os\u00f3b z drugiego roku poprosi\u0142o mnie o trzeci rok..Dobrze, dlaczego nie. I w\u0142a\u015bnie min\u0105\u0142 nam trzeci rok. Na ostatnim spotkaniu ponownie uczestnicy poprosili mnie o rok czwarty.....&nbsp;Wspaniale.....","og_url":"https:\/\/epokaserca.pl\/aktualnosci\/25-czerwca-2017\/","og_site_name":"Aktualno\u015bci","article_published_time":"2017-06-25T15:40:25+00:00","author":"admin","twitter_card":"summary_large_image","twitter_misc":{"Napisane przez":"admin","Szacowany czas czytania":"1 minuta"},"schema":{"@context":"https:\/\/schema.org","@graph":[{"@type":"Article","@id":"https:\/\/epokaserca.pl\/aktualnosci\/25-czerwca-2017\/#article","isPartOf":{"@id":"https:\/\/epokaserca.pl\/aktualnosci\/25-czerwca-2017\/"},"author":{"name":"admin","@id":"https:\/\/epokaserca.pl\/aktualnosci\/#\/schema\/person\/f87215bc4f757d15c7321145cbabc434"},"headline":"25 czerwca 2017","datePublished":"2017-06-25T15:40:25+00:00","mainEntityOfPage":{"@id":"https:\/\/epokaserca.pl\/aktualnosci\/25-czerwca-2017\/"},"wordCount":204,"commentCount":0,"articleSection":["Aktualno\u015bci"],"inLanguage":"pl-PL","potentialAction":[{"@type":"CommentAction","name":"Comment","target":["https:\/\/epokaserca.pl\/aktualnosci\/25-czerwca-2017\/#respond"]}]},{"@type":"WebPage","@id":"https:\/\/epokaserca.pl\/aktualnosci\/25-czerwca-2017\/","url":"https:\/\/epokaserca.pl\/aktualnosci\/25-czerwca-2017\/","name":"25 czerwca 2017 - Aktualno\u015bci","isPartOf":{"@id":"https:\/\/epokaserca.pl\/aktualnosci\/#website"},"datePublished":"2017-06-25T15:40:25+00:00","author":{"@id":"https:\/\/epokaserca.pl\/aktualnosci\/#\/schema\/person\/f87215bc4f757d15c7321145cbabc434"},"breadcrumb":{"@id":"https:\/\/epokaserca.pl\/aktualnosci\/25-czerwca-2017\/#breadcrumb"},"inLanguage":"pl-PL","potentialAction":[{"@type":"ReadAction","target":["https:\/\/epokaserca.pl\/aktualnosci\/25-czerwca-2017\/"]}]},{"@type":"BreadcrumbList","@id":"https:\/\/epokaserca.pl\/aktualnosci\/25-czerwca-2017\/#breadcrumb","itemListElement":[{"@type":"ListItem","position":1,"name":"Home","item":"https:\/\/epokaserca.pl\/aktualnosci\/"},{"@type":"ListItem","position":2,"name":"25 czerwca 2017"}]},{"@type":"WebSite","@id":"https:\/\/epokaserca.pl\/aktualnosci\/#website","url":"https:\/\/epokaserca.pl\/aktualnosci\/","name":"Aktualno\u015bci","description":"","potentialAction":[{"@type":"SearchAction","target":{"@type":"EntryPoint","urlTemplate":"https:\/\/epokaserca.pl\/aktualnosci\/?s={search_term_string}"},"query-input":{"@type":"PropertyValueSpecification","valueRequired":true,"valueName":"search_term_string"}}],"inLanguage":"pl-PL"},{"@type":"Person","@id":"https:\/\/epokaserca.pl\/aktualnosci\/#\/schema\/person\/f87215bc4f757d15c7321145cbabc434","name":"admin","image":{"@type":"ImageObject","inLanguage":"pl-PL","@id":"https:\/\/epokaserca.pl\/aktualnosci\/#\/schema\/person\/image\/","url":"https:\/\/secure.gravatar.com\/avatar\/8e51b30565ad99a9f8b25bd638d21cd1?s=96&d=mm&r=g","contentUrl":"https:\/\/secure.gravatar.com\/avatar\/8e51b30565ad99a9f8b25bd638d21cd1?s=96&d=mm&r=g","caption":"admin"},"url":"https:\/\/epokaserca.pl\/aktualnosci\/author\/admin\/"}]}},"_links":{"self":[{"href":"https:\/\/epokaserca.pl\/aktualnosci\/wp-json\/wp\/v2\/posts\/1343","targetHints":{"allow":["GET"]}}],"collection":[{"href":"https:\/\/epokaserca.pl\/aktualnosci\/wp-json\/wp\/v2\/posts"}],"about":[{"href":"https:\/\/epokaserca.pl\/aktualnosci\/wp-json\/wp\/v2\/types\/post"}],"author":[{"embeddable":true,"href":"https:\/\/epokaserca.pl\/aktualnosci\/wp-json\/wp\/v2\/users\/1"}],"replies":[{"embeddable":true,"href":"https:\/\/epokaserca.pl\/aktualnosci\/wp-json\/wp\/v2\/comments?post=1343"}],"version-history":[{"count":0,"href":"https:\/\/epokaserca.pl\/aktualnosci\/wp-json\/wp\/v2\/posts\/1343\/revisions"}],"wp:attachment":[{"href":"https:\/\/epokaserca.pl\/aktualnosci\/wp-json\/wp\/v2\/media?parent=1343"}],"wp:term":[{"taxonomy":"category","embeddable":true,"href":"https:\/\/epokaserca.pl\/aktualnosci\/wp-json\/wp\/v2\/categories?post=1343"},{"taxonomy":"post_tag","embeddable":true,"href":"https:\/\/epokaserca.pl\/aktualnosci\/wp-json\/wp\/v2\/tags?post=1343"}],"curies":[{"name":"wp","href":"https:\/\/api.w.org\/{rel}","templated":true}]}}