{"id":1367,"date":"2017-12-06T15:25:12","date_gmt":"2017-12-06T15:25:12","guid":{"rendered":"https:\/\/epokaserca.pl\/aktualnosci\/index.php\/2017\/12\/06\/5-grudnia-2017\/"},"modified":"2017-12-06T15:25:12","modified_gmt":"2017-12-06T15:25:12","slug":"5-grudnia-2017","status":"publish","type":"post","link":"https:\/\/epokaserca.pl\/aktualnosci\/5-grudnia-2017\/","title":{"rendered":"5 grudnia 2017"},"content":{"rendered":"<p><span style=\"font-size: 12pt;\">Mam dla Was przykr\u0105 informacj\u0119 &#8211; Wczoraj odszed\u0142 nagle Wojtek Drewniak. Umieszczam wspomnienie o nim, gdy\u017c zna\u0142am go jako wyj\u0105tkowo skromnego, ciep\u0142ego, serdecznego cz\u0142owieka. <\/span><\/p>\n<p><span style=\"font-size: 12pt;\">Wielu z nas zna\u0142o Wojtka, dzia\u0142a\u0142 w naszych klimatach od wielu, wielu lat.<\/span><\/p>\n<p><span style=\"font-size: 12pt;\"><br \/><\/span><\/p>\n<p style=\"margin-bottom: 6px; font-family: Helvetica, Arial, sans-serif; color: #1d2129; font-size: 14px;\">W\u0142\u0105czam dzi\u015b fb i widz\u0119 informacj\u0119 o odej\u015bciu Wojtka&nbsp;<a class=\"profileLink\" href=\"https:\/\/www.facebook.com\/wojciech.drewniak.796?fref=mentions\" data-hovercard=\"\/ajax\/hovercard\/user.php?id=100006704469529&amp;extragetparams=%7B%22fref%22%3A%22mentions%22%7D\" data-hovercard-prefer-more-content-show=\"1\" style=\"color: #365899; cursor: pointer; font-family: inherit;\">Wojciech Drewniak<\/a>.<br \/>Dziwny czas &#8211; odchodzi niespodziewanie wielu ludzi.<br \/>Wojtka pozna\u0142am podczas nagrania w NTV we Wroc\u0142awiu . By\u0142 wsp\u00f3lny obiad, a p\u00f3\u017aniej kawiarnia, rozmawiali\u015bmy sporo. By\u0142o kilka rozm\u00f3w na fb, spotkanie na Harmonii Kosmosu.<br \/>Wojtek &#8211; przemi\u0142y, ciep\u0142y, \u017cyczliwy, otwarty.<br \/>Kilka dni temu przyszed\u0142 mi na my\u015bl, mia\u0142am napisa\u0107, zadzwoni\u0107, od\u0142o\u017cy\u0142am i dzi\u015b dowiaduj\u0119 si\u0119, \u017ce odszed\u0142.<\/p>\n<div class=\"text_exposed_show\" style=\"display: inline; font-family: Helvetica, Arial, sans-serif; color: #1d2129; font-size: 14px;\">\n<p style=\"margin-bottom: 6px; font-family: inherit;\">Nasze \u017cycie tutaj jest dziwne.<br \/>Gdy przychodzimy na \u015bwiat nikt nas nie informuje o celu , o czasie, o zadaniach, o istocie pobytu i kr\u00f3tkim czasie tutaj nam danym.&nbsp;<br \/>Jako dziecko odczuwamy czas inaczej, wyd\u0142u\u017cony, nie zastanawiamy si\u0119 nad t\u0105 kwesti\u0105. M\u0142odo\u015b\u0107 ma swoje wype\u0142nienie, nauka, sympatie, hormony, relacje , dorastania.<br \/>Dalsze lata &#8211; obowi\u0105zki, praca, rodzina, dzieci, dylematy uczuciowe.<br \/>Z czasem szukanie tego co na uwiera,\/ cho\u0107 przecie\u017c nie zawsze wiemy o co nam chodzi\/ wi\u0119c choroby, depresje, rozstania&#8230;itd.<\/p>\n<p style=\"margin-top: 6px; margin-bottom: 6px; font-family: inherit;\">Gdy spojrza\u0142am na \u017cycie z pewnej ju\u017c wi\u0119kszej perspektywy, zada\u0142am sobie pytanie &#8211; czy nie \u0142atwiej by\u0142oby nam gdyby\u015bmy od pocz\u0105tku wiedzieli &#8211; PO C\u00d3\u017b TU ZESZLI\u015aMY i \u017bE CZAS MAMY OGRANICZONY?<\/p>\n<p style=\"margin-top: 6px; margin-bottom: 6px; font-family: inherit;\">To jak podr\u00f3\u017c np.poci\u0105giem z \u0141odzi do Krakowa &#8211; trwa okre\u015blony czas. Czy spo\u017cytkowali\u015bmy j\u0105 w\u0142a\u015bciwie?<\/p>\n<p style=\"margin-top: 6px; margin-bottom: 6px; font-family: inherit;\">Gdy przeczyta\u0142am o odej\u015bciu Wojtka poczu\u0142am smutek&#8230;&#8230;w ostatnim czasie odesz\u0142o kilka znanych mi os\u00f3b&#8230;., rozpada si\u0119 na \u015bwiat , dusze odchodz\u0105 jak opadaj\u0105ce listki z jesiennych drzew. Przykro.<br \/>Zapami\u0119tam Ci\u0119 Wojtku jako niezwykle ciep\u0142\u0105 Istot\u0119.<span class=\"_47e3 _5mfr\" title=\"Emotikon heart\" style=\"line-height: 0; vertical-align: middle; margin: 0px 1px; font-family: inherit;\"><img loading=\"lazy\" decoding=\"async\" class=\"img\" height=\"16\" role=\"presentation\" src=\"https:\/\/www.facebook.com\/images\/emoji.php\/v9\/ff3\/1.5\/16\/2764.png\" width=\"16\" alt=\"\" style=\"border-width: 0px; border-style: initial; vertical-align: -3px;\" \/><span aria-hidden=\"true\" class=\"_7oe\" style=\"display: inline-block; font-size: 0px; width: 0px; font-family: inherit;\">&lt;3&nbsp;B\u0105d\u017a szcz\u0119\u015bliwy. Z pewno\u015bci\u0105 kiedy\u015b si\u0119 spotkamy.&nbsp;<\/span><\/span><\/p>\n<p>&nbsp;<\/p>\n<p><span style=\"font-size: 12pt;\">A tutaj wspomnienie&nbsp; o Wojtku w studio NTV.<\/span><\/p>\n<p><span style=\"text-decoration: underline; color: #800000;\"><a href=\"https:\/\/www.youtube.com\/watch?v=s34Cyb9eAWc\"><span style=\"color: #800000; text-decoration: underline;\">https:\/\/www.youtube.com\/watch?v=s34Cyb9eAWc<\/span><\/a><\/span><\/p>\n<p style=\"margin-top: 6px; margin-bottom: 6px; font-family: inherit;\"><span class=\"_47e3 _5mfr\" title=\"Emotikon heart\" style=\"line-height: 0; vertical-align: middle; margin: 0px 1px; font-family: inherit;\"><span aria-hidden=\"true\" class=\"_7oe\" style=\"display: inline-block; font-size: 0px; width: 0px; font-family: inherit;\"><\/span><\/span><\/p>\n<\/p><\/div>\n<div class=\"text_exposed_show\" style=\"display: inline; font-family: Helvetica, Arial, sans-serif; color: #1d2129; font-size: 14px;\">\n<p style=\"margin-top: 6px; margin-bottom: 6px; font-family: inherit;\"><span class=\"_47e3 _5mfr\" title=\"Emotikon heart\" style=\"line-height: 0; vertical-align: middle; margin: 0px 1px; font-family: inherit;\"><span aria-hidden=\"true\" class=\"_7oe\" style=\"display: inline-block; font-size: 0px; width: 0px; font-family: inherit;\"><\/span><\/span><\/p>\n<\/p><\/div>\n","protected":false},"excerpt":{"rendered":"<p>Mam dla Was przykr\u0105 informacj\u0119 &#8211; Wczoraj odszed\u0142 nagle Wojtek Drewniak. Umieszczam wspomnienie o nim, gdy\u017c zna\u0142am go jako wyj\u0105tkowo skromnego, ciep\u0142ego, serdecznego cz\u0142owieka. Wielu z nas zna\u0142o Wojtka, dzia\u0142a\u0142 w naszych klimatach od wielu, wielu lat. W\u0142\u0105czam dzi\u015b fb i widz\u0119 informacj\u0119 o odej\u015bciu Wojtka&nbsp;Wojciech Drewniak.Dziwny czas &#8211; odchodzi niespodziewanie wielu ludzi.Wojtka pozna\u0142am podczas [&hellip;]<\/p>\n","protected":false},"author":1,"featured_media":0,"comment_status":"open","ping_status":"open","sticky":false,"template":"","format":"standard","meta":{"footnotes":""},"categories":[5],"tags":[],"class_list":{"0":"post-1367","1":"post","2":"type-post","3":"status-publish","4":"format-standard","6":"category-aktualnosci","7":"czr-hentry"},"yoast_head":"<!-- This site is optimized with the Yoast SEO plugin v26.8 - https:\/\/yoast.com\/product\/yoast-seo-wordpress\/ -->\n<title>5 grudnia 2017 - Aktualno\u015bci<\/title>\n<meta name=\"robots\" content=\"index, follow, max-snippet:-1, max-image-preview:large, max-video-preview:-1\" \/>\n<link rel=\"canonical\" href=\"https:\/\/epokaserca.pl\/aktualnosci\/5-grudnia-2017\/\" \/>\n<meta property=\"og:locale\" content=\"pl_PL\" \/>\n<meta property=\"og:type\" content=\"article\" \/>\n<meta property=\"og:title\" content=\"5 grudnia 2017 - Aktualno\u015bci\" \/>\n<meta property=\"og:description\" content=\"Mam dla Was przykr\u0105 informacj\u0119 &#8211; Wczoraj odszed\u0142 nagle Wojtek Drewniak. Umieszczam wspomnienie o nim, gdy\u017c zna\u0142am go jako wyj\u0105tkowo skromnego, ciep\u0142ego, serdecznego cz\u0142owieka. Wielu z nas zna\u0142o Wojtka, dzia\u0142a\u0142 w naszych klimatach od wielu, wielu lat. W\u0142\u0105czam dzi\u015b fb i widz\u0119 informacj\u0119 o odej\u015bciu Wojtka&nbsp;Wojciech Drewniak.Dziwny czas &#8211; odchodzi niespodziewanie wielu ludzi.Wojtka pozna\u0142am podczas [&hellip;]\" \/>\n<meta property=\"og:url\" content=\"https:\/\/epokaserca.pl\/aktualnosci\/5-grudnia-2017\/\" \/>\n<meta property=\"og:site_name\" content=\"Aktualno\u015bci\" \/>\n<meta property=\"article:published_time\" content=\"2017-12-06T15:25:12+00:00\" \/>\n<meta property=\"og:image\" content=\"https:\/\/www.facebook.com\/images\/emoji.php\/v9\/ff3\/1.5\/16\/2764.png\" \/>\n<meta name=\"author\" content=\"admin\" \/>\n<meta name=\"twitter:card\" content=\"summary_large_image\" \/>\n<meta name=\"twitter:label1\" content=\"Napisane przez\" \/>\n\t<meta name=\"twitter:data1\" content=\"admin\" \/>\n\t<meta name=\"twitter:label2\" content=\"Szacowany czas czytania\" \/>\n\t<meta name=\"twitter:data2\" content=\"2 minuty\" \/>\n<script type=\"application\/ld+json\" class=\"yoast-schema-graph\">{\"@context\":\"https:\/\/schema.org\",\"@graph\":[{\"@type\":\"Article\",\"@id\":\"https:\/\/epokaserca.pl\/aktualnosci\/5-grudnia-2017\/#article\",\"isPartOf\":{\"@id\":\"https:\/\/epokaserca.pl\/aktualnosci\/5-grudnia-2017\/\"},\"author\":{\"name\":\"admin\",\"@id\":\"https:\/\/epokaserca.pl\/aktualnosci\/#\/schema\/person\/f87215bc4f757d15c7321145cbabc434\"},\"headline\":\"5 grudnia 2017\",\"datePublished\":\"2017-12-06T15:25:12+00:00\",\"mainEntityOfPage\":{\"@id\":\"https:\/\/epokaserca.pl\/aktualnosci\/5-grudnia-2017\/\"},\"wordCount\":350,\"commentCount\":0,\"image\":{\"@id\":\"https:\/\/epokaserca.pl\/aktualnosci\/5-grudnia-2017\/#primaryimage\"},\"thumbnailUrl\":\"https:\/\/www.facebook.com\/images\/emoji.php\/v9\/ff3\/1.5\/16\/2764.png\",\"articleSection\":[\"Aktualno\u015bci\"],\"inLanguage\":\"pl-PL\",\"potentialAction\":[{\"@type\":\"CommentAction\",\"name\":\"Comment\",\"target\":[\"https:\/\/epokaserca.pl\/aktualnosci\/5-grudnia-2017\/#respond\"]}]},{\"@type\":\"WebPage\",\"@id\":\"https:\/\/epokaserca.pl\/aktualnosci\/5-grudnia-2017\/\",\"url\":\"https:\/\/epokaserca.pl\/aktualnosci\/5-grudnia-2017\/\",\"name\":\"5 grudnia 2017 - Aktualno\u015bci\",\"isPartOf\":{\"@id\":\"https:\/\/epokaserca.pl\/aktualnosci\/#website\"},\"primaryImageOfPage\":{\"@id\":\"https:\/\/epokaserca.pl\/aktualnosci\/5-grudnia-2017\/#primaryimage\"},\"image\":{\"@id\":\"https:\/\/epokaserca.pl\/aktualnosci\/5-grudnia-2017\/#primaryimage\"},\"thumbnailUrl\":\"https:\/\/www.facebook.com\/images\/emoji.php\/v9\/ff3\/1.5\/16\/2764.png\",\"datePublished\":\"2017-12-06T15:25:12+00:00\",\"author\":{\"@id\":\"https:\/\/epokaserca.pl\/aktualnosci\/#\/schema\/person\/f87215bc4f757d15c7321145cbabc434\"},\"breadcrumb\":{\"@id\":\"https:\/\/epokaserca.pl\/aktualnosci\/5-grudnia-2017\/#breadcrumb\"},\"inLanguage\":\"pl-PL\",\"potentialAction\":[{\"@type\":\"ReadAction\",\"target\":[\"https:\/\/epokaserca.pl\/aktualnosci\/5-grudnia-2017\/\"]}]},{\"@type\":\"ImageObject\",\"inLanguage\":\"pl-PL\",\"@id\":\"https:\/\/epokaserca.pl\/aktualnosci\/5-grudnia-2017\/#primaryimage\",\"url\":\"https:\/\/www.facebook.com\/images\/emoji.php\/v9\/ff3\/1.5\/16\/2764.png\",\"contentUrl\":\"https:\/\/www.facebook.com\/images\/emoji.php\/v9\/ff3\/1.5\/16\/2764.png\"},{\"@type\":\"BreadcrumbList\",\"@id\":\"https:\/\/epokaserca.pl\/aktualnosci\/5-grudnia-2017\/#breadcrumb\",\"itemListElement\":[{\"@type\":\"ListItem\",\"position\":1,\"name\":\"Home\",\"item\":\"https:\/\/epokaserca.pl\/aktualnosci\/\"},{\"@type\":\"ListItem\",\"position\":2,\"name\":\"5 grudnia 2017\"}]},{\"@type\":\"WebSite\",\"@id\":\"https:\/\/epokaserca.pl\/aktualnosci\/#website\",\"url\":\"https:\/\/epokaserca.pl\/aktualnosci\/\",\"name\":\"Aktualno\u015bci\",\"description\":\"\",\"potentialAction\":[{\"@type\":\"SearchAction\",\"target\":{\"@type\":\"EntryPoint\",\"urlTemplate\":\"https:\/\/epokaserca.pl\/aktualnosci\/?s={search_term_string}\"},\"query-input\":{\"@type\":\"PropertyValueSpecification\",\"valueRequired\":true,\"valueName\":\"search_term_string\"}}],\"inLanguage\":\"pl-PL\"},{\"@type\":\"Person\",\"@id\":\"https:\/\/epokaserca.pl\/aktualnosci\/#\/schema\/person\/f87215bc4f757d15c7321145cbabc434\",\"name\":\"admin\",\"image\":{\"@type\":\"ImageObject\",\"inLanguage\":\"pl-PL\",\"@id\":\"https:\/\/epokaserca.pl\/aktualnosci\/#\/schema\/person\/image\/\",\"url\":\"https:\/\/secure.gravatar.com\/avatar\/8e51b30565ad99a9f8b25bd638d21cd1?s=96&d=mm&r=g\",\"contentUrl\":\"https:\/\/secure.gravatar.com\/avatar\/8e51b30565ad99a9f8b25bd638d21cd1?s=96&d=mm&r=g\",\"caption\":\"admin\"},\"url\":\"https:\/\/epokaserca.pl\/aktualnosci\/author\/admin\/\"}]}<\/script>\n<!-- \/ Yoast SEO plugin. -->","yoast_head_json":{"title":"5 grudnia 2017 - Aktualno\u015bci","robots":{"index":"index","follow":"follow","max-snippet":"max-snippet:-1","max-image-preview":"max-image-preview:large","max-video-preview":"max-video-preview:-1"},"canonical":"https:\/\/epokaserca.pl\/aktualnosci\/5-grudnia-2017\/","og_locale":"pl_PL","og_type":"article","og_title":"5 grudnia 2017 - Aktualno\u015bci","og_description":"Mam dla Was przykr\u0105 informacj\u0119 &#8211; Wczoraj odszed\u0142 nagle Wojtek Drewniak. Umieszczam wspomnienie o nim, gdy\u017c zna\u0142am go jako wyj\u0105tkowo skromnego, ciep\u0142ego, serdecznego cz\u0142owieka. Wielu z nas zna\u0142o Wojtka, dzia\u0142a\u0142 w naszych klimatach od wielu, wielu lat. W\u0142\u0105czam dzi\u015b fb i widz\u0119 informacj\u0119 o odej\u015bciu Wojtka&nbsp;Wojciech Drewniak.Dziwny czas &#8211; odchodzi niespodziewanie wielu ludzi.Wojtka pozna\u0142am podczas [&hellip;]","og_url":"https:\/\/epokaserca.pl\/aktualnosci\/5-grudnia-2017\/","og_site_name":"Aktualno\u015bci","article_published_time":"2017-12-06T15:25:12+00:00","og_image":[{"url":"https:\/\/www.facebook.com\/images\/emoji.php\/v9\/ff3\/1.5\/16\/2764.png","type":"","width":"","height":""}],"author":"admin","twitter_card":"summary_large_image","twitter_misc":{"Napisane przez":"admin","Szacowany czas czytania":"2 minuty"},"schema":{"@context":"https:\/\/schema.org","@graph":[{"@type":"Article","@id":"https:\/\/epokaserca.pl\/aktualnosci\/5-grudnia-2017\/#article","isPartOf":{"@id":"https:\/\/epokaserca.pl\/aktualnosci\/5-grudnia-2017\/"},"author":{"name":"admin","@id":"https:\/\/epokaserca.pl\/aktualnosci\/#\/schema\/person\/f87215bc4f757d15c7321145cbabc434"},"headline":"5 grudnia 2017","datePublished":"2017-12-06T15:25:12+00:00","mainEntityOfPage":{"@id":"https:\/\/epokaserca.pl\/aktualnosci\/5-grudnia-2017\/"},"wordCount":350,"commentCount":0,"image":{"@id":"https:\/\/epokaserca.pl\/aktualnosci\/5-grudnia-2017\/#primaryimage"},"thumbnailUrl":"https:\/\/www.facebook.com\/images\/emoji.php\/v9\/ff3\/1.5\/16\/2764.png","articleSection":["Aktualno\u015bci"],"inLanguage":"pl-PL","potentialAction":[{"@type":"CommentAction","name":"Comment","target":["https:\/\/epokaserca.pl\/aktualnosci\/5-grudnia-2017\/#respond"]}]},{"@type":"WebPage","@id":"https:\/\/epokaserca.pl\/aktualnosci\/5-grudnia-2017\/","url":"https:\/\/epokaserca.pl\/aktualnosci\/5-grudnia-2017\/","name":"5 grudnia 2017 - Aktualno\u015bci","isPartOf":{"@id":"https:\/\/epokaserca.pl\/aktualnosci\/#website"},"primaryImageOfPage":{"@id":"https:\/\/epokaserca.pl\/aktualnosci\/5-grudnia-2017\/#primaryimage"},"image":{"@id":"https:\/\/epokaserca.pl\/aktualnosci\/5-grudnia-2017\/#primaryimage"},"thumbnailUrl":"https:\/\/www.facebook.com\/images\/emoji.php\/v9\/ff3\/1.5\/16\/2764.png","datePublished":"2017-12-06T15:25:12+00:00","author":{"@id":"https:\/\/epokaserca.pl\/aktualnosci\/#\/schema\/person\/f87215bc4f757d15c7321145cbabc434"},"breadcrumb":{"@id":"https:\/\/epokaserca.pl\/aktualnosci\/5-grudnia-2017\/#breadcrumb"},"inLanguage":"pl-PL","potentialAction":[{"@type":"ReadAction","target":["https:\/\/epokaserca.pl\/aktualnosci\/5-grudnia-2017\/"]}]},{"@type":"ImageObject","inLanguage":"pl-PL","@id":"https:\/\/epokaserca.pl\/aktualnosci\/5-grudnia-2017\/#primaryimage","url":"https:\/\/www.facebook.com\/images\/emoji.php\/v9\/ff3\/1.5\/16\/2764.png","contentUrl":"https:\/\/www.facebook.com\/images\/emoji.php\/v9\/ff3\/1.5\/16\/2764.png"},{"@type":"BreadcrumbList","@id":"https:\/\/epokaserca.pl\/aktualnosci\/5-grudnia-2017\/#breadcrumb","itemListElement":[{"@type":"ListItem","position":1,"name":"Home","item":"https:\/\/epokaserca.pl\/aktualnosci\/"},{"@type":"ListItem","position":2,"name":"5 grudnia 2017"}]},{"@type":"WebSite","@id":"https:\/\/epokaserca.pl\/aktualnosci\/#website","url":"https:\/\/epokaserca.pl\/aktualnosci\/","name":"Aktualno\u015bci","description":"","potentialAction":[{"@type":"SearchAction","target":{"@type":"EntryPoint","urlTemplate":"https:\/\/epokaserca.pl\/aktualnosci\/?s={search_term_string}"},"query-input":{"@type":"PropertyValueSpecification","valueRequired":true,"valueName":"search_term_string"}}],"inLanguage":"pl-PL"},{"@type":"Person","@id":"https:\/\/epokaserca.pl\/aktualnosci\/#\/schema\/person\/f87215bc4f757d15c7321145cbabc434","name":"admin","image":{"@type":"ImageObject","inLanguage":"pl-PL","@id":"https:\/\/epokaserca.pl\/aktualnosci\/#\/schema\/person\/image\/","url":"https:\/\/secure.gravatar.com\/avatar\/8e51b30565ad99a9f8b25bd638d21cd1?s=96&d=mm&r=g","contentUrl":"https:\/\/secure.gravatar.com\/avatar\/8e51b30565ad99a9f8b25bd638d21cd1?s=96&d=mm&r=g","caption":"admin"},"url":"https:\/\/epokaserca.pl\/aktualnosci\/author\/admin\/"}]}},"_links":{"self":[{"href":"https:\/\/epokaserca.pl\/aktualnosci\/wp-json\/wp\/v2\/posts\/1367","targetHints":{"allow":["GET"]}}],"collection":[{"href":"https:\/\/epokaserca.pl\/aktualnosci\/wp-json\/wp\/v2\/posts"}],"about":[{"href":"https:\/\/epokaserca.pl\/aktualnosci\/wp-json\/wp\/v2\/types\/post"}],"author":[{"embeddable":true,"href":"https:\/\/epokaserca.pl\/aktualnosci\/wp-json\/wp\/v2\/users\/1"}],"replies":[{"embeddable":true,"href":"https:\/\/epokaserca.pl\/aktualnosci\/wp-json\/wp\/v2\/comments?post=1367"}],"version-history":[{"count":0,"href":"https:\/\/epokaserca.pl\/aktualnosci\/wp-json\/wp\/v2\/posts\/1367\/revisions"}],"wp:attachment":[{"href":"https:\/\/epokaserca.pl\/aktualnosci\/wp-json\/wp\/v2\/media?parent=1367"}],"wp:term":[{"taxonomy":"category","embeddable":true,"href":"https:\/\/epokaserca.pl\/aktualnosci\/wp-json\/wp\/v2\/categories?post=1367"},{"taxonomy":"post_tag","embeddable":true,"href":"https:\/\/epokaserca.pl\/aktualnosci\/wp-json\/wp\/v2\/tags?post=1367"}],"curies":[{"name":"wp","href":"https:\/\/api.w.org\/{rel}","templated":true}]}}