{"id":1379,"date":"2018-03-21T21:02:53","date_gmt":"2018-03-21T21:02:53","guid":{"rendered":"https:\/\/epokaserca.pl\/aktualnosci\/index.php\/2018\/03\/21\/o-smierci-dziecka\/"},"modified":"2018-03-21T21:02:53","modified_gmt":"2018-03-21T21:02:53","slug":"o-smierci-dziecka","status":"publish","type":"post","link":"https:\/\/epokaserca.pl\/aktualnosci\/o-smierci-dziecka\/","title":{"rendered":"O \u015bmierci dziecka"},"content":{"rendered":"\n<p style=\"margin-bottom: 6px; font-family: Helvetica, Arial, sans-serif; color: #1d2129; font-size: 14px;\">&nbsp;<\/p>\n<p style=\"margin-bottom: 6px; font-family: Helvetica, Arial, sans-serif; color: #1d2129; font-size: 14px;\">&nbsp;<\/p>\n<p><span style=\"color: #1d2129; font-family: Helvetica, Arial, sans-serif; font-size: 14px;\">&#8222;&#8230;.Umi\u0142owana, nic nigdy nie nale\u017cy do nikogo, gdy\u017c jest tylko JEDNO, w obr\u0119bie kt\u00f3rego tworz\u0105 si\u0119 formy i zale\u017cno\u015bci. Tak, dusze odr\u0119bno\u015b\u0107 udaj\u0105, lecz tylko na czas jaki\u015b, aby bawi\u0107 si\u0119 i ewoluowa\u0107 w swym poznaniu \u017cycia na Ziemi.<br style=\"color: #1d2129; font-family: Helvetica, Arial, sans-serif; font-size: 14px;\" \/><span style=\"color: #1d2129; font-family: Helvetica, Arial, sans-serif; font-size: 14px;\">Jednym z plan\u00f3w tego \u015bwiata jest rozpozna\u0107 pozorno\u015b\u0107 oddzielenia jeden od drugiego, jednego serca od drugiego, duszy od duszy. To tylko pozorne, gdy\u017c w jednym \u0142onie wszech\u015bwiata i w jednym Duchu wszystko Jednym.<br style=\"color: #1d2129; font-family: Helvetica, Arial, sans-serif; font-size: 14px;\" \/><span style=\"color: #1d2129; font-family: Helvetica, Arial, sans-serif; font-size: 14px;\">Przez wieki cz\u0142owiek szed\u0142 i widzia\u0142 oczyma rozdzielenie, umys\u0142em kalkulowa\u0142 jak zabezpieczy\u0107 si\u0119 przed strat\u0105, gdy ju\u017c posiada\u0142, lub d\u0105\u017cy\u0142 do zdobycia \u2013 d\u00f3br, partner\u00f3w, dzieci. Walka i l\u0119k nieustaj\u0105cy i prawo w\u0142asno\u015bci.<br style=\"color: #1d2129; font-family: Helvetica, Arial, sans-serif; font-size: 14px;\" \/><span style=\"color: #1d2129; font-family: Helvetica, Arial, sans-serif; font-size: 14px;\">Dzi\u015b czas i\u015b\u0107 dalej, ku sobie prawdziwemu, tam gdzie wszystko jest jednym, zrozumie\u0107 to trzeba i poczu\u0107.<br style=\"color: #1d2129; font-family: Helvetica, Arial, sans-serif; font-size: 14px;\" \/><span style=\"color: #1d2129; font-family: Helvetica, Arial, sans-serif; font-size: 14px;\">Wszelkie sytuacje nie s\u0105 dla b\u00f3lu, lecz po to, aby zobaczy\u0107, wci\u0105\u017c istniej\u0105ce w cz\u0142owieku &#8211; uznawanie oddzielenia i prawa w\u0142asno\u015bci. Nie ma straty, jest przemieszczanie si\u0119 dusz w obr\u0119bie swoich zada\u0144.&nbsp;<br style=\"color: #1d2129; font-family: Helvetica, Arial, sans-serif; font-size: 14px;\" \/><span style=\"color: #1d2129; font-family: Helvetica, Arial, sans-serif; font-size: 14px;\">Przychodz\u0105 i odchodz\u0105 zgodnie z podj\u0119tymi wsp\u00f3lnie przed narodzinami \u2013 ustaleniami, a dzieje si\u0119 to dla wzrostu obojga.<br style=\"color: #1d2129; font-family: Helvetica, Arial, sans-serif; font-size: 14px;\" \/><span style=\"color: #1d2129; font-family: Helvetica, Arial, sans-serif; font-size: 14px;\">Nie ma, moje dziecko, m\u00f3j partner, moja w\u0142asno\u015b\u0107 \u2013 zamiast tego jest \u2013 nauka macierzy\u0144stwa, partnerstwa itd\u2026\u2026S\u0105 to tematy ucz\u0105ce -OPIEKI , zatroszczenia si\u0119 o wsp\u00f3lny czas i prowadzenie \u2013 rodzica i dziecka, wsp\u00f3lnoty partnerstwa, czy te\u017c opieki nad ziemi\u0105, czy inn\u0105 form\u0105 materii.<br style=\"color: #1d2129; font-family: Helvetica, Arial, sans-serif; font-size: 14px;\" \/><span style=\"color: #1d2129; font-family: Helvetica, Arial, sans-serif; font-size: 14px;\">To tylko nauka \u2013 posiadania, a p\u00f3\u017aniej wy\u017csza OPIEKI podczas wsp\u00f3lnego czasu.<br style=\"color: #1d2129; font-family: Helvetica, Arial, sans-serif; font-size: 14px;\" \/><span style=\"color: #1d2129; font-family: Helvetica, Arial, sans-serif; font-size: 14px;\">Nie ma \u015bmierci, ani zniszczenia, wszystko nieustannie zmienia sw\u0105 form\u0119, aby w konsekwencji powr\u00f3ci\u0107 do \u0179r\u00f3d\u0142a, do z\u0142otego deszczu wszech-mo\u017cliwo\u015bci.<br style=\"color: #1d2129; font-family: Helvetica, Arial, sans-serif; font-size: 14px;\" \/><span style=\"color: #1d2129; font-family: Helvetica, Arial, sans-serif; font-size: 14px;\">Zawsze w Twoim sercu Ukochana jest ca\u0142y wszech\u015bwiat, gdy\u017c serce, cho\u0107 ludzkie, jest to\u017csame z \u0142onem wszech\u015bwiata, tylko cz\u0142owiek wybi\u00f3rczo z niego korzysta, wybi\u00f3rczo je zna, w nim i dziecko, kt\u00f3re przyj\u0119\u0142a\u015b w to \u017cycie dla wsp\u00f3lnej nauki i wszelkie gwiazdy, galaktyki.<br style=\"color: #1d2129; font-family: Helvetica, Arial, sans-serif; font-size: 14px;\" \/><span style=\"color: #1d2129; font-family: Helvetica, Arial, sans-serif; font-size: 14px;\">M\u00f3w do swego serca, m\u00f3w do duszy dziecka, ono jeszcze w kszta\u0142cie i formie duszy, s\u0142yszy Ci\u0119 i widzi. Cho\u0107 ju\u017c nie Twoje i form\u0119 cia\u0142a inn\u0105 przybierze, nadal serce jedno jest i mi\u0142o\u015b\u0107 jedna, z dzieckiem tym i ka\u017cdym, z drzewem, wiatrem i gwiazdami.<br style=\"color: #1d2129; font-family: Helvetica, Arial, sans-serif; font-size: 14px;\" \/><span style=\"color: #1d2129; font-family: Helvetica, Arial, sans-serif; font-size: 14px;\">To nie dziecka Ci brak, lecz rozszerzenia w kt\u00f3rym mog\u0142aby\u015b poczu\u0107 ca\u0142\u0105 siebie jako Ducha, a w nim wszystko, co by\u0142o i jest, ca\u0142\u0105 mi\u0142o\u015b\u0107 istnienia, mi\u0142o\u015b\u0107, kt\u00f3r\u0105 jeste\u015b.<br style=\"color: #1d2129; font-family: Helvetica, Arial, sans-serif; font-size: 14px;\" \/><span style=\"color: #1d2129; font-family: Helvetica, Arial, sans-serif; font-size: 14px;\">Nic wyrwa\u0107 z tego nie mo\u017cna , gdy\u017c Jedno jest \u0142ono i to tylko pozorny jest brak. I tam Dom jest tu tylko chwila snu.&nbsp;<br style=\"color: #1d2129; font-family: Helvetica, Arial, sans-serif; font-size: 14px;\" \/><span style=\"color: #1d2129; font-family: Helvetica, Arial, sans-serif; font-size: 14px;\">Gdy z tamtego \u015bwiata dusza wychodzi w to \u017cycie , jakby na chwil\u0119 na spacer wysz\u0142a i wraca\u0107 chce, cho\u0107 jako cz\u0142owiek o tym nie pami\u0119ta. Pozw\u00f3l, wi\u0119c w domu odpocz\u0105\u0107 duszy dziecka o kt\u00f3re pytasz. Tam jest Dom dusz.&#8221;<\/span><\/span><\/span><\/span><\/span><\/span><\/span><\/span><\/span><\/span><\/span><\/span><\/span><\/span><\/p>\n<p style=\"margin-top: 6px; margin-bottom: 6px; font-family: Helvetica, Arial, sans-serif; color: #1d2129; font-size: 14px;\"><span class=\"_47e3 _5mfr\" title=\"Emotikon heart\" style=\"line-height: 0; vertical-align: middle; margin: 0px 1px; font-family: inherit;\"><img loading=\"lazy\" decoding=\"async\" class=\"img\" height=\"16\" role=\"presentation\" src=\"https:\/\/static.xx.fbcdn.net\/images\/emoji.php\/v9\/f6c\/1\/16\/2764.png\" width=\"16\" alt=\"\" style=\"border-width: 0px; border-style: initial; vertical-align: -3px;\" \/><span aria-hidden=\"true\" class=\"_7oe\" style=\"display: inline-block; font-size: 0px; width: 0px; font-family: inherit;\">&lt;3<br \/>Umi\u0142owana, nic nigdy nie nale\u017cy do nikogo, gdy\u017c jest tylko JEDNO, w obr\u0119bie kt\u00f3rego tworz\u0105 si\u0119 formy i zale\u017cno\u015bci. Tak, dusze odr\u0119bno\u015b\u0107 udaj\u0105, lecz tylko na czas jaki\u015b, aby bawi\u0107 si\u0119 i ewoluowa\u0107 w swym poznaniu \u017cycia na Ziemi.<br \/>Jednym z plan\u00f3w tego \u015bwiata jest rozpozna\u0107 pozorno\u015b\u0107 oddzielenia jeden od drugiego, jednego serca od drugiego, duszy od duszy. To tylko pozorne, gdy\u017c w jednym \u0142onie wszech\u015bwiata i w jednym Duchu wszystko Jednym.<br \/>Przez wieki cz\u0142owiek szed\u0142 i widzia\u0142 oczyma rozdzielenie, umys\u0142em kalkulowa\u0142 jak zabezpieczy\u0107 si\u0119 przed strat\u0105, gdy ju\u017c posiada\u0142, lub d\u0105\u017cy\u0142 do zdobycia \u2013 d\u00f3br, partner\u00f3w, dzieci. Walka i l\u0119k nieustaj\u0105cy i prawo w\u0142asno\u015bci.<br \/>Dzi\u015b czas i\u015b\u0107 dalej, ku sobie prawdziwemu, tam gdzie wszystko jest jednym, zrozumie\u0107 to trzeba i poczu\u0107.<br \/>Wszelkie sytuacje nie s\u0105 dla b\u00f3lu, lecz po to, aby zobaczy\u0107, wci\u0105\u017c istniej\u0105ce w cz\u0142owieku &#8211; uznawanie oddzielenia i prawa w\u0142asno\u015bci. Nie ma straty, jest przemieszczanie si\u0119 dusz w obr\u0119bie swoich zada\u0144.&nbsp;<br \/>Przychodz\u0105 i odchodz\u0105 zgodnie z podj\u0119tymi wsp\u00f3lnie przed narodzinami \u2013 ustaleniami, a dzieje si\u0119 to dla wzrostu obojga.<br \/>Nie ma, moje dziecko, m\u00f3j partner, moja w\u0142asno\u015b\u0107 \u2013 zamiast tego jest \u2013 nauka macierzy\u0144stwa, partnerstwa itd\u2026\u2026S\u0105 to tematy ucz\u0105ce -OPIEKI , zatroszczenia si\u0119 o wsp\u00f3lny czas i prowadzenie \u2013 rodzica i dziecka, wsp\u00f3lnoty partnerstwa, czy te\u017c opieki nad ziemi\u0105, czy inn\u0105 form\u0105 materii.<br \/>To tylko nauka \u2013 posiadania, a p\u00f3\u017aniej wy\u017csza OPIEKI podczas wsp\u00f3lnego czasu.<br \/>Nie ma \u015bmierci, ani zniszczenia, wszystko nieustannie zmienia sw\u0105 form\u0119, aby w konsekwencji powr\u00f3ci\u0107 do \u0179r\u00f3d\u0142a, do z\u0142otego deszczu wszech-mo\u017cliwo\u015bci.<br \/>Zawsze w Twoim sercu Ukochana jest ca\u0142y wszech\u015bwiat, gdy\u017c serce, cho\u0107 ludzkie, jest to\u017csame z \u0142onem wszech\u015bwiata, tylko cz\u0142owiek wybi\u00f3rczo z niego korzysta, wybi\u00f3rczo je zna, w nim i dziecko, kt\u00f3re przyj\u0119\u0142a\u015b w to \u017cycie dla wsp\u00f3lnej nauki i wszelkie gwiazdy, galaktyki.<br \/>M\u00f3w do swego serca, m\u00f3w do duszy dziecka, ono jeszcze w kszta\u0142cie i formie duszy, s\u0142yszy Ci\u0119 i widzi. Cho\u0107 ju\u017c nie Twoje i form\u0119 cia\u0142a inn\u0105 przybierze, nadal serce jedno jest i mi\u0142o\u015b\u0107 jedna, z dzieckiem tym i ka\u017cdym, z drzewem, wiatrem i gwiazdami.<br \/>To nie dziecka Ci brak, lecz rozszerzenia w kt\u00f3rym mog\u0142aby\u015b poczu\u0107 ca\u0142\u0105 siebie jako Ducha, a w nim wszystko, co by\u0142o i jest, ca\u0142\u0105 mi\u0142o\u015b\u0107 istnienia, mi\u0142o\u015b\u0107, kt\u00f3r\u0105 jeste\u015b.<br \/>Nic wyrwa\u0107 z tego nie mo\u017cna , gdy\u017c Jedno jest \u0142ono i to tylko pozorny jest brak. I tam Dom jest tu tylko chwila snu.&nbsp;<br \/>Gdy z tamtego \u015bwiata dusza wychodzi w to \u017cycie , jakby na chwil\u0119 na spacer wysz\u0142a i wraca\u0107 chce, cho\u0107 jako cz\u0142owiek o tym nie pami\u0119ta. Pozw\u00f3l, wi\u0119c w domu odpocz\u0105\u0107 duszy dziecka o kt\u00f3re pytasz. Tam jest Dom dusz.<\/span><\/span><\/p>\n","protected":false},"excerpt":{"rendered":"<p style=\"margin-bottom: 6px; font-family: Helvetica, Arial, sans-serif; color: #1d2129; font-size: 14px;\">Kochani &#8211; dzi\u015b publikuj\u0119 jeden z przekaz\u00f3w channelingowych. Kobieta prosi\u0142a o klika s\u0142\u00f3w dot. \u015bmierci jej dziecka.<br \/>By\u0107 mo\u017ce kto\u015b skorzysta z tej tre\u015bci.&nbsp;<br \/>Przekazy sa dostosowane do potrzeb pytaj\u0105cego i cho\u0107 czasami mo\u017ce si\u0119 wydawa\u0107, \u017ce ich nie rozumiemy, lub nie wyczerpuj\u0105 tematu, na dany czas s\u0105 zawsze najlepsze, &#8222;pracuj\u0105&#8221; w polu energii, nios\u0105 nowe.&nbsp;<\/p>\n","protected":false},"author":1,"featured_media":0,"comment_status":"open","ping_status":"open","sticky":false,"template":"","format":"standard","meta":{"footnotes":""},"categories":[2],"tags":[],"class_list":{"0":"post-1379","1":"post","2":"type-post","3":"status-publish","4":"format-standard","6":"category-artykuly","7":"czr-hentry"},"yoast_head":"<!-- This site is optimized with the Yoast SEO plugin v26.8 - https:\/\/yoast.com\/product\/yoast-seo-wordpress\/ -->\n<title>O \u015bmierci dziecka - Aktualno\u015bci<\/title>\n<meta name=\"robots\" content=\"index, follow, max-snippet:-1, max-image-preview:large, max-video-preview:-1\" \/>\n<link rel=\"canonical\" href=\"https:\/\/epokaserca.pl\/aktualnosci\/o-smierci-dziecka\/\" \/>\n<meta property=\"og:locale\" content=\"pl_PL\" \/>\n<meta property=\"og:type\" content=\"article\" \/>\n<meta property=\"og:title\" content=\"O \u015bmierci dziecka - Aktualno\u015bci\" \/>\n<meta property=\"og:description\" content=\"Kochani - dzi\u015b publikuj\u0119 jeden z przekaz\u00f3w channelingowych. Kobieta prosi\u0142a o klika s\u0142\u00f3w dot. \u015bmierci jej dziecka.By\u0107 mo\u017ce kto\u015b skorzysta z tej tre\u015bci.&nbsp;Przekazy sa dostosowane do potrzeb pytaj\u0105cego i cho\u0107 czasami mo\u017ce si\u0119 wydawa\u0107, \u017ce ich nie rozumiemy, lub nie wyczerpuj\u0105 tematu, na dany czas s\u0105 zawsze najlepsze, &quot;pracuj\u0105&quot; w polu energii, nios\u0105 nowe.&nbsp;\" \/>\n<meta property=\"og:url\" content=\"https:\/\/epokaserca.pl\/aktualnosci\/o-smierci-dziecka\/\" \/>\n<meta property=\"og:site_name\" content=\"Aktualno\u015bci\" \/>\n<meta property=\"article:published_time\" content=\"2018-03-21T21:02:53+00:00\" \/>\n<meta property=\"og:image\" content=\"https:\/\/static.xx.fbcdn.net\/images\/emoji.php\/v9\/f6c\/1\/16\/2764.png\" \/>\n<meta name=\"author\" content=\"admin\" \/>\n<meta name=\"twitter:card\" content=\"summary_large_image\" \/>\n<meta name=\"twitter:label1\" content=\"Napisane przez\" \/>\n\t<meta name=\"twitter:data1\" content=\"admin\" \/>\n\t<meta name=\"twitter:label2\" content=\"Szacowany czas czytania\" \/>\n\t<meta name=\"twitter:data2\" content=\"5 minut\" \/>\n<script type=\"application\/ld+json\" class=\"yoast-schema-graph\">{\"@context\":\"https:\/\/schema.org\",\"@graph\":[{\"@type\":\"Article\",\"@id\":\"https:\/\/epokaserca.pl\/aktualnosci\/o-smierci-dziecka\/#article\",\"isPartOf\":{\"@id\":\"https:\/\/epokaserca.pl\/aktualnosci\/o-smierci-dziecka\/\"},\"author\":{\"name\":\"admin\",\"@id\":\"https:\/\/epokaserca.pl\/aktualnosci\/#\/schema\/person\/f87215bc4f757d15c7321145cbabc434\"},\"headline\":\"O \u015bmierci dziecka\",\"datePublished\":\"2018-03-21T21:02:53+00:00\",\"mainEntityOfPage\":{\"@id\":\"https:\/\/epokaserca.pl\/aktualnosci\/o-smierci-dziecka\/\"},\"wordCount\":994,\"commentCount\":0,\"image\":{\"@id\":\"https:\/\/epokaserca.pl\/aktualnosci\/o-smierci-dziecka\/#primaryimage\"},\"thumbnailUrl\":\"https:\/\/static.xx.fbcdn.net\/images\/emoji.php\/v9\/f6c\/1\/16\/2764.png\",\"articleSection\":[\"Artyku\u0142y\"],\"inLanguage\":\"pl-PL\",\"potentialAction\":[{\"@type\":\"CommentAction\",\"name\":\"Comment\",\"target\":[\"https:\/\/epokaserca.pl\/aktualnosci\/o-smierci-dziecka\/#respond\"]}]},{\"@type\":\"WebPage\",\"@id\":\"https:\/\/epokaserca.pl\/aktualnosci\/o-smierci-dziecka\/\",\"url\":\"https:\/\/epokaserca.pl\/aktualnosci\/o-smierci-dziecka\/\",\"name\":\"O \u015bmierci dziecka - Aktualno\u015bci\",\"isPartOf\":{\"@id\":\"https:\/\/epokaserca.pl\/aktualnosci\/#website\"},\"primaryImageOfPage\":{\"@id\":\"https:\/\/epokaserca.pl\/aktualnosci\/o-smierci-dziecka\/#primaryimage\"},\"image\":{\"@id\":\"https:\/\/epokaserca.pl\/aktualnosci\/o-smierci-dziecka\/#primaryimage\"},\"thumbnailUrl\":\"https:\/\/static.xx.fbcdn.net\/images\/emoji.php\/v9\/f6c\/1\/16\/2764.png\",\"datePublished\":\"2018-03-21T21:02:53+00:00\",\"author\":{\"@id\":\"https:\/\/epokaserca.pl\/aktualnosci\/#\/schema\/person\/f87215bc4f757d15c7321145cbabc434\"},\"breadcrumb\":{\"@id\":\"https:\/\/epokaserca.pl\/aktualnosci\/o-smierci-dziecka\/#breadcrumb\"},\"inLanguage\":\"pl-PL\",\"potentialAction\":[{\"@type\":\"ReadAction\",\"target\":[\"https:\/\/epokaserca.pl\/aktualnosci\/o-smierci-dziecka\/\"]}]},{\"@type\":\"ImageObject\",\"inLanguage\":\"pl-PL\",\"@id\":\"https:\/\/epokaserca.pl\/aktualnosci\/o-smierci-dziecka\/#primaryimage\",\"url\":\"https:\/\/static.xx.fbcdn.net\/images\/emoji.php\/v9\/f6c\/1\/16\/2764.png\",\"contentUrl\":\"https:\/\/static.xx.fbcdn.net\/images\/emoji.php\/v9\/f6c\/1\/16\/2764.png\"},{\"@type\":\"BreadcrumbList\",\"@id\":\"https:\/\/epokaserca.pl\/aktualnosci\/o-smierci-dziecka\/#breadcrumb\",\"itemListElement\":[{\"@type\":\"ListItem\",\"position\":1,\"name\":\"Home\",\"item\":\"https:\/\/epokaserca.pl\/aktualnosci\/\"},{\"@type\":\"ListItem\",\"position\":2,\"name\":\"O \u015bmierci dziecka\"}]},{\"@type\":\"WebSite\",\"@id\":\"https:\/\/epokaserca.pl\/aktualnosci\/#website\",\"url\":\"https:\/\/epokaserca.pl\/aktualnosci\/\",\"name\":\"Aktualno\u015bci\",\"description\":\"\",\"potentialAction\":[{\"@type\":\"SearchAction\",\"target\":{\"@type\":\"EntryPoint\",\"urlTemplate\":\"https:\/\/epokaserca.pl\/aktualnosci\/?s={search_term_string}\"},\"query-input\":{\"@type\":\"PropertyValueSpecification\",\"valueRequired\":true,\"valueName\":\"search_term_string\"}}],\"inLanguage\":\"pl-PL\"},{\"@type\":\"Person\",\"@id\":\"https:\/\/epokaserca.pl\/aktualnosci\/#\/schema\/person\/f87215bc4f757d15c7321145cbabc434\",\"name\":\"admin\",\"image\":{\"@type\":\"ImageObject\",\"inLanguage\":\"pl-PL\",\"@id\":\"https:\/\/epokaserca.pl\/aktualnosci\/#\/schema\/person\/image\/\",\"url\":\"https:\/\/secure.gravatar.com\/avatar\/8e51b30565ad99a9f8b25bd638d21cd1?s=96&d=mm&r=g\",\"contentUrl\":\"https:\/\/secure.gravatar.com\/avatar\/8e51b30565ad99a9f8b25bd638d21cd1?s=96&d=mm&r=g\",\"caption\":\"admin\"},\"url\":\"https:\/\/epokaserca.pl\/aktualnosci\/author\/admin\/\"}]}<\/script>\n<!-- \/ Yoast SEO plugin. -->","yoast_head_json":{"title":"O \u015bmierci dziecka - Aktualno\u015bci","robots":{"index":"index","follow":"follow","max-snippet":"max-snippet:-1","max-image-preview":"max-image-preview:large","max-video-preview":"max-video-preview:-1"},"canonical":"https:\/\/epokaserca.pl\/aktualnosci\/o-smierci-dziecka\/","og_locale":"pl_PL","og_type":"article","og_title":"O \u015bmierci dziecka - Aktualno\u015bci","og_description":"Kochani - dzi\u015b publikuj\u0119 jeden z przekaz\u00f3w channelingowych. Kobieta prosi\u0142a o klika s\u0142\u00f3w dot. \u015bmierci jej dziecka.By\u0107 mo\u017ce kto\u015b skorzysta z tej tre\u015bci.&nbsp;Przekazy sa dostosowane do potrzeb pytaj\u0105cego i cho\u0107 czasami mo\u017ce si\u0119 wydawa\u0107, \u017ce ich nie rozumiemy, lub nie wyczerpuj\u0105 tematu, na dany czas s\u0105 zawsze najlepsze, \"pracuj\u0105\" w polu energii, nios\u0105 nowe.&nbsp;","og_url":"https:\/\/epokaserca.pl\/aktualnosci\/o-smierci-dziecka\/","og_site_name":"Aktualno\u015bci","article_published_time":"2018-03-21T21:02:53+00:00","og_image":[{"url":"https:\/\/static.xx.fbcdn.net\/images\/emoji.php\/v9\/f6c\/1\/16\/2764.png","type":"","width":"","height":""}],"author":"admin","twitter_card":"summary_large_image","twitter_misc":{"Napisane przez":"admin","Szacowany czas czytania":"5 minut"},"schema":{"@context":"https:\/\/schema.org","@graph":[{"@type":"Article","@id":"https:\/\/epokaserca.pl\/aktualnosci\/o-smierci-dziecka\/#article","isPartOf":{"@id":"https:\/\/epokaserca.pl\/aktualnosci\/o-smierci-dziecka\/"},"author":{"name":"admin","@id":"https:\/\/epokaserca.pl\/aktualnosci\/#\/schema\/person\/f87215bc4f757d15c7321145cbabc434"},"headline":"O \u015bmierci dziecka","datePublished":"2018-03-21T21:02:53+00:00","mainEntityOfPage":{"@id":"https:\/\/epokaserca.pl\/aktualnosci\/o-smierci-dziecka\/"},"wordCount":994,"commentCount":0,"image":{"@id":"https:\/\/epokaserca.pl\/aktualnosci\/o-smierci-dziecka\/#primaryimage"},"thumbnailUrl":"https:\/\/static.xx.fbcdn.net\/images\/emoji.php\/v9\/f6c\/1\/16\/2764.png","articleSection":["Artyku\u0142y"],"inLanguage":"pl-PL","potentialAction":[{"@type":"CommentAction","name":"Comment","target":["https:\/\/epokaserca.pl\/aktualnosci\/o-smierci-dziecka\/#respond"]}]},{"@type":"WebPage","@id":"https:\/\/epokaserca.pl\/aktualnosci\/o-smierci-dziecka\/","url":"https:\/\/epokaserca.pl\/aktualnosci\/o-smierci-dziecka\/","name":"O \u015bmierci dziecka - Aktualno\u015bci","isPartOf":{"@id":"https:\/\/epokaserca.pl\/aktualnosci\/#website"},"primaryImageOfPage":{"@id":"https:\/\/epokaserca.pl\/aktualnosci\/o-smierci-dziecka\/#primaryimage"},"image":{"@id":"https:\/\/epokaserca.pl\/aktualnosci\/o-smierci-dziecka\/#primaryimage"},"thumbnailUrl":"https:\/\/static.xx.fbcdn.net\/images\/emoji.php\/v9\/f6c\/1\/16\/2764.png","datePublished":"2018-03-21T21:02:53+00:00","author":{"@id":"https:\/\/epokaserca.pl\/aktualnosci\/#\/schema\/person\/f87215bc4f757d15c7321145cbabc434"},"breadcrumb":{"@id":"https:\/\/epokaserca.pl\/aktualnosci\/o-smierci-dziecka\/#breadcrumb"},"inLanguage":"pl-PL","potentialAction":[{"@type":"ReadAction","target":["https:\/\/epokaserca.pl\/aktualnosci\/o-smierci-dziecka\/"]}]},{"@type":"ImageObject","inLanguage":"pl-PL","@id":"https:\/\/epokaserca.pl\/aktualnosci\/o-smierci-dziecka\/#primaryimage","url":"https:\/\/static.xx.fbcdn.net\/images\/emoji.php\/v9\/f6c\/1\/16\/2764.png","contentUrl":"https:\/\/static.xx.fbcdn.net\/images\/emoji.php\/v9\/f6c\/1\/16\/2764.png"},{"@type":"BreadcrumbList","@id":"https:\/\/epokaserca.pl\/aktualnosci\/o-smierci-dziecka\/#breadcrumb","itemListElement":[{"@type":"ListItem","position":1,"name":"Home","item":"https:\/\/epokaserca.pl\/aktualnosci\/"},{"@type":"ListItem","position":2,"name":"O \u015bmierci dziecka"}]},{"@type":"WebSite","@id":"https:\/\/epokaserca.pl\/aktualnosci\/#website","url":"https:\/\/epokaserca.pl\/aktualnosci\/","name":"Aktualno\u015bci","description":"","potentialAction":[{"@type":"SearchAction","target":{"@type":"EntryPoint","urlTemplate":"https:\/\/epokaserca.pl\/aktualnosci\/?s={search_term_string}"},"query-input":{"@type":"PropertyValueSpecification","valueRequired":true,"valueName":"search_term_string"}}],"inLanguage":"pl-PL"},{"@type":"Person","@id":"https:\/\/epokaserca.pl\/aktualnosci\/#\/schema\/person\/f87215bc4f757d15c7321145cbabc434","name":"admin","image":{"@type":"ImageObject","inLanguage":"pl-PL","@id":"https:\/\/epokaserca.pl\/aktualnosci\/#\/schema\/person\/image\/","url":"https:\/\/secure.gravatar.com\/avatar\/8e51b30565ad99a9f8b25bd638d21cd1?s=96&d=mm&r=g","contentUrl":"https:\/\/secure.gravatar.com\/avatar\/8e51b30565ad99a9f8b25bd638d21cd1?s=96&d=mm&r=g","caption":"admin"},"url":"https:\/\/epokaserca.pl\/aktualnosci\/author\/admin\/"}]}},"_links":{"self":[{"href":"https:\/\/epokaserca.pl\/aktualnosci\/wp-json\/wp\/v2\/posts\/1379","targetHints":{"allow":["GET"]}}],"collection":[{"href":"https:\/\/epokaserca.pl\/aktualnosci\/wp-json\/wp\/v2\/posts"}],"about":[{"href":"https:\/\/epokaserca.pl\/aktualnosci\/wp-json\/wp\/v2\/types\/post"}],"author":[{"embeddable":true,"href":"https:\/\/epokaserca.pl\/aktualnosci\/wp-json\/wp\/v2\/users\/1"}],"replies":[{"embeddable":true,"href":"https:\/\/epokaserca.pl\/aktualnosci\/wp-json\/wp\/v2\/comments?post=1379"}],"version-history":[{"count":0,"href":"https:\/\/epokaserca.pl\/aktualnosci\/wp-json\/wp\/v2\/posts\/1379\/revisions"}],"wp:attachment":[{"href":"https:\/\/epokaserca.pl\/aktualnosci\/wp-json\/wp\/v2\/media?parent=1379"}],"wp:term":[{"taxonomy":"category","embeddable":true,"href":"https:\/\/epokaserca.pl\/aktualnosci\/wp-json\/wp\/v2\/categories?post=1379"},{"taxonomy":"post_tag","embeddable":true,"href":"https:\/\/epokaserca.pl\/aktualnosci\/wp-json\/wp\/v2\/tags?post=1379"}],"curies":[{"name":"wp","href":"https:\/\/api.w.org\/{rel}","templated":true}]}}