{"id":1396,"date":"2018-07-09T20:11:13","date_gmt":"2018-07-09T20:11:13","guid":{"rendered":"https:\/\/epokaserca.pl\/aktualnosci\/index.php\/2018\/07\/09\/smierc-i-narodziny\/"},"modified":"2018-07-09T20:11:13","modified_gmt":"2018-07-09T20:11:13","slug":"smierc-i-narodziny","status":"publish","type":"post","link":"https:\/\/epokaserca.pl\/aktualnosci\/smierc-i-narodziny\/","title":{"rendered":"\u015aMIER\u0106 I NARODZINY"},"content":{"rendered":"\n<p style=\"margin-bottom: 6px; font-family: inherit;\">&nbsp;<\/p>\n<div class=\"text_exposed_show\" style=\"display: inline; font-family: inherit;\">\n<p style=\"margin-bottom: 6px; font-family: Helvetica, Arial, sans-serif; color: #1d2129; font-size: 14px;\">R\u00f3\u017cnica jest ogromna.<\/p>\n<p style=\"margin-top: 6px; margin-bottom: 6px; font-family: Helvetica, Arial, sans-serif; color: #1d2129; font-size: 14px;\">Gdy ko\u0144czymy jakie\u015b zadanie oczywistym jest , \u017ce p\u00f3jdziemy dalej. Nauka w danej klasie ko\u0144czy si\u0119 &#8221; rozwi\u0105zaniem umowy&#8221; i p\u00f3j\u015bciem w nast\u0119pn\u0105 umow\u0119 do wy\u017cszej klasy. To oczywiste.<span class=\"text_exposed_show\" style=\"display: inline; font-family: inherit;\"><br \/>Ko\u0144czymy sta\u017c w jakim\u015b miejscu i idziemy dalej. To oczywiste.<\/span><\/p>\n<div class=\"text_exposed_show\" style=\"display: inline; font-family: Helvetica, Arial, sans-serif; color: #1d2129; font-size: 14px;\">\n<p style=\"margin-bottom: 6px; font-family: inherit;\">Mo\u017ce czas poj\u0105\u0107, \u017ce to co nazywali\u015bmy dotychczas \u015bmierci\u0105, postrzegali\u015bmy z ni\u017cszego poziomu naszego umys\u0142u. Jak dziecko, kt\u00f3re gdy rodzic znika z jego pola widzenia wychodz\u0105c z pokoju &#8211; mo\u017ce uzna\u0107 za nieistniej\u0105cego.<\/p>\n<p style=\"margin-top: 6px; margin-bottom: 6px; font-family: inherit;\">Tzw.\u015bmier\u0107 jest tylko ko\u0144cem zawartej wcze\u015bniej umowy na pobyt na planecie Ziemia.<\/p>\n<p style=\"margin-top: 6px; margin-bottom: 6px; font-family: inherit;\">Umowa zawarta &#8211; pojawiamy si\u0119 w ciele p\u0142odu.<br \/>Umowa sko\u0144czona &#8211; odchodzimy.<\/p>\n<p style=\"margin-top: 6px; margin-bottom: 6px; font-family: inherit;\">I nie jest najwa\u017cniejsze &#8211; narodziny czy \u015bmier\u0107, lecz JAK WYKORZYSTALI\u015aMY CZAS UMOWY.<\/p>\n<\/p><\/div>\n<\/p><\/div>\n<\/p><\/div>\n<\/p><\/div>\n","protected":false},"excerpt":{"rendered":"<div class=\"j_1212-awl5u z_1212-aq2k9 clearfix\" style=\"margin-bottom: -1px; font-family: Helvetica, Arial, sans-serif; color: #1d2129;\">\n<div class=\"clearfix y_1212-awk13\" style=\"margin-bottom: -6px; font-family: inherit;\">\n<div class=\"clearfix _42ef\" style=\"overflow: hidden; font-family: inherit;\">\n<div class=\"a_1212-awk18\" style=\"padding-bottom: 6px; font-family: inherit;\">\n<div style=\"font-family: inherit;\">\n<div class=\"_6a _5u5j\" style=\"display: inline-block; width: 444px; font-family: inherit;\">\n<div class=\"_6a _5u5j _6b\" style=\"display: inline-block; vertical-align: middle; width: 444px; font-family: inherit;\"> <\/p>\n<div class=\"_5pcp _5lel _2jyu _232_\" id=\"feed_subtitle_100009130412174:-6757894179931211772\" style=\"position: relative; color: #616770; font-family: inherit;\">\n<div class=\"_6a _43_1 _65bs _4f-9 _nws _21p0 _fol\" id=\"u_fetchstream_13_y\" style=\"display: inline-block; position: relative; margin: -5px -5px -4px -4px; padding: 0px; font-family: inherit;\">\n<div class=\"_6a uiPopover\" id=\"u_fetchstream_13_12\" style=\"display: inline-block; font-family: inherit;\"><a role=\"button\" class=\"_42ft _4jy0 _55pi _5vto _55_p _2agf _4o_4 _401v _p _1zg8 _3m8n _4jy3 _517h _51sy _59pe\" href=\"https:\/\/www.facebook.com\/profile.php?id=100009130412174\" aria-haspopup=\"true\" aria-label=\"Grono odbiorc\u00f3w: Publiczne\" id=\"u_fetchstream_13_w\" aria-expanded=\"false\" rel=\"toggle\" data-hover=\"tooltip\" data-tooltip-content=\"Publiczne\" data-tooltip-alignh=\"right\" style=\"color: #4267b2; cursor: pointer; padding-right: 3px; padding-left: 3px; display: inline-flex; white-space: nowrap; border-width: 1px; border-style: solid; border-color: transparent; font-weight: bold; position: relative; text-align: center; text-shadow: none; vertical-align: middle; background: none; line-height: 22px; font-family: inherit; max-width: 26px;\"><span class=\"_-xe _3-8_\" style=\"margin-right: 4px; font-family: inherit;\"><i class=\"_21or img sp_uV2TQ4CwoRu sx_663389\" style=\"background-image: url('\/rsrc.php\/v3\/yZ\/r\/ze6wZORLhRD.png'); background-repeat: no-repeat; display: inline-block; height: 12px; width: 12px; background-position: 0px 0px; bottom: 1px; position: relative; vertical-align: middle;\"><\/i><span class=\"accessible_elem\" style=\"clip: rect(1px, 1px, 1px, 1px); height: 1px; overflow: hidden; position: absolute; width: 1px; font-family: inherit;\"><span class=\"_55pe\" style=\"display: inline-block; overflow: hidden; vertical-align: top; color: #999999; font-family: inherit;\"><span class=\"_4o_3\" style=\"font-family: inherit;\"><i class=\"img sp_IYLU795hhRY sx_744cb6\" style=\"background-image: url('\/rsrc.php\/v3\/yM\/r\/nrT4d4NPqJq.png'); background-repeat: no-repeat; display: inline-block; height: 8px; width: 9px; background-position: -9px -60px; bottom: 1px; position: relative; vertical-align: middle;\"><\/i><\/span><\/span><\/span><\/span><\/a><\/div>\n<\/p><\/div>\n<\/p><\/div>\n<\/p><\/div>\n<\/p><\/div>\n<\/p><\/div>\n<\/p><\/div>\n<\/p><\/div>\n<\/p><\/div>\n<\/p><\/div>\n<div class=\"_5pbx userContent _3576\" data-ft=\"{&quot;tn&quot;:&quot;K&quot;}\" style=\"font-size: 14px; line-height: 1.38; margin-top: 6px; font-family: Helvetica, Arial, sans-serif; color: #1d2129;\">\n<div id=\"id_5b43c0be72a2e7345399061\" class=\"text_exposed_root text_exposed\" style=\"display: inline; font-family: inherit;\">\n<p style=\"margin-bottom: 6px; font-family: inherit;\">Ludzie m\u00f3wi\u0105 &#8211; cz\u0142owiek umar\u0142. Dramat , tragedia, cz\u0142owiek umar\u0142.<br \/>Zamiast &#8211; umowa na pobyt tej duszy na Ziemi -zako\u0144czy\u0142a si\u0119.<\/p>\n","protected":false},"author":1,"featured_media":0,"comment_status":"open","ping_status":"open","sticky":false,"template":"","format":"standard","meta":{"footnotes":""},"categories":[2],"tags":[],"class_list":{"0":"post-1396","1":"post","2":"type-post","3":"status-publish","4":"format-standard","6":"category-artykuly","7":"czr-hentry"},"yoast_head":"<!-- This site is optimized with the Yoast SEO plugin v26.8 - https:\/\/yoast.com\/product\/yoast-seo-wordpress\/ -->\n<title>\u015aMIER\u0106 I NARODZINY - Aktualno\u015bci<\/title>\n<meta name=\"robots\" content=\"index, follow, max-snippet:-1, max-image-preview:large, max-video-preview:-1\" \/>\n<link rel=\"canonical\" href=\"https:\/\/epokaserca.pl\/aktualnosci\/smierc-i-narodziny\/\" \/>\n<meta property=\"og:locale\" content=\"pl_PL\" \/>\n<meta property=\"og:type\" content=\"article\" \/>\n<meta property=\"og:title\" content=\"\u015aMIER\u0106 I NARODZINY - Aktualno\u015bci\" \/>\n<meta property=\"og:description\" content=\"Ludzie m\u00f3wi\u0105 - cz\u0142owiek umar\u0142. Dramat , tragedia, cz\u0142owiek umar\u0142.Zamiast - umowa na pobyt tej duszy na Ziemi -zako\u0144czy\u0142a si\u0119.\" \/>\n<meta property=\"og:url\" content=\"https:\/\/epokaserca.pl\/aktualnosci\/smierc-i-narodziny\/\" \/>\n<meta property=\"og:site_name\" content=\"Aktualno\u015bci\" \/>\n<meta property=\"article:published_time\" content=\"2018-07-09T20:11:13+00:00\" \/>\n<meta name=\"author\" content=\"admin\" \/>\n<meta name=\"twitter:card\" content=\"summary_large_image\" \/>\n<meta name=\"twitter:label1\" content=\"Napisane przez\" \/>\n\t<meta name=\"twitter:data1\" content=\"admin\" \/>\n\t<meta name=\"twitter:label2\" content=\"Szacowany czas czytania\" \/>\n\t<meta name=\"twitter:data2\" content=\"1 minuta\" \/>\n<script type=\"application\/ld+json\" class=\"yoast-schema-graph\">{\"@context\":\"https:\/\/schema.org\",\"@graph\":[{\"@type\":\"Article\",\"@id\":\"https:\/\/epokaserca.pl\/aktualnosci\/smierc-i-narodziny\/#article\",\"isPartOf\":{\"@id\":\"https:\/\/epokaserca.pl\/aktualnosci\/smierc-i-narodziny\/\"},\"author\":{\"name\":\"admin\",\"@id\":\"https:\/\/epokaserca.pl\/aktualnosci\/#\/schema\/person\/f87215bc4f757d15c7321145cbabc434\"},\"headline\":\"\u015aMIER\u0106 I NARODZINY\",\"datePublished\":\"2018-07-09T20:11:13+00:00\",\"mainEntityOfPage\":{\"@id\":\"https:\/\/epokaserca.pl\/aktualnosci\/smierc-i-narodziny\/\"},\"wordCount\":140,\"commentCount\":0,\"articleSection\":[\"Artyku\u0142y\"],\"inLanguage\":\"pl-PL\",\"potentialAction\":[{\"@type\":\"CommentAction\",\"name\":\"Comment\",\"target\":[\"https:\/\/epokaserca.pl\/aktualnosci\/smierc-i-narodziny\/#respond\"]}]},{\"@type\":\"WebPage\",\"@id\":\"https:\/\/epokaserca.pl\/aktualnosci\/smierc-i-narodziny\/\",\"url\":\"https:\/\/epokaserca.pl\/aktualnosci\/smierc-i-narodziny\/\",\"name\":\"\u015aMIER\u0106 I NARODZINY - Aktualno\u015bci\",\"isPartOf\":{\"@id\":\"https:\/\/epokaserca.pl\/aktualnosci\/#website\"},\"datePublished\":\"2018-07-09T20:11:13+00:00\",\"author\":{\"@id\":\"https:\/\/epokaserca.pl\/aktualnosci\/#\/schema\/person\/f87215bc4f757d15c7321145cbabc434\"},\"breadcrumb\":{\"@id\":\"https:\/\/epokaserca.pl\/aktualnosci\/smierc-i-narodziny\/#breadcrumb\"},\"inLanguage\":\"pl-PL\",\"potentialAction\":[{\"@type\":\"ReadAction\",\"target\":[\"https:\/\/epokaserca.pl\/aktualnosci\/smierc-i-narodziny\/\"]}]},{\"@type\":\"BreadcrumbList\",\"@id\":\"https:\/\/epokaserca.pl\/aktualnosci\/smierc-i-narodziny\/#breadcrumb\",\"itemListElement\":[{\"@type\":\"ListItem\",\"position\":1,\"name\":\"Home\",\"item\":\"https:\/\/epokaserca.pl\/aktualnosci\/\"},{\"@type\":\"ListItem\",\"position\":2,\"name\":\"\u015aMIER\u0106 I NARODZINY\"}]},{\"@type\":\"WebSite\",\"@id\":\"https:\/\/epokaserca.pl\/aktualnosci\/#website\",\"url\":\"https:\/\/epokaserca.pl\/aktualnosci\/\",\"name\":\"Aktualno\u015bci\",\"description\":\"\",\"potentialAction\":[{\"@type\":\"SearchAction\",\"target\":{\"@type\":\"EntryPoint\",\"urlTemplate\":\"https:\/\/epokaserca.pl\/aktualnosci\/?s={search_term_string}\"},\"query-input\":{\"@type\":\"PropertyValueSpecification\",\"valueRequired\":true,\"valueName\":\"search_term_string\"}}],\"inLanguage\":\"pl-PL\"},{\"@type\":\"Person\",\"@id\":\"https:\/\/epokaserca.pl\/aktualnosci\/#\/schema\/person\/f87215bc4f757d15c7321145cbabc434\",\"name\":\"admin\",\"image\":{\"@type\":\"ImageObject\",\"inLanguage\":\"pl-PL\",\"@id\":\"https:\/\/epokaserca.pl\/aktualnosci\/#\/schema\/person\/image\/\",\"url\":\"https:\/\/secure.gravatar.com\/avatar\/8e51b30565ad99a9f8b25bd638d21cd1?s=96&d=mm&r=g\",\"contentUrl\":\"https:\/\/secure.gravatar.com\/avatar\/8e51b30565ad99a9f8b25bd638d21cd1?s=96&d=mm&r=g\",\"caption\":\"admin\"},\"url\":\"https:\/\/epokaserca.pl\/aktualnosci\/author\/admin\/\"}]}<\/script>\n<!-- \/ Yoast SEO plugin. -->","yoast_head_json":{"title":"\u015aMIER\u0106 I NARODZINY - Aktualno\u015bci","robots":{"index":"index","follow":"follow","max-snippet":"max-snippet:-1","max-image-preview":"max-image-preview:large","max-video-preview":"max-video-preview:-1"},"canonical":"https:\/\/epokaserca.pl\/aktualnosci\/smierc-i-narodziny\/","og_locale":"pl_PL","og_type":"article","og_title":"\u015aMIER\u0106 I NARODZINY - Aktualno\u015bci","og_description":"Ludzie m\u00f3wi\u0105 - cz\u0142owiek umar\u0142. Dramat , tragedia, cz\u0142owiek umar\u0142.Zamiast - umowa na pobyt tej duszy na Ziemi -zako\u0144czy\u0142a si\u0119.","og_url":"https:\/\/epokaserca.pl\/aktualnosci\/smierc-i-narodziny\/","og_site_name":"Aktualno\u015bci","article_published_time":"2018-07-09T20:11:13+00:00","author":"admin","twitter_card":"summary_large_image","twitter_misc":{"Napisane przez":"admin","Szacowany czas czytania":"1 minuta"},"schema":{"@context":"https:\/\/schema.org","@graph":[{"@type":"Article","@id":"https:\/\/epokaserca.pl\/aktualnosci\/smierc-i-narodziny\/#article","isPartOf":{"@id":"https:\/\/epokaserca.pl\/aktualnosci\/smierc-i-narodziny\/"},"author":{"name":"admin","@id":"https:\/\/epokaserca.pl\/aktualnosci\/#\/schema\/person\/f87215bc4f757d15c7321145cbabc434"},"headline":"\u015aMIER\u0106 I NARODZINY","datePublished":"2018-07-09T20:11:13+00:00","mainEntityOfPage":{"@id":"https:\/\/epokaserca.pl\/aktualnosci\/smierc-i-narodziny\/"},"wordCount":140,"commentCount":0,"articleSection":["Artyku\u0142y"],"inLanguage":"pl-PL","potentialAction":[{"@type":"CommentAction","name":"Comment","target":["https:\/\/epokaserca.pl\/aktualnosci\/smierc-i-narodziny\/#respond"]}]},{"@type":"WebPage","@id":"https:\/\/epokaserca.pl\/aktualnosci\/smierc-i-narodziny\/","url":"https:\/\/epokaserca.pl\/aktualnosci\/smierc-i-narodziny\/","name":"\u015aMIER\u0106 I NARODZINY - Aktualno\u015bci","isPartOf":{"@id":"https:\/\/epokaserca.pl\/aktualnosci\/#website"},"datePublished":"2018-07-09T20:11:13+00:00","author":{"@id":"https:\/\/epokaserca.pl\/aktualnosci\/#\/schema\/person\/f87215bc4f757d15c7321145cbabc434"},"breadcrumb":{"@id":"https:\/\/epokaserca.pl\/aktualnosci\/smierc-i-narodziny\/#breadcrumb"},"inLanguage":"pl-PL","potentialAction":[{"@type":"ReadAction","target":["https:\/\/epokaserca.pl\/aktualnosci\/smierc-i-narodziny\/"]}]},{"@type":"BreadcrumbList","@id":"https:\/\/epokaserca.pl\/aktualnosci\/smierc-i-narodziny\/#breadcrumb","itemListElement":[{"@type":"ListItem","position":1,"name":"Home","item":"https:\/\/epokaserca.pl\/aktualnosci\/"},{"@type":"ListItem","position":2,"name":"\u015aMIER\u0106 I NARODZINY"}]},{"@type":"WebSite","@id":"https:\/\/epokaserca.pl\/aktualnosci\/#website","url":"https:\/\/epokaserca.pl\/aktualnosci\/","name":"Aktualno\u015bci","description":"","potentialAction":[{"@type":"SearchAction","target":{"@type":"EntryPoint","urlTemplate":"https:\/\/epokaserca.pl\/aktualnosci\/?s={search_term_string}"},"query-input":{"@type":"PropertyValueSpecification","valueRequired":true,"valueName":"search_term_string"}}],"inLanguage":"pl-PL"},{"@type":"Person","@id":"https:\/\/epokaserca.pl\/aktualnosci\/#\/schema\/person\/f87215bc4f757d15c7321145cbabc434","name":"admin","image":{"@type":"ImageObject","inLanguage":"pl-PL","@id":"https:\/\/epokaserca.pl\/aktualnosci\/#\/schema\/person\/image\/","url":"https:\/\/secure.gravatar.com\/avatar\/8e51b30565ad99a9f8b25bd638d21cd1?s=96&d=mm&r=g","contentUrl":"https:\/\/secure.gravatar.com\/avatar\/8e51b30565ad99a9f8b25bd638d21cd1?s=96&d=mm&r=g","caption":"admin"},"url":"https:\/\/epokaserca.pl\/aktualnosci\/author\/admin\/"}]}},"_links":{"self":[{"href":"https:\/\/epokaserca.pl\/aktualnosci\/wp-json\/wp\/v2\/posts\/1396","targetHints":{"allow":["GET"]}}],"collection":[{"href":"https:\/\/epokaserca.pl\/aktualnosci\/wp-json\/wp\/v2\/posts"}],"about":[{"href":"https:\/\/epokaserca.pl\/aktualnosci\/wp-json\/wp\/v2\/types\/post"}],"author":[{"embeddable":true,"href":"https:\/\/epokaserca.pl\/aktualnosci\/wp-json\/wp\/v2\/users\/1"}],"replies":[{"embeddable":true,"href":"https:\/\/epokaserca.pl\/aktualnosci\/wp-json\/wp\/v2\/comments?post=1396"}],"version-history":[{"count":0,"href":"https:\/\/epokaserca.pl\/aktualnosci\/wp-json\/wp\/v2\/posts\/1396\/revisions"}],"wp:attachment":[{"href":"https:\/\/epokaserca.pl\/aktualnosci\/wp-json\/wp\/v2\/media?parent=1396"}],"wp:term":[{"taxonomy":"category","embeddable":true,"href":"https:\/\/epokaserca.pl\/aktualnosci\/wp-json\/wp\/v2\/categories?post=1396"},{"taxonomy":"post_tag","embeddable":true,"href":"https:\/\/epokaserca.pl\/aktualnosci\/wp-json\/wp\/v2\/tags?post=1396"}],"curies":[{"name":"wp","href":"https:\/\/api.w.org\/{rel}","templated":true}]}}