{"id":1397,"date":"2018-07-10T09:11:25","date_gmt":"2018-07-10T09:11:25","guid":{"rendered":"https:\/\/epokaserca.pl\/aktualnosci\/index.php\/2018\/07\/10\/program-smierci\/"},"modified":"2018-07-10T09:11:25","modified_gmt":"2018-07-10T09:11:25","slug":"program-smierci","status":"publish","type":"post","link":"https:\/\/epokaserca.pl\/aktualnosci\/program-smierci\/","title":{"rendered":"PROGRAM \u015aMIERCI"},"content":{"rendered":"\n<p style=\"margin-bottom: 6px; font-family: inherit;\">&nbsp;<\/p>\n<div class=\"text_exposed_show\" style=\"display: inline; font-family: inherit;\">\n<p style=\"margin-bottom: 6px; font-family: Helvetica, Arial, sans-serif; color: #1d2129; font-size: 14px;\">To nasz wzrost i rozw\u00f3j.<br \/>Najpierw sp\u00f3jrzmy tak na odchodz\u0105cych a p\u00f3\u017aniej zobaczmy to w sobie&#8230;.<br \/>\u015amier\u0107 jest jak sen dziecka. Ono nie wie, \u017ce \u015bpi, ten czas nie istnieje dla niego.<br \/>Doros\u0142y wie, \u017ce sen jest stanem naturalnym jego \u017cycia, nawet przyjemnym. I cho\u0107 cia\u0142o le\u017cy, nie dzia\u0142a, dusza nadal tworzy swe \u017cycie&#8230;..<span class=\"text_exposed_show\" style=\"display: inline; font-family: inherit;\"><br \/>Nie jest wi\u0119c w\u0142a\u015bciwym pytanie- \u015bmier\u0107 jest czy jej nie ma, bo nikt nie pyta jest sen czy go nie ma.<\/span><\/p>\n<div class=\"text_exposed_show\" style=\"display: inline; font-family: Helvetica, Arial, sans-serif; color: #1d2129; font-size: 14px;\">\n<p style=\"margin-bottom: 6px; font-family: inherit;\">Pytanie brzmi -patrz\u0119 na \u017cycie z pozycji dziecka\/niewiedzy, czy doros\u0142ego\/wiedz\u0105cego?<\/p>\n<p style=\"margin-top: 6px; margin-bottom: 6px; font-family: inherit;\">I tak z ca\u0142ym \u017cyciem. Z jakiej pozycji patrz\u0119 na \u017cycie, na do\u015bwiadczenia&#8230;.<\/p>\n<p style=\"margin-top: 6px; margin-bottom: 6px; font-family: inherit;\">&nbsp;<\/p>\n<p style=\"margin-top: 6px; margin-bottom: 6px; font-family: inherit;\">Magia. Jezus chodzi\u0142 po wodzie, ja te\u017c chc\u0119&#8230;..I pr\u00f3buj\u0105 nie wiedz\u0105c, \u017ce chodzenie po wodzie, to \u017cycie poza dualno\u015bci\u0105, poza rozdzieleniem. Chodzi\u0107 po wodzie , to g\u00f3rowa\u0107 nad wod\u0105, nad programami wodnego \u015bwiata, w kt\u00f3rym impuls elektryczny programu przep\u0142ywa przez wodny \u015bwiat nios\u0105c i nape\u0142niaj\u0105c wszystko danym poziomem cywilizacyjnej \u015bwiadomo\u015bci&#8230;&#8230;<br \/>Narodzi\u0107 si\u0119 z wody i z Ducha, jak mawia\u0142 Nauczyciel.<br \/>jestem w tym \u015bwiecie, ale nie jestem z tego \u015bwiata. Tzn. moja \u015bwiadomo\u015b\u0107 nie podlega ju\u017c programom tego \u015bwiata, jestem \u015bwiadomo\u015bci\u0105 DUCHA.<br \/>Chod\u017cmy po wodzie.<\/p>\n<\/p><\/div>\n<\/p><\/div>\n<\/p><\/div>\n<\/p><\/div>\n<div class=\"_3x-2\" data-ft=\"{&quot;tn&quot;:&quot;H&quot;}\" style=\"font-family: Helvetica, Arial, sans-serif; color: #1d2129;\">\n<div data-ft=\"{&quot;tn&quot;:&quot;H&quot;}\" style=\"font-family: inherit;\">\n<div class=\"mtm\" style=\"margin-top: 10px; font-family: inherit;\">\n<div style=\"font-family: inherit;\">\n<div style=\"font-family: inherit; position: relative;\">\n<div class=\"_5cq3 _1ktf\" data-ft=\"{&quot;tn&quot;:&quot;E&quot;}\" style=\"margin-left: -12px; position: relative; font-family: inherit;\"><a rel=\"theater\" ajaxify=\"https:\/\/www.facebook.com\/photo.php?fbid=2027016780945983&amp;set=a.1375248386122829.1073741826.100009130412174&amp;type=3&amp;size=991%2C389&amp;source=13&amp;player_origin=profile\" data-ploi=\"https:\/\/scontent-waw1-1.xx.fbcdn.net\/v\/t1.0-9\/36928143_2027016790945982_8360213331256016896_o.jpg?_nc_cat=0&amp;oh=a8bc55f422b26cd5709f04ae63766a50&amp;oe=5BA6031B\" data-plsi=\"https:\/\/scontent-waw1-1.xx.fbcdn.net\/v\/t1.0-9\/36914088_2027016787612649_3701534117138006016_n.jpg?_nc_cat=0&amp;oh=75152d4c5dd497a4e34c77f4afb0273f&amp;oe=5BDF08E5\" class=\"_4-eo _2t9n\" data-render-location=\"timeline\" href=\"https:\/\/www.facebook.com\/photo.php?fbid=2027016780945983&amp;set=a.1375248386122829.1073741826.100009130412174&amp;type=3\" style=\"color: #365899; cursor: pointer; display: block; position: relative; font-family: inherit; width: 516px;\"><\/a><\/div>\n<\/p><\/div>\n<\/p><\/div>\n<\/p><\/div>\n<\/p><\/div>\n<\/p><\/div>\n","protected":false},"excerpt":{"rendered":"<div class=\"_5pbx userContent _3576\" data-ft=\"{&quot;tn&quot;:&quot;K&quot;}\" id=\"js_5fn\" style=\"font-size: 14px; line-height: 1.38; margin-top: 6px; font-family: Helvetica, Arial, sans-serif; color: #1d2129;\">\n<div id=\"id_5b44772fa2ec26b11784039\" class=\"text_exposed_root text_exposed\" style=\"display: inline; font-family: inherit;\">\n<p style=\"margin-bottom: 6px; font-family: inherit;\">Nie chodzi o to, aby przesta\u0107 si\u0119 ba\u0107 \u015bmierci, lecz o zlikwidowanie programu \u015bmier\u0107.<\/p>\n","protected":false},"author":1,"featured_media":0,"comment_status":"open","ping_status":"open","sticky":false,"template":"","format":"standard","meta":{"footnotes":""},"categories":[2],"tags":[],"class_list":{"0":"post-1397","1":"post","2":"type-post","3":"status-publish","4":"format-standard","6":"category-artykuly","7":"czr-hentry"},"yoast_head":"<!-- This site is optimized with the Yoast SEO plugin v26.8 - https:\/\/yoast.com\/product\/yoast-seo-wordpress\/ -->\n<title>PROGRAM \u015aMIERCI - Aktualno\u015bci<\/title>\n<meta name=\"robots\" content=\"index, follow, max-snippet:-1, max-image-preview:large, max-video-preview:-1\" \/>\n<link rel=\"canonical\" href=\"https:\/\/epokaserca.pl\/aktualnosci\/program-smierci\/\" \/>\n<meta property=\"og:locale\" content=\"pl_PL\" \/>\n<meta property=\"og:type\" content=\"article\" \/>\n<meta property=\"og:title\" content=\"PROGRAM \u015aMIERCI - Aktualno\u015bci\" \/>\n<meta property=\"og:description\" content=\"Nie chodzi o to, aby przesta\u0107 si\u0119 ba\u0107 \u015bmierci, lecz o zlikwidowanie programu \u015bmier\u0107.\" \/>\n<meta property=\"og:url\" content=\"https:\/\/epokaserca.pl\/aktualnosci\/program-smierci\/\" \/>\n<meta property=\"og:site_name\" content=\"Aktualno\u015bci\" \/>\n<meta property=\"article:published_time\" content=\"2018-07-10T09:11:25+00:00\" \/>\n<meta name=\"author\" content=\"admin\" \/>\n<meta name=\"twitter:card\" content=\"summary_large_image\" \/>\n<meta name=\"twitter:label1\" content=\"Napisane przez\" \/>\n\t<meta name=\"twitter:data1\" content=\"admin\" \/>\n\t<meta name=\"twitter:label2\" content=\"Szacowany czas czytania\" \/>\n\t<meta name=\"twitter:data2\" content=\"1 minuta\" \/>\n<script type=\"application\/ld+json\" class=\"yoast-schema-graph\">{\"@context\":\"https:\/\/schema.org\",\"@graph\":[{\"@type\":\"Article\",\"@id\":\"https:\/\/epokaserca.pl\/aktualnosci\/program-smierci\/#article\",\"isPartOf\":{\"@id\":\"https:\/\/epokaserca.pl\/aktualnosci\/program-smierci\/\"},\"author\":{\"name\":\"admin\",\"@id\":\"https:\/\/epokaserca.pl\/aktualnosci\/#\/schema\/person\/f87215bc4f757d15c7321145cbabc434\"},\"headline\":\"PROGRAM \u015aMIERCI\",\"datePublished\":\"2018-07-10T09:11:25+00:00\",\"mainEntityOfPage\":{\"@id\":\"https:\/\/epokaserca.pl\/aktualnosci\/program-smierci\/\"},\"wordCount\":216,\"commentCount\":0,\"articleSection\":[\"Artyku\u0142y\"],\"inLanguage\":\"pl-PL\",\"potentialAction\":[{\"@type\":\"CommentAction\",\"name\":\"Comment\",\"target\":[\"https:\/\/epokaserca.pl\/aktualnosci\/program-smierci\/#respond\"]}]},{\"@type\":\"WebPage\",\"@id\":\"https:\/\/epokaserca.pl\/aktualnosci\/program-smierci\/\",\"url\":\"https:\/\/epokaserca.pl\/aktualnosci\/program-smierci\/\",\"name\":\"PROGRAM \u015aMIERCI - Aktualno\u015bci\",\"isPartOf\":{\"@id\":\"https:\/\/epokaserca.pl\/aktualnosci\/#website\"},\"datePublished\":\"2018-07-10T09:11:25+00:00\",\"author\":{\"@id\":\"https:\/\/epokaserca.pl\/aktualnosci\/#\/schema\/person\/f87215bc4f757d15c7321145cbabc434\"},\"breadcrumb\":{\"@id\":\"https:\/\/epokaserca.pl\/aktualnosci\/program-smierci\/#breadcrumb\"},\"inLanguage\":\"pl-PL\",\"potentialAction\":[{\"@type\":\"ReadAction\",\"target\":[\"https:\/\/epokaserca.pl\/aktualnosci\/program-smierci\/\"]}]},{\"@type\":\"BreadcrumbList\",\"@id\":\"https:\/\/epokaserca.pl\/aktualnosci\/program-smierci\/#breadcrumb\",\"itemListElement\":[{\"@type\":\"ListItem\",\"position\":1,\"name\":\"Home\",\"item\":\"https:\/\/epokaserca.pl\/aktualnosci\/\"},{\"@type\":\"ListItem\",\"position\":2,\"name\":\"PROGRAM \u015aMIERCI\"}]},{\"@type\":\"WebSite\",\"@id\":\"https:\/\/epokaserca.pl\/aktualnosci\/#website\",\"url\":\"https:\/\/epokaserca.pl\/aktualnosci\/\",\"name\":\"Aktualno\u015bci\",\"description\":\"\",\"potentialAction\":[{\"@type\":\"SearchAction\",\"target\":{\"@type\":\"EntryPoint\",\"urlTemplate\":\"https:\/\/epokaserca.pl\/aktualnosci\/?s={search_term_string}\"},\"query-input\":{\"@type\":\"PropertyValueSpecification\",\"valueRequired\":true,\"valueName\":\"search_term_string\"}}],\"inLanguage\":\"pl-PL\"},{\"@type\":\"Person\",\"@id\":\"https:\/\/epokaserca.pl\/aktualnosci\/#\/schema\/person\/f87215bc4f757d15c7321145cbabc434\",\"name\":\"admin\",\"image\":{\"@type\":\"ImageObject\",\"inLanguage\":\"pl-PL\",\"@id\":\"https:\/\/epokaserca.pl\/aktualnosci\/#\/schema\/person\/image\/\",\"url\":\"https:\/\/secure.gravatar.com\/avatar\/8e51b30565ad99a9f8b25bd638d21cd1?s=96&d=mm&r=g\",\"contentUrl\":\"https:\/\/secure.gravatar.com\/avatar\/8e51b30565ad99a9f8b25bd638d21cd1?s=96&d=mm&r=g\",\"caption\":\"admin\"},\"url\":\"https:\/\/epokaserca.pl\/aktualnosci\/author\/admin\/\"}]}<\/script>\n<!-- \/ Yoast SEO plugin. -->","yoast_head_json":{"title":"PROGRAM \u015aMIERCI - Aktualno\u015bci","robots":{"index":"index","follow":"follow","max-snippet":"max-snippet:-1","max-image-preview":"max-image-preview:large","max-video-preview":"max-video-preview:-1"},"canonical":"https:\/\/epokaserca.pl\/aktualnosci\/program-smierci\/","og_locale":"pl_PL","og_type":"article","og_title":"PROGRAM \u015aMIERCI - Aktualno\u015bci","og_description":"Nie chodzi o to, aby przesta\u0107 si\u0119 ba\u0107 \u015bmierci, lecz o zlikwidowanie programu \u015bmier\u0107.","og_url":"https:\/\/epokaserca.pl\/aktualnosci\/program-smierci\/","og_site_name":"Aktualno\u015bci","article_published_time":"2018-07-10T09:11:25+00:00","author":"admin","twitter_card":"summary_large_image","twitter_misc":{"Napisane przez":"admin","Szacowany czas czytania":"1 minuta"},"schema":{"@context":"https:\/\/schema.org","@graph":[{"@type":"Article","@id":"https:\/\/epokaserca.pl\/aktualnosci\/program-smierci\/#article","isPartOf":{"@id":"https:\/\/epokaserca.pl\/aktualnosci\/program-smierci\/"},"author":{"name":"admin","@id":"https:\/\/epokaserca.pl\/aktualnosci\/#\/schema\/person\/f87215bc4f757d15c7321145cbabc434"},"headline":"PROGRAM \u015aMIERCI","datePublished":"2018-07-10T09:11:25+00:00","mainEntityOfPage":{"@id":"https:\/\/epokaserca.pl\/aktualnosci\/program-smierci\/"},"wordCount":216,"commentCount":0,"articleSection":["Artyku\u0142y"],"inLanguage":"pl-PL","potentialAction":[{"@type":"CommentAction","name":"Comment","target":["https:\/\/epokaserca.pl\/aktualnosci\/program-smierci\/#respond"]}]},{"@type":"WebPage","@id":"https:\/\/epokaserca.pl\/aktualnosci\/program-smierci\/","url":"https:\/\/epokaserca.pl\/aktualnosci\/program-smierci\/","name":"PROGRAM \u015aMIERCI - Aktualno\u015bci","isPartOf":{"@id":"https:\/\/epokaserca.pl\/aktualnosci\/#website"},"datePublished":"2018-07-10T09:11:25+00:00","author":{"@id":"https:\/\/epokaserca.pl\/aktualnosci\/#\/schema\/person\/f87215bc4f757d15c7321145cbabc434"},"breadcrumb":{"@id":"https:\/\/epokaserca.pl\/aktualnosci\/program-smierci\/#breadcrumb"},"inLanguage":"pl-PL","potentialAction":[{"@type":"ReadAction","target":["https:\/\/epokaserca.pl\/aktualnosci\/program-smierci\/"]}]},{"@type":"BreadcrumbList","@id":"https:\/\/epokaserca.pl\/aktualnosci\/program-smierci\/#breadcrumb","itemListElement":[{"@type":"ListItem","position":1,"name":"Home","item":"https:\/\/epokaserca.pl\/aktualnosci\/"},{"@type":"ListItem","position":2,"name":"PROGRAM \u015aMIERCI"}]},{"@type":"WebSite","@id":"https:\/\/epokaserca.pl\/aktualnosci\/#website","url":"https:\/\/epokaserca.pl\/aktualnosci\/","name":"Aktualno\u015bci","description":"","potentialAction":[{"@type":"SearchAction","target":{"@type":"EntryPoint","urlTemplate":"https:\/\/epokaserca.pl\/aktualnosci\/?s={search_term_string}"},"query-input":{"@type":"PropertyValueSpecification","valueRequired":true,"valueName":"search_term_string"}}],"inLanguage":"pl-PL"},{"@type":"Person","@id":"https:\/\/epokaserca.pl\/aktualnosci\/#\/schema\/person\/f87215bc4f757d15c7321145cbabc434","name":"admin","image":{"@type":"ImageObject","inLanguage":"pl-PL","@id":"https:\/\/epokaserca.pl\/aktualnosci\/#\/schema\/person\/image\/","url":"https:\/\/secure.gravatar.com\/avatar\/8e51b30565ad99a9f8b25bd638d21cd1?s=96&d=mm&r=g","contentUrl":"https:\/\/secure.gravatar.com\/avatar\/8e51b30565ad99a9f8b25bd638d21cd1?s=96&d=mm&r=g","caption":"admin"},"url":"https:\/\/epokaserca.pl\/aktualnosci\/author\/admin\/"}]}},"_links":{"self":[{"href":"https:\/\/epokaserca.pl\/aktualnosci\/wp-json\/wp\/v2\/posts\/1397","targetHints":{"allow":["GET"]}}],"collection":[{"href":"https:\/\/epokaserca.pl\/aktualnosci\/wp-json\/wp\/v2\/posts"}],"about":[{"href":"https:\/\/epokaserca.pl\/aktualnosci\/wp-json\/wp\/v2\/types\/post"}],"author":[{"embeddable":true,"href":"https:\/\/epokaserca.pl\/aktualnosci\/wp-json\/wp\/v2\/users\/1"}],"replies":[{"embeddable":true,"href":"https:\/\/epokaserca.pl\/aktualnosci\/wp-json\/wp\/v2\/comments?post=1397"}],"version-history":[{"count":0,"href":"https:\/\/epokaserca.pl\/aktualnosci\/wp-json\/wp\/v2\/posts\/1397\/revisions"}],"wp:attachment":[{"href":"https:\/\/epokaserca.pl\/aktualnosci\/wp-json\/wp\/v2\/media?parent=1397"}],"wp:term":[{"taxonomy":"category","embeddable":true,"href":"https:\/\/epokaserca.pl\/aktualnosci\/wp-json\/wp\/v2\/categories?post=1397"},{"taxonomy":"post_tag","embeddable":true,"href":"https:\/\/epokaserca.pl\/aktualnosci\/wp-json\/wp\/v2\/tags?post=1397"}],"curies":[{"name":"wp","href":"https:\/\/api.w.org\/{rel}","templated":true}]}}