{"id":1411,"date":"2018-08-01T13:09:33","date_gmt":"2018-08-01T13:09:33","guid":{"rendered":"https:\/\/epokaserca.pl\/aktualnosci\/index.php\/2018\/08\/01\/czarna-magia\/"},"modified":"2018-08-01T13:09:33","modified_gmt":"2018-08-01T13:09:33","slug":"czarna-magia","status":"publish","type":"post","link":"https:\/\/epokaserca.pl\/aktualnosci\/czarna-magia\/","title":{"rendered":"Czarna magia"},"content":{"rendered":"\n<p style=\"margin-bottom: 6px; font-family: Helvetica, Arial, sans-serif; color: #1d2129; font-size: 14px;\">&nbsp;<\/p>\n<p style=\"margin-bottom: 6px; font-family: Helvetica, Arial, sans-serif; color: #1d2129; font-size: 14px;\">-\u015awietnie, jak zawsze &#8211; odpowiedzia\u0142am&#8230; &#8211; dlaczego pytasz?<br \/>-Nic, chcia\u0142em tylko sprawdzi\u0107, masz bardzo siln\u0105 energi\u0119 &#8211; powiedzia\u0142 troszk\u0119 zmieszany&#8230;<br \/>Co\u015b jeszcze powiedzia\u0142 i roz\u0142\u0105czy\u0142 si\u0119.<br \/>Hm, czego chcia\u0142 , zastanawia\u0142am si\u0119, ale&#8230;.zostawi\u0142am ten temat.<br \/>W nied\u0142ugim czasie zg\u0142osili si\u0119 do mnie dwaj m\u0119\u017cczy\u017ani, zajmuj\u0105cy si\u0119 \u015bwiadomie -czarn\u0105 magi\u0105.<br \/>Pierwszy z nich &#8211; doprowadzi\u0142 do \u015bmierci kilka os\u00f3b, wp\u0142ywa\u0142 czarami na wyniki s\u0105dowe, doprowadza\u0142 do plajty firmy. Dzia\u0142a na zlecenie klient\u00f3w pobieraj\u0105c du\u017ce pieni\u0105dze za us\u0142ug\u0119.<br \/>Jego dzia\u0142ania trwa\u0142y kilkana\u015bcie lat. Walczy\u0142 w tym czasie ju\u017c na w\u0142asne zapotrzebowanie z by\u0142\u0105 \u017con\u0105, dzie\u0107mi, Watykanem, twierdz\u0105c w ostatnim temacie, \u017ce jest tam szatan i on go wyp\u0119dzi czarami, \u017ce to on przyczyni\u0142 si\u0119 do \u015bmierci polskiego papie\u017ca.<br \/>Gdy zg\u0142osi\u0142 si\u0119 do mnie za namow\u0105 swej partnerki by\u0142 ju\u017c bardzo chory &#8211; nowotw\u00f3r m\u00f3zgu z przerzutami.<\/p>\n<p style=\"margin-top: 6px; margin-bottom: 6px; font-family: Helvetica, Arial, sans-serif; color: #1d2129; font-size: 14px;\">Nie pot\u0119pi\u0142am go, lecz wyja\u015bni\u0142am przyczyny wybory takiej drogi. Jego bardzo trudne dzieci\u0144stwo pozbawione rodzic\u00f3w \/ oboje porzucili dzieci\/, samotno\u015b\u0107, ma\u0142a warto\u015b\u0107 w\u0142asna, potrzeba bycia wa\u017cnym, uznanym, ale jednocze\u015bnie poczucie win, odrzucenia, m\u0142odo\u015b\u0107 w kt\u00f3rej poszed\u0142 w modlitw\u0119, nauka uzdrawiania, ma\u0142\u017ce\u0144stwo i pojawiaj\u0105ca si\u0119 z czasem potrzeba w\u0142adzy nad innymi, wykorzystanie umiej\u0119tno\u015bci by nie pomaga\u0107, lecz szkodzi\u0107, pycha&#8230;.z\u0142o\u015b\u0107&#8230;walka wewn\u0119trzna. Du\u017co by pisa\u0107.<br \/>Przyczyny by\u0142y oczywiste&#8230;<br \/>Z poziomu duchowego jego lekcj\u0105 by\u0142o &#8211; zrozumienie karmy rodowej, poznanie dzi\u0119ki temu swoich ukrytych program\u00f3w z innych wciele\u0144, uwolnienie od poczucia win, wzrost \u015bwiadomo\u015bci serca i umys\u0142u, warto\u015bci w\u0142asnej, nauka pokory i s\u0142u\u017cenia innym jako jedno\u015bci.<br \/>Nie zrozumia\u0142 lekcji , wybra\u0142 w\u0142adz\u0119, dominacj\u0119, fa\u0142szyw\u0105 warto\u015b\u0107 gdy\u017c nad innymi, zamiast nad sob\u0105 i swymi s\u0142abo\u015bciami.<br \/>Gdy wyt\u0142umaczy\u0142am mu jego drog\u0119 &#8211; zrozumia\u0142.<br \/>Zaproponowa\u0142am proces z istotami duchowymi, zamkni\u0119cie karmy, spotkanie z tymi, kt\u00f3rym szkodzi\u0142.<br \/>Nie zgodzi\u0142 si\u0119, s\u0142ab\u0142 coraz bardziej. Podczas jednego ze spotka\u0144 by\u0142 got\u00f3w, poprosi\u0142 o proces &#8211; przeprowadzi\u0142am go.<br \/>Poczu\u0142 spok\u00f3j. Powiedzia\u0142 mi p\u00f3\u017aniej, \u017ce ba\u0142 si\u0119 spotkania z Jezusem\/ czyli z czyst\u0105 g\u0142\u0119bi\u0105 swego serca\/, ale gdy stan\u0105\u0142 twarz w twarz z Nauczycielem, p\u0142aka\u0142. Wr\u00f3ci\u0142 do odczuwania polem serca&#8230;.<br \/>Odszed\u0142 niebawem&#8230;..Jego droga zako\u0144czy\u0142a si\u0119 w tym wcieleniu i cho\u0107 by\u0142\u0105 bardzo trudna od dzieci\u0144stwa, przed odej\u015bciem nast\u0105pi\u0142o zrozumienie.<\/p>\n<p style=\"margin-top: 6px; margin-bottom: 6px; font-family: Helvetica, Arial, sans-serif; color: #1d2129; font-size: 14px;\">Drugi klient zadzwoni\u0142 do mnie z zak\u0142adu psychiatrycznego. Chcia\u0142, \u017cebym go stamt\u0105d wyci\u0105gn\u0119\u0142a. Zapyta\u0142am o jego histori\u0119.<br \/>Zabawia\u0142 si\u0119 manipuluj\u0105c m\u0142odzie\u017c\u0105 w temacie seksualno\u015bci podczas jaki\u015b warsztat\u00f3w. Kto\u015b zg\u0142osi\u0142 to odpowiednim w\u0142adzom, zatrzymano m\u0119\u017cczyzn\u0119. Postanowi\u0142 si\u0119 zem\u015bci\u0107 i doprowadzi\u0142 do wypadku samochodowego, w kt\u00f3rym zgin\u0105\u0142 cz\u0142owiek. Powiedzia\u0142, \u017ce cho\u0107 nie chcia\u0142 zabi\u0107, musia\u0142 ukara\u0107 tego cz\u0142owieka. Dosta\u0142 wyrok wi\u0119zienia &#8211; za prowadzone warsztaty. Nie s\u0105dz\u0119 aby m\u00f3wi\u0142 ca\u0142\u0105 prawd\u0119. Aby nie p\u00f3j\u015b\u0107 za kratki zacz\u0105\u0142 udawa\u0107 chorego psychicznie&#8230;zamkn\u0119li go w zak\u0142adzie.<br \/>Nie chcia\u0142 pracowa\u0107 nad swymi programami, chcia\u0142 tylko zdj\u0119cia kl\u0105twy, kt\u00f3ra wed\u0142ug niego jest przyczyn\u0105 skazania i ograniczenia wolno\u015bci.&nbsp;<br \/>Zada\u0142am mu w\u00f3wczas pytanie:<br \/>&#8211; Co zrobisz gdy wyjdziesz, nadal b\u0119dzie zajmowa\u0142 si\u0119 magi\u0105 i szkodzi\u0142 innym?<br \/>-Oczywi\u015bcie , \u017cycie jest czarne i bia\u0142e, mam moc b\u0119d\u0119 jej u\u017cywa\u0142 i gdy trzeba b\u0119d\u0119 kara\u0142.<br \/>Po\u017cegna\u0142am go. Prosi\u0142 , dzwoni\u0142, ale jasno wyt\u0142umaczy\u0142am, na czym polega moja praca.&nbsp;<br \/>Pokaza\u0107 przyczyny, da\u0107 zrozumienie, wskaza\u0107 drog\u0119 do wewn\u0119trznej wolno\u015bci &#8211; on tego nie chcia\u0142.<br \/>Zadzwoni\u0142 po wielu miesi\u0105cach, by\u0142 nadal w zak\u0142adzie, ale ju\u017c ca\u0142kowicie odci\u0119ty od \u015bwiata, leczony na si\u0142\u0119, zniewolony.<br \/>Cierpia\u0142, ale nie na tyle by poprosi\u0107 o pomoc z zmianie program\u00f3w.<br \/>Gdy to on uzurpowa\u0142 sobie w\u0142adze nad innymi, stosuj\u0105c wyroki nawet \u015bmierci, uznawa\u0142 , \u017ce to w porz\u0105dku, gdy \u015bwiat nad nim zastosowa\u0142 W\u0141ADZ\u0118 , uwa\u017ca\u0142 to za z\u0142o.<br \/>A przecie\u017c to tylko lekcja. Nie chcia\u0142 pracowa\u0107, dosta\u0142 do\u015bwiadczenie&#8230;..<\/p>\n<p style=\"margin-top: 6px; margin-bottom: 6px; font-family: Helvetica, Arial, sans-serif; color: #1d2129; font-size: 14px;\">Wracaj\u0105c do pocz\u0105tku wpisu &#8211; cz\u0142owiek, kt\u00f3ry do mnie zadzwoni\u0142 para\u0142 si\u0119 magi\u0105, bawi\u0142, jak wielu dzisiaj.<br \/>Czasami m\u00f3wi\u0105 mi o tym klienci, sami si\u0119 bawi\u0105, szkodz\u0105c innym, lub opowiadaj\u0105 w kl\u0105twach rodowych.<\/p>\n<p style=\"margin-top: 6px; margin-bottom: 6px; font-family: Helvetica, Arial, sans-serif; color: #1d2129; font-size: 14px;\">Cudowno\u015b\u0107 tego czasu polega na tym, \u017ce zwrot przyjdzie jeszcze w obecnym wcieleniu&#8230;<br \/>Kiedy\u015b trzeba by\u0142o czeka\u0107 wiekami, teraz zwrot przychodzi szybko.<br \/>Co siejesz i zbiera\u0107 b\u0119dziesz&#8230;&#8230;a zbi\u00f3r szybki b\u0119dzie.<\/p>\n<p style=\"margin-top: 6px; margin-bottom: 6px; font-family: Helvetica, Arial, sans-serif; color: #1d2129; font-size: 14px;\">Czarna magia to nie tylko magiczne dzia\u0142ania, z zakl\u0119ciami, lecz r\u00f3wnie\u017c z\u0142orzeczenia, nienawi\u015b\u0107, krytyka, uznawanie z\u0142a w innych itd.<\/p>\n<p style=\"margin-top: 6px; margin-bottom: 6px; font-family: Helvetica, Arial, sans-serif; color: #1d2129; font-size: 14px;\">Dorastamy dlatego te\u017c warto do ka\u017cdego wydarzenia podchodzi\u0107 ZADANIOWO , nie osobi\u015bcie i emocjonalnie, lecz zadaniowo.<br \/>Postara\u0107 si\u0119 zrozumie\u0107 przyczyny do\u015bwiadczenia,\/rodowe, karmiczne\/, spojrze\u0107 z r\u00f3\u017cnych pozycji \/plan duszy, energetyka\/, wprowadzi\u0107 NOWE ZROZUMIENIE..<\/p>\n<p style=\"margin-top: 6px; margin-bottom: 6px; font-family: Helvetica, Arial, sans-serif; color: #1d2129; font-size: 14px;\">Stary \u015bwiat &#8211; to \u015bwiat l\u0119k\u00f3w, emocji dualnych, program\u00f3w oddzielenia \/ma\u0142e ograniczone ja\/.<br \/>Nowy \u015bwiat &#8211; to \u015bwiat m\u0105dro\u015bci, rozumienie przyczyn i wznoszenie na wy\u017cszy poziom danego tematu&#8230;..\/zadania s\u0142u\u017c\u0105ce ewolucji w jednym polu Ducha\/.<\/p>\n<p style=\"margin-top: 6px; margin-bottom: 6px; font-family: Helvetica, Arial, sans-serif; color: #1d2129; font-size: 14px;\">Nie pragnij w\u0142adzy na innymi &#8211; to droga donik\u0105d.<br \/>Miej w\u0142adz\u0119 nad sob\u0105 &#8211; to droga wolno\u015bci.&nbsp;<\/p>\n<p style=\"margin-top: 6px; margin-bottom: 6px; font-family: Helvetica, Arial, sans-serif; color: #1d2129; font-size: 14px; text-align: center;\">&nbsp;<img loading=\"lazy\" decoding=\"async\" class=\" size-full wp-image-1410\" src=\"https:\/\/el.cgnk.pl\/wp-content\/uploads\/2018\/08\/vo-2-5.jpg\" width=\"500\" height=\"334\" alt=\"vo-2-5\" srcset=\"https:\/\/epokaserca.pl\/aktualnosci\/wp-content\/uploads\/2018\/08\/vo-2-5.jpg 680w, https:\/\/epokaserca.pl\/aktualnosci\/wp-content\/uploads\/2018\/08\/vo-2-5-300x200.jpg 300w\" sizes=\"auto, (max-width: 500px) 100vw, 500px\" \/><\/p>\n<p style=\"margin-top: 6px; margin-bottom: 6px; font-family: Helvetica, Arial, sans-serif; color: #1d2129; font-size: 14px;\">&nbsp;<\/p>\n","protected":false},"excerpt":{"rendered":"<p style=\"margin-bottom: 6px; font-family: Helvetica, Arial, sans-serif; color: #1d2129; font-size: 14px;\">Kilka lat temu zadzwoni\u0142 do mnie m\u0119\u017cczyzna<br \/>-Jak si\u0119 czujesz? &#8211; zapyta\u0142&nbsp;<\/p>\n","protected":false},"author":1,"featured_media":1410,"comment_status":"open","ping_status":"open","sticky":false,"template":"","format":"standard","meta":{"footnotes":""},"categories":[2],"tags":[],"class_list":{"0":"post-1411","1":"post","2":"type-post","3":"status-publish","4":"format-standard","5":"has-post-thumbnail","7":"category-artykuly","8":"czr-hentry"},"yoast_head":"<!-- This site is optimized with the Yoast SEO plugin v26.8 - https:\/\/yoast.com\/product\/yoast-seo-wordpress\/ -->\n<title>Czarna magia - Aktualno\u015bci<\/title>\n<meta name=\"robots\" content=\"index, follow, max-snippet:-1, max-image-preview:large, max-video-preview:-1\" \/>\n<link rel=\"canonical\" href=\"https:\/\/epokaserca.pl\/aktualnosci\/czarna-magia\/\" \/>\n<meta property=\"og:locale\" content=\"pl_PL\" \/>\n<meta property=\"og:type\" content=\"article\" \/>\n<meta property=\"og:title\" content=\"Czarna magia - Aktualno\u015bci\" \/>\n<meta property=\"og:description\" content=\"Kilka lat temu zadzwoni\u0142 do mnie m\u0119\u017cczyzna-Jak si\u0119 czujesz? - zapyta\u0142&nbsp;\" \/>\n<meta property=\"og:url\" content=\"https:\/\/epokaserca.pl\/aktualnosci\/czarna-magia\/\" \/>\n<meta property=\"og:site_name\" content=\"Aktualno\u015bci\" \/>\n<meta property=\"article:published_time\" content=\"2018-08-01T13:09:33+00:00\" \/>\n<meta property=\"og:image\" content=\"https:\/\/epokaserca.pl\/aktualnosci\/wp-content\/uploads\/2018\/08\/vo-2-5.jpg\" \/>\n\t<meta property=\"og:image:width\" content=\"680\" \/>\n\t<meta property=\"og:image:height\" content=\"454\" \/>\n\t<meta property=\"og:image:type\" content=\"image\/jpeg\" \/>\n<meta name=\"author\" content=\"admin\" \/>\n<meta name=\"twitter:card\" content=\"summary_large_image\" \/>\n<meta name=\"twitter:label1\" content=\"Napisane przez\" \/>\n\t<meta name=\"twitter:data1\" content=\"admin\" \/>\n\t<meta name=\"twitter:label2\" content=\"Szacowany czas czytania\" \/>\n\t<meta name=\"twitter:data2\" content=\"5 minut\" \/>\n<script type=\"application\/ld+json\" class=\"yoast-schema-graph\">{\"@context\":\"https:\/\/schema.org\",\"@graph\":[{\"@type\":\"Article\",\"@id\":\"https:\/\/epokaserca.pl\/aktualnosci\/czarna-magia\/#article\",\"isPartOf\":{\"@id\":\"https:\/\/epokaserca.pl\/aktualnosci\/czarna-magia\/\"},\"author\":{\"name\":\"admin\",\"@id\":\"https:\/\/epokaserca.pl\/aktualnosci\/#\/schema\/person\/f87215bc4f757d15c7321145cbabc434\"},\"headline\":\"Czarna magia\",\"datePublished\":\"2018-08-01T13:09:33+00:00\",\"mainEntityOfPage\":{\"@id\":\"https:\/\/epokaserca.pl\/aktualnosci\/czarna-magia\/\"},\"wordCount\":916,\"commentCount\":0,\"image\":{\"@id\":\"https:\/\/epokaserca.pl\/aktualnosci\/czarna-magia\/#primaryimage\"},\"thumbnailUrl\":\"https:\/\/epokaserca.pl\/aktualnosci\/wp-content\/uploads\/2018\/08\/vo-2-5.jpg\",\"articleSection\":[\"Artyku\u0142y\"],\"inLanguage\":\"pl-PL\",\"potentialAction\":[{\"@type\":\"CommentAction\",\"name\":\"Comment\",\"target\":[\"https:\/\/epokaserca.pl\/aktualnosci\/czarna-magia\/#respond\"]}]},{\"@type\":\"WebPage\",\"@id\":\"https:\/\/epokaserca.pl\/aktualnosci\/czarna-magia\/\",\"url\":\"https:\/\/epokaserca.pl\/aktualnosci\/czarna-magia\/\",\"name\":\"Czarna magia - Aktualno\u015bci\",\"isPartOf\":{\"@id\":\"https:\/\/epokaserca.pl\/aktualnosci\/#website\"},\"primaryImageOfPage\":{\"@id\":\"https:\/\/epokaserca.pl\/aktualnosci\/czarna-magia\/#primaryimage\"},\"image\":{\"@id\":\"https:\/\/epokaserca.pl\/aktualnosci\/czarna-magia\/#primaryimage\"},\"thumbnailUrl\":\"https:\/\/epokaserca.pl\/aktualnosci\/wp-content\/uploads\/2018\/08\/vo-2-5.jpg\",\"datePublished\":\"2018-08-01T13:09:33+00:00\",\"author\":{\"@id\":\"https:\/\/epokaserca.pl\/aktualnosci\/#\/schema\/person\/f87215bc4f757d15c7321145cbabc434\"},\"breadcrumb\":{\"@id\":\"https:\/\/epokaserca.pl\/aktualnosci\/czarna-magia\/#breadcrumb\"},\"inLanguage\":\"pl-PL\",\"potentialAction\":[{\"@type\":\"ReadAction\",\"target\":[\"https:\/\/epokaserca.pl\/aktualnosci\/czarna-magia\/\"]}]},{\"@type\":\"ImageObject\",\"inLanguage\":\"pl-PL\",\"@id\":\"https:\/\/epokaserca.pl\/aktualnosci\/czarna-magia\/#primaryimage\",\"url\":\"https:\/\/epokaserca.pl\/aktualnosci\/wp-content\/uploads\/2018\/08\/vo-2-5.jpg\",\"contentUrl\":\"https:\/\/epokaserca.pl\/aktualnosci\/wp-content\/uploads\/2018\/08\/vo-2-5.jpg\",\"width\":680,\"height\":454,\"caption\":\"vo-2-5\"},{\"@type\":\"BreadcrumbList\",\"@id\":\"https:\/\/epokaserca.pl\/aktualnosci\/czarna-magia\/#breadcrumb\",\"itemListElement\":[{\"@type\":\"ListItem\",\"position\":1,\"name\":\"Home\",\"item\":\"https:\/\/epokaserca.pl\/aktualnosci\/\"},{\"@type\":\"ListItem\",\"position\":2,\"name\":\"Czarna magia\"}]},{\"@type\":\"WebSite\",\"@id\":\"https:\/\/epokaserca.pl\/aktualnosci\/#website\",\"url\":\"https:\/\/epokaserca.pl\/aktualnosci\/\",\"name\":\"Aktualno\u015bci\",\"description\":\"\",\"potentialAction\":[{\"@type\":\"SearchAction\",\"target\":{\"@type\":\"EntryPoint\",\"urlTemplate\":\"https:\/\/epokaserca.pl\/aktualnosci\/?s={search_term_string}\"},\"query-input\":{\"@type\":\"PropertyValueSpecification\",\"valueRequired\":true,\"valueName\":\"search_term_string\"}}],\"inLanguage\":\"pl-PL\"},{\"@type\":\"Person\",\"@id\":\"https:\/\/epokaserca.pl\/aktualnosci\/#\/schema\/person\/f87215bc4f757d15c7321145cbabc434\",\"name\":\"admin\",\"image\":{\"@type\":\"ImageObject\",\"inLanguage\":\"pl-PL\",\"@id\":\"https:\/\/epokaserca.pl\/aktualnosci\/#\/schema\/person\/image\/\",\"url\":\"https:\/\/secure.gravatar.com\/avatar\/8e51b30565ad99a9f8b25bd638d21cd1?s=96&d=mm&r=g\",\"contentUrl\":\"https:\/\/secure.gravatar.com\/avatar\/8e51b30565ad99a9f8b25bd638d21cd1?s=96&d=mm&r=g\",\"caption\":\"admin\"},\"url\":\"https:\/\/epokaserca.pl\/aktualnosci\/author\/admin\/\"}]}<\/script>\n<!-- \/ Yoast SEO plugin. -->","yoast_head_json":{"title":"Czarna magia - Aktualno\u015bci","robots":{"index":"index","follow":"follow","max-snippet":"max-snippet:-1","max-image-preview":"max-image-preview:large","max-video-preview":"max-video-preview:-1"},"canonical":"https:\/\/epokaserca.pl\/aktualnosci\/czarna-magia\/","og_locale":"pl_PL","og_type":"article","og_title":"Czarna magia - Aktualno\u015bci","og_description":"Kilka lat temu zadzwoni\u0142 do mnie m\u0119\u017cczyzna-Jak si\u0119 czujesz? - zapyta\u0142&nbsp;","og_url":"https:\/\/epokaserca.pl\/aktualnosci\/czarna-magia\/","og_site_name":"Aktualno\u015bci","article_published_time":"2018-08-01T13:09:33+00:00","og_image":[{"width":680,"height":454,"url":"https:\/\/epokaserca.pl\/aktualnosci\/wp-content\/uploads\/2018\/08\/vo-2-5.jpg","type":"image\/jpeg"}],"author":"admin","twitter_card":"summary_large_image","twitter_misc":{"Napisane przez":"admin","Szacowany czas czytania":"5 minut"},"schema":{"@context":"https:\/\/schema.org","@graph":[{"@type":"Article","@id":"https:\/\/epokaserca.pl\/aktualnosci\/czarna-magia\/#article","isPartOf":{"@id":"https:\/\/epokaserca.pl\/aktualnosci\/czarna-magia\/"},"author":{"name":"admin","@id":"https:\/\/epokaserca.pl\/aktualnosci\/#\/schema\/person\/f87215bc4f757d15c7321145cbabc434"},"headline":"Czarna magia","datePublished":"2018-08-01T13:09:33+00:00","mainEntityOfPage":{"@id":"https:\/\/epokaserca.pl\/aktualnosci\/czarna-magia\/"},"wordCount":916,"commentCount":0,"image":{"@id":"https:\/\/epokaserca.pl\/aktualnosci\/czarna-magia\/#primaryimage"},"thumbnailUrl":"https:\/\/epokaserca.pl\/aktualnosci\/wp-content\/uploads\/2018\/08\/vo-2-5.jpg","articleSection":["Artyku\u0142y"],"inLanguage":"pl-PL","potentialAction":[{"@type":"CommentAction","name":"Comment","target":["https:\/\/epokaserca.pl\/aktualnosci\/czarna-magia\/#respond"]}]},{"@type":"WebPage","@id":"https:\/\/epokaserca.pl\/aktualnosci\/czarna-magia\/","url":"https:\/\/epokaserca.pl\/aktualnosci\/czarna-magia\/","name":"Czarna magia - Aktualno\u015bci","isPartOf":{"@id":"https:\/\/epokaserca.pl\/aktualnosci\/#website"},"primaryImageOfPage":{"@id":"https:\/\/epokaserca.pl\/aktualnosci\/czarna-magia\/#primaryimage"},"image":{"@id":"https:\/\/epokaserca.pl\/aktualnosci\/czarna-magia\/#primaryimage"},"thumbnailUrl":"https:\/\/epokaserca.pl\/aktualnosci\/wp-content\/uploads\/2018\/08\/vo-2-5.jpg","datePublished":"2018-08-01T13:09:33+00:00","author":{"@id":"https:\/\/epokaserca.pl\/aktualnosci\/#\/schema\/person\/f87215bc4f757d15c7321145cbabc434"},"breadcrumb":{"@id":"https:\/\/epokaserca.pl\/aktualnosci\/czarna-magia\/#breadcrumb"},"inLanguage":"pl-PL","potentialAction":[{"@type":"ReadAction","target":["https:\/\/epokaserca.pl\/aktualnosci\/czarna-magia\/"]}]},{"@type":"ImageObject","inLanguage":"pl-PL","@id":"https:\/\/epokaserca.pl\/aktualnosci\/czarna-magia\/#primaryimage","url":"https:\/\/epokaserca.pl\/aktualnosci\/wp-content\/uploads\/2018\/08\/vo-2-5.jpg","contentUrl":"https:\/\/epokaserca.pl\/aktualnosci\/wp-content\/uploads\/2018\/08\/vo-2-5.jpg","width":680,"height":454,"caption":"vo-2-5"},{"@type":"BreadcrumbList","@id":"https:\/\/epokaserca.pl\/aktualnosci\/czarna-magia\/#breadcrumb","itemListElement":[{"@type":"ListItem","position":1,"name":"Home","item":"https:\/\/epokaserca.pl\/aktualnosci\/"},{"@type":"ListItem","position":2,"name":"Czarna magia"}]},{"@type":"WebSite","@id":"https:\/\/epokaserca.pl\/aktualnosci\/#website","url":"https:\/\/epokaserca.pl\/aktualnosci\/","name":"Aktualno\u015bci","description":"","potentialAction":[{"@type":"SearchAction","target":{"@type":"EntryPoint","urlTemplate":"https:\/\/epokaserca.pl\/aktualnosci\/?s={search_term_string}"},"query-input":{"@type":"PropertyValueSpecification","valueRequired":true,"valueName":"search_term_string"}}],"inLanguage":"pl-PL"},{"@type":"Person","@id":"https:\/\/epokaserca.pl\/aktualnosci\/#\/schema\/person\/f87215bc4f757d15c7321145cbabc434","name":"admin","image":{"@type":"ImageObject","inLanguage":"pl-PL","@id":"https:\/\/epokaserca.pl\/aktualnosci\/#\/schema\/person\/image\/","url":"https:\/\/secure.gravatar.com\/avatar\/8e51b30565ad99a9f8b25bd638d21cd1?s=96&d=mm&r=g","contentUrl":"https:\/\/secure.gravatar.com\/avatar\/8e51b30565ad99a9f8b25bd638d21cd1?s=96&d=mm&r=g","caption":"admin"},"url":"https:\/\/epokaserca.pl\/aktualnosci\/author\/admin\/"}]}},"_links":{"self":[{"href":"https:\/\/epokaserca.pl\/aktualnosci\/wp-json\/wp\/v2\/posts\/1411","targetHints":{"allow":["GET"]}}],"collection":[{"href":"https:\/\/epokaserca.pl\/aktualnosci\/wp-json\/wp\/v2\/posts"}],"about":[{"href":"https:\/\/epokaserca.pl\/aktualnosci\/wp-json\/wp\/v2\/types\/post"}],"author":[{"embeddable":true,"href":"https:\/\/epokaserca.pl\/aktualnosci\/wp-json\/wp\/v2\/users\/1"}],"replies":[{"embeddable":true,"href":"https:\/\/epokaserca.pl\/aktualnosci\/wp-json\/wp\/v2\/comments?post=1411"}],"version-history":[{"count":0,"href":"https:\/\/epokaserca.pl\/aktualnosci\/wp-json\/wp\/v2\/posts\/1411\/revisions"}],"wp:featuredmedia":[{"embeddable":true,"href":"https:\/\/epokaserca.pl\/aktualnosci\/wp-json\/wp\/v2\/media\/1410"}],"wp:attachment":[{"href":"https:\/\/epokaserca.pl\/aktualnosci\/wp-json\/wp\/v2\/media?parent=1411"}],"wp:term":[{"taxonomy":"category","embeddable":true,"href":"https:\/\/epokaserca.pl\/aktualnosci\/wp-json\/wp\/v2\/categories?post=1411"},{"taxonomy":"post_tag","embeddable":true,"href":"https:\/\/epokaserca.pl\/aktualnosci\/wp-json\/wp\/v2\/tags?post=1411"}],"curies":[{"name":"wp","href":"https:\/\/api.w.org\/{rel}","templated":true}]}}