{"id":1415,"date":"2018-08-26T15:31:35","date_gmt":"2018-08-26T15:31:35","guid":{"rendered":"https:\/\/epokaserca.pl\/aktualnosci\/index.php\/2018\/08\/26\/26-sierpnia-2018\/"},"modified":"2018-08-26T15:31:35","modified_gmt":"2018-08-26T15:31:35","slug":"26-sierpnia-2018","status":"publish","type":"post","link":"https:\/\/epokaserca.pl\/aktualnosci\/26-sierpnia-2018\/","title":{"rendered":"26 sierpnia 2018"},"content":{"rendered":"<p><span style=\"font-size: 12pt; color: #000000;\">Powoli ko\u0144czymy zapisy do I klasy Uniwersytetu \u015awiadomego \u017bycia, Szko\u0142y Kobiet oraz Szko\u0142y Lekarzy Dusz<\/span><\/p>\n<p><span style=\"font-size: 12pt; color: #000000;\">A poni\u017cej podsumowanie III roku stacjonarnego Uniwersytetu.<\/span><\/p>\n<p><span style=\"text-decoration: underline;\"><span style=\"color: #000000; text-decoration: underline;\"><a href=\"..\/instytut\/szkola-kobiet\"><span style=\"color: #000000; text-decoration: underline;\">http:\/\/www.epokaserca.pl\/instytut\/szkola-kobiet<\/span><\/a><\/span><\/span><\/p>\n<p><span style=\"text-decoration: underline;\"><span style=\"color: #000000; text-decoration: underline;\"><a href=\"..\/instytut\/virtual-university\/zajecia\"><span style=\"color: #000000; text-decoration: underline;\">http:\/\/www.epokaserca.pl\/instytut\/virtual-university\/zajecia<\/span><\/a><\/span><\/span><\/p>\n<p><span style=\"text-decoration: underline;\"><span style=\"color: #000000; text-decoration: underline;\"><a href=\"..\/instytut\/lekarze-dusz-2\"><span style=\"color: #000000; text-decoration: underline;\">http:\/\/www.epokaserca.pl\/instytut\/lekarze-dusz-2<\/span><\/a><\/span><\/span><\/p>\n<p><span style=\"font-size: 12pt;\"><br \/><\/span><\/p>\n<p style=\"margin-bottom: 6px; font-family: Helvetica, Arial, sans-serif; color: #1d2129; font-size: 14px;\">W tym roku, troszk\u0119 p\u00f3\u017aniej ni\u017c w poprzednich latach zako\u0144czyli\u015bmy zaj\u0119cia III roku stacjonarnego Uniwersytetu \u015awiadomego \u017bycia.<br \/>Zako\u0144czenie odby\u0142o si\u0119 wczoraj. I tak mia\u0142o by\u0107, gdy\u017c w mi\u0119dzyczasie troszk\u0119 si\u0119 wydarzy\u0142o i mo\u017cna by\u0142o porozmawia\u0107 o wielu sprawach.<br \/>Zrobili\u015bmy ma\u0142e podsumowanie trzech lat, aby zobaczy\u0107 nasze post\u0119py i zmiany, kt\u00f3re zaistnia\u0142y w \u017cyciu.<br \/>By\u0142am pewna, \u017ce to nasze ostatnie spotkanie grupowe, gdy\u017c od wrze\u015bnia utworzy\u0142am dodatkowe kierunki Uniwersytetu&nbsp;<span class=\"text_exposed_show\" style=\"display: inline; font-family: inherit;\">i zwyczajnie czas mam dobrze wype\u0142niony.<br \/>Moja stacjonarna grupa uzna\u0142a jednak, \u017ce chc\u0105 dalej spotka\u0144 i wsp\u00f3lnego przebywania.<br \/>Przez te trzy lata poznali\u015bmy si\u0119, zaprzyja\u017anili\u015bmy, jeste\u015bmy jak rodzina. Znamy si\u0119 ju\u017c jak przys\u0142owiowe &#8222;\u0142yse konie&#8221;.<br \/>&#8222;Moje dzieci&#8221; jak na corocznym zako\u0144czeniu roku obdarowali mnie cudnym Anio\u0142kiem &#8222;Dobrym Duszkiem Tego Domu&#8221; , pachn\u0105cym bukietem kwiat\u00f3w i zapachowymi naturalnymi kosmetykami.<\/span><\/p>\n<p><span style=\"color: #1d2129; font-family: Helvetica, Arial, sans-serif; font-size: 14px; white-space: pre-wrap;\"> Zawsze mnie tym zaskakuj\u0105, gdy\u017c nie spodziewam si\u0119 nigdy takiego zako\u0144czenia.Tak bardzo si\u0119 postarali, w\u0142o\u017cyli wiele wysi\u0142ku, \u017ce wzruszy\u0142am si\u0119&#8230;<\/span><\/p>\n<p style=\"margin-bottom: 6px; font-family: Helvetica, Arial, sans-serif; color: #1d2129; font-size: 14px;\"><span class=\"text_exposed_show\" style=\"display: inline; font-family: inherit;\"><\/span><\/p>\n<div class=\"text_exposed_show\" style=\"display: inline; font-family: Helvetica, Arial, sans-serif; color: #1d2129; font-size: 14px;\">\n<p><span style=\"color: #1d2129; font-family: Helvetica, Arial, sans-serif; font-size: 14px;\">ale ..przyjmowanie to te\u017c rodzaj obdarowania, wi\u0119c rado\u015bnie ucz\u0119 si\u0119 przyjmowania.<br style=\"color: #1d2129; font-family: Helvetica, Arial, sans-serif; font-size: 14px;\" \/><span style=\"color: #1d2129; font-family: Helvetica, Arial, sans-serif; font-size: 14px;\">KOCHANE &#8222;MOJE DZIECI&#8221;, przed nami rok czwarty i wiele rado\u015bci oraz ciep\u0142ych spotka\u0144, podczas kt\u00f3rych b\u0119dziemy jeszcze bli\u017cej SIEBIE , aby objawia\u0107 pe\u0142ni\u0119 bosko\u015bci.<br style=\"color: #1d2129; font-family: Helvetica, Arial, sans-serif; font-size: 14px;\" \/><span style=\"color: #1d2129; font-family: Helvetica, Arial, sans-serif; font-size: 14px;\">Dzi\u0119kuj\u0119 WAM KOCHANI.<\/span><\/span><\/span><\/p>\n<\/p><\/div>\n","protected":false},"excerpt":{"rendered":"<p>Powoli ko\u0144czymy zapisy do I klasy Uniwersytetu \u015awiadomego \u017bycia, Szko\u0142y Kobiet oraz Szko\u0142y Lekarzy Dusz A poni\u017cej podsumowanie III roku stacjonarnego Uniwersytetu. http:\/\/www.epokaserca.pl\/instytut\/szkola-kobiet http:\/\/www.epokaserca.pl\/instytut\/virtual-university\/zajecia http:\/\/www.epokaserca.pl\/instytut\/lekarze-dusz-2 W tym roku, troszk\u0119 p\u00f3\u017aniej ni\u017c w poprzednich latach zako\u0144czyli\u015bmy zaj\u0119cia III roku stacjonarnego Uniwersytetu \u015awiadomego \u017bycia.Zako\u0144czenie odby\u0142o si\u0119 wczoraj. I tak mia\u0142o by\u0107, gdy\u017c w mi\u0119dzyczasie troszk\u0119 si\u0119 wydarzy\u0142o [&hellip;]<\/p>\n","protected":false},"author":1,"featured_media":0,"comment_status":"open","ping_status":"open","sticky":false,"template":"","format":"standard","meta":{"footnotes":""},"categories":[5],"tags":[],"class_list":{"0":"post-1415","1":"post","2":"type-post","3":"status-publish","4":"format-standard","6":"category-aktualnosci","7":"czr-hentry"},"yoast_head":"<!-- This site is optimized with the Yoast SEO plugin v26.8 - https:\/\/yoast.com\/product\/yoast-seo-wordpress\/ -->\n<title>26 sierpnia 2018 - Aktualno\u015bci<\/title>\n<meta name=\"robots\" content=\"index, follow, max-snippet:-1, max-image-preview:large, max-video-preview:-1\" \/>\n<link rel=\"canonical\" href=\"https:\/\/epokaserca.pl\/aktualnosci\/26-sierpnia-2018\/\" \/>\n<meta property=\"og:locale\" content=\"pl_PL\" \/>\n<meta property=\"og:type\" content=\"article\" \/>\n<meta property=\"og:title\" content=\"26 sierpnia 2018 - Aktualno\u015bci\" \/>\n<meta property=\"og:description\" content=\"Powoli ko\u0144czymy zapisy do I klasy Uniwersytetu \u015awiadomego \u017bycia, Szko\u0142y Kobiet oraz Szko\u0142y Lekarzy Dusz A poni\u017cej podsumowanie III roku stacjonarnego Uniwersytetu. http:\/\/www.epokaserca.pl\/instytut\/szkola-kobiet http:\/\/www.epokaserca.pl\/instytut\/virtual-university\/zajecia http:\/\/www.epokaserca.pl\/instytut\/lekarze-dusz-2 W tym roku, troszk\u0119 p\u00f3\u017aniej ni\u017c w poprzednich latach zako\u0144czyli\u015bmy zaj\u0119cia III roku stacjonarnego Uniwersytetu \u015awiadomego \u017bycia.Zako\u0144czenie odby\u0142o si\u0119 wczoraj. I tak mia\u0142o by\u0107, gdy\u017c w mi\u0119dzyczasie troszk\u0119 si\u0119 wydarzy\u0142o [&hellip;]\" \/>\n<meta property=\"og:url\" content=\"https:\/\/epokaserca.pl\/aktualnosci\/26-sierpnia-2018\/\" \/>\n<meta property=\"og:site_name\" content=\"Aktualno\u015bci\" \/>\n<meta property=\"article:published_time\" content=\"2018-08-26T15:31:35+00:00\" \/>\n<meta name=\"author\" content=\"admin\" \/>\n<meta name=\"twitter:card\" content=\"summary_large_image\" \/>\n<meta name=\"twitter:label1\" content=\"Napisane przez\" \/>\n\t<meta name=\"twitter:data1\" content=\"admin\" \/>\n\t<meta name=\"twitter:label2\" content=\"Szacowany czas czytania\" \/>\n\t<meta name=\"twitter:data2\" content=\"1 minuta\" \/>\n<script type=\"application\/ld+json\" class=\"yoast-schema-graph\">{\"@context\":\"https:\/\/schema.org\",\"@graph\":[{\"@type\":\"Article\",\"@id\":\"https:\/\/epokaserca.pl\/aktualnosci\/26-sierpnia-2018\/#article\",\"isPartOf\":{\"@id\":\"https:\/\/epokaserca.pl\/aktualnosci\/26-sierpnia-2018\/\"},\"author\":{\"name\":\"admin\",\"@id\":\"https:\/\/epokaserca.pl\/aktualnosci\/#\/schema\/person\/f87215bc4f757d15c7321145cbabc434\"},\"headline\":\"26 sierpnia 2018\",\"datePublished\":\"2018-08-26T15:31:35+00:00\",\"mainEntityOfPage\":{\"@id\":\"https:\/\/epokaserca.pl\/aktualnosci\/26-sierpnia-2018\/\"},\"wordCount\":276,\"commentCount\":0,\"articleSection\":[\"Aktualno\u015bci\"],\"inLanguage\":\"pl-PL\",\"potentialAction\":[{\"@type\":\"CommentAction\",\"name\":\"Comment\",\"target\":[\"https:\/\/epokaserca.pl\/aktualnosci\/26-sierpnia-2018\/#respond\"]}]},{\"@type\":\"WebPage\",\"@id\":\"https:\/\/epokaserca.pl\/aktualnosci\/26-sierpnia-2018\/\",\"url\":\"https:\/\/epokaserca.pl\/aktualnosci\/26-sierpnia-2018\/\",\"name\":\"26 sierpnia 2018 - Aktualno\u015bci\",\"isPartOf\":{\"@id\":\"https:\/\/epokaserca.pl\/aktualnosci\/#website\"},\"datePublished\":\"2018-08-26T15:31:35+00:00\",\"author\":{\"@id\":\"https:\/\/epokaserca.pl\/aktualnosci\/#\/schema\/person\/f87215bc4f757d15c7321145cbabc434\"},\"breadcrumb\":{\"@id\":\"https:\/\/epokaserca.pl\/aktualnosci\/26-sierpnia-2018\/#breadcrumb\"},\"inLanguage\":\"pl-PL\",\"potentialAction\":[{\"@type\":\"ReadAction\",\"target\":[\"https:\/\/epokaserca.pl\/aktualnosci\/26-sierpnia-2018\/\"]}]},{\"@type\":\"BreadcrumbList\",\"@id\":\"https:\/\/epokaserca.pl\/aktualnosci\/26-sierpnia-2018\/#breadcrumb\",\"itemListElement\":[{\"@type\":\"ListItem\",\"position\":1,\"name\":\"Home\",\"item\":\"https:\/\/epokaserca.pl\/aktualnosci\/\"},{\"@type\":\"ListItem\",\"position\":2,\"name\":\"26 sierpnia 2018\"}]},{\"@type\":\"WebSite\",\"@id\":\"https:\/\/epokaserca.pl\/aktualnosci\/#website\",\"url\":\"https:\/\/epokaserca.pl\/aktualnosci\/\",\"name\":\"Aktualno\u015bci\",\"description\":\"\",\"potentialAction\":[{\"@type\":\"SearchAction\",\"target\":{\"@type\":\"EntryPoint\",\"urlTemplate\":\"https:\/\/epokaserca.pl\/aktualnosci\/?s={search_term_string}\"},\"query-input\":{\"@type\":\"PropertyValueSpecification\",\"valueRequired\":true,\"valueName\":\"search_term_string\"}}],\"inLanguage\":\"pl-PL\"},{\"@type\":\"Person\",\"@id\":\"https:\/\/epokaserca.pl\/aktualnosci\/#\/schema\/person\/f87215bc4f757d15c7321145cbabc434\",\"name\":\"admin\",\"image\":{\"@type\":\"ImageObject\",\"inLanguage\":\"pl-PL\",\"@id\":\"https:\/\/epokaserca.pl\/aktualnosci\/#\/schema\/person\/image\/\",\"url\":\"https:\/\/secure.gravatar.com\/avatar\/8e51b30565ad99a9f8b25bd638d21cd1?s=96&d=mm&r=g\",\"contentUrl\":\"https:\/\/secure.gravatar.com\/avatar\/8e51b30565ad99a9f8b25bd638d21cd1?s=96&d=mm&r=g\",\"caption\":\"admin\"},\"url\":\"https:\/\/epokaserca.pl\/aktualnosci\/author\/admin\/\"}]}<\/script>\n<!-- \/ Yoast SEO plugin. -->","yoast_head_json":{"title":"26 sierpnia 2018 - Aktualno\u015bci","robots":{"index":"index","follow":"follow","max-snippet":"max-snippet:-1","max-image-preview":"max-image-preview:large","max-video-preview":"max-video-preview:-1"},"canonical":"https:\/\/epokaserca.pl\/aktualnosci\/26-sierpnia-2018\/","og_locale":"pl_PL","og_type":"article","og_title":"26 sierpnia 2018 - Aktualno\u015bci","og_description":"Powoli ko\u0144czymy zapisy do I klasy Uniwersytetu \u015awiadomego \u017bycia, Szko\u0142y Kobiet oraz Szko\u0142y Lekarzy Dusz A poni\u017cej podsumowanie III roku stacjonarnego Uniwersytetu. http:\/\/www.epokaserca.pl\/instytut\/szkola-kobiet http:\/\/www.epokaserca.pl\/instytut\/virtual-university\/zajecia http:\/\/www.epokaserca.pl\/instytut\/lekarze-dusz-2 W tym roku, troszk\u0119 p\u00f3\u017aniej ni\u017c w poprzednich latach zako\u0144czyli\u015bmy zaj\u0119cia III roku stacjonarnego Uniwersytetu \u015awiadomego \u017bycia.Zako\u0144czenie odby\u0142o si\u0119 wczoraj. I tak mia\u0142o by\u0107, gdy\u017c w mi\u0119dzyczasie troszk\u0119 si\u0119 wydarzy\u0142o [&hellip;]","og_url":"https:\/\/epokaserca.pl\/aktualnosci\/26-sierpnia-2018\/","og_site_name":"Aktualno\u015bci","article_published_time":"2018-08-26T15:31:35+00:00","author":"admin","twitter_card":"summary_large_image","twitter_misc":{"Napisane przez":"admin","Szacowany czas czytania":"1 minuta"},"schema":{"@context":"https:\/\/schema.org","@graph":[{"@type":"Article","@id":"https:\/\/epokaserca.pl\/aktualnosci\/26-sierpnia-2018\/#article","isPartOf":{"@id":"https:\/\/epokaserca.pl\/aktualnosci\/26-sierpnia-2018\/"},"author":{"name":"admin","@id":"https:\/\/epokaserca.pl\/aktualnosci\/#\/schema\/person\/f87215bc4f757d15c7321145cbabc434"},"headline":"26 sierpnia 2018","datePublished":"2018-08-26T15:31:35+00:00","mainEntityOfPage":{"@id":"https:\/\/epokaserca.pl\/aktualnosci\/26-sierpnia-2018\/"},"wordCount":276,"commentCount":0,"articleSection":["Aktualno\u015bci"],"inLanguage":"pl-PL","potentialAction":[{"@type":"CommentAction","name":"Comment","target":["https:\/\/epokaserca.pl\/aktualnosci\/26-sierpnia-2018\/#respond"]}]},{"@type":"WebPage","@id":"https:\/\/epokaserca.pl\/aktualnosci\/26-sierpnia-2018\/","url":"https:\/\/epokaserca.pl\/aktualnosci\/26-sierpnia-2018\/","name":"26 sierpnia 2018 - Aktualno\u015bci","isPartOf":{"@id":"https:\/\/epokaserca.pl\/aktualnosci\/#website"},"datePublished":"2018-08-26T15:31:35+00:00","author":{"@id":"https:\/\/epokaserca.pl\/aktualnosci\/#\/schema\/person\/f87215bc4f757d15c7321145cbabc434"},"breadcrumb":{"@id":"https:\/\/epokaserca.pl\/aktualnosci\/26-sierpnia-2018\/#breadcrumb"},"inLanguage":"pl-PL","potentialAction":[{"@type":"ReadAction","target":["https:\/\/epokaserca.pl\/aktualnosci\/26-sierpnia-2018\/"]}]},{"@type":"BreadcrumbList","@id":"https:\/\/epokaserca.pl\/aktualnosci\/26-sierpnia-2018\/#breadcrumb","itemListElement":[{"@type":"ListItem","position":1,"name":"Home","item":"https:\/\/epokaserca.pl\/aktualnosci\/"},{"@type":"ListItem","position":2,"name":"26 sierpnia 2018"}]},{"@type":"WebSite","@id":"https:\/\/epokaserca.pl\/aktualnosci\/#website","url":"https:\/\/epokaserca.pl\/aktualnosci\/","name":"Aktualno\u015bci","description":"","potentialAction":[{"@type":"SearchAction","target":{"@type":"EntryPoint","urlTemplate":"https:\/\/epokaserca.pl\/aktualnosci\/?s={search_term_string}"},"query-input":{"@type":"PropertyValueSpecification","valueRequired":true,"valueName":"search_term_string"}}],"inLanguage":"pl-PL"},{"@type":"Person","@id":"https:\/\/epokaserca.pl\/aktualnosci\/#\/schema\/person\/f87215bc4f757d15c7321145cbabc434","name":"admin","image":{"@type":"ImageObject","inLanguage":"pl-PL","@id":"https:\/\/epokaserca.pl\/aktualnosci\/#\/schema\/person\/image\/","url":"https:\/\/secure.gravatar.com\/avatar\/8e51b30565ad99a9f8b25bd638d21cd1?s=96&d=mm&r=g","contentUrl":"https:\/\/secure.gravatar.com\/avatar\/8e51b30565ad99a9f8b25bd638d21cd1?s=96&d=mm&r=g","caption":"admin"},"url":"https:\/\/epokaserca.pl\/aktualnosci\/author\/admin\/"}]}},"_links":{"self":[{"href":"https:\/\/epokaserca.pl\/aktualnosci\/wp-json\/wp\/v2\/posts\/1415","targetHints":{"allow":["GET"]}}],"collection":[{"href":"https:\/\/epokaserca.pl\/aktualnosci\/wp-json\/wp\/v2\/posts"}],"about":[{"href":"https:\/\/epokaserca.pl\/aktualnosci\/wp-json\/wp\/v2\/types\/post"}],"author":[{"embeddable":true,"href":"https:\/\/epokaserca.pl\/aktualnosci\/wp-json\/wp\/v2\/users\/1"}],"replies":[{"embeddable":true,"href":"https:\/\/epokaserca.pl\/aktualnosci\/wp-json\/wp\/v2\/comments?post=1415"}],"version-history":[{"count":0,"href":"https:\/\/epokaserca.pl\/aktualnosci\/wp-json\/wp\/v2\/posts\/1415\/revisions"}],"wp:attachment":[{"href":"https:\/\/epokaserca.pl\/aktualnosci\/wp-json\/wp\/v2\/media?parent=1415"}],"wp:term":[{"taxonomy":"category","embeddable":true,"href":"https:\/\/epokaserca.pl\/aktualnosci\/wp-json\/wp\/v2\/categories?post=1415"},{"taxonomy":"post_tag","embeddable":true,"href":"https:\/\/epokaserca.pl\/aktualnosci\/wp-json\/wp\/v2\/tags?post=1415"}],"curies":[{"name":"wp","href":"https:\/\/api.w.org\/{rel}","templated":true}]}}