{"id":1454,"date":"2019-02-23T17:17:39","date_gmt":"2019-02-23T17:17:39","guid":{"rendered":"https:\/\/epokaserca.pl\/aktualnosci\/index.php\/2019\/02\/23\/maly-przekaz\/"},"modified":"2019-02-23T17:17:39","modified_gmt":"2019-02-23T17:17:39","slug":"maly-przekaz","status":"publish","type":"post","link":"https:\/\/epokaserca.pl\/aktualnosci\/maly-przekaz\/","title":{"rendered":"Ma\u0142y przekaz"},"content":{"rendered":"\n<p>&nbsp;<\/p>\n<p><span style=\"color: #1c1e21; font-family: Helvetica, Arial, sans-serif; font-size: 12pt;\"><br style=\"color: #1c1e21; font-family: Helvetica, Arial, sans-serif; font-size: 14px;\" \/><span style=\"color: #1c1e21; font-family: Helvetica, Arial, sans-serif;\">Nie ogl\u0105daj si\u0119 za siebie, nie l\u0119kaj przysz\u0142o\u015bci, b\u0105d\u017a jak ptaki na niebie, pozw\u00f3l, by ni\u00f3s\u0142 ci\u0119 wiatr mi\u0142o\u015bci, szybuj z Duchem.<br style=\"color: #1c1e21; font-family: Helvetica, Arial, sans-serif; font-size: 14px;\" \/><span style=\"color: #1c1e21; font-family: Helvetica, Arial, sans-serif;\">Kochaj i \u017cyj &#8211; teraz.<br style=\"color: #1c1e21; font-family: Helvetica, Arial, sans-serif; font-size: 14px;\" \/><br style=\"color: #1c1e21; font-family: Helvetica, Arial, sans-serif; font-size: 14px;\" \/><span style=\"color: #1c1e21; font-family: Helvetica, Arial, sans-serif;\">B\u00f3g stworzy\u0142 kobiet\u0119 &#8211; aby rozpozna\u0142a sw\u0105 bosk\u0105 i wieczn\u0105 natur\u0119 i pot\u0119g\u0119 otwarto\u015bci, przyjmowania, naradzania, a m\u0119\u017cczy<span class=\"text_exposed_show\" style=\"display: inline; font-family: Helvetica, Arial, sans-serif; color: #1c1e21;\">zn\u0119 &#8211; aby&#8230;rozpozna\u0142 bosk\u0105 moc umys\u0142u, \u015bwiadomo\u015b\u0107 zasiewu, oraz odpowiedzialno\u015b\u0107 za zasiew. To w\u0142a\u015bnie tajemnica tworzenia \u017cycia. Te dwie si\u0142y, aspekty bosko\u015bci -sta\u0142y si\u0119 cz\u0142owiekiem, aby na tej planecie, poprzez swe cz\u0142owiecze\u0144stwo, rozpoznali kobieta i m\u0119\u017cczyzna, wy\u017csz\u0105 natur\u0119 swej Istno\u015bci.<\/span><\/span><\/span><\/span><\/span><\/p>\n<p><span style=\"font-size: 12pt; color: #000000;\">Ludzie my\u015bl\u0105, \u017ce s\u0105 &#8211; zdobywaj\u0105 lub s\u0105 zdobywani, staj\u0105 na szczytach lub w dolinach, uznaj\u0105 swoj\u0105 brzydot\u0119 lub pi\u0119kno, m\u0105dro\u015b\u0107 lub g\u0142upot\u0119, s\u0105 odwa\u017cni lub tch\u00f3rzliwi, itd&#8230;..dylemat za dylematem, dramat za dramatem&#8230;&#8230;..a przecie\u017c, ICH NIE MA. JEST TYLKO B\u00d3G, ISTNO\u015a\u0106, kt\u00f3ra poprzez figur\u0119 cz\u0142owiecz\u0105 POZNAJE i ROZRASTA SI\u0118. Sk\u0105d wi\u0119c tyle zamieszania i po co?<\/span><\/p>\n<p><span style=\"font-size: 12pt; color: #000000;\">\/przekaz\/<\/span><br \/><span style=\"font-size: 12pt; color: #000000;\">Z mojej ksi\u0105\u017cki &#8222;W kroplach wiosennego deszczu&#8221;<\/span><\/p>\n","protected":false},"excerpt":{"rendered":"<p><span style=\"color: #1c1e21; font-family: Helvetica, Arial, sans-serif; font-size: 12pt;\">Dawaj \u017cyciu ca\u0142ego siebie, teraz &#8211; gdy\u017c tylko ta chwila istnieje. Jutro mo\u017ce nie nadej\u015b\u0107. I nie z l\u0119ku to r\u00f3b, lecz z m\u0105dro\u015bci.<\/span><\/p>\n","protected":false},"author":1,"featured_media":0,"comment_status":"open","ping_status":"open","sticky":false,"template":"","format":"standard","meta":{"footnotes":""},"categories":[2],"tags":[],"class_list":{"0":"post-1454","1":"post","2":"type-post","3":"status-publish","4":"format-standard","6":"category-artykuly","7":"czr-hentry"},"yoast_head":"<!-- This site is optimized with the Yoast SEO plugin v26.8 - https:\/\/yoast.com\/product\/yoast-seo-wordpress\/ -->\n<title>Ma\u0142y przekaz - Aktualno\u015bci<\/title>\n<meta name=\"robots\" content=\"index, follow, max-snippet:-1, max-image-preview:large, max-video-preview:-1\" \/>\n<link rel=\"canonical\" href=\"https:\/\/epokaserca.pl\/aktualnosci\/maly-przekaz\/\" \/>\n<meta property=\"og:locale\" content=\"pl_PL\" \/>\n<meta property=\"og:type\" content=\"article\" \/>\n<meta property=\"og:title\" content=\"Ma\u0142y przekaz - Aktualno\u015bci\" \/>\n<meta property=\"og:description\" content=\"Dawaj \u017cyciu ca\u0142ego siebie, teraz - gdy\u017c tylko ta chwila istnieje. Jutro mo\u017ce nie nadej\u015b\u0107. I nie z l\u0119ku to r\u00f3b, lecz z m\u0105dro\u015bci.\" \/>\n<meta property=\"og:url\" content=\"https:\/\/epokaserca.pl\/aktualnosci\/maly-przekaz\/\" \/>\n<meta property=\"og:site_name\" content=\"Aktualno\u015bci\" \/>\n<meta property=\"article:published_time\" content=\"2019-02-23T17:17:39+00:00\" \/>\n<meta name=\"author\" content=\"admin\" \/>\n<meta name=\"twitter:card\" content=\"summary_large_image\" \/>\n<meta name=\"twitter:label1\" content=\"Napisane przez\" \/>\n\t<meta name=\"twitter:data1\" content=\"admin\" \/>\n\t<meta name=\"twitter:label2\" content=\"Szacowany czas czytania\" \/>\n\t<meta name=\"twitter:data2\" content=\"1 minuta\" \/>\n<script type=\"application\/ld+json\" class=\"yoast-schema-graph\">{\"@context\":\"https:\/\/schema.org\",\"@graph\":[{\"@type\":\"Article\",\"@id\":\"https:\/\/epokaserca.pl\/aktualnosci\/maly-przekaz\/#article\",\"isPartOf\":{\"@id\":\"https:\/\/epokaserca.pl\/aktualnosci\/maly-przekaz\/\"},\"author\":{\"name\":\"admin\",\"@id\":\"https:\/\/epokaserca.pl\/aktualnosci\/#\/schema\/person\/f87215bc4f757d15c7321145cbabc434\"},\"headline\":\"Ma\u0142y przekaz\",\"datePublished\":\"2019-02-23T17:17:39+00:00\",\"mainEntityOfPage\":{\"@id\":\"https:\/\/epokaserca.pl\/aktualnosci\/maly-przekaz\/\"},\"wordCount\":193,\"commentCount\":0,\"articleSection\":[\"Artyku\u0142y\"],\"inLanguage\":\"pl-PL\",\"potentialAction\":[{\"@type\":\"CommentAction\",\"name\":\"Comment\",\"target\":[\"https:\/\/epokaserca.pl\/aktualnosci\/maly-przekaz\/#respond\"]}]},{\"@type\":\"WebPage\",\"@id\":\"https:\/\/epokaserca.pl\/aktualnosci\/maly-przekaz\/\",\"url\":\"https:\/\/epokaserca.pl\/aktualnosci\/maly-przekaz\/\",\"name\":\"Ma\u0142y przekaz - Aktualno\u015bci\",\"isPartOf\":{\"@id\":\"https:\/\/epokaserca.pl\/aktualnosci\/#website\"},\"datePublished\":\"2019-02-23T17:17:39+00:00\",\"author\":{\"@id\":\"https:\/\/epokaserca.pl\/aktualnosci\/#\/schema\/person\/f87215bc4f757d15c7321145cbabc434\"},\"breadcrumb\":{\"@id\":\"https:\/\/epokaserca.pl\/aktualnosci\/maly-przekaz\/#breadcrumb\"},\"inLanguage\":\"pl-PL\",\"potentialAction\":[{\"@type\":\"ReadAction\",\"target\":[\"https:\/\/epokaserca.pl\/aktualnosci\/maly-przekaz\/\"]}]},{\"@type\":\"BreadcrumbList\",\"@id\":\"https:\/\/epokaserca.pl\/aktualnosci\/maly-przekaz\/#breadcrumb\",\"itemListElement\":[{\"@type\":\"ListItem\",\"position\":1,\"name\":\"Home\",\"item\":\"https:\/\/epokaserca.pl\/aktualnosci\/\"},{\"@type\":\"ListItem\",\"position\":2,\"name\":\"Ma\u0142y przekaz\"}]},{\"@type\":\"WebSite\",\"@id\":\"https:\/\/epokaserca.pl\/aktualnosci\/#website\",\"url\":\"https:\/\/epokaserca.pl\/aktualnosci\/\",\"name\":\"Aktualno\u015bci\",\"description\":\"\",\"potentialAction\":[{\"@type\":\"SearchAction\",\"target\":{\"@type\":\"EntryPoint\",\"urlTemplate\":\"https:\/\/epokaserca.pl\/aktualnosci\/?s={search_term_string}\"},\"query-input\":{\"@type\":\"PropertyValueSpecification\",\"valueRequired\":true,\"valueName\":\"search_term_string\"}}],\"inLanguage\":\"pl-PL\"},{\"@type\":\"Person\",\"@id\":\"https:\/\/epokaserca.pl\/aktualnosci\/#\/schema\/person\/f87215bc4f757d15c7321145cbabc434\",\"name\":\"admin\",\"image\":{\"@type\":\"ImageObject\",\"inLanguage\":\"pl-PL\",\"@id\":\"https:\/\/epokaserca.pl\/aktualnosci\/#\/schema\/person\/image\/\",\"url\":\"https:\/\/secure.gravatar.com\/avatar\/8e51b30565ad99a9f8b25bd638d21cd1?s=96&d=mm&r=g\",\"contentUrl\":\"https:\/\/secure.gravatar.com\/avatar\/8e51b30565ad99a9f8b25bd638d21cd1?s=96&d=mm&r=g\",\"caption\":\"admin\"},\"url\":\"https:\/\/epokaserca.pl\/aktualnosci\/author\/admin\/\"}]}<\/script>\n<!-- \/ Yoast SEO plugin. -->","yoast_head_json":{"title":"Ma\u0142y przekaz - Aktualno\u015bci","robots":{"index":"index","follow":"follow","max-snippet":"max-snippet:-1","max-image-preview":"max-image-preview:large","max-video-preview":"max-video-preview:-1"},"canonical":"https:\/\/epokaserca.pl\/aktualnosci\/maly-przekaz\/","og_locale":"pl_PL","og_type":"article","og_title":"Ma\u0142y przekaz - Aktualno\u015bci","og_description":"Dawaj \u017cyciu ca\u0142ego siebie, teraz - gdy\u017c tylko ta chwila istnieje. Jutro mo\u017ce nie nadej\u015b\u0107. I nie z l\u0119ku to r\u00f3b, lecz z m\u0105dro\u015bci.","og_url":"https:\/\/epokaserca.pl\/aktualnosci\/maly-przekaz\/","og_site_name":"Aktualno\u015bci","article_published_time":"2019-02-23T17:17:39+00:00","author":"admin","twitter_card":"summary_large_image","twitter_misc":{"Napisane przez":"admin","Szacowany czas czytania":"1 minuta"},"schema":{"@context":"https:\/\/schema.org","@graph":[{"@type":"Article","@id":"https:\/\/epokaserca.pl\/aktualnosci\/maly-przekaz\/#article","isPartOf":{"@id":"https:\/\/epokaserca.pl\/aktualnosci\/maly-przekaz\/"},"author":{"name":"admin","@id":"https:\/\/epokaserca.pl\/aktualnosci\/#\/schema\/person\/f87215bc4f757d15c7321145cbabc434"},"headline":"Ma\u0142y przekaz","datePublished":"2019-02-23T17:17:39+00:00","mainEntityOfPage":{"@id":"https:\/\/epokaserca.pl\/aktualnosci\/maly-przekaz\/"},"wordCount":193,"commentCount":0,"articleSection":["Artyku\u0142y"],"inLanguage":"pl-PL","potentialAction":[{"@type":"CommentAction","name":"Comment","target":["https:\/\/epokaserca.pl\/aktualnosci\/maly-przekaz\/#respond"]}]},{"@type":"WebPage","@id":"https:\/\/epokaserca.pl\/aktualnosci\/maly-przekaz\/","url":"https:\/\/epokaserca.pl\/aktualnosci\/maly-przekaz\/","name":"Ma\u0142y przekaz - Aktualno\u015bci","isPartOf":{"@id":"https:\/\/epokaserca.pl\/aktualnosci\/#website"},"datePublished":"2019-02-23T17:17:39+00:00","author":{"@id":"https:\/\/epokaserca.pl\/aktualnosci\/#\/schema\/person\/f87215bc4f757d15c7321145cbabc434"},"breadcrumb":{"@id":"https:\/\/epokaserca.pl\/aktualnosci\/maly-przekaz\/#breadcrumb"},"inLanguage":"pl-PL","potentialAction":[{"@type":"ReadAction","target":["https:\/\/epokaserca.pl\/aktualnosci\/maly-przekaz\/"]}]},{"@type":"BreadcrumbList","@id":"https:\/\/epokaserca.pl\/aktualnosci\/maly-przekaz\/#breadcrumb","itemListElement":[{"@type":"ListItem","position":1,"name":"Home","item":"https:\/\/epokaserca.pl\/aktualnosci\/"},{"@type":"ListItem","position":2,"name":"Ma\u0142y przekaz"}]},{"@type":"WebSite","@id":"https:\/\/epokaserca.pl\/aktualnosci\/#website","url":"https:\/\/epokaserca.pl\/aktualnosci\/","name":"Aktualno\u015bci","description":"","potentialAction":[{"@type":"SearchAction","target":{"@type":"EntryPoint","urlTemplate":"https:\/\/epokaserca.pl\/aktualnosci\/?s={search_term_string}"},"query-input":{"@type":"PropertyValueSpecification","valueRequired":true,"valueName":"search_term_string"}}],"inLanguage":"pl-PL"},{"@type":"Person","@id":"https:\/\/epokaserca.pl\/aktualnosci\/#\/schema\/person\/f87215bc4f757d15c7321145cbabc434","name":"admin","image":{"@type":"ImageObject","inLanguage":"pl-PL","@id":"https:\/\/epokaserca.pl\/aktualnosci\/#\/schema\/person\/image\/","url":"https:\/\/secure.gravatar.com\/avatar\/8e51b30565ad99a9f8b25bd638d21cd1?s=96&d=mm&r=g","contentUrl":"https:\/\/secure.gravatar.com\/avatar\/8e51b30565ad99a9f8b25bd638d21cd1?s=96&d=mm&r=g","caption":"admin"},"url":"https:\/\/epokaserca.pl\/aktualnosci\/author\/admin\/"}]}},"_links":{"self":[{"href":"https:\/\/epokaserca.pl\/aktualnosci\/wp-json\/wp\/v2\/posts\/1454","targetHints":{"allow":["GET"]}}],"collection":[{"href":"https:\/\/epokaserca.pl\/aktualnosci\/wp-json\/wp\/v2\/posts"}],"about":[{"href":"https:\/\/epokaserca.pl\/aktualnosci\/wp-json\/wp\/v2\/types\/post"}],"author":[{"embeddable":true,"href":"https:\/\/epokaserca.pl\/aktualnosci\/wp-json\/wp\/v2\/users\/1"}],"replies":[{"embeddable":true,"href":"https:\/\/epokaserca.pl\/aktualnosci\/wp-json\/wp\/v2\/comments?post=1454"}],"version-history":[{"count":0,"href":"https:\/\/epokaserca.pl\/aktualnosci\/wp-json\/wp\/v2\/posts\/1454\/revisions"}],"wp:attachment":[{"href":"https:\/\/epokaserca.pl\/aktualnosci\/wp-json\/wp\/v2\/media?parent=1454"}],"wp:term":[{"taxonomy":"category","embeddable":true,"href":"https:\/\/epokaserca.pl\/aktualnosci\/wp-json\/wp\/v2\/categories?post=1454"},{"taxonomy":"post_tag","embeddable":true,"href":"https:\/\/epokaserca.pl\/aktualnosci\/wp-json\/wp\/v2\/tags?post=1454"}],"curies":[{"name":"wp","href":"https:\/\/api.w.org\/{rel}","templated":true}]}}