{"id":1458,"date":"2019-03-28T17:32:54","date_gmt":"2019-03-28T17:32:54","guid":{"rendered":"https:\/\/epokaserca.pl\/aktualnosci\/index.php\/2019\/03\/28\/28-marca-2019\/"},"modified":"2019-03-28T17:32:54","modified_gmt":"2019-03-28T17:32:54","slug":"28-marca-2019","status":"publish","type":"post","link":"https:\/\/epokaserca.pl\/aktualnosci\/28-marca-2019\/","title":{"rendered":"28 marca 2019"},"content":{"rendered":"<p><span style=\"color: #000000; font-size: 12pt;\">Kochani &#8211;<\/span><\/p>\n<p><span style=\"color: #000000; font-size: 12pt;\">&#8211; nowy artyku\u0142&nbsp;<\/span><\/p>\n<p><span style=\"text-decoration: underline;\"><span style=\"color: #ff0000;\"><a href=\"artykuly\/1148-gdyby-kobieta-i-mezczyzna-wiedzieli\"><span style=\"color: #ff0000; text-decoration: underline;\">http:\/\/www.epokaserca.pl\/joomla\/artykuly\/1148-gdyby-kobieta-i-mezczyzna-wiedzieli<\/span><\/a><\/span><\/span><\/p>\n<p><span style=\"color: #000000; font-size: 12pt;\"> <\/span><\/p>\n<p><span style=\"color: #000000; font-size: 12pt;\"><\/span><\/p>\n<p><span style=\"color: #000000; font-size: 12pt;\">&#8211; zapraszam r\u00f3wnie\u017c na nast\u0119pne spotkania na skypie w ramach&nbsp;<\/span><\/p>\n<p><span style=\"text-decoration: underline;\"><span style=\"color: #ff0000;\"><a href=\"..\/instytut\/kip\/program-kip\"><span style=\"color: #ff0000; text-decoration: underline;\">http:\/\/www.epokaserca.pl\/instytut\/kip\/program-kip<\/span><\/a><\/span><\/span><\/p>\n<p><span style=\"color: #000000; font-size: 12pt;\"><br \/><\/span><\/p>\n<p style=\"margin-top: 6px; margin-bottom: 6px; font-family: Helvetica, Arial, sans-serif; color: #1d2129; font-size: 14px;\">W KWIETNIU<\/p>\n<p style=\"margin-top: 6px; margin-bottom: 6px; font-family: Helvetica, Arial, sans-serif; color: #1d2129; font-size: 14px;\">4.Droga \u017cycia duszy na dane wcielenie&#8230;&#8230;.Termin 28 kwietnia 2019&nbsp;<br \/>a\/wszystko zosta\u0142o wcze\u015bniej ustalone<span class=\"text_exposed_show\" style=\"display: inline; font-family: inherit;\"><br \/>b\/\u015bwiat stworzony<br \/>c\/data urodzenia, programy, kt\u00f3re wzi\u0119\u0142a dusza do wzniesienia&nbsp;<br \/>d\/historia rodu<br \/>e\/wci\u0105\u017c spotykam siebie, partnerstwa<br \/>f\/co mnie hamuje, co mnie zniewala<br \/>g\/zamkni\u0119cie karmy<\/span><\/p>\n<p style=\"margin-top: 6px; margin-bottom: 6px; font-family: Helvetica, Arial, sans-serif; color: #1d2129; font-size: 14px;\">&nbsp;<\/p>\n<p style=\"margin-top: 6px; margin-bottom: 6px; font-family: Helvetica, Arial, sans-serif; color: #1d2129; font-size: 14px;\">&nbsp;<\/p>\n<div class=\"text_exposed_show\" style=\"display: inline; font-family: Helvetica, Arial, sans-serif; color: #1d2129; font-size: 14px;\">\n<p style=\"margin-bottom: 6px; font-family: inherit;\">&nbsp;<\/p>\n<p style=\"margin-bottom: 6px; font-family: inherit;\">W MAJU<\/p>\n<p style=\"margin-bottom: 6px; font-family: inherit;\">5. Kody cyfrowe &#8230;&#8230;&#8230;Termin 5 maja 2019&nbsp;<br \/>a\/czym s\u0105 kody<br \/>b\/ka\u017cdy otrzymuje sw\u00f3j indywidualny kod<br \/>c\/om\u00f3wienie ka\u017cdego kodu<br \/>d\/jak stosowa\u0107 kody<\/p>\n<\/p><\/div>\n","protected":false},"excerpt":{"rendered":"<p>Kochani &#8211; &#8211; nowy artyku\u0142&nbsp; http:\/\/www.epokaserca.pl\/joomla\/artykuly\/1148-gdyby-kobieta-i-mezczyzna-wiedzieli &#8211; zapraszam r\u00f3wnie\u017c na nast\u0119pne spotkania na skypie w ramach&nbsp; http:\/\/www.epokaserca.pl\/instytut\/kip\/program-kip W KWIETNIU 4.Droga \u017cycia duszy na dane wcielenie&#8230;&#8230;.Termin 28 kwietnia 2019&nbsp;a\/wszystko zosta\u0142o wcze\u015bniej ustaloneb\/\u015bwiat stworzonyc\/data urodzenia, programy, kt\u00f3re wzi\u0119\u0142a dusza do wzniesienia&nbsp;d\/historia rodue\/wci\u0105\u017c spotykam siebie, partnerstwaf\/co mnie hamuje, co mnie zniewalag\/zamkni\u0119cie karmy &nbsp; &nbsp; &nbsp; W MAJU 5. [&hellip;]<\/p>\n","protected":false},"author":1,"featured_media":0,"comment_status":"open","ping_status":"open","sticky":false,"template":"","format":"standard","meta":{"footnotes":""},"categories":[5],"tags":[],"class_list":{"0":"post-1458","1":"post","2":"type-post","3":"status-publish","4":"format-standard","6":"category-aktualnosci","7":"czr-hentry"},"yoast_head":"<!-- This site is optimized with the Yoast SEO plugin v26.8 - https:\/\/yoast.com\/product\/yoast-seo-wordpress\/ -->\n<title>28 marca 2019 - Aktualno\u015bci<\/title>\n<meta name=\"robots\" content=\"index, follow, max-snippet:-1, max-image-preview:large, max-video-preview:-1\" \/>\n<link rel=\"canonical\" href=\"https:\/\/epokaserca.pl\/aktualnosci\/28-marca-2019\/\" \/>\n<meta property=\"og:locale\" content=\"pl_PL\" \/>\n<meta property=\"og:type\" content=\"article\" \/>\n<meta property=\"og:title\" content=\"28 marca 2019 - Aktualno\u015bci\" \/>\n<meta property=\"og:description\" content=\"Kochani &#8211; &#8211; nowy artyku\u0142&nbsp; http:\/\/www.epokaserca.pl\/joomla\/artykuly\/1148-gdyby-kobieta-i-mezczyzna-wiedzieli &#8211; zapraszam r\u00f3wnie\u017c na nast\u0119pne spotkania na skypie w ramach&nbsp; http:\/\/www.epokaserca.pl\/instytut\/kip\/program-kip W KWIETNIU 4.Droga \u017cycia duszy na dane wcielenie&#8230;&#8230;.Termin 28 kwietnia 2019&nbsp;a\/wszystko zosta\u0142o wcze\u015bniej ustaloneb\/\u015bwiat stworzonyc\/data urodzenia, programy, kt\u00f3re wzi\u0119\u0142a dusza do wzniesienia&nbsp;d\/historia rodue\/wci\u0105\u017c spotykam siebie, partnerstwaf\/co mnie hamuje, co mnie zniewalag\/zamkni\u0119cie karmy &nbsp; &nbsp; &nbsp; W MAJU 5. [&hellip;]\" \/>\n<meta property=\"og:url\" content=\"https:\/\/epokaserca.pl\/aktualnosci\/28-marca-2019\/\" \/>\n<meta property=\"og:site_name\" content=\"Aktualno\u015bci\" \/>\n<meta property=\"article:published_time\" content=\"2019-03-28T17:32:54+00:00\" \/>\n<meta name=\"author\" content=\"admin\" \/>\n<meta name=\"twitter:card\" content=\"summary_large_image\" \/>\n<meta name=\"twitter:label1\" content=\"Napisane przez\" \/>\n\t<meta name=\"twitter:data1\" content=\"admin\" \/>\n\t<meta name=\"twitter:label2\" content=\"Szacowany czas czytania\" \/>\n\t<meta name=\"twitter:data2\" content=\"1 minuta\" \/>\n<script type=\"application\/ld+json\" class=\"yoast-schema-graph\">{\"@context\":\"https:\/\/schema.org\",\"@graph\":[{\"@type\":\"Article\",\"@id\":\"https:\/\/epokaserca.pl\/aktualnosci\/28-marca-2019\/#article\",\"isPartOf\":{\"@id\":\"https:\/\/epokaserca.pl\/aktualnosci\/28-marca-2019\/\"},\"author\":{\"name\":\"admin\",\"@id\":\"https:\/\/epokaserca.pl\/aktualnosci\/#\/schema\/person\/f87215bc4f757d15c7321145cbabc434\"},\"headline\":\"28 marca 2019\",\"datePublished\":\"2019-03-28T17:32:54+00:00\",\"mainEntityOfPage\":{\"@id\":\"https:\/\/epokaserca.pl\/aktualnosci\/28-marca-2019\/\"},\"wordCount\":111,\"commentCount\":0,\"articleSection\":[\"Aktualno\u015bci\"],\"inLanguage\":\"pl-PL\",\"potentialAction\":[{\"@type\":\"CommentAction\",\"name\":\"Comment\",\"target\":[\"https:\/\/epokaserca.pl\/aktualnosci\/28-marca-2019\/#respond\"]}]},{\"@type\":\"WebPage\",\"@id\":\"https:\/\/epokaserca.pl\/aktualnosci\/28-marca-2019\/\",\"url\":\"https:\/\/epokaserca.pl\/aktualnosci\/28-marca-2019\/\",\"name\":\"28 marca 2019 - Aktualno\u015bci\",\"isPartOf\":{\"@id\":\"https:\/\/epokaserca.pl\/aktualnosci\/#website\"},\"datePublished\":\"2019-03-28T17:32:54+00:00\",\"author\":{\"@id\":\"https:\/\/epokaserca.pl\/aktualnosci\/#\/schema\/person\/f87215bc4f757d15c7321145cbabc434\"},\"breadcrumb\":{\"@id\":\"https:\/\/epokaserca.pl\/aktualnosci\/28-marca-2019\/#breadcrumb\"},\"inLanguage\":\"pl-PL\",\"potentialAction\":[{\"@type\":\"ReadAction\",\"target\":[\"https:\/\/epokaserca.pl\/aktualnosci\/28-marca-2019\/\"]}]},{\"@type\":\"BreadcrumbList\",\"@id\":\"https:\/\/epokaserca.pl\/aktualnosci\/28-marca-2019\/#breadcrumb\",\"itemListElement\":[{\"@type\":\"ListItem\",\"position\":1,\"name\":\"Home\",\"item\":\"https:\/\/epokaserca.pl\/aktualnosci\/\"},{\"@type\":\"ListItem\",\"position\":2,\"name\":\"28 marca 2019\"}]},{\"@type\":\"WebSite\",\"@id\":\"https:\/\/epokaserca.pl\/aktualnosci\/#website\",\"url\":\"https:\/\/epokaserca.pl\/aktualnosci\/\",\"name\":\"Aktualno\u015bci\",\"description\":\"\",\"potentialAction\":[{\"@type\":\"SearchAction\",\"target\":{\"@type\":\"EntryPoint\",\"urlTemplate\":\"https:\/\/epokaserca.pl\/aktualnosci\/?s={search_term_string}\"},\"query-input\":{\"@type\":\"PropertyValueSpecification\",\"valueRequired\":true,\"valueName\":\"search_term_string\"}}],\"inLanguage\":\"pl-PL\"},{\"@type\":\"Person\",\"@id\":\"https:\/\/epokaserca.pl\/aktualnosci\/#\/schema\/person\/f87215bc4f757d15c7321145cbabc434\",\"name\":\"admin\",\"image\":{\"@type\":\"ImageObject\",\"inLanguage\":\"pl-PL\",\"@id\":\"https:\/\/epokaserca.pl\/aktualnosci\/#\/schema\/person\/image\/\",\"url\":\"https:\/\/secure.gravatar.com\/avatar\/8e51b30565ad99a9f8b25bd638d21cd1?s=96&d=mm&r=g\",\"contentUrl\":\"https:\/\/secure.gravatar.com\/avatar\/8e51b30565ad99a9f8b25bd638d21cd1?s=96&d=mm&r=g\",\"caption\":\"admin\"},\"url\":\"https:\/\/epokaserca.pl\/aktualnosci\/author\/admin\/\"}]}<\/script>\n<!-- \/ Yoast SEO plugin. -->","yoast_head_json":{"title":"28 marca 2019 - Aktualno\u015bci","robots":{"index":"index","follow":"follow","max-snippet":"max-snippet:-1","max-image-preview":"max-image-preview:large","max-video-preview":"max-video-preview:-1"},"canonical":"https:\/\/epokaserca.pl\/aktualnosci\/28-marca-2019\/","og_locale":"pl_PL","og_type":"article","og_title":"28 marca 2019 - Aktualno\u015bci","og_description":"Kochani &#8211; &#8211; nowy artyku\u0142&nbsp; http:\/\/www.epokaserca.pl\/joomla\/artykuly\/1148-gdyby-kobieta-i-mezczyzna-wiedzieli &#8211; zapraszam r\u00f3wnie\u017c na nast\u0119pne spotkania na skypie w ramach&nbsp; http:\/\/www.epokaserca.pl\/instytut\/kip\/program-kip W KWIETNIU 4.Droga \u017cycia duszy na dane wcielenie&#8230;&#8230;.Termin 28 kwietnia 2019&nbsp;a\/wszystko zosta\u0142o wcze\u015bniej ustaloneb\/\u015bwiat stworzonyc\/data urodzenia, programy, kt\u00f3re wzi\u0119\u0142a dusza do wzniesienia&nbsp;d\/historia rodue\/wci\u0105\u017c spotykam siebie, partnerstwaf\/co mnie hamuje, co mnie zniewalag\/zamkni\u0119cie karmy &nbsp; &nbsp; &nbsp; W MAJU 5. [&hellip;]","og_url":"https:\/\/epokaserca.pl\/aktualnosci\/28-marca-2019\/","og_site_name":"Aktualno\u015bci","article_published_time":"2019-03-28T17:32:54+00:00","author":"admin","twitter_card":"summary_large_image","twitter_misc":{"Napisane przez":"admin","Szacowany czas czytania":"1 minuta"},"schema":{"@context":"https:\/\/schema.org","@graph":[{"@type":"Article","@id":"https:\/\/epokaserca.pl\/aktualnosci\/28-marca-2019\/#article","isPartOf":{"@id":"https:\/\/epokaserca.pl\/aktualnosci\/28-marca-2019\/"},"author":{"name":"admin","@id":"https:\/\/epokaserca.pl\/aktualnosci\/#\/schema\/person\/f87215bc4f757d15c7321145cbabc434"},"headline":"28 marca 2019","datePublished":"2019-03-28T17:32:54+00:00","mainEntityOfPage":{"@id":"https:\/\/epokaserca.pl\/aktualnosci\/28-marca-2019\/"},"wordCount":111,"commentCount":0,"articleSection":["Aktualno\u015bci"],"inLanguage":"pl-PL","potentialAction":[{"@type":"CommentAction","name":"Comment","target":["https:\/\/epokaserca.pl\/aktualnosci\/28-marca-2019\/#respond"]}]},{"@type":"WebPage","@id":"https:\/\/epokaserca.pl\/aktualnosci\/28-marca-2019\/","url":"https:\/\/epokaserca.pl\/aktualnosci\/28-marca-2019\/","name":"28 marca 2019 - Aktualno\u015bci","isPartOf":{"@id":"https:\/\/epokaserca.pl\/aktualnosci\/#website"},"datePublished":"2019-03-28T17:32:54+00:00","author":{"@id":"https:\/\/epokaserca.pl\/aktualnosci\/#\/schema\/person\/f87215bc4f757d15c7321145cbabc434"},"breadcrumb":{"@id":"https:\/\/epokaserca.pl\/aktualnosci\/28-marca-2019\/#breadcrumb"},"inLanguage":"pl-PL","potentialAction":[{"@type":"ReadAction","target":["https:\/\/epokaserca.pl\/aktualnosci\/28-marca-2019\/"]}]},{"@type":"BreadcrumbList","@id":"https:\/\/epokaserca.pl\/aktualnosci\/28-marca-2019\/#breadcrumb","itemListElement":[{"@type":"ListItem","position":1,"name":"Home","item":"https:\/\/epokaserca.pl\/aktualnosci\/"},{"@type":"ListItem","position":2,"name":"28 marca 2019"}]},{"@type":"WebSite","@id":"https:\/\/epokaserca.pl\/aktualnosci\/#website","url":"https:\/\/epokaserca.pl\/aktualnosci\/","name":"Aktualno\u015bci","description":"","potentialAction":[{"@type":"SearchAction","target":{"@type":"EntryPoint","urlTemplate":"https:\/\/epokaserca.pl\/aktualnosci\/?s={search_term_string}"},"query-input":{"@type":"PropertyValueSpecification","valueRequired":true,"valueName":"search_term_string"}}],"inLanguage":"pl-PL"},{"@type":"Person","@id":"https:\/\/epokaserca.pl\/aktualnosci\/#\/schema\/person\/f87215bc4f757d15c7321145cbabc434","name":"admin","image":{"@type":"ImageObject","inLanguage":"pl-PL","@id":"https:\/\/epokaserca.pl\/aktualnosci\/#\/schema\/person\/image\/","url":"https:\/\/secure.gravatar.com\/avatar\/8e51b30565ad99a9f8b25bd638d21cd1?s=96&d=mm&r=g","contentUrl":"https:\/\/secure.gravatar.com\/avatar\/8e51b30565ad99a9f8b25bd638d21cd1?s=96&d=mm&r=g","caption":"admin"},"url":"https:\/\/epokaserca.pl\/aktualnosci\/author\/admin\/"}]}},"_links":{"self":[{"href":"https:\/\/epokaserca.pl\/aktualnosci\/wp-json\/wp\/v2\/posts\/1458","targetHints":{"allow":["GET"]}}],"collection":[{"href":"https:\/\/epokaserca.pl\/aktualnosci\/wp-json\/wp\/v2\/posts"}],"about":[{"href":"https:\/\/epokaserca.pl\/aktualnosci\/wp-json\/wp\/v2\/types\/post"}],"author":[{"embeddable":true,"href":"https:\/\/epokaserca.pl\/aktualnosci\/wp-json\/wp\/v2\/users\/1"}],"replies":[{"embeddable":true,"href":"https:\/\/epokaserca.pl\/aktualnosci\/wp-json\/wp\/v2\/comments?post=1458"}],"version-history":[{"count":0,"href":"https:\/\/epokaserca.pl\/aktualnosci\/wp-json\/wp\/v2\/posts\/1458\/revisions"}],"wp:attachment":[{"href":"https:\/\/epokaserca.pl\/aktualnosci\/wp-json\/wp\/v2\/media?parent=1458"}],"wp:term":[{"taxonomy":"category","embeddable":true,"href":"https:\/\/epokaserca.pl\/aktualnosci\/wp-json\/wp\/v2\/categories?post=1458"},{"taxonomy":"post_tag","embeddable":true,"href":"https:\/\/epokaserca.pl\/aktualnosci\/wp-json\/wp\/v2\/tags?post=1458"}],"curies":[{"name":"wp","href":"https:\/\/api.w.org\/{rel}","templated":true}]}}