{"id":209,"date":"2011-11-11T01:09:32","date_gmt":"2011-11-11T01:09:32","guid":{"rendered":"https:\/\/epokaserca.pl\/aktualnosci\/index.php\/2011\/11\/11\/sesja-regresu\/"},"modified":"2011-11-11T01:09:32","modified_gmt":"2011-11-11T01:09:32","slug":"sesja-regresu","status":"publish","type":"post","link":"https:\/\/epokaserca.pl\/aktualnosci\/sesja-regresu\/","title":{"rendered":"SESJA REGRESU"},"content":{"rendered":"\n<p><em><strong><br \/><\/strong><\/em><\/p>\n<p style=\"text-align: justify;\">Spotkanie trwa oko\u0142o p\u00f3\u0142torej godziny, &nbsp;jego d\u0142ugo\u015b\u0107 zale\u017cna jest od ilo\u015bci spraw \/ wciele\u0144\/, kt\u00f3re nale\u017cy oczy\u015bci\u0107.<\/p>\n<p style=\"text-align: justify;\">Odbywa si\u0119 ono pod opiek\u0105 Istot \u015awiat\u0142a, Duchowych Przewodnik\u00f3w, Anio\u0142\u00f3w.<\/p>\n<p style=\"text-align: justify;\">Prosimy ich, oraz Boga o pomoc i prowadzenie sesji.<\/p>\n<p style=\"text-align: justify;\">Regres poprzedza kr\u00f3tka rozmowa, podczas kt\u00f3rej nawi\u0105zuj\u0119 bli\u017cszy kontakt z osob\u0105 zwracaj\u0105ca si\u0119 po pomoc.<\/p>\n<p style=\"text-align: justify;\">Mo\u017cesz porozmawia\u0107 ze mn\u0105 o swoich problemach, troskach, zada\u0107 pytania. W kilku zdaniach wyja\u015bniam, na czym polega regres i co b\u0119dzie si\u0119 dzia\u0142o.<\/p>\n<p style=\"text-align: justify;\">Po moim s\u0142ownym prowadzeniu, wchodzisz w stan relaksu, nast\u0119pnie zagl\u0105damy do wciele\u0144, kt\u00f3re wymagaj\u0105 oczyszczenia. Ka\u017cde wcielenie ko\u0144czy si\u0119 wybaczeniem i rytua\u0142em, kt\u00f3ry pomaga uwolni\u0107 si\u0119 od balastu przesz\u0142ych inkarnacji.<\/p>\n<p style=\"text-align: justify;\">Czasami odnajdujemy podczas sesji Przewodnika lub Anio\u0142a Opieku\u0144czego, kt\u00f3ry prowadzi ?pacjenta? przez wcielenia. Mo\u017cemy r\u00f3wnie\u017c zobaczy\u0107, co dzieje si\u0119 mi\u0119dzy wcieleniami \/ okres mi\u0119dzy \u015bmierci\u0105 i ponownymi narodzinami\/.<\/p>\n<p style=\"text-align: justify;\">&nbsp;Niekt\u00f3rzy chc\u0105 spotka\u0107 si\u0119 z osobami z obecnego \u017cycia, kt\u00f3re odesz\u0142y ju\u017c na drug\u0105 stron\u0119 \u017cy i jest to mo\u017cliwe, cz\u0119sto nawet wskazane, aby nast\u0105pi\u0142o wybaczenie.<\/p>\n<p style=\"text-align: justify;\">Mo\u017cna spotka\u0107 si\u0119 z ukochan\u0105 osob\u0105, kt\u00f3ra odesz\u0142a r\u00f3wnie\u017c po to, aby po prostu porozmawia\u0107, powiedzie\u0107 o swojej mi\u0142o\u015bci do niej, t\u0119sknocie, poprosi\u0107 o opiek\u0119, pokaza\u0107 babci, czy dziadkowi, wnucz\u0119ta.<\/p>\n<p style=\"text-align: justify;\">Podczas jeden z sesji, kobieta spotka\u0142a si\u0119 ze swoim zmar\u0142ym tat\u0105, kt\u00f3ry nie zd\u0105\u017cy\u0142 zobaczy\u0107 swej wnuczki. By\u0142o to bardzo wzruszaj\u0105ce spotkanie. Odbywa\u0142o si\u0119 w obecno\u015bci przepi\u0119knego Anio\u0142a. By\u0142o wiele \u0142ez, s\u0142owa mi\u0142o\u015bci, rozmowa, podczas kt\u00f3rej ojciec przekaza\u0142 wskaz\u00f3wki dotycz\u0105ce przysz\u0142o\u015bci, prosi\u0142 o przekazanie kilku zda\u0144 swoim \u017cyj\u0105cym bliskim, opowiedzia\u0142 o swojej mi\u0142o\u015bci i ci\u0105g\u0142ej opiece.<\/p>\n<p style=\"text-align: justify;\"><i>Od \u015bmierci ojca min\u0119\u0142o kilka lat, kobieta marzy\u0142a, aby spotka\u0107 si\u0119 z nim, cho\u0107 przez chwil\u0119 porozmawia\u0107. To spotkanie podczas sesji regresu by\u0142o dla niej ogromnym zaskoczeniem, nie po to tu przysz\u0142a, ale jednocze\u015bnie ogromn\u0105 rado\u015bci\u0105. Zrealizowa\u0142o si\u0119 to, o czym od lat marzy\u0142a.<\/i><\/p>\n<p style=\"text-align: justify;\"><i>&nbsp;<\/i><i>\u015amier\u0107 by\u0142a dla niej niewyobra\u017calna. Nie chcia\u0142a nawet o niej my\u015ble\u0107. Ba\u0142a si\u0119 jej. Podczas sesji, w jednym z wciele\u0144 umiera. Jest przy niej Anio\u0142, pi\u0119kny, pot\u0119\u017cny, mi\u0142uj\u0105cy. Kiedy kobieta umiera, ON bierze j\u0105 na swoje r\u0119ce, otula skrzyd\u0142ami i wznosz\u0105 si\u0119 razem w g\u00f3r\u0119. P\u0142yn\u0105 w wy\u017csze sfery, gdzie jest ogrom mi\u0142o\u015bci, \u015bwiat\u0142o, poczucie bezpiecze\u0144stwa.<\/i><\/p>\n<p style=\"text-align: justify;\"><i>Zatrzymuj\u0105 si\u0119 na chmurce i rozmawiaj\u0105.&nbsp; <\/i><\/p>\n<p style=\"text-align: justify;\"><i>Kobieta otrzymuje wskaz\u00f3wki, ale przede wszystkim s\u0142yszy, jak\u0105 jest cudown\u0105 istot\u0105, pi\u0119kn\u0105, dobr\u0105, m\u0105dr\u0105. Jest kr\u00f3tkie podsumowanie tamtego wcielenia i poczucie cudownej mi\u0142o\u015bci.<\/i><\/p>\n<p style=\"text-align: justify;\"><i>&nbsp;<\/i><i>Po sesji kobieta opowiada, \u017ce nie zdawa\u0142a sobie sprawy, \u017ce mo\u017cna tak realnie widzie\u0107 obrazy, odczuwa\u0107 emocje. Z rado\u015bci\u0105 na twarzy i blaskiem w oczach, m\u00f3wi\u0142a o niesamowitym odczuwaniu skrzyde\u0142 Anio\u0142a. By\u0142y takie mi\u0119kkie, jak najdelikatniejszy puch.Przesta\u0142a ba\u0107 si\u0119 \u015bmierci. M\u00f3wi\u0142a o niej z lekko\u015bci\u0105 i u\u015bmiechem na ustach.<\/i><\/p>\n<p style=\"text-align: justify;\"><i>W jej oczach po zako\u0144czeniu sesji wida\u0107 by\u0142o cud. Prawdziwy cud rado\u015bci, szcz\u0119\u015bcia, mi\u0142o\u015bci. Kiedy przysz\u0142a do mnie by\u0142a spi\u0119ta, troch\u0119 zdenerwowana, nie wiedzia\u0142a, czy potrafi co\u015b zobaczy\u0107, odczu\u0107.<\/i><\/p>\n<p style=\"text-align: justify;\"><strong>Po sesji&nbsp; powiedzia\u0142a : Gdyby to by\u0142o mo\u017cliwe, chcia\u0142abym&nbsp; wyj\u015b\u0107 teraz&nbsp; na ulic\u0119 i krzycze\u0107 jak bardzo jestem szcz\u0119\u015bliwa.<\/strong><\/p>\n<p style=\"text-align: justify;\">Najwi\u0119ksz\u0105 rado\u015bci\u0105 jest dla mnie widzie\u0107 jak po seminarium, udzielanej poradzie, czy sesji regresu, widz\u0119 w oczach moich duchowych braci, wieczny boski p\u0142omie\u0144 mi\u0142o\u015bci, ich rado\u015b\u0107, szcz\u0119\u015bcie, lekko\u015b\u0107, mi\u0142o\u015b\u0107. Oni cz\u0119sto nie zdaj\u0105 sobie sprawy z tego, \u017ce w\u0142a\u015bnie nast\u0105pi\u0142o wej\u015bcie na wy\u017cszy poziom wibracji.<\/p>\n<p style=\"text-align: justify;\">Czuj\u0105 rado\u015b\u0107 i uwolnienie, ale nie wiedz\u0105 jeszcze, jakie to b\u0119dzie mia\u0142o znaczenie dla ich \u017cycia, jak wiele uczynili.<\/p>\n","protected":false},"excerpt":{"rendered":"<p><b><br \/><\/b><\/p>\n<h3><span style=\"color: #808080;\"><em><strong>Przeprowadzam sesje regresu, metod\u0105 autorsk\u0105.<\/strong><\/em><\/span><\/h3>\n","protected":false},"author":1,"featured_media":0,"comment_status":"open","ping_status":"open","sticky":false,"template":"","format":"standard","meta":{"footnotes":""},"categories":[21],"tags":[],"class_list":{"0":"post-209","1":"post","2":"type-post","3":"status-publish","4":"format-standard","6":"category-regres","7":"czr-hentry"},"yoast_head":"<!-- This site is optimized with the Yoast SEO plugin v26.8 - https:\/\/yoast.com\/product\/yoast-seo-wordpress\/ -->\n<title>SESJA REGRESU - Aktualno\u015bci<\/title>\n<meta name=\"robots\" content=\"index, follow, max-snippet:-1, max-image-preview:large, max-video-preview:-1\" \/>\n<link rel=\"canonical\" href=\"https:\/\/epokaserca.pl\/aktualnosci\/sesja-regresu\/\" \/>\n<meta property=\"og:locale\" content=\"pl_PL\" \/>\n<meta property=\"og:type\" content=\"article\" \/>\n<meta property=\"og:title\" content=\"SESJA REGRESU - Aktualno\u015bci\" \/>\n<meta property=\"og:description\" content=\"Przeprowadzam sesje regresu, metod\u0105 autorsk\u0105.\" \/>\n<meta property=\"og:url\" content=\"https:\/\/epokaserca.pl\/aktualnosci\/sesja-regresu\/\" \/>\n<meta property=\"og:site_name\" content=\"Aktualno\u015bci\" \/>\n<meta property=\"article:published_time\" content=\"2011-11-11T01:09:32+00:00\" \/>\n<meta name=\"author\" content=\"admin\" \/>\n<meta name=\"twitter:card\" content=\"summary_large_image\" \/>\n<meta name=\"twitter:label1\" content=\"Napisane przez\" \/>\n\t<meta name=\"twitter:data1\" content=\"admin\" \/>\n\t<meta name=\"twitter:label2\" content=\"Szacowany czas czytania\" \/>\n\t<meta name=\"twitter:data2\" content=\"3 minuty\" \/>\n<script type=\"application\/ld+json\" class=\"yoast-schema-graph\">{\"@context\":\"https:\/\/schema.org\",\"@graph\":[{\"@type\":\"Article\",\"@id\":\"https:\/\/epokaserca.pl\/aktualnosci\/sesja-regresu\/#article\",\"isPartOf\":{\"@id\":\"https:\/\/epokaserca.pl\/aktualnosci\/sesja-regresu\/\"},\"author\":{\"name\":\"admin\",\"@id\":\"https:\/\/epokaserca.pl\/aktualnosci\/#\/schema\/person\/f87215bc4f757d15c7321145cbabc434\"},\"headline\":\"SESJA REGRESU\",\"datePublished\":\"2011-11-11T01:09:32+00:00\",\"mainEntityOfPage\":{\"@id\":\"https:\/\/epokaserca.pl\/aktualnosci\/sesja-regresu\/\"},\"wordCount\":694,\"commentCount\":0,\"articleSection\":[\"Regres\"],\"inLanguage\":\"pl-PL\",\"potentialAction\":[{\"@type\":\"CommentAction\",\"name\":\"Comment\",\"target\":[\"https:\/\/epokaserca.pl\/aktualnosci\/sesja-regresu\/#respond\"]}]},{\"@type\":\"WebPage\",\"@id\":\"https:\/\/epokaserca.pl\/aktualnosci\/sesja-regresu\/\",\"url\":\"https:\/\/epokaserca.pl\/aktualnosci\/sesja-regresu\/\",\"name\":\"SESJA REGRESU - Aktualno\u015bci\",\"isPartOf\":{\"@id\":\"https:\/\/epokaserca.pl\/aktualnosci\/#website\"},\"datePublished\":\"2011-11-11T01:09:32+00:00\",\"author\":{\"@id\":\"https:\/\/epokaserca.pl\/aktualnosci\/#\/schema\/person\/f87215bc4f757d15c7321145cbabc434\"},\"breadcrumb\":{\"@id\":\"https:\/\/epokaserca.pl\/aktualnosci\/sesja-regresu\/#breadcrumb\"},\"inLanguage\":\"pl-PL\",\"potentialAction\":[{\"@type\":\"ReadAction\",\"target\":[\"https:\/\/epokaserca.pl\/aktualnosci\/sesja-regresu\/\"]}]},{\"@type\":\"BreadcrumbList\",\"@id\":\"https:\/\/epokaserca.pl\/aktualnosci\/sesja-regresu\/#breadcrumb\",\"itemListElement\":[{\"@type\":\"ListItem\",\"position\":1,\"name\":\"Home\",\"item\":\"https:\/\/epokaserca.pl\/aktualnosci\/\"},{\"@type\":\"ListItem\",\"position\":2,\"name\":\"SESJA REGRESU\"}]},{\"@type\":\"WebSite\",\"@id\":\"https:\/\/epokaserca.pl\/aktualnosci\/#website\",\"url\":\"https:\/\/epokaserca.pl\/aktualnosci\/\",\"name\":\"Aktualno\u015bci\",\"description\":\"\",\"potentialAction\":[{\"@type\":\"SearchAction\",\"target\":{\"@type\":\"EntryPoint\",\"urlTemplate\":\"https:\/\/epokaserca.pl\/aktualnosci\/?s={search_term_string}\"},\"query-input\":{\"@type\":\"PropertyValueSpecification\",\"valueRequired\":true,\"valueName\":\"search_term_string\"}}],\"inLanguage\":\"pl-PL\"},{\"@type\":\"Person\",\"@id\":\"https:\/\/epokaserca.pl\/aktualnosci\/#\/schema\/person\/f87215bc4f757d15c7321145cbabc434\",\"name\":\"admin\",\"image\":{\"@type\":\"ImageObject\",\"inLanguage\":\"pl-PL\",\"@id\":\"https:\/\/epokaserca.pl\/aktualnosci\/#\/schema\/person\/image\/\",\"url\":\"https:\/\/secure.gravatar.com\/avatar\/8e51b30565ad99a9f8b25bd638d21cd1?s=96&d=mm&r=g\",\"contentUrl\":\"https:\/\/secure.gravatar.com\/avatar\/8e51b30565ad99a9f8b25bd638d21cd1?s=96&d=mm&r=g\",\"caption\":\"admin\"},\"url\":\"https:\/\/epokaserca.pl\/aktualnosci\/author\/admin\/\"}]}<\/script>\n<!-- \/ Yoast SEO plugin. -->","yoast_head_json":{"title":"SESJA REGRESU - Aktualno\u015bci","robots":{"index":"index","follow":"follow","max-snippet":"max-snippet:-1","max-image-preview":"max-image-preview:large","max-video-preview":"max-video-preview:-1"},"canonical":"https:\/\/epokaserca.pl\/aktualnosci\/sesja-regresu\/","og_locale":"pl_PL","og_type":"article","og_title":"SESJA REGRESU - Aktualno\u015bci","og_description":"Przeprowadzam sesje regresu, metod\u0105 autorsk\u0105.","og_url":"https:\/\/epokaserca.pl\/aktualnosci\/sesja-regresu\/","og_site_name":"Aktualno\u015bci","article_published_time":"2011-11-11T01:09:32+00:00","author":"admin","twitter_card":"summary_large_image","twitter_misc":{"Napisane przez":"admin","Szacowany czas czytania":"3 minuty"},"schema":{"@context":"https:\/\/schema.org","@graph":[{"@type":"Article","@id":"https:\/\/epokaserca.pl\/aktualnosci\/sesja-regresu\/#article","isPartOf":{"@id":"https:\/\/epokaserca.pl\/aktualnosci\/sesja-regresu\/"},"author":{"name":"admin","@id":"https:\/\/epokaserca.pl\/aktualnosci\/#\/schema\/person\/f87215bc4f757d15c7321145cbabc434"},"headline":"SESJA REGRESU","datePublished":"2011-11-11T01:09:32+00:00","mainEntityOfPage":{"@id":"https:\/\/epokaserca.pl\/aktualnosci\/sesja-regresu\/"},"wordCount":694,"commentCount":0,"articleSection":["Regres"],"inLanguage":"pl-PL","potentialAction":[{"@type":"CommentAction","name":"Comment","target":["https:\/\/epokaserca.pl\/aktualnosci\/sesja-regresu\/#respond"]}]},{"@type":"WebPage","@id":"https:\/\/epokaserca.pl\/aktualnosci\/sesja-regresu\/","url":"https:\/\/epokaserca.pl\/aktualnosci\/sesja-regresu\/","name":"SESJA REGRESU - Aktualno\u015bci","isPartOf":{"@id":"https:\/\/epokaserca.pl\/aktualnosci\/#website"},"datePublished":"2011-11-11T01:09:32+00:00","author":{"@id":"https:\/\/epokaserca.pl\/aktualnosci\/#\/schema\/person\/f87215bc4f757d15c7321145cbabc434"},"breadcrumb":{"@id":"https:\/\/epokaserca.pl\/aktualnosci\/sesja-regresu\/#breadcrumb"},"inLanguage":"pl-PL","potentialAction":[{"@type":"ReadAction","target":["https:\/\/epokaserca.pl\/aktualnosci\/sesja-regresu\/"]}]},{"@type":"BreadcrumbList","@id":"https:\/\/epokaserca.pl\/aktualnosci\/sesja-regresu\/#breadcrumb","itemListElement":[{"@type":"ListItem","position":1,"name":"Home","item":"https:\/\/epokaserca.pl\/aktualnosci\/"},{"@type":"ListItem","position":2,"name":"SESJA REGRESU"}]},{"@type":"WebSite","@id":"https:\/\/epokaserca.pl\/aktualnosci\/#website","url":"https:\/\/epokaserca.pl\/aktualnosci\/","name":"Aktualno\u015bci","description":"","potentialAction":[{"@type":"SearchAction","target":{"@type":"EntryPoint","urlTemplate":"https:\/\/epokaserca.pl\/aktualnosci\/?s={search_term_string}"},"query-input":{"@type":"PropertyValueSpecification","valueRequired":true,"valueName":"search_term_string"}}],"inLanguage":"pl-PL"},{"@type":"Person","@id":"https:\/\/epokaserca.pl\/aktualnosci\/#\/schema\/person\/f87215bc4f757d15c7321145cbabc434","name":"admin","image":{"@type":"ImageObject","inLanguage":"pl-PL","@id":"https:\/\/epokaserca.pl\/aktualnosci\/#\/schema\/person\/image\/","url":"https:\/\/secure.gravatar.com\/avatar\/8e51b30565ad99a9f8b25bd638d21cd1?s=96&d=mm&r=g","contentUrl":"https:\/\/secure.gravatar.com\/avatar\/8e51b30565ad99a9f8b25bd638d21cd1?s=96&d=mm&r=g","caption":"admin"},"url":"https:\/\/epokaserca.pl\/aktualnosci\/author\/admin\/"}]}},"_links":{"self":[{"href":"https:\/\/epokaserca.pl\/aktualnosci\/wp-json\/wp\/v2\/posts\/209","targetHints":{"allow":["GET"]}}],"collection":[{"href":"https:\/\/epokaserca.pl\/aktualnosci\/wp-json\/wp\/v2\/posts"}],"about":[{"href":"https:\/\/epokaserca.pl\/aktualnosci\/wp-json\/wp\/v2\/types\/post"}],"author":[{"embeddable":true,"href":"https:\/\/epokaserca.pl\/aktualnosci\/wp-json\/wp\/v2\/users\/1"}],"replies":[{"embeddable":true,"href":"https:\/\/epokaserca.pl\/aktualnosci\/wp-json\/wp\/v2\/comments?post=209"}],"version-history":[{"count":0,"href":"https:\/\/epokaserca.pl\/aktualnosci\/wp-json\/wp\/v2\/posts\/209\/revisions"}],"wp:attachment":[{"href":"https:\/\/epokaserca.pl\/aktualnosci\/wp-json\/wp\/v2\/media?parent=209"}],"wp:term":[{"taxonomy":"category","embeddable":true,"href":"https:\/\/epokaserca.pl\/aktualnosci\/wp-json\/wp\/v2\/categories?post=209"},{"taxonomy":"post_tag","embeddable":true,"href":"https:\/\/epokaserca.pl\/aktualnosci\/wp-json\/wp\/v2\/tags?post=209"}],"curies":[{"name":"wp","href":"https:\/\/api.w.org\/{rel}","templated":true}]}}