{"id":30,"date":"2011-06-23T00:06:45","date_gmt":"2011-06-23T00:06:45","guid":{"rendered":"https:\/\/epokaserca.pl\/aktualnosci\/index.php\/2011\/06\/23\/czakram-trzeciego-oka\/"},"modified":"2011-06-23T00:06:45","modified_gmt":"2011-06-23T00:06:45","slug":"czakram-trzeciego-oka","status":"publish","type":"post","link":"https:\/\/epokaserca.pl\/aktualnosci\/czakram-trzeciego-oka\/","title":{"rendered":"CZAKRA TRZECIEGO OKA"},"content":{"rendered":"\n<p>Jest ona odpowiednikiem psychicznej w\u0142a\u015bciwo\u015bci widzenia w odr\u00f3\u017cnieniu od m\u0105dro\u015bci. Czakra ta jest siedliskiem jasnowidzenia. \u0141\u0105czy ona wy\u017csze cia\u0142o emocjonalne z prze\u017cywaniem przez niego boskiej mi\u0142o\u015bci, obejmuj\u0105c ca\u0142e \u017cycie jakie istnieje, wiedz\u0105c i\u017c wszystkie formy \u017cycia s\u0105 ukochanymi przez Boga objawieniami. Kiedy jest w pe\u0142ni zaktywowana, posiadamy zdolno\u015b\u0107 jasnowidzenia oczami duchowymi a nie tylko fizycznymi.<\/p>\n<p>Uto\u017csamia si\u0119 ja r\u00f3wnie\u017c z prawd\u0105, u\u015bwi\u0119ceniem, po\u015bwi\u0119ceniem, koncentracj\u0105 i widzeniem wewn\u0119trznym. Jest to p\u0142aszczyzna na jakiej ukazuje si\u0119 boskie \u015bwiat\u0142o widziane tylko oczyma naszej duszy.<\/p>\n<p>Stwarza nam ona mo\u017cliwo\u015b\u0107 zrozumienia koncept\u00f3w mentalnych . Mo\u017cno\u015b\u0107 przenoszenia my\u015bli i poj\u0119\u0107 oraz stwarzania rzeczywisto\u015bci dochodzi do g\u0142osu poprzez centrum ? wykonawcze? znajduj\u0105ce si\u0119 z ty\u0142u g\u0142owy. Zdolno\u015b\u0107 do kreowania poj\u0119\u0107 za pomoc\u0105 wzroku znajduje si\u0119 w przedniej cz\u0119\u015bci, natomiast umiej\u0119tno\u015b\u0107 urzeczywistniania tych pomys\u0142\u00f3w ma swoje miejsce z ty\u0142u.<\/p>\n<p>Kolor tej czakry to indygo, a odpowiadaj\u0105cy jej d\u017awi\u0119k to ?A?. Czakra ta jest \u017ar\u00f3d\u0142em sz\u00f3stego kr\u0119gu aury, zwanej te\u017c cia\u0142em niebieskim. Jest to nasze wy\u017csze cia\u0142o emocjonalne lub emocjonalny poziom planu duchowego, kt\u00f3ry emanuje od 2 do 2, 74 st\u00f3p wok\u00f3\u0142 cia\u0142a fizycznego. Jest to poziom, dzi\u0119ki kt\u00f3remu mo\u017cemy odczuwa\u0107 ekstaz\u0119 duchow\u0105, punkt w kt\u00f3rym jeste\u015bmy po\u0142\u0105czeni z Wszystkim co istnieje . Bezwarunkowa mi\u0142o\u015b\u0107 przep\u0142ywa wtedy, gdy niebia\u0144ska czakra i czakra serca wymieniaj\u0105 w spos\u00f3b otwarty swoje energie, co w rezultacie prowadzi do powstania migocz\u0105cego cia\u0142a \u015bwietlnego o nieprzezroczystym, srebrnym po\u0142ysku. Sk\u0142ada si\u0119 ono ze \u015bwiat\u0142a promieniuj\u0105cego na zewn\u0105trz.<\/p>\n<p class=\"MsoNormal\">&nbsp;<\/p>\n<p>&nbsp;<\/p>\n","protected":false},"excerpt":{"rendered":"<p>&nbsp;<\/p>\n<p class=\"MsoNormal\">&nbsp;<\/p>\n<p>Nazywana jest ajna, lub trzecie oko. Jest to narz\u0105d wzroku na poziomie mentalnym lub eterycznym. Cz\u0119stotliwo\u015b\u0107 jej wibracji mo\u017ce zosta\u0107 podwy\u017cszona do takiego punktu, w kt\u00f3rym widoczne s\u0105 aury i kszta\u0142ty eteryczne.<\/p>\n<p><\/p>\n","protected":false},"author":1,"featured_media":0,"comment_status":"open","ping_status":"open","sticky":false,"template":"","format":"standard","meta":{"footnotes":""},"categories":[15],"tags":[],"class_list":{"0":"post-30","1":"post","2":"type-post","3":"status-publish","4":"format-standard","6":"category-czakramy","7":"czr-hentry"},"yoast_head":"<!-- This site is optimized with the Yoast SEO plugin v26.8 - https:\/\/yoast.com\/product\/yoast-seo-wordpress\/ -->\n<title>CZAKRA TRZECIEGO OKA - Aktualno\u015bci<\/title>\n<meta name=\"robots\" content=\"index, follow, max-snippet:-1, max-image-preview:large, max-video-preview:-1\" \/>\n<link rel=\"canonical\" href=\"https:\/\/epokaserca.pl\/aktualnosci\/czakram-trzeciego-oka\/\" \/>\n<meta property=\"og:locale\" content=\"pl_PL\" \/>\n<meta property=\"og:type\" content=\"article\" \/>\n<meta property=\"og:title\" content=\"CZAKRA TRZECIEGO OKA - Aktualno\u015bci\" \/>\n<meta property=\"og:description\" content=\"&nbsp; &nbsp; Nazywana jest ajna, lub trzecie oko. Jest to narz\u0105d wzroku na poziomie mentalnym lub eterycznym. Cz\u0119stotliwo\u015b\u0107 jej wibracji mo\u017ce zosta\u0107 podwy\u017cszona do takiego punktu, w kt\u00f3rym widoczne s\u0105 aury i kszta\u0142ty eteryczne.\" \/>\n<meta property=\"og:url\" content=\"https:\/\/epokaserca.pl\/aktualnosci\/czakram-trzeciego-oka\/\" \/>\n<meta property=\"og:site_name\" content=\"Aktualno\u015bci\" \/>\n<meta property=\"article:published_time\" content=\"2011-06-23T00:06:45+00:00\" \/>\n<meta name=\"author\" content=\"admin\" \/>\n<meta name=\"twitter:card\" content=\"summary_large_image\" \/>\n<meta name=\"twitter:label1\" content=\"Napisane przez\" \/>\n\t<meta name=\"twitter:data1\" content=\"admin\" \/>\n\t<meta name=\"twitter:label2\" content=\"Szacowany czas czytania\" \/>\n\t<meta name=\"twitter:data2\" content=\"1 minuta\" \/>\n<script type=\"application\/ld+json\" class=\"yoast-schema-graph\">{\"@context\":\"https:\/\/schema.org\",\"@graph\":[{\"@type\":\"Article\",\"@id\":\"https:\/\/epokaserca.pl\/aktualnosci\/czakram-trzeciego-oka\/#article\",\"isPartOf\":{\"@id\":\"https:\/\/epokaserca.pl\/aktualnosci\/czakram-trzeciego-oka\/\"},\"author\":{\"name\":\"admin\",\"@id\":\"https:\/\/epokaserca.pl\/aktualnosci\/#\/schema\/person\/f87215bc4f757d15c7321145cbabc434\"},\"headline\":\"CZAKRA TRZECIEGO OKA\",\"datePublished\":\"2011-06-23T00:06:45+00:00\",\"mainEntityOfPage\":{\"@id\":\"https:\/\/epokaserca.pl\/aktualnosci\/czakram-trzeciego-oka\/\"},\"wordCount\":297,\"commentCount\":0,\"articleSection\":[\"Czakramy\"],\"inLanguage\":\"pl-PL\",\"potentialAction\":[{\"@type\":\"CommentAction\",\"name\":\"Comment\",\"target\":[\"https:\/\/epokaserca.pl\/aktualnosci\/czakram-trzeciego-oka\/#respond\"]}]},{\"@type\":\"WebPage\",\"@id\":\"https:\/\/epokaserca.pl\/aktualnosci\/czakram-trzeciego-oka\/\",\"url\":\"https:\/\/epokaserca.pl\/aktualnosci\/czakram-trzeciego-oka\/\",\"name\":\"CZAKRA TRZECIEGO OKA - Aktualno\u015bci\",\"isPartOf\":{\"@id\":\"https:\/\/epokaserca.pl\/aktualnosci\/#website\"},\"datePublished\":\"2011-06-23T00:06:45+00:00\",\"author\":{\"@id\":\"https:\/\/epokaserca.pl\/aktualnosci\/#\/schema\/person\/f87215bc4f757d15c7321145cbabc434\"},\"breadcrumb\":{\"@id\":\"https:\/\/epokaserca.pl\/aktualnosci\/czakram-trzeciego-oka\/#breadcrumb\"},\"inLanguage\":\"pl-PL\",\"potentialAction\":[{\"@type\":\"ReadAction\",\"target\":[\"https:\/\/epokaserca.pl\/aktualnosci\/czakram-trzeciego-oka\/\"]}]},{\"@type\":\"BreadcrumbList\",\"@id\":\"https:\/\/epokaserca.pl\/aktualnosci\/czakram-trzeciego-oka\/#breadcrumb\",\"itemListElement\":[{\"@type\":\"ListItem\",\"position\":1,\"name\":\"Home\",\"item\":\"https:\/\/epokaserca.pl\/aktualnosci\/\"},{\"@type\":\"ListItem\",\"position\":2,\"name\":\"CZAKRA TRZECIEGO OKA\"}]},{\"@type\":\"WebSite\",\"@id\":\"https:\/\/epokaserca.pl\/aktualnosci\/#website\",\"url\":\"https:\/\/epokaserca.pl\/aktualnosci\/\",\"name\":\"Aktualno\u015bci\",\"description\":\"\",\"potentialAction\":[{\"@type\":\"SearchAction\",\"target\":{\"@type\":\"EntryPoint\",\"urlTemplate\":\"https:\/\/epokaserca.pl\/aktualnosci\/?s={search_term_string}\"},\"query-input\":{\"@type\":\"PropertyValueSpecification\",\"valueRequired\":true,\"valueName\":\"search_term_string\"}}],\"inLanguage\":\"pl-PL\"},{\"@type\":\"Person\",\"@id\":\"https:\/\/epokaserca.pl\/aktualnosci\/#\/schema\/person\/f87215bc4f757d15c7321145cbabc434\",\"name\":\"admin\",\"image\":{\"@type\":\"ImageObject\",\"inLanguage\":\"pl-PL\",\"@id\":\"https:\/\/epokaserca.pl\/aktualnosci\/#\/schema\/person\/image\/\",\"url\":\"https:\/\/secure.gravatar.com\/avatar\/8e51b30565ad99a9f8b25bd638d21cd1?s=96&d=mm&r=g\",\"contentUrl\":\"https:\/\/secure.gravatar.com\/avatar\/8e51b30565ad99a9f8b25bd638d21cd1?s=96&d=mm&r=g\",\"caption\":\"admin\"},\"url\":\"https:\/\/epokaserca.pl\/aktualnosci\/author\/admin\/\"}]}<\/script>\n<!-- \/ Yoast SEO plugin. -->","yoast_head_json":{"title":"CZAKRA TRZECIEGO OKA - Aktualno\u015bci","robots":{"index":"index","follow":"follow","max-snippet":"max-snippet:-1","max-image-preview":"max-image-preview:large","max-video-preview":"max-video-preview:-1"},"canonical":"https:\/\/epokaserca.pl\/aktualnosci\/czakram-trzeciego-oka\/","og_locale":"pl_PL","og_type":"article","og_title":"CZAKRA TRZECIEGO OKA - Aktualno\u015bci","og_description":"&nbsp; &nbsp; Nazywana jest ajna, lub trzecie oko. Jest to narz\u0105d wzroku na poziomie mentalnym lub eterycznym. Cz\u0119stotliwo\u015b\u0107 jej wibracji mo\u017ce zosta\u0107 podwy\u017cszona do takiego punktu, w kt\u00f3rym widoczne s\u0105 aury i kszta\u0142ty eteryczne.","og_url":"https:\/\/epokaserca.pl\/aktualnosci\/czakram-trzeciego-oka\/","og_site_name":"Aktualno\u015bci","article_published_time":"2011-06-23T00:06:45+00:00","author":"admin","twitter_card":"summary_large_image","twitter_misc":{"Napisane przez":"admin","Szacowany czas czytania":"1 minuta"},"schema":{"@context":"https:\/\/schema.org","@graph":[{"@type":"Article","@id":"https:\/\/epokaserca.pl\/aktualnosci\/czakram-trzeciego-oka\/#article","isPartOf":{"@id":"https:\/\/epokaserca.pl\/aktualnosci\/czakram-trzeciego-oka\/"},"author":{"name":"admin","@id":"https:\/\/epokaserca.pl\/aktualnosci\/#\/schema\/person\/f87215bc4f757d15c7321145cbabc434"},"headline":"CZAKRA TRZECIEGO OKA","datePublished":"2011-06-23T00:06:45+00:00","mainEntityOfPage":{"@id":"https:\/\/epokaserca.pl\/aktualnosci\/czakram-trzeciego-oka\/"},"wordCount":297,"commentCount":0,"articleSection":["Czakramy"],"inLanguage":"pl-PL","potentialAction":[{"@type":"CommentAction","name":"Comment","target":["https:\/\/epokaserca.pl\/aktualnosci\/czakram-trzeciego-oka\/#respond"]}]},{"@type":"WebPage","@id":"https:\/\/epokaserca.pl\/aktualnosci\/czakram-trzeciego-oka\/","url":"https:\/\/epokaserca.pl\/aktualnosci\/czakram-trzeciego-oka\/","name":"CZAKRA TRZECIEGO OKA - Aktualno\u015bci","isPartOf":{"@id":"https:\/\/epokaserca.pl\/aktualnosci\/#website"},"datePublished":"2011-06-23T00:06:45+00:00","author":{"@id":"https:\/\/epokaserca.pl\/aktualnosci\/#\/schema\/person\/f87215bc4f757d15c7321145cbabc434"},"breadcrumb":{"@id":"https:\/\/epokaserca.pl\/aktualnosci\/czakram-trzeciego-oka\/#breadcrumb"},"inLanguage":"pl-PL","potentialAction":[{"@type":"ReadAction","target":["https:\/\/epokaserca.pl\/aktualnosci\/czakram-trzeciego-oka\/"]}]},{"@type":"BreadcrumbList","@id":"https:\/\/epokaserca.pl\/aktualnosci\/czakram-trzeciego-oka\/#breadcrumb","itemListElement":[{"@type":"ListItem","position":1,"name":"Home","item":"https:\/\/epokaserca.pl\/aktualnosci\/"},{"@type":"ListItem","position":2,"name":"CZAKRA TRZECIEGO OKA"}]},{"@type":"WebSite","@id":"https:\/\/epokaserca.pl\/aktualnosci\/#website","url":"https:\/\/epokaserca.pl\/aktualnosci\/","name":"Aktualno\u015bci","description":"","potentialAction":[{"@type":"SearchAction","target":{"@type":"EntryPoint","urlTemplate":"https:\/\/epokaserca.pl\/aktualnosci\/?s={search_term_string}"},"query-input":{"@type":"PropertyValueSpecification","valueRequired":true,"valueName":"search_term_string"}}],"inLanguage":"pl-PL"},{"@type":"Person","@id":"https:\/\/epokaserca.pl\/aktualnosci\/#\/schema\/person\/f87215bc4f757d15c7321145cbabc434","name":"admin","image":{"@type":"ImageObject","inLanguage":"pl-PL","@id":"https:\/\/epokaserca.pl\/aktualnosci\/#\/schema\/person\/image\/","url":"https:\/\/secure.gravatar.com\/avatar\/8e51b30565ad99a9f8b25bd638d21cd1?s=96&d=mm&r=g","contentUrl":"https:\/\/secure.gravatar.com\/avatar\/8e51b30565ad99a9f8b25bd638d21cd1?s=96&d=mm&r=g","caption":"admin"},"url":"https:\/\/epokaserca.pl\/aktualnosci\/author\/admin\/"}]}},"_links":{"self":[{"href":"https:\/\/epokaserca.pl\/aktualnosci\/wp-json\/wp\/v2\/posts\/30","targetHints":{"allow":["GET"]}}],"collection":[{"href":"https:\/\/epokaserca.pl\/aktualnosci\/wp-json\/wp\/v2\/posts"}],"about":[{"href":"https:\/\/epokaserca.pl\/aktualnosci\/wp-json\/wp\/v2\/types\/post"}],"author":[{"embeddable":true,"href":"https:\/\/epokaserca.pl\/aktualnosci\/wp-json\/wp\/v2\/users\/1"}],"replies":[{"embeddable":true,"href":"https:\/\/epokaserca.pl\/aktualnosci\/wp-json\/wp\/v2\/comments?post=30"}],"version-history":[{"count":0,"href":"https:\/\/epokaserca.pl\/aktualnosci\/wp-json\/wp\/v2\/posts\/30\/revisions"}],"wp:attachment":[{"href":"https:\/\/epokaserca.pl\/aktualnosci\/wp-json\/wp\/v2\/media?parent=30"}],"wp:term":[{"taxonomy":"category","embeddable":true,"href":"https:\/\/epokaserca.pl\/aktualnosci\/wp-json\/wp\/v2\/categories?post=30"},{"taxonomy":"post_tag","embeddable":true,"href":"https:\/\/epokaserca.pl\/aktualnosci\/wp-json\/wp\/v2\/tags?post=30"}],"curies":[{"name":"wp","href":"https:\/\/api.w.org\/{rel}","templated":true}]}}