{"id":317,"date":"2012-02-22T22:56:42","date_gmt":"2012-02-22T22:56:42","guid":{"rendered":"https:\/\/epokaserca.pl\/aktualnosci\/index.php\/2012\/02\/22\/warsztaty-luty-2012\/"},"modified":"2012-02-22T22:56:42","modified_gmt":"2012-02-22T22:56:42","slug":"warsztaty-luty-2012","status":"publish","type":"post","link":"https:\/\/epokaserca.pl\/aktualnosci\/warsztaty-luty-2012\/","title":{"rendered":"WARSZTATY -LUTY 2012"},"content":{"rendered":"\n<p>&nbsp;<\/p>\n<p>Jakzawsze dzieje si\u0119 wiele magi, tak by\u0142o i tym razem. Aby odnale\u017a\u0107 UMI\u0141OWANEGO kt\u00f3rym jest ka\u017cdy z nas w naszej dziewiczej czysto\u015bci \u017ar\u00f3d\u0142a musimy najpierw zobaczy\u0107 co zas\u0142ania i oddziela nas od naszego blasku. Pi\u0119kna praca, nad zrozumieniem wzorc\u00f3w i zale\u017cno\u015bci karmicznych, kt\u00f3ra si\u0119 zadzia\u0142a spowodowa\u0142a uzdrowienie wielu relacji zar\u00f3wno z tymi kt\u00f3rzy s\u0105 obok nas jak i z tymi,kt\u00f3rzy odeszli.&nbsp;<\/p>\n<p>&nbsp;<\/p>\n<p>&nbsp;<\/p>\n<h2>List Dorotki<\/h2>\n<div style=\"color: #000000; font-family: 'Times New Roman'; line-height: normal; text-align: -webkit-auto; font-size: medium;\">Elen Siostrzyczko,<\/div>\n<div style=\"color: #000000; font-family: 'Times New Roman'; line-height: normal; text-align: -webkit-auto; font-size: medium;\">jeszcze raz dzi\u0119kuj\u0119 za warsztaty !<\/div>\n<div style=\"color: #000000; font-family: 'Times New Roman'; line-height: normal; text-align: -webkit-auto; font-size: medium;\">Warsztaty, no w\u0142a\u015bnie. Poszukiwania moje, moje ?<\/div>\n<div style=\"color: #000000; font-family: 'Times New Roman'; line-height: normal; text-align: -webkit-auto; font-size: medium;\">Zn\u00f3w eksperyment na \u017cywym organi\u017amie, czytaj na sobie&nbsp;! Po co ? Dlaczego ? Nie rozumiem, co mnie tak wiecznie pcha &#8230; 500 kilometr\u00f3w, zima, -20 !!! Nie chc\u0119, i bardzo chc\u0119 i musz\u0119 jeszcze !<\/div>\n<div style=\"color: #000000; font-family: 'Times New Roman'; line-height: normal; text-align: -webkit-auto; font-size: medium;\">Idiotka, wariatka, niepowa\u017cna pakuj\u0119 walizk\u0119 w\u0105tpliwo\u015bci i &#8230; w drog\u0119, jeszcze tylko podr\u0119czny baga\u017c MOJE WARTO\u015aCI &#8230; pod r\u0119k\u0105 &#8211; w g\u0142owie, a w drodze mi\u0119dzy Podstaw\u0105 a Splotem S\u0142onecznym zabieram dodatkowo pasa\u017cera na gap\u0119 &#8230; M\u00d3J L\u0118K !<\/div>\n<div style=\"color: #000000; font-family: 'Times New Roman'; line-height: normal; text-align: -webkit-auto; font-size: medium;\">Janowo, jednak TU JESTEM ?<\/div>\n<div style=\"color: #000000; font-family: 'Times New Roman'; line-height: normal; text-align: -webkit-auto; font-size: medium;\">Burza m\u00f3zg\u00f3w &#8230; tak nie mo\u017ce by\u0107, \u017cycie nie jest takie proste, \u017cycie bardzo boli, a ja &#8230; jestem &#8222;powa\u017cna&#8221;,&#8221; rozs\u0105dna&#8221;, &#8222;stateczna&#8221;, &#8222;odpowiedzialna&#8221;.<\/div>\n<div style=\"color: #000000; font-family: 'Times New Roman'; line-height: normal; text-align: -webkit-auto; font-size: medium;\">Tylko &#8230; spokojnie, sprawdzam, s\u0105 &#8230; nie zapomnia\u0142am &#8230; MOJE WARTO\u015aCI, na swoim miejscu, w mojej g\u0142owie ,jestem biezpieczna, przecie\u017c WIEM, \u017ce wiedza to tylko to co dzi\u0119ki umys\u0142owi mo\u017cna zdoby\u0107 ci\u0119\u017ck\u0105 prac\u0105.<\/div>\n<div style=\"color: #000000; font-family: 'Times New Roman'; line-height: normal; text-align: -webkit-auto; font-size: medium;\">Pracuj\u0119 wiele lat, wi\u0119c sk\u0105d ten niedosyt, te wszystkie w\u0105tpliwo\u015bci ?<\/div>\n<div style=\"color: #000000; font-family: 'Times New Roman'; line-height: normal; text-align: -webkit-auto; font-size: medium;\">Co\u015b namalowa\u0142am &#8230; p\u0119kam ze \u015bmiechu, jaki to straszny KICZ, ja estetka, pe\u0142na &#8222;warto\u015bci&#8221; zaczynam si\u0119 z siebie \u015aMIA\u0106, jaka jestem z tymi moimi warto\u015bciami \u015bmieszna, \u015bmieszna do \u0142ez !<\/div>\n<div style=\"color: #000000; font-family: 'Times New Roman'; line-height: normal; text-align: -webkit-auto; font-size: medium;\">Ja pe\u0142na obaw o swoj\u0105 \u015bmieszno\u015b\u0107, \u015bmiej\u0119 si\u0119, i ju\u017c&nbsp;nie mog\u0119 przesta\u0107 &#8230; bo zobaczy\u0142am aktork\u0119 na \u017cycia scenie &#8211; sztylet w sercu, szpikulec w ka\u017cdej kom\u00f3rce, ca\u0142o\u015b\u0107 polana sokiem pomidorowym, udaj\u0105cym moj\u0105 krew !<\/div>\n<div style=\"color: #000000; font-family: 'Times New Roman'; line-height: normal; text-align: -webkit-auto; font-size: medium;\">&nbsp;Napisa\u0142am te\u017c co\u015b, bez WARTO\u015aCI jaki wstyd, sam przyszed\u0142 do mnie ten niby-wiersz :<\/div>\n<div style=\"color: #000000; font-family: 'Times New Roman'; line-height: normal; text-align: -webkit-auto; font-size: medium;\">&nbsp;<\/div>\n<div style=\"color: #000000; font-family: 'Times New Roman'; line-height: normal; text-align: -webkit-auto; font-size: medium;\">Biegn\u0119 do s\u0142o\u0144ca<\/div>\n<div style=\"color: #000000; font-family: 'Times New Roman'; line-height: normal; text-align: -webkit-auto; font-size: medium;\">za zakr\u0119tem,<\/div>\n<div style=\"color: #000000; font-family: 'Times New Roman'; line-height: normal; text-align: -webkit-auto; font-size: medium;\">dotykam &#8230; \u015aWIAT\u0141A.<\/div>\n<div style=\"color: #000000; font-family: 'Times New Roman'; line-height: normal; text-align: -webkit-auto; font-size: medium;\">Wracam,<\/div>\n<div style=\"color: #000000; font-family: 'Times New Roman'; line-height: normal; text-align: -webkit-auto; font-size: medium;\">widz\u0119 &#8230; sw\u00f3j CIE\u0143.<\/div>\n<div style=\"color: #000000; font-family: 'Times New Roman'; line-height: normal; text-align: -webkit-auto; font-size: medium;\">Na ko\u0144cu \u015bwiata,<\/div>\n<div style=\"color: #000000; font-family: 'Times New Roman'; line-height: normal; text-align: -webkit-auto; font-size: medium;\">w domu swoim<\/div>\n<div style=\"color: #000000; font-family: 'Times New Roman'; line-height: normal; text-align: -webkit-auto; font-size: medium;\">jestem.<\/div>\n<div style=\"color: #000000; font-family: 'Times New Roman'; line-height: normal; text-align: -webkit-auto; font-size: medium;\">JEDYNA,<\/div>\n<div style=\"color: #000000; font-family: 'Times New Roman'; line-height: normal; text-align: -webkit-auto; font-size: medium;\">WYJ\u0104TKOWA,<\/div>\n<div style=\"color: #000000; font-family: 'Times New Roman'; line-height: normal; text-align: -webkit-auto; font-size: medium;\">dla kogo\u015b,<\/div>\n<div style=\"color: #000000; font-family: 'Times New Roman'; line-height: normal; text-align: -webkit-auto; font-size: medium;\">po co\u015b.<\/div>\n<div style=\"color: #000000; font-family: 'Times New Roman'; line-height: normal; text-align: -webkit-auto; font-size: medium;\">JA KR\u00d3LOWA,<\/div>\n<div style=\"color: #000000; font-family: 'Times New Roman'; line-height: normal; text-align: -webkit-auto; font-size: medium;\">JESTEM &#8230; WSZYSTKIM,<\/div>\n<div style=\"color: #000000; font-family: 'Times New Roman'; line-height: normal; text-align: -webkit-auto; font-size: medium;\">wszechbytem jestem.<\/div>\n<div style=\"color: #000000; font-family: 'Times New Roman'; line-height: normal; text-align: -webkit-auto; font-size: medium;\">&nbsp;<\/div>\n<div style=\"color: #000000; font-family: 'Times New Roman'; line-height: normal; text-align: -webkit-auto; font-size: medium;\">A po burzy &#8230; CISZA UMYS\u0141U i T\u0118CZA SERCA.<\/div>\n<div style=\"color: #000000; font-family: 'Times New Roman'; line-height: normal; text-align: -webkit-auto; font-size: medium;\">Wi\u0119c to tak, mo\u017cna wiedzie\u0107 nie tylko z umys\u0142u, pi\u0119kno i warto\u015b\u0107 jest w ka\u017cdym z nas, bo MY jeste\u015bmy doskona\u0142ym planem Boga, jeste\u015bmy WSZYSTKIM !<\/div>\n<div style=\"color: #000000; font-family: 'Times New Roman'; line-height: normal; text-align: -webkit-auto; font-size: medium;\">Wiem, b\u0119d\u0119 potyka\u0107 si\u0119 jeszcze tysi\u0105ce razy, ale ju\u017c tylko po to, \u017ceby wsta\u0107 i oczami pe\u0142nymi podziwu ogl\u0105da\u0107 (jak scen\u0119 w teatrze!) ten&nbsp;ziemski \u015bwiat !<\/div>\n<div style=\"color: #000000; font-family: 'Times New Roman'; line-height: normal; text-align: -webkit-auto; font-size: medium;\">&nbsp;<\/div>\n<div style=\"color: #000000; font-family: 'Times New Roman'; line-height: normal; text-align: -webkit-auto; font-size: medium;\">Z wyrazami mi\u0142o\u015bci,<\/div>\n<div style=\"color: #000000; font-family: 'Times New Roman'; line-height: normal; text-align: -webkit-auto; font-size: medium;\">DZI\u0118KUJ\u0118,<\/div>\n<div style=\"color: #000000; font-family: 'Times New Roman'; line-height: normal; text-align: -webkit-auto; font-size: medium;\">Dorota<\/div>\n","protected":false},"excerpt":{"rendered":"<p>Warsztaty ODNALE\u0179\u0106 UMI\u0141OWANEGO&nbsp;<\/p>\n","protected":false},"author":1,"featured_media":0,"comment_status":"open","ping_status":"open","sticky":false,"template":"","format":"standard","meta":{"footnotes":""},"categories":[4],"tags":[],"class_list":{"0":"post-317","1":"post","2":"type-post","3":"status-publish","4":"format-standard","6":"category-warsztaty-i-wczasy","7":"czr-hentry"},"yoast_head":"<!-- This site is optimized with the Yoast SEO plugin v26.8 - https:\/\/yoast.com\/product\/yoast-seo-wordpress\/ -->\n<title>WARSZTATY -LUTY 2012 - Aktualno\u015bci<\/title>\n<meta name=\"robots\" content=\"index, follow, max-snippet:-1, max-image-preview:large, max-video-preview:-1\" \/>\n<link rel=\"canonical\" href=\"https:\/\/epokaserca.pl\/aktualnosci\/warsztaty-luty-2012\/\" \/>\n<meta property=\"og:locale\" content=\"pl_PL\" \/>\n<meta property=\"og:type\" content=\"article\" \/>\n<meta property=\"og:title\" content=\"WARSZTATY -LUTY 2012 - Aktualno\u015bci\" \/>\n<meta property=\"og:description\" content=\"Warsztaty ODNALE\u0179\u0106 UMI\u0141OWANEGO&nbsp;\" \/>\n<meta property=\"og:url\" content=\"https:\/\/epokaserca.pl\/aktualnosci\/warsztaty-luty-2012\/\" \/>\n<meta property=\"og:site_name\" content=\"Aktualno\u015bci\" \/>\n<meta property=\"article:published_time\" content=\"2012-02-22T22:56:42+00:00\" \/>\n<meta name=\"author\" content=\"admin\" \/>\n<meta name=\"twitter:card\" content=\"summary_large_image\" \/>\n<meta name=\"twitter:label1\" content=\"Napisane przez\" \/>\n\t<meta name=\"twitter:data1\" content=\"admin\" \/>\n\t<meta name=\"twitter:label2\" content=\"Szacowany czas czytania\" \/>\n\t<meta name=\"twitter:data2\" content=\"2 minuty\" \/>\n<script type=\"application\/ld+json\" class=\"yoast-schema-graph\">{\"@context\":\"https:\/\/schema.org\",\"@graph\":[{\"@type\":\"Article\",\"@id\":\"https:\/\/epokaserca.pl\/aktualnosci\/warsztaty-luty-2012\/#article\",\"isPartOf\":{\"@id\":\"https:\/\/epokaserca.pl\/aktualnosci\/warsztaty-luty-2012\/\"},\"author\":{\"name\":\"admin\",\"@id\":\"https:\/\/epokaserca.pl\/aktualnosci\/#\/schema\/person\/f87215bc4f757d15c7321145cbabc434\"},\"headline\":\"WARSZTATY -LUTY 2012\",\"datePublished\":\"2012-02-22T22:56:42+00:00\",\"mainEntityOfPage\":{\"@id\":\"https:\/\/epokaserca.pl\/aktualnosci\/warsztaty-luty-2012\/\"},\"wordCount\":478,\"commentCount\":0,\"articleSection\":[\"Warsztaty i wczasy\"],\"inLanguage\":\"pl-PL\",\"potentialAction\":[{\"@type\":\"CommentAction\",\"name\":\"Comment\",\"target\":[\"https:\/\/epokaserca.pl\/aktualnosci\/warsztaty-luty-2012\/#respond\"]}]},{\"@type\":\"WebPage\",\"@id\":\"https:\/\/epokaserca.pl\/aktualnosci\/warsztaty-luty-2012\/\",\"url\":\"https:\/\/epokaserca.pl\/aktualnosci\/warsztaty-luty-2012\/\",\"name\":\"WARSZTATY -LUTY 2012 - Aktualno\u015bci\",\"isPartOf\":{\"@id\":\"https:\/\/epokaserca.pl\/aktualnosci\/#website\"},\"datePublished\":\"2012-02-22T22:56:42+00:00\",\"author\":{\"@id\":\"https:\/\/epokaserca.pl\/aktualnosci\/#\/schema\/person\/f87215bc4f757d15c7321145cbabc434\"},\"breadcrumb\":{\"@id\":\"https:\/\/epokaserca.pl\/aktualnosci\/warsztaty-luty-2012\/#breadcrumb\"},\"inLanguage\":\"pl-PL\",\"potentialAction\":[{\"@type\":\"ReadAction\",\"target\":[\"https:\/\/epokaserca.pl\/aktualnosci\/warsztaty-luty-2012\/\"]}]},{\"@type\":\"BreadcrumbList\",\"@id\":\"https:\/\/epokaserca.pl\/aktualnosci\/warsztaty-luty-2012\/#breadcrumb\",\"itemListElement\":[{\"@type\":\"ListItem\",\"position\":1,\"name\":\"Home\",\"item\":\"https:\/\/epokaserca.pl\/aktualnosci\/\"},{\"@type\":\"ListItem\",\"position\":2,\"name\":\"WARSZTATY -LUTY 2012\"}]},{\"@type\":\"WebSite\",\"@id\":\"https:\/\/epokaserca.pl\/aktualnosci\/#website\",\"url\":\"https:\/\/epokaserca.pl\/aktualnosci\/\",\"name\":\"Aktualno\u015bci\",\"description\":\"\",\"potentialAction\":[{\"@type\":\"SearchAction\",\"target\":{\"@type\":\"EntryPoint\",\"urlTemplate\":\"https:\/\/epokaserca.pl\/aktualnosci\/?s={search_term_string}\"},\"query-input\":{\"@type\":\"PropertyValueSpecification\",\"valueRequired\":true,\"valueName\":\"search_term_string\"}}],\"inLanguage\":\"pl-PL\"},{\"@type\":\"Person\",\"@id\":\"https:\/\/epokaserca.pl\/aktualnosci\/#\/schema\/person\/f87215bc4f757d15c7321145cbabc434\",\"name\":\"admin\",\"image\":{\"@type\":\"ImageObject\",\"inLanguage\":\"pl-PL\",\"@id\":\"https:\/\/epokaserca.pl\/aktualnosci\/#\/schema\/person\/image\/\",\"url\":\"https:\/\/secure.gravatar.com\/avatar\/8e51b30565ad99a9f8b25bd638d21cd1?s=96&d=mm&r=g\",\"contentUrl\":\"https:\/\/secure.gravatar.com\/avatar\/8e51b30565ad99a9f8b25bd638d21cd1?s=96&d=mm&r=g\",\"caption\":\"admin\"},\"url\":\"https:\/\/epokaserca.pl\/aktualnosci\/author\/admin\/\"}]}<\/script>\n<!-- \/ Yoast SEO plugin. -->","yoast_head_json":{"title":"WARSZTATY -LUTY 2012 - Aktualno\u015bci","robots":{"index":"index","follow":"follow","max-snippet":"max-snippet:-1","max-image-preview":"max-image-preview:large","max-video-preview":"max-video-preview:-1"},"canonical":"https:\/\/epokaserca.pl\/aktualnosci\/warsztaty-luty-2012\/","og_locale":"pl_PL","og_type":"article","og_title":"WARSZTATY -LUTY 2012 - Aktualno\u015bci","og_description":"Warsztaty ODNALE\u0179\u0106 UMI\u0141OWANEGO&nbsp;","og_url":"https:\/\/epokaserca.pl\/aktualnosci\/warsztaty-luty-2012\/","og_site_name":"Aktualno\u015bci","article_published_time":"2012-02-22T22:56:42+00:00","author":"admin","twitter_card":"summary_large_image","twitter_misc":{"Napisane przez":"admin","Szacowany czas czytania":"2 minuty"},"schema":{"@context":"https:\/\/schema.org","@graph":[{"@type":"Article","@id":"https:\/\/epokaserca.pl\/aktualnosci\/warsztaty-luty-2012\/#article","isPartOf":{"@id":"https:\/\/epokaserca.pl\/aktualnosci\/warsztaty-luty-2012\/"},"author":{"name":"admin","@id":"https:\/\/epokaserca.pl\/aktualnosci\/#\/schema\/person\/f87215bc4f757d15c7321145cbabc434"},"headline":"WARSZTATY -LUTY 2012","datePublished":"2012-02-22T22:56:42+00:00","mainEntityOfPage":{"@id":"https:\/\/epokaserca.pl\/aktualnosci\/warsztaty-luty-2012\/"},"wordCount":478,"commentCount":0,"articleSection":["Warsztaty i wczasy"],"inLanguage":"pl-PL","potentialAction":[{"@type":"CommentAction","name":"Comment","target":["https:\/\/epokaserca.pl\/aktualnosci\/warsztaty-luty-2012\/#respond"]}]},{"@type":"WebPage","@id":"https:\/\/epokaserca.pl\/aktualnosci\/warsztaty-luty-2012\/","url":"https:\/\/epokaserca.pl\/aktualnosci\/warsztaty-luty-2012\/","name":"WARSZTATY -LUTY 2012 - Aktualno\u015bci","isPartOf":{"@id":"https:\/\/epokaserca.pl\/aktualnosci\/#website"},"datePublished":"2012-02-22T22:56:42+00:00","author":{"@id":"https:\/\/epokaserca.pl\/aktualnosci\/#\/schema\/person\/f87215bc4f757d15c7321145cbabc434"},"breadcrumb":{"@id":"https:\/\/epokaserca.pl\/aktualnosci\/warsztaty-luty-2012\/#breadcrumb"},"inLanguage":"pl-PL","potentialAction":[{"@type":"ReadAction","target":["https:\/\/epokaserca.pl\/aktualnosci\/warsztaty-luty-2012\/"]}]},{"@type":"BreadcrumbList","@id":"https:\/\/epokaserca.pl\/aktualnosci\/warsztaty-luty-2012\/#breadcrumb","itemListElement":[{"@type":"ListItem","position":1,"name":"Home","item":"https:\/\/epokaserca.pl\/aktualnosci\/"},{"@type":"ListItem","position":2,"name":"WARSZTATY -LUTY 2012"}]},{"@type":"WebSite","@id":"https:\/\/epokaserca.pl\/aktualnosci\/#website","url":"https:\/\/epokaserca.pl\/aktualnosci\/","name":"Aktualno\u015bci","description":"","potentialAction":[{"@type":"SearchAction","target":{"@type":"EntryPoint","urlTemplate":"https:\/\/epokaserca.pl\/aktualnosci\/?s={search_term_string}"},"query-input":{"@type":"PropertyValueSpecification","valueRequired":true,"valueName":"search_term_string"}}],"inLanguage":"pl-PL"},{"@type":"Person","@id":"https:\/\/epokaserca.pl\/aktualnosci\/#\/schema\/person\/f87215bc4f757d15c7321145cbabc434","name":"admin","image":{"@type":"ImageObject","inLanguage":"pl-PL","@id":"https:\/\/epokaserca.pl\/aktualnosci\/#\/schema\/person\/image\/","url":"https:\/\/secure.gravatar.com\/avatar\/8e51b30565ad99a9f8b25bd638d21cd1?s=96&d=mm&r=g","contentUrl":"https:\/\/secure.gravatar.com\/avatar\/8e51b30565ad99a9f8b25bd638d21cd1?s=96&d=mm&r=g","caption":"admin"},"url":"https:\/\/epokaserca.pl\/aktualnosci\/author\/admin\/"}]}},"_links":{"self":[{"href":"https:\/\/epokaserca.pl\/aktualnosci\/wp-json\/wp\/v2\/posts\/317","targetHints":{"allow":["GET"]}}],"collection":[{"href":"https:\/\/epokaserca.pl\/aktualnosci\/wp-json\/wp\/v2\/posts"}],"about":[{"href":"https:\/\/epokaserca.pl\/aktualnosci\/wp-json\/wp\/v2\/types\/post"}],"author":[{"embeddable":true,"href":"https:\/\/epokaserca.pl\/aktualnosci\/wp-json\/wp\/v2\/users\/1"}],"replies":[{"embeddable":true,"href":"https:\/\/epokaserca.pl\/aktualnosci\/wp-json\/wp\/v2\/comments?post=317"}],"version-history":[{"count":0,"href":"https:\/\/epokaserca.pl\/aktualnosci\/wp-json\/wp\/v2\/posts\/317\/revisions"}],"wp:attachment":[{"href":"https:\/\/epokaserca.pl\/aktualnosci\/wp-json\/wp\/v2\/media?parent=317"}],"wp:term":[{"taxonomy":"category","embeddable":true,"href":"https:\/\/epokaserca.pl\/aktualnosci\/wp-json\/wp\/v2\/categories?post=317"},{"taxonomy":"post_tag","embeddable":true,"href":"https:\/\/epokaserca.pl\/aktualnosci\/wp-json\/wp\/v2\/tags?post=317"}],"curies":[{"name":"wp","href":"https:\/\/api.w.org\/{rel}","templated":true}]}}