{"id":339,"date":"2012-04-07T22:15:35","date_gmt":"2012-04-07T22:15:35","guid":{"rendered":"https:\/\/epokaserca.pl\/aktualnosci\/index.php\/2012\/04\/07\/7-kwietnia-2012\/"},"modified":"2012-04-07T22:15:35","modified_gmt":"2012-04-07T22:15:35","slug":"7-kwietnia-2012","status":"publish","type":"post","link":"https:\/\/epokaserca.pl\/aktualnosci\/7-kwietnia-2012\/","title":{"rendered":"7 KWIETNIA 2012"},"content":{"rendered":"<p style=\"text-align: center;\">&nbsp;<\/p>\n<p style=\"text-align: center;\">&nbsp;<\/p>\n<p><img loading=\"lazy\" decoding=\"async\" class=\" size-full wp-image-338\" src=\"https:\/\/el.cgnk.pl\/wp-content\/uploads\/2012\/04\/swieta.jpg\" alt=\"\" style=\"border-style: initial; margin-right: auto; margin-left: auto; display: block;\" width=\"225\" height=\"225\" \/><\/p>\n<p style=\"text-align: center;\">&nbsp;<\/p>\n<p style=\"text-align: center;\">&nbsp;<\/p>\n<p style=\"text-align: center;\">&nbsp;<\/p>\n<p style=\"text-align: center;\">Z okazji&nbsp;<span style=\"color: #99cc00;\">\u015aWI\u0104T WIELKANOCNYCH&nbsp;&nbsp;\u017cycz\u0119 WAM KOCHANI &#8211;&nbsp;<span style=\"color: #99cc00;\">NOWEGO \u017bYCIA .<\/span><\/span><\/p>\n<p style=\"text-align: center;\">KA\u017bDEGO DNIA UMIERAM ABY MOG\u0141 \u017bY\u0106 WE MNIE CHRYSTUS<\/p>\n<p style=\"text-align: center;\">\u015amier\u0107 zawsze jest pocz\u0105tkiem nowego \u017cycia- ka\u017cda \u015bmier\u0107, lecz najcenniejsza jest \u015bmier\u0107 naszej niedoskona\u0142o\u015bci bo po niej powracamy w DOSKONA\u0141O\u015a\u0106 &nbsp;z kt\u00f3rej wyszli\u015bmy i kt\u00f3r\u0105 jeste\u015bmy.<\/p>\n<p style=\"text-align: center;\">Taka \u015bmier\u0107 ko\u0144czy proces inkarnacyjny.<\/p>\n<p style=\"text-align: center;\">\u015amier\u0107 Jezusa jest dla nas propozycj\u0105, zach\u0119t\u0105, podpowiedzi\u0105 ku ZMARTWYCHWSTANIU. Zmartwychwsta\u0144my -powsta\u0144my z niemocy i s\u0142abo\u015bci aby\u015bmy mogli ju\u017c rzec&nbsp;<\/p>\n<p style=\"text-align: center;\"><span style=\"color: #ff0000;\">MOJE KR\u00d3LESTWO JEST NIE Z TEGO \u015aWIATA<\/span><\/p>\n<p style=\"text-align: center;\"><span style=\"color: #808080;\">To prawdziwe \u017cycie wieczne.<\/span><\/p>\n<p style=\"text-align: center;\"><span style=\"color: #808080;\">Pami\u0119tajmy o tym nie tylko podczas \u015bwiat, lecz w ka\u017cdej chwili.<\/span><\/p>\n<p style=\"text-align: center;\"><span style=\"color: #808080;\">A \u015awi\u0119ta to wspania\u0142y czas konfrontacji z samym sob\u0105. Czy podczas spotka\u0144 z bliskimi b\u0119dziemy odczuwa\u0107 w sobie Chrystusa, czy b\u0119dziemy Go widzie\u0107 w bliskich? To \u015bwi\u0119to niech b\u0119dzie dzi\u0119kczynne dla Chrystusa, kt\u00f3ry przyni\u00f3s\u0142 nam Dobr\u0105 Nowin\u0119 i wskaza\u0142 NASZ\u0104 \u015aWIAT\u0141O\u015a\u0106&nbsp;<\/span><\/p>\n<p style=\"text-align: center;\"><span style=\"color: #ff0000;\">JA I M\u00d3J OJCIEC JEDNYM JESTE\u015aMY<\/span><\/p>\n","protected":false},"excerpt":{"rendered":"<p>&nbsp; &nbsp; &nbsp; &nbsp; &nbsp; Z okazji&nbsp;\u015aWI\u0104T WIELKANOCNYCH&nbsp;&nbsp;\u017cycz\u0119 WAM KOCHANI &#8211;&nbsp;NOWEGO \u017bYCIA . KA\u017bDEGO DNIA UMIERAM ABY MOG\u0141 \u017bY\u0106 WE MNIE CHRYSTUS \u015amier\u0107 zawsze jest pocz\u0105tkiem nowego \u017cycia- ka\u017cda \u015bmier\u0107, lecz najcenniejsza jest \u015bmier\u0107 naszej niedoskona\u0142o\u015bci bo po niej powracamy w DOSKONA\u0141O\u015a\u0106 &nbsp;z kt\u00f3rej wyszli\u015bmy i kt\u00f3r\u0105 jeste\u015bmy. Taka \u015bmier\u0107 ko\u0144czy proces inkarnacyjny. \u015amier\u0107 Jezusa [&hellip;]<\/p>\n","protected":false},"author":1,"featured_media":338,"comment_status":"open","ping_status":"open","sticky":false,"template":"","format":"standard","meta":{"footnotes":""},"categories":[5],"tags":[],"class_list":{"0":"post-339","1":"post","2":"type-post","3":"status-publish","4":"format-standard","5":"has-post-thumbnail","7":"category-aktualnosci","8":"czr-hentry"},"yoast_head":"<!-- This site is optimized with the Yoast SEO plugin v26.8 - https:\/\/yoast.com\/product\/yoast-seo-wordpress\/ -->\n<title>7 KWIETNIA 2012 - Aktualno\u015bci<\/title>\n<meta name=\"robots\" content=\"index, follow, max-snippet:-1, max-image-preview:large, max-video-preview:-1\" \/>\n<link rel=\"canonical\" href=\"https:\/\/epokaserca.pl\/aktualnosci\/7-kwietnia-2012\/\" \/>\n<meta property=\"og:locale\" content=\"pl_PL\" \/>\n<meta property=\"og:type\" content=\"article\" \/>\n<meta property=\"og:title\" content=\"7 KWIETNIA 2012 - Aktualno\u015bci\" \/>\n<meta property=\"og:description\" content=\"&nbsp; &nbsp; &nbsp; &nbsp; &nbsp; Z okazji&nbsp;\u015aWI\u0104T WIELKANOCNYCH&nbsp;&nbsp;\u017cycz\u0119 WAM KOCHANI &#8211;&nbsp;NOWEGO \u017bYCIA . KA\u017bDEGO DNIA UMIERAM ABY MOG\u0141 \u017bY\u0106 WE MNIE CHRYSTUS \u015amier\u0107 zawsze jest pocz\u0105tkiem nowego \u017cycia- ka\u017cda \u015bmier\u0107, lecz najcenniejsza jest \u015bmier\u0107 naszej niedoskona\u0142o\u015bci bo po niej powracamy w DOSKONA\u0141O\u015a\u0106 &nbsp;z kt\u00f3rej wyszli\u015bmy i kt\u00f3r\u0105 jeste\u015bmy. Taka \u015bmier\u0107 ko\u0144czy proces inkarnacyjny. \u015amier\u0107 Jezusa [&hellip;]\" \/>\n<meta property=\"og:url\" content=\"https:\/\/epokaserca.pl\/aktualnosci\/7-kwietnia-2012\/\" \/>\n<meta property=\"og:site_name\" content=\"Aktualno\u015bci\" \/>\n<meta property=\"article:published_time\" content=\"2012-04-07T22:15:35+00:00\" \/>\n<meta property=\"og:image\" content=\"https:\/\/epokaserca.pl\/aktualnosci\/wp-content\/uploads\/2012\/04\/swieta.jpg\" \/>\n\t<meta property=\"og:image:width\" content=\"225\" \/>\n\t<meta property=\"og:image:height\" content=\"225\" \/>\n\t<meta property=\"og:image:type\" content=\"image\/jpeg\" \/>\n<meta name=\"author\" content=\"admin\" \/>\n<meta name=\"twitter:card\" content=\"summary_large_image\" \/>\n<meta name=\"twitter:label1\" content=\"Napisane przez\" \/>\n\t<meta name=\"twitter:data1\" content=\"admin\" \/>\n\t<meta name=\"twitter:label2\" content=\"Szacowany czas czytania\" \/>\n\t<meta name=\"twitter:data2\" content=\"1 minuta\" \/>\n<script type=\"application\/ld+json\" class=\"yoast-schema-graph\">{\"@context\":\"https:\/\/schema.org\",\"@graph\":[{\"@type\":\"Article\",\"@id\":\"https:\/\/epokaserca.pl\/aktualnosci\/7-kwietnia-2012\/#article\",\"isPartOf\":{\"@id\":\"https:\/\/epokaserca.pl\/aktualnosci\/7-kwietnia-2012\/\"},\"author\":{\"name\":\"admin\",\"@id\":\"https:\/\/epokaserca.pl\/aktualnosci\/#\/schema\/person\/f87215bc4f757d15c7321145cbabc434\"},\"headline\":\"7 KWIETNIA 2012\",\"datePublished\":\"2012-04-07T22:15:35+00:00\",\"mainEntityOfPage\":{\"@id\":\"https:\/\/epokaserca.pl\/aktualnosci\/7-kwietnia-2012\/\"},\"wordCount\":185,\"commentCount\":0,\"image\":{\"@id\":\"https:\/\/epokaserca.pl\/aktualnosci\/7-kwietnia-2012\/#primaryimage\"},\"thumbnailUrl\":\"https:\/\/epokaserca.pl\/aktualnosci\/wp-content\/uploads\/2012\/04\/swieta.jpg\",\"articleSection\":[\"Aktualno\u015bci\"],\"inLanguage\":\"pl-PL\",\"potentialAction\":[{\"@type\":\"CommentAction\",\"name\":\"Comment\",\"target\":[\"https:\/\/epokaserca.pl\/aktualnosci\/7-kwietnia-2012\/#respond\"]}]},{\"@type\":\"WebPage\",\"@id\":\"https:\/\/epokaserca.pl\/aktualnosci\/7-kwietnia-2012\/\",\"url\":\"https:\/\/epokaserca.pl\/aktualnosci\/7-kwietnia-2012\/\",\"name\":\"7 KWIETNIA 2012 - Aktualno\u015bci\",\"isPartOf\":{\"@id\":\"https:\/\/epokaserca.pl\/aktualnosci\/#website\"},\"primaryImageOfPage\":{\"@id\":\"https:\/\/epokaserca.pl\/aktualnosci\/7-kwietnia-2012\/#primaryimage\"},\"image\":{\"@id\":\"https:\/\/epokaserca.pl\/aktualnosci\/7-kwietnia-2012\/#primaryimage\"},\"thumbnailUrl\":\"https:\/\/epokaserca.pl\/aktualnosci\/wp-content\/uploads\/2012\/04\/swieta.jpg\",\"datePublished\":\"2012-04-07T22:15:35+00:00\",\"author\":{\"@id\":\"https:\/\/epokaserca.pl\/aktualnosci\/#\/schema\/person\/f87215bc4f757d15c7321145cbabc434\"},\"breadcrumb\":{\"@id\":\"https:\/\/epokaserca.pl\/aktualnosci\/7-kwietnia-2012\/#breadcrumb\"},\"inLanguage\":\"pl-PL\",\"potentialAction\":[{\"@type\":\"ReadAction\",\"target\":[\"https:\/\/epokaserca.pl\/aktualnosci\/7-kwietnia-2012\/\"]}]},{\"@type\":\"ImageObject\",\"inLanguage\":\"pl-PL\",\"@id\":\"https:\/\/epokaserca.pl\/aktualnosci\/7-kwietnia-2012\/#primaryimage\",\"url\":\"https:\/\/epokaserca.pl\/aktualnosci\/wp-content\/uploads\/2012\/04\/swieta.jpg\",\"contentUrl\":\"https:\/\/epokaserca.pl\/aktualnosci\/wp-content\/uploads\/2012\/04\/swieta.jpg\",\"width\":225,\"height\":225},{\"@type\":\"BreadcrumbList\",\"@id\":\"https:\/\/epokaserca.pl\/aktualnosci\/7-kwietnia-2012\/#breadcrumb\",\"itemListElement\":[{\"@type\":\"ListItem\",\"position\":1,\"name\":\"Home\",\"item\":\"https:\/\/epokaserca.pl\/aktualnosci\/\"},{\"@type\":\"ListItem\",\"position\":2,\"name\":\"7 KWIETNIA 2012\"}]},{\"@type\":\"WebSite\",\"@id\":\"https:\/\/epokaserca.pl\/aktualnosci\/#website\",\"url\":\"https:\/\/epokaserca.pl\/aktualnosci\/\",\"name\":\"Aktualno\u015bci\",\"description\":\"\",\"potentialAction\":[{\"@type\":\"SearchAction\",\"target\":{\"@type\":\"EntryPoint\",\"urlTemplate\":\"https:\/\/epokaserca.pl\/aktualnosci\/?s={search_term_string}\"},\"query-input\":{\"@type\":\"PropertyValueSpecification\",\"valueRequired\":true,\"valueName\":\"search_term_string\"}}],\"inLanguage\":\"pl-PL\"},{\"@type\":\"Person\",\"@id\":\"https:\/\/epokaserca.pl\/aktualnosci\/#\/schema\/person\/f87215bc4f757d15c7321145cbabc434\",\"name\":\"admin\",\"image\":{\"@type\":\"ImageObject\",\"inLanguage\":\"pl-PL\",\"@id\":\"https:\/\/epokaserca.pl\/aktualnosci\/#\/schema\/person\/image\/\",\"url\":\"https:\/\/secure.gravatar.com\/avatar\/8e51b30565ad99a9f8b25bd638d21cd1?s=96&d=mm&r=g\",\"contentUrl\":\"https:\/\/secure.gravatar.com\/avatar\/8e51b30565ad99a9f8b25bd638d21cd1?s=96&d=mm&r=g\",\"caption\":\"admin\"},\"url\":\"https:\/\/epokaserca.pl\/aktualnosci\/author\/admin\/\"}]}<\/script>\n<!-- \/ Yoast SEO plugin. -->","yoast_head_json":{"title":"7 KWIETNIA 2012 - Aktualno\u015bci","robots":{"index":"index","follow":"follow","max-snippet":"max-snippet:-1","max-image-preview":"max-image-preview:large","max-video-preview":"max-video-preview:-1"},"canonical":"https:\/\/epokaserca.pl\/aktualnosci\/7-kwietnia-2012\/","og_locale":"pl_PL","og_type":"article","og_title":"7 KWIETNIA 2012 - Aktualno\u015bci","og_description":"&nbsp; &nbsp; &nbsp; &nbsp; &nbsp; Z okazji&nbsp;\u015aWI\u0104T WIELKANOCNYCH&nbsp;&nbsp;\u017cycz\u0119 WAM KOCHANI &#8211;&nbsp;NOWEGO \u017bYCIA . KA\u017bDEGO DNIA UMIERAM ABY MOG\u0141 \u017bY\u0106 WE MNIE CHRYSTUS \u015amier\u0107 zawsze jest pocz\u0105tkiem nowego \u017cycia- ka\u017cda \u015bmier\u0107, lecz najcenniejsza jest \u015bmier\u0107 naszej niedoskona\u0142o\u015bci bo po niej powracamy w DOSKONA\u0141O\u015a\u0106 &nbsp;z kt\u00f3rej wyszli\u015bmy i kt\u00f3r\u0105 jeste\u015bmy. Taka \u015bmier\u0107 ko\u0144czy proces inkarnacyjny. \u015amier\u0107 Jezusa [&hellip;]","og_url":"https:\/\/epokaserca.pl\/aktualnosci\/7-kwietnia-2012\/","og_site_name":"Aktualno\u015bci","article_published_time":"2012-04-07T22:15:35+00:00","og_image":[{"width":225,"height":225,"url":"https:\/\/epokaserca.pl\/aktualnosci\/wp-content\/uploads\/2012\/04\/swieta.jpg","type":"image\/jpeg"}],"author":"admin","twitter_card":"summary_large_image","twitter_misc":{"Napisane przez":"admin","Szacowany czas czytania":"1 minuta"},"schema":{"@context":"https:\/\/schema.org","@graph":[{"@type":"Article","@id":"https:\/\/epokaserca.pl\/aktualnosci\/7-kwietnia-2012\/#article","isPartOf":{"@id":"https:\/\/epokaserca.pl\/aktualnosci\/7-kwietnia-2012\/"},"author":{"name":"admin","@id":"https:\/\/epokaserca.pl\/aktualnosci\/#\/schema\/person\/f87215bc4f757d15c7321145cbabc434"},"headline":"7 KWIETNIA 2012","datePublished":"2012-04-07T22:15:35+00:00","mainEntityOfPage":{"@id":"https:\/\/epokaserca.pl\/aktualnosci\/7-kwietnia-2012\/"},"wordCount":185,"commentCount":0,"image":{"@id":"https:\/\/epokaserca.pl\/aktualnosci\/7-kwietnia-2012\/#primaryimage"},"thumbnailUrl":"https:\/\/epokaserca.pl\/aktualnosci\/wp-content\/uploads\/2012\/04\/swieta.jpg","articleSection":["Aktualno\u015bci"],"inLanguage":"pl-PL","potentialAction":[{"@type":"CommentAction","name":"Comment","target":["https:\/\/epokaserca.pl\/aktualnosci\/7-kwietnia-2012\/#respond"]}]},{"@type":"WebPage","@id":"https:\/\/epokaserca.pl\/aktualnosci\/7-kwietnia-2012\/","url":"https:\/\/epokaserca.pl\/aktualnosci\/7-kwietnia-2012\/","name":"7 KWIETNIA 2012 - Aktualno\u015bci","isPartOf":{"@id":"https:\/\/epokaserca.pl\/aktualnosci\/#website"},"primaryImageOfPage":{"@id":"https:\/\/epokaserca.pl\/aktualnosci\/7-kwietnia-2012\/#primaryimage"},"image":{"@id":"https:\/\/epokaserca.pl\/aktualnosci\/7-kwietnia-2012\/#primaryimage"},"thumbnailUrl":"https:\/\/epokaserca.pl\/aktualnosci\/wp-content\/uploads\/2012\/04\/swieta.jpg","datePublished":"2012-04-07T22:15:35+00:00","author":{"@id":"https:\/\/epokaserca.pl\/aktualnosci\/#\/schema\/person\/f87215bc4f757d15c7321145cbabc434"},"breadcrumb":{"@id":"https:\/\/epokaserca.pl\/aktualnosci\/7-kwietnia-2012\/#breadcrumb"},"inLanguage":"pl-PL","potentialAction":[{"@type":"ReadAction","target":["https:\/\/epokaserca.pl\/aktualnosci\/7-kwietnia-2012\/"]}]},{"@type":"ImageObject","inLanguage":"pl-PL","@id":"https:\/\/epokaserca.pl\/aktualnosci\/7-kwietnia-2012\/#primaryimage","url":"https:\/\/epokaserca.pl\/aktualnosci\/wp-content\/uploads\/2012\/04\/swieta.jpg","contentUrl":"https:\/\/epokaserca.pl\/aktualnosci\/wp-content\/uploads\/2012\/04\/swieta.jpg","width":225,"height":225},{"@type":"BreadcrumbList","@id":"https:\/\/epokaserca.pl\/aktualnosci\/7-kwietnia-2012\/#breadcrumb","itemListElement":[{"@type":"ListItem","position":1,"name":"Home","item":"https:\/\/epokaserca.pl\/aktualnosci\/"},{"@type":"ListItem","position":2,"name":"7 KWIETNIA 2012"}]},{"@type":"WebSite","@id":"https:\/\/epokaserca.pl\/aktualnosci\/#website","url":"https:\/\/epokaserca.pl\/aktualnosci\/","name":"Aktualno\u015bci","description":"","potentialAction":[{"@type":"SearchAction","target":{"@type":"EntryPoint","urlTemplate":"https:\/\/epokaserca.pl\/aktualnosci\/?s={search_term_string}"},"query-input":{"@type":"PropertyValueSpecification","valueRequired":true,"valueName":"search_term_string"}}],"inLanguage":"pl-PL"},{"@type":"Person","@id":"https:\/\/epokaserca.pl\/aktualnosci\/#\/schema\/person\/f87215bc4f757d15c7321145cbabc434","name":"admin","image":{"@type":"ImageObject","inLanguage":"pl-PL","@id":"https:\/\/epokaserca.pl\/aktualnosci\/#\/schema\/person\/image\/","url":"https:\/\/secure.gravatar.com\/avatar\/8e51b30565ad99a9f8b25bd638d21cd1?s=96&d=mm&r=g","contentUrl":"https:\/\/secure.gravatar.com\/avatar\/8e51b30565ad99a9f8b25bd638d21cd1?s=96&d=mm&r=g","caption":"admin"},"url":"https:\/\/epokaserca.pl\/aktualnosci\/author\/admin\/"}]}},"_links":{"self":[{"href":"https:\/\/epokaserca.pl\/aktualnosci\/wp-json\/wp\/v2\/posts\/339","targetHints":{"allow":["GET"]}}],"collection":[{"href":"https:\/\/epokaserca.pl\/aktualnosci\/wp-json\/wp\/v2\/posts"}],"about":[{"href":"https:\/\/epokaserca.pl\/aktualnosci\/wp-json\/wp\/v2\/types\/post"}],"author":[{"embeddable":true,"href":"https:\/\/epokaserca.pl\/aktualnosci\/wp-json\/wp\/v2\/users\/1"}],"replies":[{"embeddable":true,"href":"https:\/\/epokaserca.pl\/aktualnosci\/wp-json\/wp\/v2\/comments?post=339"}],"version-history":[{"count":0,"href":"https:\/\/epokaserca.pl\/aktualnosci\/wp-json\/wp\/v2\/posts\/339\/revisions"}],"wp:featuredmedia":[{"embeddable":true,"href":"https:\/\/epokaserca.pl\/aktualnosci\/wp-json\/wp\/v2\/media\/338"}],"wp:attachment":[{"href":"https:\/\/epokaserca.pl\/aktualnosci\/wp-json\/wp\/v2\/media?parent=339"}],"wp:term":[{"taxonomy":"category","embeddable":true,"href":"https:\/\/epokaserca.pl\/aktualnosci\/wp-json\/wp\/v2\/categories?post=339"},{"taxonomy":"post_tag","embeddable":true,"href":"https:\/\/epokaserca.pl\/aktualnosci\/wp-json\/wp\/v2\/tags?post=339"}],"curies":[{"name":"wp","href":"https:\/\/api.w.org\/{rel}","templated":true}]}}