{"id":35,"date":"2011-06-23T00:19:34","date_gmt":"2011-06-23T00:19:34","guid":{"rendered":"https:\/\/epokaserca.pl\/aktualnosci\/index.php\/2011\/06\/23\/czakra-podstawy-lub-korzenia\/"},"modified":"2011-06-23T00:19:34","modified_gmt":"2011-06-23T00:19:34","slug":"czakra-podstawy-lub-korzenia","status":"publish","type":"post","link":"https:\/\/epokaserca.pl\/aktualnosci\/czakra-podstawy-lub-korzenia\/","title":{"rendered":"CZAKRA PODSTAWY LUB KORZENIA"},"content":{"rendered":"\n<p>\u00a0<\/p>\n<p>Z czakr\u0105 t\u0105 uto\u017csamiane s\u0105 tak\u017ce czysto\u015b\u0107, odnowienie, zmartwychwstanie, wniebowst\u0105pienie i nadzieja.<\/p>\n<p class=\"MsoBodyText\">Na bardziej ? doczesnym? poziomie , z czakr\u0105 ta powi\u0105zana jest ilo\u015b\u0107 energii fizycznej jak\u0105 dysponujemy i ? wola \u017cycia? w fizycznej rzeczywisto\u015bci. W niej to po raz pierwszy wyra\u017ca si\u0119 si\u0142a \u017cyciowa w \u015bwiecie fizycznym. Funkcjonuje ona ? na poziomie eterycznym- jako pompa wspomagaj\u0105ca wp\u0142yw energii w g\u00f3r\u0119 kr\u0119gos\u0142upa. Kolor tej czakry to czerwony i doskonale zestraja si\u0119<span> <\/span>ona z muzyczn\u0105 nut\u0105 C . Ten sto\u017cek energii schodzi spiralnie w d\u00f3\u0142 od centrum ko\u015bci ogonowej i pod\u0142\u0105cza nas energetycznie do naszej osobistej czakry ? gwiazdy ziemi?, umiejscowionej na g\u0142\u0119boko\u015bci ok. 6 cali pod naszymi stopami pod powierzchnia ziemi. Z czakr\u0105 t\u0105 jest powi\u0105zany nasz zmys\u0142 dotyku.<\/p>\n<p class=\"MsoBodyText\">Pierwsza czakra jest tak\u017ce po\u0142\u0105czona z pierwszym kr\u0119giem aury, jakim jest cia\u0142o eteryczne, maj\u0105ce do czynienia z automatycznym i autonomicznym funkcjonowaniem naszego cia\u0142a. Cia\u0142o eteryczne koloru niebieskiego\/ szarego, z\u0142o\u017cone jest z male\u0144kich linii energetycznych przypominaj\u0105cych sie\u0107 paj\u0119cz\u0105.<\/p>\n<p class=\"MsoBodyText\">Czakry cia\u0142a eterycznego s\u0105 r\u00f3wnie\u017c kolory niebieskiego\/ szarego: kolor niebieski przybieraj\u0105 u osoby wra\u017cliwej , a szary u cz\u0142owieka<span> <\/span>zbudowanego bardziej atletycznie. Kom\u00f3rki cia\u0142a fizycznego wyrastaj\u0105<span> <\/span>wzd\u0142u\u017c linii energetycznych matrycy eterycznej, kt\u00f3ra istnieje ju\u017c przedtem, zanim kom\u00f3rki te zaczynaj\u0105 rosn\u0105\u0107. ? Cia\u0142o? to zbudowane jest<span> <\/span>z pulsuj\u0105cych fal \u015bwietlnych i zwykle rozci\u0105ga si\u0119 na odleg\u0142o\u015b\u0107 od jednej czwartej do dw\u00f3ch cali od powierzchni cia\u0142a fizycznego.<\/p>\n<p class=\"MsoBodyText\">\u00a0<\/p>\n<p class=\"MsoBodyText\">\u00a0<\/p>\n<p class=\"MsoBodyText\">Obecnie, zarz\u0105dzaniem energi\u0105 zajmuj\u0105 si\u0119 r\u00f3\u017cni uzdrowiciele, kt\u00f3rzy instruuj\u0105 nasze cia\u0142o, by odbudowa\u0142o now\u0105 ko\u0144czyn\u0119 w miejscu utraty starej, na przyk\u0142ad podczas wypadku. Mo\u017cna to uczyni\u0107 wy\u0142\u0105cznie dzi\u0119ki istnieniu matrycy eterycznej. Matryca ta mo\u017ce by\u0107 postrzegana jako pole energetyczne, w obr\u0119bie kt\u00f3rego znajduj\u0105 si\u0119<span> <\/span>struktury czwartego \/ cia\u0142o astralne\/, pi\u0105tego i sz\u00f3stego wymiaru. Wi\u0119kszo\u015b\u0107 form karmicznych przechowywana jest w obr\u0119bie cia\u0142a eterycznego. Utrzymuje ono tak\u017ce funkcjonowanie DNA. Struktura cia\u0142a \u015bwietlnego pi\u0105tego wymiaru zwykle le\u017cy w u\u015bpieniu wewn\u0105trz matrycy eterycznej, przechowuj\u0105c kryszta\u0142y eteryczne, kt\u00f3re blokuj\u0105 dop\u0142yw niekt\u00f3rych energii, zapobiegaj\u0105c przedwczesnemu zaktywowaniu cia\u0142a \u015bwietlnego. Jego struktura nale\u017c\u0105ca<span> <\/span>do sz\u00f3stego wymiaru przechowuje szablony potrzebne do wytworzenia materii,<span> <\/span>cia\u0142 \u015bwietlnych i kod\u00f3w DNA, okre\u015blaj\u0105cych<span> <\/span>kszta\u0142t formy fizycznej.<\/p>\n<p class=\"MsoBodyText\">\u00a0<\/p>\n<p class=\"MsoNormal\"><span style=\"font-size: 20pt;\"> <\/span><\/p>\n","protected":false},"excerpt":{"rendered":"<p>\u00a0<\/p>\n<p>Jest to miejsce gdzie pojawia si\u0119 mi\u0142o\u015b\u0107 Chrystusa wzgl\u0119dem rodzaju ludzkiego, w miar\u0119 jak rasa ludzka nauczy si\u0119 kocha\u0107 bez wzgl\u0119du na egoistyczne czy romantyczne motywy, kocha\u0107 zwyczajnie dla rado\u015bci czerpanej z patrzenia na szcz\u0119\u015bcie kochanych os\u00f3b.<\/p>\n<p>\u00a0<\/p>\n","protected":false},"author":1,"featured_media":0,"comment_status":"open","ping_status":"open","sticky":false,"template":"","format":"standard","meta":{"footnotes":""},"categories":[15],"tags":[],"class_list":{"0":"post-35","1":"post","2":"type-post","3":"status-publish","4":"format-standard","6":"category-czakramy","7":"czr-hentry"},"yoast_head":"<!-- This site is optimized with the Yoast SEO plugin v26.8 - https:\/\/yoast.com\/product\/yoast-seo-wordpress\/ -->\n<title>CZAKRA PODSTAWY LUB KORZENIA - Aktualno\u015bci<\/title>\n<meta name=\"robots\" content=\"index, follow, max-snippet:-1, max-image-preview:large, max-video-preview:-1\" \/>\n<link rel=\"canonical\" href=\"https:\/\/epokaserca.pl\/aktualnosci\/czakra-podstawy-lub-korzenia\/\" \/>\n<meta property=\"og:locale\" content=\"pl_PL\" \/>\n<meta property=\"og:type\" content=\"article\" \/>\n<meta property=\"og:title\" content=\"CZAKRA PODSTAWY LUB KORZENIA - Aktualno\u015bci\" \/>\n<meta property=\"og:description\" content=\"\u00a0 Jest to miejsce gdzie pojawia si\u0119 mi\u0142o\u015b\u0107 Chrystusa wzgl\u0119dem rodzaju ludzkiego, w miar\u0119 jak rasa ludzka nauczy si\u0119 kocha\u0107 bez wzgl\u0119du na egoistyczne czy romantyczne motywy, kocha\u0107 zwyczajnie dla rado\u015bci czerpanej z patrzenia na szcz\u0119\u015bcie kochanych os\u00f3b. \u00a0\" \/>\n<meta property=\"og:url\" content=\"https:\/\/epokaserca.pl\/aktualnosci\/czakra-podstawy-lub-korzenia\/\" \/>\n<meta property=\"og:site_name\" content=\"Aktualno\u015bci\" \/>\n<meta property=\"article:published_time\" content=\"2011-06-23T00:19:34+00:00\" \/>\n<meta name=\"author\" content=\"admin\" \/>\n<meta name=\"twitter:card\" content=\"summary_large_image\" \/>\n<meta name=\"twitter:label1\" content=\"Napisane przez\" \/>\n\t<meta name=\"twitter:data1\" content=\"admin\" \/>\n\t<meta name=\"twitter:label2\" content=\"Szacowany czas czytania\" \/>\n\t<meta name=\"twitter:data2\" content=\"2 minuty\" \/>\n<script type=\"application\/ld+json\" class=\"yoast-schema-graph\">{\"@context\":\"https:\/\/schema.org\",\"@graph\":[{\"@type\":\"Article\",\"@id\":\"https:\/\/epokaserca.pl\/aktualnosci\/czakra-podstawy-lub-korzenia\/#article\",\"isPartOf\":{\"@id\":\"https:\/\/epokaserca.pl\/aktualnosci\/czakra-podstawy-lub-korzenia\/\"},\"author\":{\"name\":\"admin\",\"@id\":\"https:\/\/epokaserca.pl\/aktualnosci\/#\/schema\/person\/f87215bc4f757d15c7321145cbabc434\"},\"headline\":\"CZAKRA PODSTAWY LUB KORZENIA\",\"datePublished\":\"2011-06-23T00:19:34+00:00\",\"mainEntityOfPage\":{\"@id\":\"https:\/\/epokaserca.pl\/aktualnosci\/czakra-podstawy-lub-korzenia\/\"},\"wordCount\":411,\"commentCount\":0,\"articleSection\":[\"Czakramy\"],\"inLanguage\":\"pl-PL\",\"potentialAction\":[{\"@type\":\"CommentAction\",\"name\":\"Comment\",\"target\":[\"https:\/\/epokaserca.pl\/aktualnosci\/czakra-podstawy-lub-korzenia\/#respond\"]}]},{\"@type\":\"WebPage\",\"@id\":\"https:\/\/epokaserca.pl\/aktualnosci\/czakra-podstawy-lub-korzenia\/\",\"url\":\"https:\/\/epokaserca.pl\/aktualnosci\/czakra-podstawy-lub-korzenia\/\",\"name\":\"CZAKRA PODSTAWY LUB KORZENIA - Aktualno\u015bci\",\"isPartOf\":{\"@id\":\"https:\/\/epokaserca.pl\/aktualnosci\/#website\"},\"datePublished\":\"2011-06-23T00:19:34+00:00\",\"author\":{\"@id\":\"https:\/\/epokaserca.pl\/aktualnosci\/#\/schema\/person\/f87215bc4f757d15c7321145cbabc434\"},\"breadcrumb\":{\"@id\":\"https:\/\/epokaserca.pl\/aktualnosci\/czakra-podstawy-lub-korzenia\/#breadcrumb\"},\"inLanguage\":\"pl-PL\",\"potentialAction\":[{\"@type\":\"ReadAction\",\"target\":[\"https:\/\/epokaserca.pl\/aktualnosci\/czakra-podstawy-lub-korzenia\/\"]}]},{\"@type\":\"BreadcrumbList\",\"@id\":\"https:\/\/epokaserca.pl\/aktualnosci\/czakra-podstawy-lub-korzenia\/#breadcrumb\",\"itemListElement\":[{\"@type\":\"ListItem\",\"position\":1,\"name\":\"Home\",\"item\":\"https:\/\/epokaserca.pl\/aktualnosci\/\"},{\"@type\":\"ListItem\",\"position\":2,\"name\":\"CZAKRA PODSTAWY LUB KORZENIA\"}]},{\"@type\":\"WebSite\",\"@id\":\"https:\/\/epokaserca.pl\/aktualnosci\/#website\",\"url\":\"https:\/\/epokaserca.pl\/aktualnosci\/\",\"name\":\"Aktualno\u015bci\",\"description\":\"\",\"potentialAction\":[{\"@type\":\"SearchAction\",\"target\":{\"@type\":\"EntryPoint\",\"urlTemplate\":\"https:\/\/epokaserca.pl\/aktualnosci\/?s={search_term_string}\"},\"query-input\":{\"@type\":\"PropertyValueSpecification\",\"valueRequired\":true,\"valueName\":\"search_term_string\"}}],\"inLanguage\":\"pl-PL\"},{\"@type\":\"Person\",\"@id\":\"https:\/\/epokaserca.pl\/aktualnosci\/#\/schema\/person\/f87215bc4f757d15c7321145cbabc434\",\"name\":\"admin\",\"image\":{\"@type\":\"ImageObject\",\"inLanguage\":\"pl-PL\",\"@id\":\"https:\/\/epokaserca.pl\/aktualnosci\/#\/schema\/person\/image\/\",\"url\":\"https:\/\/secure.gravatar.com\/avatar\/8e51b30565ad99a9f8b25bd638d21cd1?s=96&d=mm&r=g\",\"contentUrl\":\"https:\/\/secure.gravatar.com\/avatar\/8e51b30565ad99a9f8b25bd638d21cd1?s=96&d=mm&r=g\",\"caption\":\"admin\"},\"url\":\"https:\/\/epokaserca.pl\/aktualnosci\/author\/admin\/\"}]}<\/script>\n<!-- \/ Yoast SEO plugin. -->","yoast_head_json":{"title":"CZAKRA PODSTAWY LUB KORZENIA - Aktualno\u015bci","robots":{"index":"index","follow":"follow","max-snippet":"max-snippet:-1","max-image-preview":"max-image-preview:large","max-video-preview":"max-video-preview:-1"},"canonical":"https:\/\/epokaserca.pl\/aktualnosci\/czakra-podstawy-lub-korzenia\/","og_locale":"pl_PL","og_type":"article","og_title":"CZAKRA PODSTAWY LUB KORZENIA - Aktualno\u015bci","og_description":"\u00a0 Jest to miejsce gdzie pojawia si\u0119 mi\u0142o\u015b\u0107 Chrystusa wzgl\u0119dem rodzaju ludzkiego, w miar\u0119 jak rasa ludzka nauczy si\u0119 kocha\u0107 bez wzgl\u0119du na egoistyczne czy romantyczne motywy, kocha\u0107 zwyczajnie dla rado\u015bci czerpanej z patrzenia na szcz\u0119\u015bcie kochanych os\u00f3b. \u00a0","og_url":"https:\/\/epokaserca.pl\/aktualnosci\/czakra-podstawy-lub-korzenia\/","og_site_name":"Aktualno\u015bci","article_published_time":"2011-06-23T00:19:34+00:00","author":"admin","twitter_card":"summary_large_image","twitter_misc":{"Napisane przez":"admin","Szacowany czas czytania":"2 minuty"},"schema":{"@context":"https:\/\/schema.org","@graph":[{"@type":"Article","@id":"https:\/\/epokaserca.pl\/aktualnosci\/czakra-podstawy-lub-korzenia\/#article","isPartOf":{"@id":"https:\/\/epokaserca.pl\/aktualnosci\/czakra-podstawy-lub-korzenia\/"},"author":{"name":"admin","@id":"https:\/\/epokaserca.pl\/aktualnosci\/#\/schema\/person\/f87215bc4f757d15c7321145cbabc434"},"headline":"CZAKRA PODSTAWY LUB KORZENIA","datePublished":"2011-06-23T00:19:34+00:00","mainEntityOfPage":{"@id":"https:\/\/epokaserca.pl\/aktualnosci\/czakra-podstawy-lub-korzenia\/"},"wordCount":411,"commentCount":0,"articleSection":["Czakramy"],"inLanguage":"pl-PL","potentialAction":[{"@type":"CommentAction","name":"Comment","target":["https:\/\/epokaserca.pl\/aktualnosci\/czakra-podstawy-lub-korzenia\/#respond"]}]},{"@type":"WebPage","@id":"https:\/\/epokaserca.pl\/aktualnosci\/czakra-podstawy-lub-korzenia\/","url":"https:\/\/epokaserca.pl\/aktualnosci\/czakra-podstawy-lub-korzenia\/","name":"CZAKRA PODSTAWY LUB KORZENIA - Aktualno\u015bci","isPartOf":{"@id":"https:\/\/epokaserca.pl\/aktualnosci\/#website"},"datePublished":"2011-06-23T00:19:34+00:00","author":{"@id":"https:\/\/epokaserca.pl\/aktualnosci\/#\/schema\/person\/f87215bc4f757d15c7321145cbabc434"},"breadcrumb":{"@id":"https:\/\/epokaserca.pl\/aktualnosci\/czakra-podstawy-lub-korzenia\/#breadcrumb"},"inLanguage":"pl-PL","potentialAction":[{"@type":"ReadAction","target":["https:\/\/epokaserca.pl\/aktualnosci\/czakra-podstawy-lub-korzenia\/"]}]},{"@type":"BreadcrumbList","@id":"https:\/\/epokaserca.pl\/aktualnosci\/czakra-podstawy-lub-korzenia\/#breadcrumb","itemListElement":[{"@type":"ListItem","position":1,"name":"Home","item":"https:\/\/epokaserca.pl\/aktualnosci\/"},{"@type":"ListItem","position":2,"name":"CZAKRA PODSTAWY LUB KORZENIA"}]},{"@type":"WebSite","@id":"https:\/\/epokaserca.pl\/aktualnosci\/#website","url":"https:\/\/epokaserca.pl\/aktualnosci\/","name":"Aktualno\u015bci","description":"","potentialAction":[{"@type":"SearchAction","target":{"@type":"EntryPoint","urlTemplate":"https:\/\/epokaserca.pl\/aktualnosci\/?s={search_term_string}"},"query-input":{"@type":"PropertyValueSpecification","valueRequired":true,"valueName":"search_term_string"}}],"inLanguage":"pl-PL"},{"@type":"Person","@id":"https:\/\/epokaserca.pl\/aktualnosci\/#\/schema\/person\/f87215bc4f757d15c7321145cbabc434","name":"admin","image":{"@type":"ImageObject","inLanguage":"pl-PL","@id":"https:\/\/epokaserca.pl\/aktualnosci\/#\/schema\/person\/image\/","url":"https:\/\/secure.gravatar.com\/avatar\/8e51b30565ad99a9f8b25bd638d21cd1?s=96&d=mm&r=g","contentUrl":"https:\/\/secure.gravatar.com\/avatar\/8e51b30565ad99a9f8b25bd638d21cd1?s=96&d=mm&r=g","caption":"admin"},"url":"https:\/\/epokaserca.pl\/aktualnosci\/author\/admin\/"}]}},"_links":{"self":[{"href":"https:\/\/epokaserca.pl\/aktualnosci\/wp-json\/wp\/v2\/posts\/35","targetHints":{"allow":["GET"]}}],"collection":[{"href":"https:\/\/epokaserca.pl\/aktualnosci\/wp-json\/wp\/v2\/posts"}],"about":[{"href":"https:\/\/epokaserca.pl\/aktualnosci\/wp-json\/wp\/v2\/types\/post"}],"author":[{"embeddable":true,"href":"https:\/\/epokaserca.pl\/aktualnosci\/wp-json\/wp\/v2\/users\/1"}],"replies":[{"embeddable":true,"href":"https:\/\/epokaserca.pl\/aktualnosci\/wp-json\/wp\/v2\/comments?post=35"}],"version-history":[{"count":0,"href":"https:\/\/epokaserca.pl\/aktualnosci\/wp-json\/wp\/v2\/posts\/35\/revisions"}],"wp:attachment":[{"href":"https:\/\/epokaserca.pl\/aktualnosci\/wp-json\/wp\/v2\/media?parent=35"}],"wp:term":[{"taxonomy":"category","embeddable":true,"href":"https:\/\/epokaserca.pl\/aktualnosci\/wp-json\/wp\/v2\/categories?post=35"},{"taxonomy":"post_tag","embeddable":true,"href":"https:\/\/epokaserca.pl\/aktualnosci\/wp-json\/wp\/v2\/tags?post=35"}],"curies":[{"name":"wp","href":"https:\/\/api.w.org\/{rel}","templated":true}]}}