{"id":396,"date":"2012-07-01T11:16:27","date_gmt":"2012-07-01T11:16:27","guid":{"rendered":"https:\/\/epokaserca.pl\/aktualnosci\/index.php\/2012\/07\/01\/ewangelia-tomasza-tajemnica-transformacji\/"},"modified":"2012-07-01T11:16:27","modified_gmt":"2012-07-01T11:16:27","slug":"ewangelia-tomasza-tajemnica-transformacji","status":"publish","type":"post","link":"https:\/\/epokaserca.pl\/aktualnosci\/ewangelia-tomasza-tajemnica-transformacji\/","title":{"rendered":"EWANGELIA TOMASZA  Tajemnica transformacji"},"content":{"rendered":"\n<p style=\"text-align: -webkit-auto;\">&nbsp;<\/p>\n<p style=\"text-align: -webkit-auto;\"><img loading=\"lazy\" decoding=\"async\" class=\" size-full wp-image-395\" src=\"https:\/\/el.cgnk.pl\/wp-content\/uploads\/2012\/07\/img_0639.gif\" width=\"300\" height=\"200\" alt=\"img_0639\" \/><\/p>\n<p><span style=\"text-decoration: underline;\"><span style=\"color: #0000ff; text-decoration: underline;\">EWANGELIA TOMASZA &nbsp;Tajemnica transformacji&nbsp;<span style=\"text-align: -webkit-auto;\">&nbsp;Str.250, cena 35 z\u0142.<\/span><\/span><\/span><\/p>\n<p style=\"text-align: -webkit-auto;\">&nbsp;<\/p>\n<p style=\"text-align: -webkit-auto;\">&nbsp;<\/p>\n<p style=\"text-align: -webkit-auto;\">&nbsp;<span style=\"color: #0000ff;\">Przy zakupie do 3 ksi\u0105\u017cek op\u0142ata wynosi 11 z\u0142 + 1,20 koperta = 12, 20&nbsp;<\/span><\/p>\n<p style=\"text-align: -webkit-auto;\">&nbsp;<\/p>\n<p style=\"text-align: -webkit-auto;\">&nbsp;<span style=\"color: #0000ff;\">Przy zakupie &nbsp;4 ksi\u0105\u017cke op\u0142ata wynosi 13 z\u0142 + 2, 70 koperta.= 15, 70<\/span><\/p>\n<p style=\"margin: 0cm 0cm 7.5pt; text-align: justify; background-color: white;\"><span style=\"font-size: 14pt; font-family: 'Tekton Pro Ext'; color: #ff0000;\">Od autorki<\/span><\/p>\n<p style=\"text-align: justify;\">&nbsp;&nbsp;&nbsp;&nbsp;&nbsp;&nbsp; Od wielu lat pracuj\u0119 nad zrozumieniem \u017cycia, nad zagadk\u0105 istnienia, kt\u00f3ra sta\u0142a si\u0119 dla nas tajemnic\u0105, w momencie zej\u015bcia na Ziemi\u0119.<\/p>\n<p style=\"text-align: justify;\">&nbsp;&nbsp;&nbsp;&nbsp;&nbsp; Zrozumie\u0107 \u017cycie, istnienie ? to proste, kiedy patrzy si\u0119 z poziomu wy\u017cszej m\u0105dro\u015bci, wy\u017cszego wymiaru, b\u0119d\u0105c jednak tu, w trzecim wymiarze, w ferworze do\u015bwiadczania tego \u015bwiata, w stanie zapomnienia, nie jest \u0142atwe. By\u0142a w tym jednak m\u0105dro\u015b\u0107, poniewa\u017c, tylko znajduj\u0105c si\u0119 w \u015bnie, mogli\u015bmy pozna\u0107 \u015bwiat snu i jego mo\u017cliwo\u015bci, zale\u017cno\u015bci. Nauka trwa\u0142a tysi\u0105ce lat, w tym czasie dostawali\u015bmy r\u00f3\u017cne wskaz\u00f3wki, podpowiedzi, jak mo\u017cemy przebudzi\u0107 si\u0119, z g\u0142\u0119bokiego letargu i przypomniawszy sobie, kim naprawd\u0119 jeste\u015bmy, ewoluowa\u0107, aby ju\u017c, jako \u015bwiadome siebie istoty p\u00f3j\u015b\u0107 w jeszcze dalsze poznanie istnienia, na wy\u017cszym ju\u017c poziomie wibracji. Jednak sen by\u0142 g\u0142\u0119boki, a my niech\u0119tni na s\u0142uchanie.<\/p>\n<p style=\"text-align: justify;\">&nbsp;&nbsp;&nbsp;&nbsp; \u015awiat, w kt\u00f3rym \u017cyjemy, zosta\u0142 stworzony i zamkni\u0119ty w okre\u015blonej czasoprzestrzeni, bo tylko tak mogli\u015bmy pozna\u0107 sen. To, co widzialne i s\u0142yszalne dla nas dzi\u015b, nie jest ani jedyn\u0105, ani ostateczn\u0105 rzeczywisto\u015bci\u0105.<\/p>\n<p style=\"text-align: justify;\">&nbsp;&nbsp;&nbsp;&nbsp; Przychodzili nauczyciele, prorocy, przekazywali nam podpowiedzi, wskazywali drog\u0119 do wyj\u015bcia ze znanej nam przestrzeni, lecz nie mogli da\u0107 informacji wprost, poniewa\u017c niewielu by\u0142o w stanie zrozumie\u0107. Byli\u015bmy na dzieci\u0119cym poziomie \u015bwiadomo\u015bci i dostawali\u015bmy informacje, kt\u00f3re mogli\u015bmy obj\u0105\u0107 swoj\u0105 percepcj\u0105. To, dlatego, zar\u00f3wno Biblia, Ewangelia Tomasza, jak i inne przes\u0142ania, spisane by\u0142y w spos\u00f3b symboliczny. Trzeba mie\u0107 odwag\u0119 obudzi\u0107 si\u0119, wybra\u0107 transformacj\u0119, wzrosn\u0105\u0107, pokocha\u0107 sw\u0105 bosk\u0105 istot\u0119, aby m\u00f3c przeczyta\u0107 te teksty ze zrozumieniem ich duchowego przes\u0142ania.<\/p>\n<p style=\"text-align: justify;\">&nbsp;&nbsp; &nbsp;&nbsp;&nbsp;&nbsp;Ewangelia Tomasza to niezwyk\u0142e dzie\u0142o, zawiera w sobie ca\u0142\u0105 tajemnic\u0119, kt\u00f3rej szukamy od wiek\u00f3w. S\u0142owa Jezusa nie tylko ukazuj\u0105 nam jak otworzy\u0107 serce, jak zostawi\u0107 stary \u015bwiat l\u0119ku, b\u00f3lu, cierpienia, ale id\u0105 jeszcze dalej, podpowiadaj\u0105 jak uzyska\u0107 przeb\u00f3stwienie i sta\u0107 si\u0119 bosk\u0105 istot\u0105, Jedno\u015bci\u0105 ? oto zako\u0144czenie trzeciego wymiaru.<\/p>\n<p style=\"text-align: justify;\">&nbsp;&nbsp;&nbsp;&nbsp;&nbsp;&nbsp;&nbsp; Boimy si\u0119 swej bosko\u015bci, jest dla nas odleg\u0142a i zarezerwowana tylko dla Boga, Wy\u017cszej M\u0105dro\u015bci. Uzna\u0107 siebie za bosko\u015b\u0107, to wed\u0142ug starego, dualnego \u015bwiata, pycha, grzech, blu\u017anierstwo, jednak Jezus m\u00f3wi nam co\u015b innego. Czas us\u0142ysze\u0107 g\u0142os Jezusa i zrozumie\u0107, \u017ce jeste\u015bmy Bogiem, nie tym najwy\u017cszym, lecz w\u0142asnej \u015bwi\u0105tyni, przestrzeni, energii, my\u015bli i uczu\u0107, naszego \u017cycia. To nie blu\u017anierstwo, a odzyskanie pami\u0119ci i wzniesienie \u015bwiadomo\u015bci.<\/p>\n<p style=\"text-align: justify;\">&nbsp;&nbsp;&nbsp;&nbsp;&nbsp;&nbsp;&nbsp; Nauka Buddy przynosi oczyszczenie umys\u0142u, nauka Jezusa uwolnienie serca. Dzi\u0119ki wolno\u015bci jednego i drugiego, umys\u0142u i serca, od trzecio-wymiarowego programu snu ? stajemy si\u0119 \u015bwiadom\u0105 bosk\u0105 istot\u0105 ? i ze stanu mie\u0107\/trzeci wymiar\/ przeobra\u017camy si\u0119 w BY\u0106\/ czwarty wymiar\/.<\/p>\n<p style=\"text-align: justify;\">&nbsp;&nbsp;&nbsp;&nbsp;&nbsp;&nbsp;&nbsp;&nbsp; Ewangelia Tomasza odkrywa tajemnic\u0119 przej\u015bcia, przeobra\u017cenia, transformacji. Zawsze, kiedy si\u0119gam do jej tre\u015bci, powoduje we mnie g\u0142\u0119bokie wzruszenie. W kr\u00f3tkim tek\u015bcie, 114 przes\u0142aniach, zawarta jest niezwyk\u0142a m\u0105dro\u015b\u0107, poruszaj\u0105ca najg\u0142\u0119bsze poziomy duszy.<\/p>\n<p style=\"text-align: justify;\">&nbsp;&nbsp;&nbsp;&nbsp;&nbsp;&nbsp;&nbsp;&nbsp; Je\u015bli jeste\u015b got\u00f3w odkry\u0107 w sobie \u017ar\u00f3d\u0142o, pozna\u0107 tajemnic\u0119, kt\u00f3rej szukali\u015bmy od tysi\u0119cy lat ? zapraszam Ci\u0119, aby\u015b m\u00f3g\u0142 powr\u00f3ci\u0107 do DOMU, do bezwarunkowej Mi\u0142o\u015bci, kt\u00f3r\u0105 jeste\u015b.<\/p>\n<p style=\"margin: 0cm 0cm 7.5pt; text-align: justify; line-height: 12pt; background-color: white;\"><i><br \/><\/i><\/p>\n<p style=\"margin: 0cm 0cm 7.5pt; text-align: justify; line-height: 12pt; background-color: white;\"><span style=\"color: #0000ff;\"><i>2. Rzek\u0142 Jezus: &#8222;Niech ten, kt\u00f3ry szuka, nie ustaje w poszukiwaniu, a\u017c znajdzie. I gdy znajdzie, zadr\u017cy, a je\u015bli zadr\u017cy, b\u0119dzie si\u0119 dziwi\u0142 i b\u0119dzie panowa\u0142 nad Pe\u0142ni\u0105&#8221;.<\/i><\/span><\/p>\n<p style=\"text-align: justify;\">Nigdy nie przestawajmy szuka\u0107 zrozumienia istnienia. Nawet, gdyby ca\u0142y nasz osobisty \u015bwiat leg\u0142 w gruzach, niech pragnienie poznania b\u0119dzie w nas, jako pierwsze. \u015awiat doczesny daje czasowe zaspokojenie i nic ono nie znaczy, jest tylko z\u0142udzeniem, je\u015bli nie ma w nas poznania istoty \u017cycia.<\/p>\n<p style=\"text-align: justify;\">Kiedy odnajdziemy ju\u017c Prawd\u0119 \u017bycia, zadr\u017cymy i zdziwimy si\u0119, bo to, czego szukali\u015bmy zawsze by\u0142o w nas i jest zar\u00f3wno proste jak i pot\u0119\u017cne. Pe\u0142nia, wszechistnienie, wszechmi\u0142o\u015b\u0107, wszechm\u0105dro\u015b\u0107 jest w nas, kiedy zrozumiemy to, staniemy si\u0119 panuj\u0105cymi, bogami w\u0142asnego kr\u00f3lestwa, energii, my\u015bli i uczu\u0107 b\u0119dziemy \u015bwiadomymi stw\u00f3rcami \u017cycia.<\/p>\n<p style=\"text-align: justify;\">Szukamy w \u015bwiecie zewn\u0119trznym, lecz tam mo\u017cemy znale\u017a\u0107 tylko podpowiedzi. Pe\u0142nia jest wewn\u0105trz ka\u017cdego z nas i tylko tam znajdzie j\u0105 ten, kto nie tylko b\u0119dzie szuka\u0142, lecz i zechce znale\u017a\u0107. Cz\u0119sto wybieramy wieczne poszukiwanie, tak, jakby\u015bmy bali si\u0119 odnale\u017a\u0107 \u015bwiat\u0142o, kt\u00f3re jest w nas. Szukam, ca\u0142\u0105 wieczno\u015b\u0107 szukam, lecz czy chc\u0119 znale\u017a\u0107? Skarb jest blisko, nie droga potrzebna, a odwaga i determinacja poznania siebie. A kiedy odnajdzie siebie cz\u0142owiek, b\u0119dzie panowa\u0142 nad Pe\u0142ni\u0105, czyni\u0142 sobie Ziemi\u0119 poddan\u0105, w mi\u0142o\u015bci, harmonii, wsp\u00f3\u0142istnieniu.<\/p>\n<p style=\"text-align: justify;\">&nbsp;<\/p>\n<p style=\"text-align: -webkit-auto;\">&nbsp;<\/p>\n<p style=\"text-align: -webkit-auto;\">&nbsp;<\/p>\n<p style=\"text-align: -webkit-auto;\">&nbsp;<\/p>\n<p>&nbsp;<\/p>\n<p>&nbsp;<\/p>\n","protected":false},"excerpt":{"rendered":"<p><img loading=\"lazy\" decoding=\"async\" class=\" size-full wp-image-395\" src=\"https:\/\/el.cgnk.pl\/wp-content\/uploads\/2012\/07\/img_0639.gif\" width=\"100\" height=\"67\" alt=\"img_0639\" \/><\/p>\n","protected":false},"author":1,"featured_media":395,"comment_status":"open","ping_status":"open","sticky":false,"template":"","format":"standard","meta":{"footnotes":""},"categories":[17],"tags":[],"class_list":{"0":"post-396","1":"post","2":"type-post","3":"status-publish","4":"format-standard","5":"has-post-thumbnail","7":"category-ksiazki","8":"czr-hentry"},"yoast_head":"<!-- This site is optimized with the Yoast SEO plugin v26.8 - https:\/\/yoast.com\/product\/yoast-seo-wordpress\/ -->\n<title>EWANGELIA TOMASZA Tajemnica transformacji - Aktualno\u015bci<\/title>\n<meta name=\"robots\" content=\"index, follow, max-snippet:-1, max-image-preview:large, max-video-preview:-1\" \/>\n<link rel=\"canonical\" href=\"https:\/\/epokaserca.pl\/aktualnosci\/ewangelia-tomasza-tajemnica-transformacji\/\" \/>\n<meta property=\"og:locale\" content=\"pl_PL\" \/>\n<meta property=\"og:type\" content=\"article\" \/>\n<meta property=\"og:title\" content=\"EWANGELIA TOMASZA Tajemnica transformacji - Aktualno\u015bci\" \/>\n<meta property=\"og:url\" content=\"https:\/\/epokaserca.pl\/aktualnosci\/ewangelia-tomasza-tajemnica-transformacji\/\" \/>\n<meta property=\"og:site_name\" content=\"Aktualno\u015bci\" \/>\n<meta property=\"article:published_time\" content=\"2012-07-01T11:16:27+00:00\" \/>\n<meta property=\"og:image\" content=\"https:\/\/epokaserca.pl\/aktualnosci\/wp-content\/uploads\/2012\/07\/img_0639.gif\" \/>\n\t<meta property=\"og:image:width\" content=\"1000\" \/>\n\t<meta property=\"og:image:height\" content=\"667\" \/>\n\t<meta property=\"og:image:type\" content=\"image\/gif\" \/>\n<meta name=\"author\" content=\"admin\" \/>\n<meta name=\"twitter:card\" content=\"summary_large_image\" \/>\n<meta name=\"twitter:label1\" content=\"Napisane przez\" \/>\n\t<meta name=\"twitter:data1\" content=\"admin\" \/>\n\t<meta name=\"twitter:label2\" content=\"Szacowany czas czytania\" \/>\n\t<meta name=\"twitter:data2\" content=\"4 minuty\" \/>\n<script type=\"application\/ld+json\" class=\"yoast-schema-graph\">{\"@context\":\"https:\/\/schema.org\",\"@graph\":[{\"@type\":\"Article\",\"@id\":\"https:\/\/epokaserca.pl\/aktualnosci\/ewangelia-tomasza-tajemnica-transformacji\/#article\",\"isPartOf\":{\"@id\":\"https:\/\/epokaserca.pl\/aktualnosci\/ewangelia-tomasza-tajemnica-transformacji\/\"},\"author\":{\"name\":\"admin\",\"@id\":\"https:\/\/epokaserca.pl\/aktualnosci\/#\/schema\/person\/f87215bc4f757d15c7321145cbabc434\"},\"headline\":\"EWANGELIA TOMASZA Tajemnica transformacji\",\"datePublished\":\"2012-07-01T11:16:27+00:00\",\"mainEntityOfPage\":{\"@id\":\"https:\/\/epokaserca.pl\/aktualnosci\/ewangelia-tomasza-tajemnica-transformacji\/\"},\"wordCount\":890,\"commentCount\":0,\"image\":{\"@id\":\"https:\/\/epokaserca.pl\/aktualnosci\/ewangelia-tomasza-tajemnica-transformacji\/#primaryimage\"},\"thumbnailUrl\":\"https:\/\/epokaserca.pl\/aktualnosci\/wp-content\/uploads\/2012\/07\/img_0639.gif\",\"articleSection\":[\"Ksi\u0105\u017cki\"],\"inLanguage\":\"pl-PL\",\"potentialAction\":[{\"@type\":\"CommentAction\",\"name\":\"Comment\",\"target\":[\"https:\/\/epokaserca.pl\/aktualnosci\/ewangelia-tomasza-tajemnica-transformacji\/#respond\"]}]},{\"@type\":\"WebPage\",\"@id\":\"https:\/\/epokaserca.pl\/aktualnosci\/ewangelia-tomasza-tajemnica-transformacji\/\",\"url\":\"https:\/\/epokaserca.pl\/aktualnosci\/ewangelia-tomasza-tajemnica-transformacji\/\",\"name\":\"EWANGELIA TOMASZA Tajemnica transformacji - Aktualno\u015bci\",\"isPartOf\":{\"@id\":\"https:\/\/epokaserca.pl\/aktualnosci\/#website\"},\"primaryImageOfPage\":{\"@id\":\"https:\/\/epokaserca.pl\/aktualnosci\/ewangelia-tomasza-tajemnica-transformacji\/#primaryimage\"},\"image\":{\"@id\":\"https:\/\/epokaserca.pl\/aktualnosci\/ewangelia-tomasza-tajemnica-transformacji\/#primaryimage\"},\"thumbnailUrl\":\"https:\/\/epokaserca.pl\/aktualnosci\/wp-content\/uploads\/2012\/07\/img_0639.gif\",\"datePublished\":\"2012-07-01T11:16:27+00:00\",\"author\":{\"@id\":\"https:\/\/epokaserca.pl\/aktualnosci\/#\/schema\/person\/f87215bc4f757d15c7321145cbabc434\"},\"breadcrumb\":{\"@id\":\"https:\/\/epokaserca.pl\/aktualnosci\/ewangelia-tomasza-tajemnica-transformacji\/#breadcrumb\"},\"inLanguage\":\"pl-PL\",\"potentialAction\":[{\"@type\":\"ReadAction\",\"target\":[\"https:\/\/epokaserca.pl\/aktualnosci\/ewangelia-tomasza-tajemnica-transformacji\/\"]}]},{\"@type\":\"ImageObject\",\"inLanguage\":\"pl-PL\",\"@id\":\"https:\/\/epokaserca.pl\/aktualnosci\/ewangelia-tomasza-tajemnica-transformacji\/#primaryimage\",\"url\":\"https:\/\/epokaserca.pl\/aktualnosci\/wp-content\/uploads\/2012\/07\/img_0639.gif\",\"contentUrl\":\"https:\/\/epokaserca.pl\/aktualnosci\/wp-content\/uploads\/2012\/07\/img_0639.gif\",\"width\":1000,\"height\":667,\"caption\":\"img_0639\"},{\"@type\":\"BreadcrumbList\",\"@id\":\"https:\/\/epokaserca.pl\/aktualnosci\/ewangelia-tomasza-tajemnica-transformacji\/#breadcrumb\",\"itemListElement\":[{\"@type\":\"ListItem\",\"position\":1,\"name\":\"Home\",\"item\":\"https:\/\/epokaserca.pl\/aktualnosci\/\"},{\"@type\":\"ListItem\",\"position\":2,\"name\":\"EWANGELIA TOMASZA Tajemnica transformacji\"}]},{\"@type\":\"WebSite\",\"@id\":\"https:\/\/epokaserca.pl\/aktualnosci\/#website\",\"url\":\"https:\/\/epokaserca.pl\/aktualnosci\/\",\"name\":\"Aktualno\u015bci\",\"description\":\"\",\"potentialAction\":[{\"@type\":\"SearchAction\",\"target\":{\"@type\":\"EntryPoint\",\"urlTemplate\":\"https:\/\/epokaserca.pl\/aktualnosci\/?s={search_term_string}\"},\"query-input\":{\"@type\":\"PropertyValueSpecification\",\"valueRequired\":true,\"valueName\":\"search_term_string\"}}],\"inLanguage\":\"pl-PL\"},{\"@type\":\"Person\",\"@id\":\"https:\/\/epokaserca.pl\/aktualnosci\/#\/schema\/person\/f87215bc4f757d15c7321145cbabc434\",\"name\":\"admin\",\"image\":{\"@type\":\"ImageObject\",\"inLanguage\":\"pl-PL\",\"@id\":\"https:\/\/epokaserca.pl\/aktualnosci\/#\/schema\/person\/image\/\",\"url\":\"https:\/\/secure.gravatar.com\/avatar\/8e51b30565ad99a9f8b25bd638d21cd1?s=96&d=mm&r=g\",\"contentUrl\":\"https:\/\/secure.gravatar.com\/avatar\/8e51b30565ad99a9f8b25bd638d21cd1?s=96&d=mm&r=g\",\"caption\":\"admin\"},\"url\":\"https:\/\/epokaserca.pl\/aktualnosci\/author\/admin\/\"}]}<\/script>\n<!-- \/ Yoast SEO plugin. -->","yoast_head_json":{"title":"EWANGELIA TOMASZA Tajemnica transformacji - Aktualno\u015bci","robots":{"index":"index","follow":"follow","max-snippet":"max-snippet:-1","max-image-preview":"max-image-preview:large","max-video-preview":"max-video-preview:-1"},"canonical":"https:\/\/epokaserca.pl\/aktualnosci\/ewangelia-tomasza-tajemnica-transformacji\/","og_locale":"pl_PL","og_type":"article","og_title":"EWANGELIA TOMASZA Tajemnica transformacji - Aktualno\u015bci","og_url":"https:\/\/epokaserca.pl\/aktualnosci\/ewangelia-tomasza-tajemnica-transformacji\/","og_site_name":"Aktualno\u015bci","article_published_time":"2012-07-01T11:16:27+00:00","og_image":[{"width":1000,"height":667,"url":"https:\/\/epokaserca.pl\/aktualnosci\/wp-content\/uploads\/2012\/07\/img_0639.gif","type":"image\/gif"}],"author":"admin","twitter_card":"summary_large_image","twitter_misc":{"Napisane przez":"admin","Szacowany czas czytania":"4 minuty"},"schema":{"@context":"https:\/\/schema.org","@graph":[{"@type":"Article","@id":"https:\/\/epokaserca.pl\/aktualnosci\/ewangelia-tomasza-tajemnica-transformacji\/#article","isPartOf":{"@id":"https:\/\/epokaserca.pl\/aktualnosci\/ewangelia-tomasza-tajemnica-transformacji\/"},"author":{"name":"admin","@id":"https:\/\/epokaserca.pl\/aktualnosci\/#\/schema\/person\/f87215bc4f757d15c7321145cbabc434"},"headline":"EWANGELIA TOMASZA Tajemnica transformacji","datePublished":"2012-07-01T11:16:27+00:00","mainEntityOfPage":{"@id":"https:\/\/epokaserca.pl\/aktualnosci\/ewangelia-tomasza-tajemnica-transformacji\/"},"wordCount":890,"commentCount":0,"image":{"@id":"https:\/\/epokaserca.pl\/aktualnosci\/ewangelia-tomasza-tajemnica-transformacji\/#primaryimage"},"thumbnailUrl":"https:\/\/epokaserca.pl\/aktualnosci\/wp-content\/uploads\/2012\/07\/img_0639.gif","articleSection":["Ksi\u0105\u017cki"],"inLanguage":"pl-PL","potentialAction":[{"@type":"CommentAction","name":"Comment","target":["https:\/\/epokaserca.pl\/aktualnosci\/ewangelia-tomasza-tajemnica-transformacji\/#respond"]}]},{"@type":"WebPage","@id":"https:\/\/epokaserca.pl\/aktualnosci\/ewangelia-tomasza-tajemnica-transformacji\/","url":"https:\/\/epokaserca.pl\/aktualnosci\/ewangelia-tomasza-tajemnica-transformacji\/","name":"EWANGELIA TOMASZA Tajemnica transformacji - Aktualno\u015bci","isPartOf":{"@id":"https:\/\/epokaserca.pl\/aktualnosci\/#website"},"primaryImageOfPage":{"@id":"https:\/\/epokaserca.pl\/aktualnosci\/ewangelia-tomasza-tajemnica-transformacji\/#primaryimage"},"image":{"@id":"https:\/\/epokaserca.pl\/aktualnosci\/ewangelia-tomasza-tajemnica-transformacji\/#primaryimage"},"thumbnailUrl":"https:\/\/epokaserca.pl\/aktualnosci\/wp-content\/uploads\/2012\/07\/img_0639.gif","datePublished":"2012-07-01T11:16:27+00:00","author":{"@id":"https:\/\/epokaserca.pl\/aktualnosci\/#\/schema\/person\/f87215bc4f757d15c7321145cbabc434"},"breadcrumb":{"@id":"https:\/\/epokaserca.pl\/aktualnosci\/ewangelia-tomasza-tajemnica-transformacji\/#breadcrumb"},"inLanguage":"pl-PL","potentialAction":[{"@type":"ReadAction","target":["https:\/\/epokaserca.pl\/aktualnosci\/ewangelia-tomasza-tajemnica-transformacji\/"]}]},{"@type":"ImageObject","inLanguage":"pl-PL","@id":"https:\/\/epokaserca.pl\/aktualnosci\/ewangelia-tomasza-tajemnica-transformacji\/#primaryimage","url":"https:\/\/epokaserca.pl\/aktualnosci\/wp-content\/uploads\/2012\/07\/img_0639.gif","contentUrl":"https:\/\/epokaserca.pl\/aktualnosci\/wp-content\/uploads\/2012\/07\/img_0639.gif","width":1000,"height":667,"caption":"img_0639"},{"@type":"BreadcrumbList","@id":"https:\/\/epokaserca.pl\/aktualnosci\/ewangelia-tomasza-tajemnica-transformacji\/#breadcrumb","itemListElement":[{"@type":"ListItem","position":1,"name":"Home","item":"https:\/\/epokaserca.pl\/aktualnosci\/"},{"@type":"ListItem","position":2,"name":"EWANGELIA TOMASZA Tajemnica transformacji"}]},{"@type":"WebSite","@id":"https:\/\/epokaserca.pl\/aktualnosci\/#website","url":"https:\/\/epokaserca.pl\/aktualnosci\/","name":"Aktualno\u015bci","description":"","potentialAction":[{"@type":"SearchAction","target":{"@type":"EntryPoint","urlTemplate":"https:\/\/epokaserca.pl\/aktualnosci\/?s={search_term_string}"},"query-input":{"@type":"PropertyValueSpecification","valueRequired":true,"valueName":"search_term_string"}}],"inLanguage":"pl-PL"},{"@type":"Person","@id":"https:\/\/epokaserca.pl\/aktualnosci\/#\/schema\/person\/f87215bc4f757d15c7321145cbabc434","name":"admin","image":{"@type":"ImageObject","inLanguage":"pl-PL","@id":"https:\/\/epokaserca.pl\/aktualnosci\/#\/schema\/person\/image\/","url":"https:\/\/secure.gravatar.com\/avatar\/8e51b30565ad99a9f8b25bd638d21cd1?s=96&d=mm&r=g","contentUrl":"https:\/\/secure.gravatar.com\/avatar\/8e51b30565ad99a9f8b25bd638d21cd1?s=96&d=mm&r=g","caption":"admin"},"url":"https:\/\/epokaserca.pl\/aktualnosci\/author\/admin\/"}]}},"_links":{"self":[{"href":"https:\/\/epokaserca.pl\/aktualnosci\/wp-json\/wp\/v2\/posts\/396","targetHints":{"allow":["GET"]}}],"collection":[{"href":"https:\/\/epokaserca.pl\/aktualnosci\/wp-json\/wp\/v2\/posts"}],"about":[{"href":"https:\/\/epokaserca.pl\/aktualnosci\/wp-json\/wp\/v2\/types\/post"}],"author":[{"embeddable":true,"href":"https:\/\/epokaserca.pl\/aktualnosci\/wp-json\/wp\/v2\/users\/1"}],"replies":[{"embeddable":true,"href":"https:\/\/epokaserca.pl\/aktualnosci\/wp-json\/wp\/v2\/comments?post=396"}],"version-history":[{"count":0,"href":"https:\/\/epokaserca.pl\/aktualnosci\/wp-json\/wp\/v2\/posts\/396\/revisions"}],"wp:featuredmedia":[{"embeddable":true,"href":"https:\/\/epokaserca.pl\/aktualnosci\/wp-json\/wp\/v2\/media\/395"}],"wp:attachment":[{"href":"https:\/\/epokaserca.pl\/aktualnosci\/wp-json\/wp\/v2\/media?parent=396"}],"wp:term":[{"taxonomy":"category","embeddable":true,"href":"https:\/\/epokaserca.pl\/aktualnosci\/wp-json\/wp\/v2\/categories?post=396"},{"taxonomy":"post_tag","embeddable":true,"href":"https:\/\/epokaserca.pl\/aktualnosci\/wp-json\/wp\/v2\/tags?post=396"}],"curies":[{"name":"wp","href":"https:\/\/api.w.org\/{rel}","templated":true}]}}