{"id":431,"date":"2012-09-01T11:24:04","date_gmt":"2012-09-01T11:24:04","guid":{"rendered":"https:\/\/epokaserca.pl\/aktualnosci\/index.php\/2012\/09\/01\/1-wrzesnia-2012\/"},"modified":"2012-09-01T11:24:04","modified_gmt":"2012-09-01T11:24:04","slug":"1-wrzesnia-2012","status":"publish","type":"post","link":"https:\/\/epokaserca.pl\/aktualnosci\/1-wrzesnia-2012\/","title":{"rendered":"1 WRZE\u015aNIA 2012"},"content":{"rendered":"\n<p><span style=\"color: #333333; font-family: 'lucida grande', tahoma, verdana, arial, sans-serif; font-size: 13px; line-height: 18px;\">? Za ca\u0142y ten czas kiedy by\u0142e\u015b przy mnie<br style=\"color: #333333; font-family: 'lucida grande', tahoma, verdana, arial, sans-serif; font-size: 13px; line-height: 18px;\" \/><span style=\"color: #333333; font-family: 'lucida grande', tahoma, verdana, arial, sans-serif; font-size: 13px; line-height: 18px;\">Za ca\u0142\u0105 prawd\u0119 kt\u00f3r\u0105 mi pokaza\u0142e\u015b<br style=\"color: #333333; font-family: 'lucida grande', tahoma, verdana, arial, sans-serif; font-size: 13px; line-height: 18px;\" \/><span style=\"color: #333333; font-family: 'lucida grande', tahoma, verdana, arial, sans-serif; font-size: 13px; line-height: 18px;\">Za ca\u0142\u0105 rado\u015b\u0107 kt\u00f3r\u0105 wnios\u0142e\u015b do mojego \u017cycia<br style=\"color: #333333; font-family: 'lucida grande', tahoma, verdana, arial, sans-serif; font-size: 13px; line-height: 18px;\" \/><span style=\"color: #333333; font-family: 'lucida grande', tahoma, verdana, arial, sans-serif; font-size: 13px; line-height: 18px;\">Za ca\u0142e z\u0142o kt\u00f3re przemieni\u0142e\u015b w dobro<\/span><\/span><\/span><\/span><\/p>\n<div class=\"text_exposed_show\" style=\"display: inline; color: #333333; font-family: 'lucida grande', tahoma, verdana, arial, sans-serif; font-size: 13px; line-height: 18px;\">Za ka\u017cde marzenie kt\u00f3re dzi\u0119ki Tobie sta\u0142o si\u0119 rzeczywisto\u015bci\u0105<br \/>Za ca\u0142\u0105 mi\u0142o\u015b\u0107 kt\u00f3r\u0105 znalaz\u0142am w Tobie<br \/>B\u0119d\u0119 wdzi\u0119czna na zawsze<br \/>By\u0142e\u015b tym kt\u00f3ry zawsze mnie podtrzymywa\u0142<br \/>Nie pozwala\u0142 mi upa\u015b\u0107<br \/>By\u0142e\u015b tym kto wypatrzy\u0142 mnie w tym wszystkim <\/p>\n<p>By\u0142e\u015b moj\u0105 si\u0142\u0105 kiedy by\u0142am s\u0142aba<br \/>By\u0142e\u015b moim g\u0142osem kiedy nie mog\u0142am m\u00f3wi\u0107<br \/>By\u0142e\u015b moim wzrokiem kiedy nie widzia\u0142am<br \/>Zobaczy\u0142e\u015b to co we mnie najlepsze<br \/>Podnios\u0142e\u015b mnie kiedy nie mog\u0142am dosi\u0119gn\u0105\u0107<br \/>Da\u0142e\u015b mi wiar\u0119 bo sam wierzy\u0142e\u015b<br \/>Jestem wszystkim tym czym jestem<br \/>Bo mnie pokocha\u0142e\u015b<\/p>\n<p>Da\u0142e\u015b mi skrzyd\u0142a i sprawi\u0142e\u015b \u017ce lata\u0142am<br \/>Dotkn\u0105\u0142e\u015b mojej d\u0142oni, mog\u0142am dotkn\u0105\u0107 nieba<br \/>Straci\u0142am wiar\u0119, odda\u0142e\u015b mi j\u0105<br \/>Powiedzia\u0142e\u015b \u017ce \u017cadna gwiazda nie jest poza zasi\u0119giem<br \/>Wspiera\u0142e\u015b mnie wi\u0119c by\u0142am dowarto\u015bciowana<br \/>Mia\u0142am Twoj\u0105 mi\u0142o\u015b\u0107 wi\u0119c mia\u0142am wszystko<br \/>Jestem wdzi\u0119czna za ka\u017cdy dzie\u0144 kt\u00f3ry mi da\u0142e\u015b<br \/>Mo\u017ce nie wiem a\u017c tak du\u017co<br \/>Ale wiem \u017ce tak du\u017co jest prawd\u0105:<br \/>Zosta\u0142am obdarzona bo by\u0142am przez Ciebie kochana<\/p>\n<p>By\u0142e\u015b moj\u0105 si\u0142\u0105 kiedy by\u0142am s\u0142aba<br \/>By\u0142e\u015b moim g\u0142osem kiedy nie mog\u0142am m\u00f3wi\u0107<br \/>By\u0142e\u015b moim wzrokiem kiedy nie widzia\u0142am<br \/>Zobaczy\u0142e\u015b to co we mnie najlepsze<br \/>Podnios\u0142e\u015b mnie kiedy nie mog\u0142am dosi\u0119gn\u0105\u0107<br \/>Da\u0142e\u015b mi wiar\u0119 bo sam wierzy\u0142e\u015b<br \/>Jestem wszystkim tym czym jestem<br \/>Bo mnie pokocha\u0142e\u015b<\/p>\n<p>Zawsze by\u0142e\u015b dla mnie(przy mnie)<br \/>Delikatnym wiatrem kt\u00f3ry mnie podtrzymywa\u0142<br \/>\u015awiat\u0142o w ciemno\u015bci roz\u015bwietlaj\u0105ce twoj\u0105 mi\u0142o\u015b\u0107 w moim \u017cyciu<br \/>By\u0142e\u015b moj\u0105 inspiracj\u0105<br \/>Po\u015br\u00f3d k\u0142amstw Ty by\u0142e\u015b prawd\u0105<br \/>M\u00f3j \u015bwiat jest lepszym miejscem dzi\u0119ki tobie<\/p>\n<p>By\u0142e\u015b moj\u0105 si\u0142\u0105 kiedy by\u0142am s\u0142aba<br \/>By\u0142e\u015b moim g\u0142osem kiedy nie mog\u0142am m\u00f3wi\u0107<br \/>By\u0142e\u015b moim wzrokiem kiedy nie widzia\u0142am<br \/>Zobaczy\u0142e\u015b to co we mnie najlepsze<br \/>Podnios\u0142e\u015b mnie kiedy nie mog\u0142am dosi\u0119gn\u0105\u0107<br \/>Da\u0142e\u015b mi wiar\u0119 bo sam wierzy\u0142e\u015b<br \/>Jestem wszystkim tym czym jestem<br \/>Bo mnie pokocha\u0142e\u015b ? :):)<\/p>\n<\/p><\/div>\n<p><span style=\"color: #ff0000;\"><span style=\"color: #ff0000;\"><\/span><\/span><\/p>\n<p><span style=\"color: #ff0000;\"><a href=\"http:\/\/www.youtube.com\/watch?v=ih1945e4q7I&amp;feature=player_detailpage\"><span style=\"color: #ff0000;\"><\/span><\/a><\/span><\/p>\n<p><span style=\"color: #ff0000;\"><a href=\"http:\/\/www.youtube.com\/watch?v=ih1945e4q7I&amp;feature=player_detailpage\"><span style=\"color: #ff0000;\"><\/span><\/a><\/span><\/p>\n<p><span style=\"color: #ff0000;\"><a href=\"http:\/\/www.youtube.com\/watch?v=ih1945e4q7I&amp;feature=player_detailpage\"><span style=\"color: #ff0000;\"><\/span><\/a><\/span><\/p>\n","protected":false},"excerpt":{"rendered":"<p>Kochani, dzi\u015b rocznica wybuchu II wojny \u015bwiatowej i je\u015bli wyci\u0105gn\u0119li\u015bmy z niej wnioski, czas zostawi\u0107 ju\u017c przesz\u0142o\u015b\u0107. Wydarzenia w trzecim wymiarze s\u0142u\u017c\u0105 naszemu wzrostowi, a nie ci\u0105g\u0142emu rozpami\u0119tywaniu. Jakie wnioski mieli\u015bmy wyciagn\u0105\u0107? To nasza globalna \u015bwiadomo\u015b\u0107 i nie\u015bwiadoma zgoda &nbsp;na takie wydarzenia stworzy\u0142a wojn\u0119, wzorce ofiar, walki, podleg\u0142o\u015bci, prawdy trzeciego wymiaru. Dzi\u015b to ju\u017c poza nami, cho\u0107 niekt\u00f3rzy nie rozumiej\u0105c swej mocy tworzenia, nadal w nich przebywaj\u0105.<\/p>\n<p>Podzi\u0119kujmy naszym przodkom za udzia\u0142 w tym trudnym do\u015bwiadczeniu, to dzi\u0119ki ich wk\u0142adowi i uczestnictwu dzi\u015b mo\u017cemy powiedzie\u0107 NIE. Nie chce ju\u017c takiego \u015bwiata, chc\u0119 mi\u0142o\u015bci, pokoju, harmonii.&nbsp;<\/p>\n<p><span style=\"color: #ff0000;\">Musieli\u015bmy zobaczy\u0107 skutki, aby\u015bmy dzi\u015b chcieli tworzy\u0107 NOWY \u015aWIAT MI\u0141OWANIA<\/span><\/p>\n<p>Pob\u0142ogos\u0142awmy wszystkie strony \u00f3wczesnego konfliktu, bo ka\u017cda z nich pracowa\u0142a na rzecz dzisiejszego pragnienia pokoju.<\/p>\n<p>B\u0142ogos\u0142awie\u0144stwo zamknie na zawsze to co trudne i otworzy serce na zrozumienie i mi\u0142o\u015b\u0107. To nie b\u00f3l i wspomnienia maj\u0105 zosta\u0107 w nas, lecz wdzi\u0119czno\u015b\u0107 za trud do\u015bwiadczenia i odwaga tworzenia nowego \u015bwiata.<\/p>\n<p>Ponad wszystkim niech b\u0119dzie mi\u0142o\u015b\u0107&nbsp;<\/p>\n<p><span style=\"color: #ff0000;\"><span style=\"color: #ff0000;\"><a href=\"http:\/\/www.youtube.com\/watch?v=ih1945e4q7I&amp;feature=player_detailpage\">http:\/\/www.youtube.com\/watch?v=ih1945e4q7I&amp;feature=player_detailpage<\/a>&nbsp; &nbsp;<\/span><\/span><\/p>\n","protected":false},"author":1,"featured_media":0,"comment_status":"open","ping_status":"open","sticky":false,"template":"","format":"standard","meta":{"footnotes":""},"categories":[5],"tags":[],"class_list":{"0":"post-431","1":"post","2":"type-post","3":"status-publish","4":"format-standard","6":"category-aktualnosci","7":"czr-hentry"},"yoast_head":"<!-- This site is optimized with the Yoast SEO plugin v26.8 - https:\/\/yoast.com\/product\/yoast-seo-wordpress\/ -->\n<title>1 WRZE\u015aNIA 2012 - Aktualno\u015bci<\/title>\n<meta name=\"robots\" content=\"index, follow, max-snippet:-1, max-image-preview:large, max-video-preview:-1\" \/>\n<link rel=\"canonical\" href=\"https:\/\/epokaserca.pl\/aktualnosci\/1-wrzesnia-2012\/\" \/>\n<meta property=\"og:locale\" content=\"pl_PL\" \/>\n<meta property=\"og:type\" content=\"article\" \/>\n<meta property=\"og:title\" content=\"1 WRZE\u015aNIA 2012 - Aktualno\u015bci\" \/>\n<meta property=\"og:description\" content=\"Kochani, dzi\u015b rocznica wybuchu II wojny \u015bwiatowej i je\u015bli wyci\u0105gn\u0119li\u015bmy z niej wnioski, czas zostawi\u0107 ju\u017c przesz\u0142o\u015b\u0107. Wydarzenia w trzecim wymiarze s\u0142u\u017c\u0105 naszemu wzrostowi, a nie ci\u0105g\u0142emu rozpami\u0119tywaniu. Jakie wnioski mieli\u015bmy wyciagn\u0105\u0107? To nasza globalna \u015bwiadomo\u015b\u0107 i nie\u015bwiadoma zgoda &nbsp;na takie wydarzenia stworzy\u0142a wojn\u0119, wzorce ofiar, walki, podleg\u0142o\u015bci, prawdy trzeciego wymiaru. Dzi\u015b to ju\u017c poza nami, cho\u0107 niekt\u00f3rzy nie rozumiej\u0105c swej mocy tworzenia, nadal w nich przebywaj\u0105. Podzi\u0119kujmy naszym przodkom za udzia\u0142 w tym trudnym do\u015bwiadczeniu, to dzi\u0119ki ich wk\u0142adowi i uczestnictwu dzi\u015b mo\u017cemy powiedzie\u0107 NIE. Nie chce ju\u017c takiego \u015bwiata, chc\u0119 mi\u0142o\u015bci, pokoju, harmonii.&nbsp; Musieli\u015bmy zobaczy\u0107 skutki, aby\u015bmy dzi\u015b chcieli tworzy\u0107 NOWY \u015aWIAT MI\u0141OWANIA Pob\u0142ogos\u0142awmy wszystkie strony \u00f3wczesnego konfliktu, bo ka\u017cda z nich pracowa\u0142a na rzecz dzisiejszego pragnienia pokoju. B\u0142ogos\u0142awie\u0144stwo zamknie na zawsze to co trudne i otworzy serce na zrozumienie i mi\u0142o\u015b\u0107. To nie b\u00f3l i wspomnienia maj\u0105 zosta\u0107 w nas, lecz wdzi\u0119czno\u015b\u0107 za trud do\u015bwiadczenia i odwaga tworzenia nowego \u015bwiata. Ponad wszystkim niech b\u0119dzie mi\u0142o\u015b\u0107&nbsp; http:\/\/www.youtube.com\/watch?v=ih1945e4q7I&amp;feature=player_detailpage&nbsp; &nbsp;\" \/>\n<meta property=\"og:url\" content=\"https:\/\/epokaserca.pl\/aktualnosci\/1-wrzesnia-2012\/\" \/>\n<meta property=\"og:site_name\" content=\"Aktualno\u015bci\" \/>\n<meta property=\"article:published_time\" content=\"2012-09-01T11:24:04+00:00\" \/>\n<meta name=\"author\" content=\"admin\" \/>\n<meta name=\"twitter:card\" content=\"summary_large_image\" \/>\n<meta name=\"twitter:label1\" content=\"Napisane przez\" \/>\n\t<meta name=\"twitter:data1\" content=\"admin\" \/>\n\t<meta name=\"twitter:label2\" content=\"Szacowany czas czytania\" \/>\n\t<meta name=\"twitter:data2\" content=\"2 minuty\" \/>\n<script type=\"application\/ld+json\" class=\"yoast-schema-graph\">{\"@context\":\"https:\/\/schema.org\",\"@graph\":[{\"@type\":\"Article\",\"@id\":\"https:\/\/epokaserca.pl\/aktualnosci\/1-wrzesnia-2012\/#article\",\"isPartOf\":{\"@id\":\"https:\/\/epokaserca.pl\/aktualnosci\/1-wrzesnia-2012\/\"},\"author\":{\"name\":\"admin\",\"@id\":\"https:\/\/epokaserca.pl\/aktualnosci\/#\/schema\/person\/f87215bc4f757d15c7321145cbabc434\"},\"headline\":\"1 WRZE\u015aNIA 2012\",\"datePublished\":\"2012-09-01T11:24:04+00:00\",\"mainEntityOfPage\":{\"@id\":\"https:\/\/epokaserca.pl\/aktualnosci\/1-wrzesnia-2012\/\"},\"wordCount\":396,\"commentCount\":0,\"articleSection\":[\"Aktualno\u015bci\"],\"inLanguage\":\"pl-PL\",\"potentialAction\":[{\"@type\":\"CommentAction\",\"name\":\"Comment\",\"target\":[\"https:\/\/epokaserca.pl\/aktualnosci\/1-wrzesnia-2012\/#respond\"]}]},{\"@type\":\"WebPage\",\"@id\":\"https:\/\/epokaserca.pl\/aktualnosci\/1-wrzesnia-2012\/\",\"url\":\"https:\/\/epokaserca.pl\/aktualnosci\/1-wrzesnia-2012\/\",\"name\":\"1 WRZE\u015aNIA 2012 - Aktualno\u015bci\",\"isPartOf\":{\"@id\":\"https:\/\/epokaserca.pl\/aktualnosci\/#website\"},\"datePublished\":\"2012-09-01T11:24:04+00:00\",\"author\":{\"@id\":\"https:\/\/epokaserca.pl\/aktualnosci\/#\/schema\/person\/f87215bc4f757d15c7321145cbabc434\"},\"breadcrumb\":{\"@id\":\"https:\/\/epokaserca.pl\/aktualnosci\/1-wrzesnia-2012\/#breadcrumb\"},\"inLanguage\":\"pl-PL\",\"potentialAction\":[{\"@type\":\"ReadAction\",\"target\":[\"https:\/\/epokaserca.pl\/aktualnosci\/1-wrzesnia-2012\/\"]}]},{\"@type\":\"BreadcrumbList\",\"@id\":\"https:\/\/epokaserca.pl\/aktualnosci\/1-wrzesnia-2012\/#breadcrumb\",\"itemListElement\":[{\"@type\":\"ListItem\",\"position\":1,\"name\":\"Home\",\"item\":\"https:\/\/epokaserca.pl\/aktualnosci\/\"},{\"@type\":\"ListItem\",\"position\":2,\"name\":\"1 WRZE\u015aNIA 2012\"}]},{\"@type\":\"WebSite\",\"@id\":\"https:\/\/epokaserca.pl\/aktualnosci\/#website\",\"url\":\"https:\/\/epokaserca.pl\/aktualnosci\/\",\"name\":\"Aktualno\u015bci\",\"description\":\"\",\"potentialAction\":[{\"@type\":\"SearchAction\",\"target\":{\"@type\":\"EntryPoint\",\"urlTemplate\":\"https:\/\/epokaserca.pl\/aktualnosci\/?s={search_term_string}\"},\"query-input\":{\"@type\":\"PropertyValueSpecification\",\"valueRequired\":true,\"valueName\":\"search_term_string\"}}],\"inLanguage\":\"pl-PL\"},{\"@type\":\"Person\",\"@id\":\"https:\/\/epokaserca.pl\/aktualnosci\/#\/schema\/person\/f87215bc4f757d15c7321145cbabc434\",\"name\":\"admin\",\"image\":{\"@type\":\"ImageObject\",\"inLanguage\":\"pl-PL\",\"@id\":\"https:\/\/epokaserca.pl\/aktualnosci\/#\/schema\/person\/image\/\",\"url\":\"https:\/\/secure.gravatar.com\/avatar\/8e51b30565ad99a9f8b25bd638d21cd1?s=96&d=mm&r=g\",\"contentUrl\":\"https:\/\/secure.gravatar.com\/avatar\/8e51b30565ad99a9f8b25bd638d21cd1?s=96&d=mm&r=g\",\"caption\":\"admin\"},\"url\":\"https:\/\/epokaserca.pl\/aktualnosci\/author\/admin\/\"}]}<\/script>\n<!-- \/ Yoast SEO plugin. -->","yoast_head_json":{"title":"1 WRZE\u015aNIA 2012 - Aktualno\u015bci","robots":{"index":"index","follow":"follow","max-snippet":"max-snippet:-1","max-image-preview":"max-image-preview:large","max-video-preview":"max-video-preview:-1"},"canonical":"https:\/\/epokaserca.pl\/aktualnosci\/1-wrzesnia-2012\/","og_locale":"pl_PL","og_type":"article","og_title":"1 WRZE\u015aNIA 2012 - Aktualno\u015bci","og_description":"Kochani, dzi\u015b rocznica wybuchu II wojny \u015bwiatowej i je\u015bli wyci\u0105gn\u0119li\u015bmy z niej wnioski, czas zostawi\u0107 ju\u017c przesz\u0142o\u015b\u0107. Wydarzenia w trzecim wymiarze s\u0142u\u017c\u0105 naszemu wzrostowi, a nie ci\u0105g\u0142emu rozpami\u0119tywaniu. Jakie wnioski mieli\u015bmy wyciagn\u0105\u0107? To nasza globalna \u015bwiadomo\u015b\u0107 i nie\u015bwiadoma zgoda &nbsp;na takie wydarzenia stworzy\u0142a wojn\u0119, wzorce ofiar, walki, podleg\u0142o\u015bci, prawdy trzeciego wymiaru. Dzi\u015b to ju\u017c poza nami, cho\u0107 niekt\u00f3rzy nie rozumiej\u0105c swej mocy tworzenia, nadal w nich przebywaj\u0105. Podzi\u0119kujmy naszym przodkom za udzia\u0142 w tym trudnym do\u015bwiadczeniu, to dzi\u0119ki ich wk\u0142adowi i uczestnictwu dzi\u015b mo\u017cemy powiedzie\u0107 NIE. Nie chce ju\u017c takiego \u015bwiata, chc\u0119 mi\u0142o\u015bci, pokoju, harmonii.&nbsp; Musieli\u015bmy zobaczy\u0107 skutki, aby\u015bmy dzi\u015b chcieli tworzy\u0107 NOWY \u015aWIAT MI\u0141OWANIA Pob\u0142ogos\u0142awmy wszystkie strony \u00f3wczesnego konfliktu, bo ka\u017cda z nich pracowa\u0142a na rzecz dzisiejszego pragnienia pokoju. B\u0142ogos\u0142awie\u0144stwo zamknie na zawsze to co trudne i otworzy serce na zrozumienie i mi\u0142o\u015b\u0107. To nie b\u00f3l i wspomnienia maj\u0105 zosta\u0107 w nas, lecz wdzi\u0119czno\u015b\u0107 za trud do\u015bwiadczenia i odwaga tworzenia nowego \u015bwiata. Ponad wszystkim niech b\u0119dzie mi\u0142o\u015b\u0107&nbsp; http:\/\/www.youtube.com\/watch?v=ih1945e4q7I&amp;feature=player_detailpage&nbsp; &nbsp;","og_url":"https:\/\/epokaserca.pl\/aktualnosci\/1-wrzesnia-2012\/","og_site_name":"Aktualno\u015bci","article_published_time":"2012-09-01T11:24:04+00:00","author":"admin","twitter_card":"summary_large_image","twitter_misc":{"Napisane przez":"admin","Szacowany czas czytania":"2 minuty"},"schema":{"@context":"https:\/\/schema.org","@graph":[{"@type":"Article","@id":"https:\/\/epokaserca.pl\/aktualnosci\/1-wrzesnia-2012\/#article","isPartOf":{"@id":"https:\/\/epokaserca.pl\/aktualnosci\/1-wrzesnia-2012\/"},"author":{"name":"admin","@id":"https:\/\/epokaserca.pl\/aktualnosci\/#\/schema\/person\/f87215bc4f757d15c7321145cbabc434"},"headline":"1 WRZE\u015aNIA 2012","datePublished":"2012-09-01T11:24:04+00:00","mainEntityOfPage":{"@id":"https:\/\/epokaserca.pl\/aktualnosci\/1-wrzesnia-2012\/"},"wordCount":396,"commentCount":0,"articleSection":["Aktualno\u015bci"],"inLanguage":"pl-PL","potentialAction":[{"@type":"CommentAction","name":"Comment","target":["https:\/\/epokaserca.pl\/aktualnosci\/1-wrzesnia-2012\/#respond"]}]},{"@type":"WebPage","@id":"https:\/\/epokaserca.pl\/aktualnosci\/1-wrzesnia-2012\/","url":"https:\/\/epokaserca.pl\/aktualnosci\/1-wrzesnia-2012\/","name":"1 WRZE\u015aNIA 2012 - Aktualno\u015bci","isPartOf":{"@id":"https:\/\/epokaserca.pl\/aktualnosci\/#website"},"datePublished":"2012-09-01T11:24:04+00:00","author":{"@id":"https:\/\/epokaserca.pl\/aktualnosci\/#\/schema\/person\/f87215bc4f757d15c7321145cbabc434"},"breadcrumb":{"@id":"https:\/\/epokaserca.pl\/aktualnosci\/1-wrzesnia-2012\/#breadcrumb"},"inLanguage":"pl-PL","potentialAction":[{"@type":"ReadAction","target":["https:\/\/epokaserca.pl\/aktualnosci\/1-wrzesnia-2012\/"]}]},{"@type":"BreadcrumbList","@id":"https:\/\/epokaserca.pl\/aktualnosci\/1-wrzesnia-2012\/#breadcrumb","itemListElement":[{"@type":"ListItem","position":1,"name":"Home","item":"https:\/\/epokaserca.pl\/aktualnosci\/"},{"@type":"ListItem","position":2,"name":"1 WRZE\u015aNIA 2012"}]},{"@type":"WebSite","@id":"https:\/\/epokaserca.pl\/aktualnosci\/#website","url":"https:\/\/epokaserca.pl\/aktualnosci\/","name":"Aktualno\u015bci","description":"","potentialAction":[{"@type":"SearchAction","target":{"@type":"EntryPoint","urlTemplate":"https:\/\/epokaserca.pl\/aktualnosci\/?s={search_term_string}"},"query-input":{"@type":"PropertyValueSpecification","valueRequired":true,"valueName":"search_term_string"}}],"inLanguage":"pl-PL"},{"@type":"Person","@id":"https:\/\/epokaserca.pl\/aktualnosci\/#\/schema\/person\/f87215bc4f757d15c7321145cbabc434","name":"admin","image":{"@type":"ImageObject","inLanguage":"pl-PL","@id":"https:\/\/epokaserca.pl\/aktualnosci\/#\/schema\/person\/image\/","url":"https:\/\/secure.gravatar.com\/avatar\/8e51b30565ad99a9f8b25bd638d21cd1?s=96&d=mm&r=g","contentUrl":"https:\/\/secure.gravatar.com\/avatar\/8e51b30565ad99a9f8b25bd638d21cd1?s=96&d=mm&r=g","caption":"admin"},"url":"https:\/\/epokaserca.pl\/aktualnosci\/author\/admin\/"}]}},"_links":{"self":[{"href":"https:\/\/epokaserca.pl\/aktualnosci\/wp-json\/wp\/v2\/posts\/431","targetHints":{"allow":["GET"]}}],"collection":[{"href":"https:\/\/epokaserca.pl\/aktualnosci\/wp-json\/wp\/v2\/posts"}],"about":[{"href":"https:\/\/epokaserca.pl\/aktualnosci\/wp-json\/wp\/v2\/types\/post"}],"author":[{"embeddable":true,"href":"https:\/\/epokaserca.pl\/aktualnosci\/wp-json\/wp\/v2\/users\/1"}],"replies":[{"embeddable":true,"href":"https:\/\/epokaserca.pl\/aktualnosci\/wp-json\/wp\/v2\/comments?post=431"}],"version-history":[{"count":0,"href":"https:\/\/epokaserca.pl\/aktualnosci\/wp-json\/wp\/v2\/posts\/431\/revisions"}],"wp:attachment":[{"href":"https:\/\/epokaserca.pl\/aktualnosci\/wp-json\/wp\/v2\/media?parent=431"}],"wp:term":[{"taxonomy":"category","embeddable":true,"href":"https:\/\/epokaserca.pl\/aktualnosci\/wp-json\/wp\/v2\/categories?post=431"},{"taxonomy":"post_tag","embeddable":true,"href":"https:\/\/epokaserca.pl\/aktualnosci\/wp-json\/wp\/v2\/tags?post=431"}],"curies":[{"name":"wp","href":"https:\/\/api.w.org\/{rel}","templated":true}]}}