{"id":49,"date":"2011-06-23T20:15:59","date_gmt":"2011-06-23T20:15:59","guid":{"rendered":"https:\/\/epokaserca.pl\/aktualnosci\/index.php\/2011\/06\/23\/medytacja-z-bialym-swiatlem\/"},"modified":"2019-10-03T16:48:55","modified_gmt":"2019-10-03T16:48:55","slug":"medytacja-z-bialym-swiatlem","status":"publish","type":"post","link":"https:\/\/epokaserca.pl\/aktualnosci\/medytacja-z-bialym-swiatlem\/","title":{"rendered":"MEDYTACJA Z BIA\u0141YM \u015aWIAT\u0141EM"},"content":{"rendered":"<p>\u0106wiczenie mo\u017cna wykonywa\u0107 siedz\u0105c lub le\u017c\u0105c z zamkni\u0119tymi oczami .Po kilku minutach odpoczynku i ws\u0142uchiwania si\u0119 w swoje wn\u0119trze oddychaj g\u0142\u0119boko przez 3-5 min..Nast\u0119pnie przyst\u0105p do \u0107wiczenia.<\/p>\n<p>1. Wpu\u015b\u0107 do serca strumie\u0144 czystego, bia\u0142ego \u015bwiat\u0142a pochodz\u0105cego ze wszech\u015bwiata .Niech Twoje serce powi\u0119kszy si\u0119 o t\u0119 duchow\u0105 energi\u0119.\u00a0 Niech wype\u0142ni si\u0119 \u015bwiat\u0142em i mi\u0142o\u015bci\u0105.<\/p>\n<p>2. Niech mi\u0142o\u015b\u0107 i \u015bwiat\u0142o pop\u0142yn\u0105 w g\u00f3r\u0119, do gard\u0142a , od\u017cywiaj\u0105c i otwieraj\u0105c jego czakr\u0119.<\/p>\n<p>3. \u015awiat\u0142o p\u0142ynie w g\u00f3r\u0119, do g\u0142owy, wype\u0142niaj\u0105c j\u0105 czystym blaskiem , kt\u00f3ry stymuluje wy\u017csze o\u015brodki umys\u0142u. Strumie\u0144 \u015bwiat\u0142a z trzeciego oka&#8230; Jest ono otwarte, a ty czujesz jak si\u0119 poszerza.\u015awiat\u0142o p\u0142ynie do czubka g\u0142owy , otwieraj\u0105c czakr\u0119 ciemieniowy. Promieniuj\u0105c z czakry ciemieniowej \u015bwiat\u0142o wype\u0142nia pok\u00f3j .Pozw\u00f3l, by taki\u00a0 stan trwa\u0142 przez minut\u0119.<\/p>\n<p>4. Wr\u00f3\u0107 do czakry serca\u00a0 i wydob\u0105d\u017a z niego wi\u0119cej uzdrawiaj\u0105cego \u015bwiat\u0142a. Niech pop\u0142ynie ramionami w d\u00f3\u0142, do d\u0142oni i promieniuje z nich na zewn\u0105trz. Poczuj przep\u0142ywaj\u0105c\u0105 mi\u0142o\u015b\u0107 i si\u0142\u0119 uzdrawiania. Niech przez minut\u0119 promieniuj\u0105 na otaczaj\u0105cy ci\u0119 \u015bwiat.<\/p>\n<p>5. Wr\u00f3\u0107 do czakry serca i wydob\u0105d\u017a z niego jeszcze wi\u0119cej \u015bwiat\u0142a. Niech p\u0142ynie przez reszt\u0119 cia\u0142a . Je\u015bli zauwa\u017cysz jak\u0105\u015b przeszkod\u0119\u00a0 czy napi\u0119cie, skoncentruj\u00a0 na nich uzdrawiaj\u0105ce \u015bwiat\u0142o i usu\u0144 je.<\/p>\n<p>6. Twoje cia\u0142o l\u015bni .\u015awiat\u0142o p\u0142ynie do czakry\u00a0 splotu s\u0142onecznego, przedostaje si\u0119 przez cia\u0142o emocjonalne i otwiera je. Mi\u0142o\u015b\u0107 i \u015bwiat\u0142o wszech\u015bwiata p\u0142yn\u0105 do twojego cia\u0142a, po czym powracaj\u0105 do wszech\u015bwiata. To trwa przez kilka minut.<\/p>\n<p>7. Zanim otworzysz oczy i wstaniesz, przez minut\u0119 pozosta\u0144 w ciszy.<\/p>\n<h6>\u00a0RICK PHILIPS<\/h6>\n<p><b><i><span style=\"font-size: 16pt; font-family: Sylfaen;\">\u00a0<\/span><\/i><\/b><\/p>\n<p><b><i><span style=\"font-size: 16pt; font-family: Sylfaen;\">\u00a0<\/span><\/i><\/b><\/p>\n","protected":false},"excerpt":{"rendered":"<p>\u0106wiczenie ma na celu uruchomienie energii przep\u0142ywaj\u0105cej prze cia\u0142o za pomoc\u0105 si\u0142y \u015bwiadomo\u015bci .<\/p>\n","protected":false},"author":1,"featured_media":48,"comment_status":"open","ping_status":"open","sticky":false,"template":"","format":"standard","meta":{"footnotes":""},"categories":[18],"tags":[],"class_list":{"0":"post-49","1":"post","2":"type-post","3":"status-publish","4":"format-standard","5":"has-post-thumbnail","7":"category-medytacje","8":"czr-hentry"},"yoast_head":"<!-- This site is optimized with the Yoast SEO plugin v26.8 - https:\/\/yoast.com\/product\/yoast-seo-wordpress\/ -->\n<title>MEDYTACJA Z BIA\u0141YM \u015aWIAT\u0141EM - Aktualno\u015bci<\/title>\n<meta name=\"robots\" content=\"index, follow, max-snippet:-1, max-image-preview:large, max-video-preview:-1\" \/>\n<link rel=\"canonical\" href=\"https:\/\/epokaserca.pl\/aktualnosci\/medytacja-z-bialym-swiatlem\/\" \/>\n<meta property=\"og:locale\" content=\"pl_PL\" \/>\n<meta property=\"og:type\" content=\"article\" \/>\n<meta property=\"og:title\" content=\"MEDYTACJA Z BIA\u0141YM \u015aWIAT\u0141EM - Aktualno\u015bci\" \/>\n<meta property=\"og:description\" content=\"\u0106wiczenie ma na celu uruchomienie energii przep\u0142ywaj\u0105cej prze cia\u0142o za pomoc\u0105 si\u0142y \u015bwiadomo\u015bci .\" \/>\n<meta property=\"og:url\" content=\"https:\/\/epokaserca.pl\/aktualnosci\/medytacja-z-bialym-swiatlem\/\" \/>\n<meta property=\"og:site_name\" content=\"Aktualno\u015bci\" \/>\n<meta property=\"article:published_time\" content=\"2011-06-23T20:15:59+00:00\" \/>\n<meta property=\"article:modified_time\" content=\"2019-10-03T16:48:55+00:00\" \/>\n<meta property=\"og:image\" content=\"https:\/\/epokaserca.pl\/aktualnosci\/wp-content\/uploads\/2011\/06\/21f2b890a3.jpeg\" \/>\n\t<meta property=\"og:image:width\" content=\"500\" \/>\n\t<meta property=\"og:image:height\" content=\"633\" \/>\n\t<meta property=\"og:image:type\" content=\"image\/jpeg\" \/>\n<meta name=\"author\" content=\"admin\" \/>\n<meta name=\"twitter:card\" content=\"summary_large_image\" \/>\n<meta name=\"twitter:label1\" content=\"Napisane przez\" \/>\n\t<meta name=\"twitter:data1\" content=\"admin\" \/>\n\t<meta name=\"twitter:label2\" content=\"Szacowany czas czytania\" \/>\n\t<meta name=\"twitter:data2\" content=\"2 minuty\" \/>\n<script type=\"application\/ld+json\" class=\"yoast-schema-graph\">{\"@context\":\"https:\/\/schema.org\",\"@graph\":[{\"@type\":\"Article\",\"@id\":\"https:\/\/epokaserca.pl\/aktualnosci\/medytacja-z-bialym-swiatlem\/#article\",\"isPartOf\":{\"@id\":\"https:\/\/epokaserca.pl\/aktualnosci\/medytacja-z-bialym-swiatlem\/\"},\"author\":{\"name\":\"admin\",\"@id\":\"https:\/\/epokaserca.pl\/aktualnosci\/#\/schema\/person\/f87215bc4f757d15c7321145cbabc434\"},\"headline\":\"MEDYTACJA Z BIA\u0141YM \u015aWIAT\u0141EM\",\"datePublished\":\"2011-06-23T20:15:59+00:00\",\"dateModified\":\"2019-10-03T16:48:55+00:00\",\"mainEntityOfPage\":{\"@id\":\"https:\/\/epokaserca.pl\/aktualnosci\/medytacja-z-bialym-swiatlem\/\"},\"wordCount\":318,\"commentCount\":0,\"image\":{\"@id\":\"https:\/\/epokaserca.pl\/aktualnosci\/medytacja-z-bialym-swiatlem\/#primaryimage\"},\"thumbnailUrl\":\"https:\/\/epokaserca.pl\/aktualnosci\/wp-content\/uploads\/2011\/06\/21f2b890a3.jpeg\",\"articleSection\":[\"Medytacje\"],\"inLanguage\":\"pl-PL\",\"potentialAction\":[{\"@type\":\"CommentAction\",\"name\":\"Comment\",\"target\":[\"https:\/\/epokaserca.pl\/aktualnosci\/medytacja-z-bialym-swiatlem\/#respond\"]}]},{\"@type\":\"WebPage\",\"@id\":\"https:\/\/epokaserca.pl\/aktualnosci\/medytacja-z-bialym-swiatlem\/\",\"url\":\"https:\/\/epokaserca.pl\/aktualnosci\/medytacja-z-bialym-swiatlem\/\",\"name\":\"MEDYTACJA Z BIA\u0141YM \u015aWIAT\u0141EM - Aktualno\u015bci\",\"isPartOf\":{\"@id\":\"https:\/\/epokaserca.pl\/aktualnosci\/#website\"},\"primaryImageOfPage\":{\"@id\":\"https:\/\/epokaserca.pl\/aktualnosci\/medytacja-z-bialym-swiatlem\/#primaryimage\"},\"image\":{\"@id\":\"https:\/\/epokaserca.pl\/aktualnosci\/medytacja-z-bialym-swiatlem\/#primaryimage\"},\"thumbnailUrl\":\"https:\/\/epokaserca.pl\/aktualnosci\/wp-content\/uploads\/2011\/06\/21f2b890a3.jpeg\",\"datePublished\":\"2011-06-23T20:15:59+00:00\",\"dateModified\":\"2019-10-03T16:48:55+00:00\",\"author\":{\"@id\":\"https:\/\/epokaserca.pl\/aktualnosci\/#\/schema\/person\/f87215bc4f757d15c7321145cbabc434\"},\"breadcrumb\":{\"@id\":\"https:\/\/epokaserca.pl\/aktualnosci\/medytacja-z-bialym-swiatlem\/#breadcrumb\"},\"inLanguage\":\"pl-PL\",\"potentialAction\":[{\"@type\":\"ReadAction\",\"target\":[\"https:\/\/epokaserca.pl\/aktualnosci\/medytacja-z-bialym-swiatlem\/\"]}]},{\"@type\":\"ImageObject\",\"inLanguage\":\"pl-PL\",\"@id\":\"https:\/\/epokaserca.pl\/aktualnosci\/medytacja-z-bialym-swiatlem\/#primaryimage\",\"url\":\"https:\/\/epokaserca.pl\/aktualnosci\/wp-content\/uploads\/2011\/06\/21f2b890a3.jpeg\",\"contentUrl\":\"https:\/\/epokaserca.pl\/aktualnosci\/wp-content\/uploads\/2011\/06\/21f2b890a3.jpeg\",\"width\":500,\"height\":633},{\"@type\":\"BreadcrumbList\",\"@id\":\"https:\/\/epokaserca.pl\/aktualnosci\/medytacja-z-bialym-swiatlem\/#breadcrumb\",\"itemListElement\":[{\"@type\":\"ListItem\",\"position\":1,\"name\":\"Home\",\"item\":\"https:\/\/epokaserca.pl\/aktualnosci\/\"},{\"@type\":\"ListItem\",\"position\":2,\"name\":\"MEDYTACJA Z BIA\u0141YM \u015aWIAT\u0141EM\"}]},{\"@type\":\"WebSite\",\"@id\":\"https:\/\/epokaserca.pl\/aktualnosci\/#website\",\"url\":\"https:\/\/epokaserca.pl\/aktualnosci\/\",\"name\":\"Aktualno\u015bci\",\"description\":\"\",\"potentialAction\":[{\"@type\":\"SearchAction\",\"target\":{\"@type\":\"EntryPoint\",\"urlTemplate\":\"https:\/\/epokaserca.pl\/aktualnosci\/?s={search_term_string}\"},\"query-input\":{\"@type\":\"PropertyValueSpecification\",\"valueRequired\":true,\"valueName\":\"search_term_string\"}}],\"inLanguage\":\"pl-PL\"},{\"@type\":\"Person\",\"@id\":\"https:\/\/epokaserca.pl\/aktualnosci\/#\/schema\/person\/f87215bc4f757d15c7321145cbabc434\",\"name\":\"admin\",\"image\":{\"@type\":\"ImageObject\",\"inLanguage\":\"pl-PL\",\"@id\":\"https:\/\/epokaserca.pl\/aktualnosci\/#\/schema\/person\/image\/\",\"url\":\"https:\/\/secure.gravatar.com\/avatar\/8e51b30565ad99a9f8b25bd638d21cd1?s=96&d=mm&r=g\",\"contentUrl\":\"https:\/\/secure.gravatar.com\/avatar\/8e51b30565ad99a9f8b25bd638d21cd1?s=96&d=mm&r=g\",\"caption\":\"admin\"},\"url\":\"https:\/\/epokaserca.pl\/aktualnosci\/author\/admin\/\"}]}<\/script>\n<!-- \/ Yoast SEO plugin. -->","yoast_head_json":{"title":"MEDYTACJA Z BIA\u0141YM \u015aWIAT\u0141EM - Aktualno\u015bci","robots":{"index":"index","follow":"follow","max-snippet":"max-snippet:-1","max-image-preview":"max-image-preview:large","max-video-preview":"max-video-preview:-1"},"canonical":"https:\/\/epokaserca.pl\/aktualnosci\/medytacja-z-bialym-swiatlem\/","og_locale":"pl_PL","og_type":"article","og_title":"MEDYTACJA Z BIA\u0141YM \u015aWIAT\u0141EM - Aktualno\u015bci","og_description":"\u0106wiczenie ma na celu uruchomienie energii przep\u0142ywaj\u0105cej prze cia\u0142o za pomoc\u0105 si\u0142y \u015bwiadomo\u015bci .","og_url":"https:\/\/epokaserca.pl\/aktualnosci\/medytacja-z-bialym-swiatlem\/","og_site_name":"Aktualno\u015bci","article_published_time":"2011-06-23T20:15:59+00:00","article_modified_time":"2019-10-03T16:48:55+00:00","og_image":[{"width":500,"height":633,"url":"https:\/\/epokaserca.pl\/aktualnosci\/wp-content\/uploads\/2011\/06\/21f2b890a3.jpeg","type":"image\/jpeg"}],"author":"admin","twitter_card":"summary_large_image","twitter_misc":{"Napisane przez":"admin","Szacowany czas czytania":"2 minuty"},"schema":{"@context":"https:\/\/schema.org","@graph":[{"@type":"Article","@id":"https:\/\/epokaserca.pl\/aktualnosci\/medytacja-z-bialym-swiatlem\/#article","isPartOf":{"@id":"https:\/\/epokaserca.pl\/aktualnosci\/medytacja-z-bialym-swiatlem\/"},"author":{"name":"admin","@id":"https:\/\/epokaserca.pl\/aktualnosci\/#\/schema\/person\/f87215bc4f757d15c7321145cbabc434"},"headline":"MEDYTACJA Z BIA\u0141YM \u015aWIAT\u0141EM","datePublished":"2011-06-23T20:15:59+00:00","dateModified":"2019-10-03T16:48:55+00:00","mainEntityOfPage":{"@id":"https:\/\/epokaserca.pl\/aktualnosci\/medytacja-z-bialym-swiatlem\/"},"wordCount":318,"commentCount":0,"image":{"@id":"https:\/\/epokaserca.pl\/aktualnosci\/medytacja-z-bialym-swiatlem\/#primaryimage"},"thumbnailUrl":"https:\/\/epokaserca.pl\/aktualnosci\/wp-content\/uploads\/2011\/06\/21f2b890a3.jpeg","articleSection":["Medytacje"],"inLanguage":"pl-PL","potentialAction":[{"@type":"CommentAction","name":"Comment","target":["https:\/\/epokaserca.pl\/aktualnosci\/medytacja-z-bialym-swiatlem\/#respond"]}]},{"@type":"WebPage","@id":"https:\/\/epokaserca.pl\/aktualnosci\/medytacja-z-bialym-swiatlem\/","url":"https:\/\/epokaserca.pl\/aktualnosci\/medytacja-z-bialym-swiatlem\/","name":"MEDYTACJA Z BIA\u0141YM \u015aWIAT\u0141EM - Aktualno\u015bci","isPartOf":{"@id":"https:\/\/epokaserca.pl\/aktualnosci\/#website"},"primaryImageOfPage":{"@id":"https:\/\/epokaserca.pl\/aktualnosci\/medytacja-z-bialym-swiatlem\/#primaryimage"},"image":{"@id":"https:\/\/epokaserca.pl\/aktualnosci\/medytacja-z-bialym-swiatlem\/#primaryimage"},"thumbnailUrl":"https:\/\/epokaserca.pl\/aktualnosci\/wp-content\/uploads\/2011\/06\/21f2b890a3.jpeg","datePublished":"2011-06-23T20:15:59+00:00","dateModified":"2019-10-03T16:48:55+00:00","author":{"@id":"https:\/\/epokaserca.pl\/aktualnosci\/#\/schema\/person\/f87215bc4f757d15c7321145cbabc434"},"breadcrumb":{"@id":"https:\/\/epokaserca.pl\/aktualnosci\/medytacja-z-bialym-swiatlem\/#breadcrumb"},"inLanguage":"pl-PL","potentialAction":[{"@type":"ReadAction","target":["https:\/\/epokaserca.pl\/aktualnosci\/medytacja-z-bialym-swiatlem\/"]}]},{"@type":"ImageObject","inLanguage":"pl-PL","@id":"https:\/\/epokaserca.pl\/aktualnosci\/medytacja-z-bialym-swiatlem\/#primaryimage","url":"https:\/\/epokaserca.pl\/aktualnosci\/wp-content\/uploads\/2011\/06\/21f2b890a3.jpeg","contentUrl":"https:\/\/epokaserca.pl\/aktualnosci\/wp-content\/uploads\/2011\/06\/21f2b890a3.jpeg","width":500,"height":633},{"@type":"BreadcrumbList","@id":"https:\/\/epokaserca.pl\/aktualnosci\/medytacja-z-bialym-swiatlem\/#breadcrumb","itemListElement":[{"@type":"ListItem","position":1,"name":"Home","item":"https:\/\/epokaserca.pl\/aktualnosci\/"},{"@type":"ListItem","position":2,"name":"MEDYTACJA Z BIA\u0141YM \u015aWIAT\u0141EM"}]},{"@type":"WebSite","@id":"https:\/\/epokaserca.pl\/aktualnosci\/#website","url":"https:\/\/epokaserca.pl\/aktualnosci\/","name":"Aktualno\u015bci","description":"","potentialAction":[{"@type":"SearchAction","target":{"@type":"EntryPoint","urlTemplate":"https:\/\/epokaserca.pl\/aktualnosci\/?s={search_term_string}"},"query-input":{"@type":"PropertyValueSpecification","valueRequired":true,"valueName":"search_term_string"}}],"inLanguage":"pl-PL"},{"@type":"Person","@id":"https:\/\/epokaserca.pl\/aktualnosci\/#\/schema\/person\/f87215bc4f757d15c7321145cbabc434","name":"admin","image":{"@type":"ImageObject","inLanguage":"pl-PL","@id":"https:\/\/epokaserca.pl\/aktualnosci\/#\/schema\/person\/image\/","url":"https:\/\/secure.gravatar.com\/avatar\/8e51b30565ad99a9f8b25bd638d21cd1?s=96&d=mm&r=g","contentUrl":"https:\/\/secure.gravatar.com\/avatar\/8e51b30565ad99a9f8b25bd638d21cd1?s=96&d=mm&r=g","caption":"admin"},"url":"https:\/\/epokaserca.pl\/aktualnosci\/author\/admin\/"}]}},"_links":{"self":[{"href":"https:\/\/epokaserca.pl\/aktualnosci\/wp-json\/wp\/v2\/posts\/49","targetHints":{"allow":["GET"]}}],"collection":[{"href":"https:\/\/epokaserca.pl\/aktualnosci\/wp-json\/wp\/v2\/posts"}],"about":[{"href":"https:\/\/epokaserca.pl\/aktualnosci\/wp-json\/wp\/v2\/types\/post"}],"author":[{"embeddable":true,"href":"https:\/\/epokaserca.pl\/aktualnosci\/wp-json\/wp\/v2\/users\/1"}],"replies":[{"embeddable":true,"href":"https:\/\/epokaserca.pl\/aktualnosci\/wp-json\/wp\/v2\/comments?post=49"}],"version-history":[{"count":1,"href":"https:\/\/epokaserca.pl\/aktualnosci\/wp-json\/wp\/v2\/posts\/49\/revisions"}],"predecessor-version":[{"id":1562,"href":"https:\/\/epokaserca.pl\/aktualnosci\/wp-json\/wp\/v2\/posts\/49\/revisions\/1562"}],"wp:featuredmedia":[{"embeddable":true,"href":"https:\/\/epokaserca.pl\/aktualnosci\/wp-json\/wp\/v2\/media\/48"}],"wp:attachment":[{"href":"https:\/\/epokaserca.pl\/aktualnosci\/wp-json\/wp\/v2\/media?parent=49"}],"wp:term":[{"taxonomy":"category","embeddable":true,"href":"https:\/\/epokaserca.pl\/aktualnosci\/wp-json\/wp\/v2\/categories?post=49"},{"taxonomy":"post_tag","embeddable":true,"href":"https:\/\/epokaserca.pl\/aktualnosci\/wp-json\/wp\/v2\/tags?post=49"}],"curies":[{"name":"wp","href":"https:\/\/api.w.org\/{rel}","templated":true}]}}