{"id":58,"date":"2011-06-23T22:15:57","date_gmt":"2011-06-23T22:15:57","guid":{"rendered":"https:\/\/epokaserca.pl\/aktualnosci\/index.php\/2011\/06\/23\/medytacja-swiatyni-swiatla\/"},"modified":"2019-10-03T16:33:20","modified_gmt":"2019-10-03T16:33:20","slug":"medytacja-swiatyni-swiatla","status":"publish","type":"post","link":"https:\/\/epokaserca.pl\/aktualnosci\/medytacja-swiatyni-swiatla\/","title":{"rendered":"MEDYTACJA \u015aWI\u0104TYNI \u015aWIAT\u0141A"},"content":{"rendered":"<p style=\"line-height: 150%; text-align: center;\">\n<p style=\"line-height: 150%;\">Pozw\u00f3lmy, aby nios\u0142y nas przez czyst\u0105, b\u0142\u0119kitn\u0105 wod\u0119, dzi\u0119ki ich energii przepe\u0142nionej rado\u015bci\u0105 i mi\u0142o\u015bci\u0105. Niech nas zabior\u0105 z dala od znanego nam otoczenia, pozwalaj\u0105c nam pozby\u0107 si\u0119 wszelkich zmartwie\u0144, l\u0119k\u00f3w i my\u015bli. Gdy zostawiaj\u0105 nas na schodach prowadz\u0105cych na powierzchni\u0119 wody, jeste\u015bmy jak dzieci: uwa\u017cni, podekscytowani i otwarci na przyjmowanie.<\/p>\n<p style=\"line-height: 150%;\">Wchodzimy po siedmiu stopniach do olbrzymiej \u015bwi\u0105tyni, chocia\u017c trudno powiedzie\u0107, czy kolumny, kt\u00f3re mijamy, s\u0105 z kamienia, czy te\u017c \u015bwiat\u0142a. Czujemy, jak r\u0119ce pe\u0142ne mi\u0142o\u015bci prowadz\u0105 nas na \u0142o\u017ce w centrum \u015bwi\u0105tyni, na kt\u00f3rym k\u0142adziemy si\u0119 i odpoczywamy. Gdy patrzymy w g\u00f3r\u0119, widzimy i czujemy, jak energia mi\u0142o\u015bci i tworzenia sp\u0142ywa na nas zmieniaj\u0105c nas &#8211; jest to energia pochodz\u0105ca z tych samych \u017ar\u00f3de\u0142, kt\u00f3re da\u0142y nam posta\u0107 ludzk\u0105, gdy po raz pierwszy przyszli\u015bmy na Ziemi\u0119.<\/p>\n<p style=\"line-height: 150%;\">Po tym, jak w pe\u0142ni po\u0142\u0105czyli\u015bmy si\u0119 z naszym Boskim \u0179r\u00f3d\u0142em, opuszczamy \u0142o\u017ce i dzi\u0119kujemy. Jeste\u015bmy prowadzeni pomi\u0119dzy kolumnami do niezwykle pi\u0119knego ogrodu, gdzie kolory s\u0105 tak pe\u0142ne \u017cycia, \u017ce nie mo\u017cemy ich przyr\u00f3wna\u0107 do czegokolwiek. Ptaki, zwierz\u0119ta, ro\u015bliny, owady s\u0105 pe\u0142ne rado\u015bci i harmonii. Opodal dostrzegamy rzek\u0119, kt\u00f3ra zach\u0119ca nas krystalicznie czyst\u0105 wod\u0105 i g\u0142azami pokrytymi mchem. Mo\u017cemy do niej sprowadzi\u0107 naszych ukochanych, aby odby\u0107 ceremoni\u0119 przebaczenia w wodospadach, kt\u00f3re tworz\u0105 wspania\u0142e t\u0119cze.<\/p>\n<p style=\"line-height: 150%;\">Wracamy do \u015bwi\u0105tyni, schodzimy po schodach do czekaj\u0105cych na nas delfin\u00f3w, kt\u00f3re zabior\u0105 nas do miejsca, gdzie kolory t\u0119czy igraj\u0105 na wodzie. Pozwalaj\u0105 nam zosta\u0107 i cieszy\u0107 si\u0119 wybranymi przez nas kolorami, zanim powr\u00f3cimy do sk\u0105panej s\u0142o\u0144cem, piaszczystej pla\u017cy, z kt\u00f3rej wyruszyli\u015bmy w t\u0119 podr\u00f3\u017c. Dzi\u0119kujemy ponownie.<\/p>\n<p style=\"line-height: 150%;\">A teraz powr\u00f3\u0107my do naszych cia\u0142 usadowionych w wygodnych fotelach w tym pokoju, wiedz\u0105c, \u017ce mo\u017cemy zawsze powr\u00f3ci\u0107 do \u015bwi\u0105tyni i ogrodu, aby uzyska\u0107 uzdrowienie kiedy tylko poczujemy brak r\u00f3wnowagi i energii \u017cycia.<\/p>\n<p style=\"text-align: center; line-height: 150%;\" align=\"center\"><span style=\"color: blue;\">\u00a0<\/span>MARY I ALAN EARLE<\/p>\n","protected":false},"excerpt":{"rendered":"<p style=\"line-height: 150%;\">Siedz\u0105c wygodnie, zaprowad\u017amy nasz\u0105 dusz\u0119 na pi\u0119kn\u0105, sk\u0105pan\u0105 s\u0142o\u0144cem pla\u017c\u0119 i wezwijmy delfiny.<\/p>\n","protected":false},"author":1,"featured_media":57,"comment_status":"open","ping_status":"open","sticky":false,"template":"","format":"standard","meta":{"footnotes":""},"categories":[18],"tags":[],"class_list":{"0":"post-58","1":"post","2":"type-post","3":"status-publish","4":"format-standard","5":"has-post-thumbnail","7":"category-medytacje","8":"czr-hentry"},"yoast_head":"<!-- This site is optimized with the Yoast SEO plugin v26.8 - https:\/\/yoast.com\/product\/yoast-seo-wordpress\/ -->\n<title>MEDYTACJA \u015aWI\u0104TYNI \u015aWIAT\u0141A - Aktualno\u015bci<\/title>\n<meta name=\"robots\" content=\"index, follow, max-snippet:-1, max-image-preview:large, max-video-preview:-1\" \/>\n<link rel=\"canonical\" href=\"https:\/\/epokaserca.pl\/aktualnosci\/medytacja-swiatyni-swiatla\/\" \/>\n<meta property=\"og:locale\" content=\"pl_PL\" \/>\n<meta property=\"og:type\" content=\"article\" \/>\n<meta property=\"og:title\" content=\"MEDYTACJA \u015aWI\u0104TYNI \u015aWIAT\u0141A - Aktualno\u015bci\" \/>\n<meta property=\"og:description\" content=\"Siedz\u0105c wygodnie, zaprowad\u017amy nasz\u0105 dusz\u0119 na pi\u0119kn\u0105, sk\u0105pan\u0105 s\u0142o\u0144cem pla\u017c\u0119 i wezwijmy delfiny.\" \/>\n<meta property=\"og:url\" content=\"https:\/\/epokaserca.pl\/aktualnosci\/medytacja-swiatyni-swiatla\/\" \/>\n<meta property=\"og:site_name\" content=\"Aktualno\u015bci\" \/>\n<meta property=\"article:published_time\" content=\"2011-06-23T22:15:57+00:00\" \/>\n<meta property=\"article:modified_time\" content=\"2019-10-03T16:33:20+00:00\" \/>\n<meta property=\"og:image\" content=\"https:\/\/epokaserca.pl\/aktualnosci\/wp-content\/uploads\/2011\/06\/delfiny01d.jpg\" \/>\n\t<meta property=\"og:image:width\" content=\"450\" \/>\n\t<meta property=\"og:image:height\" content=\"337\" \/>\n\t<meta property=\"og:image:type\" content=\"image\/jpeg\" \/>\n<meta name=\"author\" content=\"admin\" \/>\n<meta name=\"twitter:card\" content=\"summary_large_image\" \/>\n<meta name=\"twitter:label1\" content=\"Napisane przez\" \/>\n\t<meta name=\"twitter:data1\" content=\"admin\" \/>\n\t<meta name=\"twitter:label2\" content=\"Szacowany czas czytania\" \/>\n\t<meta name=\"twitter:data2\" content=\"2 minuty\" \/>\n<script type=\"application\/ld+json\" class=\"yoast-schema-graph\">{\"@context\":\"https:\/\/schema.org\",\"@graph\":[{\"@type\":\"Article\",\"@id\":\"https:\/\/epokaserca.pl\/aktualnosci\/medytacja-swiatyni-swiatla\/#article\",\"isPartOf\":{\"@id\":\"https:\/\/epokaserca.pl\/aktualnosci\/medytacja-swiatyni-swiatla\/\"},\"author\":{\"name\":\"admin\",\"@id\":\"https:\/\/epokaserca.pl\/aktualnosci\/#\/schema\/person\/f87215bc4f757d15c7321145cbabc434\"},\"headline\":\"MEDYTACJA \u015aWI\u0104TYNI \u015aWIAT\u0141A\",\"datePublished\":\"2011-06-23T22:15:57+00:00\",\"dateModified\":\"2019-10-03T16:33:20+00:00\",\"mainEntityOfPage\":{\"@id\":\"https:\/\/epokaserca.pl\/aktualnosci\/medytacja-swiatyni-swiatla\/\"},\"wordCount\":369,\"commentCount\":0,\"image\":{\"@id\":\"https:\/\/epokaserca.pl\/aktualnosci\/medytacja-swiatyni-swiatla\/#primaryimage\"},\"thumbnailUrl\":\"https:\/\/epokaserca.pl\/aktualnosci\/wp-content\/uploads\/2011\/06\/delfiny01d.jpg\",\"articleSection\":[\"Medytacje\"],\"inLanguage\":\"pl-PL\",\"potentialAction\":[{\"@type\":\"CommentAction\",\"name\":\"Comment\",\"target\":[\"https:\/\/epokaserca.pl\/aktualnosci\/medytacja-swiatyni-swiatla\/#respond\"]}]},{\"@type\":\"WebPage\",\"@id\":\"https:\/\/epokaserca.pl\/aktualnosci\/medytacja-swiatyni-swiatla\/\",\"url\":\"https:\/\/epokaserca.pl\/aktualnosci\/medytacja-swiatyni-swiatla\/\",\"name\":\"MEDYTACJA \u015aWI\u0104TYNI \u015aWIAT\u0141A - Aktualno\u015bci\",\"isPartOf\":{\"@id\":\"https:\/\/epokaserca.pl\/aktualnosci\/#website\"},\"primaryImageOfPage\":{\"@id\":\"https:\/\/epokaserca.pl\/aktualnosci\/medytacja-swiatyni-swiatla\/#primaryimage\"},\"image\":{\"@id\":\"https:\/\/epokaserca.pl\/aktualnosci\/medytacja-swiatyni-swiatla\/#primaryimage\"},\"thumbnailUrl\":\"https:\/\/epokaserca.pl\/aktualnosci\/wp-content\/uploads\/2011\/06\/delfiny01d.jpg\",\"datePublished\":\"2011-06-23T22:15:57+00:00\",\"dateModified\":\"2019-10-03T16:33:20+00:00\",\"author\":{\"@id\":\"https:\/\/epokaserca.pl\/aktualnosci\/#\/schema\/person\/f87215bc4f757d15c7321145cbabc434\"},\"breadcrumb\":{\"@id\":\"https:\/\/epokaserca.pl\/aktualnosci\/medytacja-swiatyni-swiatla\/#breadcrumb\"},\"inLanguage\":\"pl-PL\",\"potentialAction\":[{\"@type\":\"ReadAction\",\"target\":[\"https:\/\/epokaserca.pl\/aktualnosci\/medytacja-swiatyni-swiatla\/\"]}]},{\"@type\":\"ImageObject\",\"inLanguage\":\"pl-PL\",\"@id\":\"https:\/\/epokaserca.pl\/aktualnosci\/medytacja-swiatyni-swiatla\/#primaryimage\",\"url\":\"https:\/\/epokaserca.pl\/aktualnosci\/wp-content\/uploads\/2011\/06\/delfiny01d.jpg\",\"contentUrl\":\"https:\/\/epokaserca.pl\/aktualnosci\/wp-content\/uploads\/2011\/06\/delfiny01d.jpg\",\"width\":450,\"height\":337},{\"@type\":\"BreadcrumbList\",\"@id\":\"https:\/\/epokaserca.pl\/aktualnosci\/medytacja-swiatyni-swiatla\/#breadcrumb\",\"itemListElement\":[{\"@type\":\"ListItem\",\"position\":1,\"name\":\"Home\",\"item\":\"https:\/\/epokaserca.pl\/aktualnosci\/\"},{\"@type\":\"ListItem\",\"position\":2,\"name\":\"MEDYTACJA \u015aWI\u0104TYNI \u015aWIAT\u0141A\"}]},{\"@type\":\"WebSite\",\"@id\":\"https:\/\/epokaserca.pl\/aktualnosci\/#website\",\"url\":\"https:\/\/epokaserca.pl\/aktualnosci\/\",\"name\":\"Aktualno\u015bci\",\"description\":\"\",\"potentialAction\":[{\"@type\":\"SearchAction\",\"target\":{\"@type\":\"EntryPoint\",\"urlTemplate\":\"https:\/\/epokaserca.pl\/aktualnosci\/?s={search_term_string}\"},\"query-input\":{\"@type\":\"PropertyValueSpecification\",\"valueRequired\":true,\"valueName\":\"search_term_string\"}}],\"inLanguage\":\"pl-PL\"},{\"@type\":\"Person\",\"@id\":\"https:\/\/epokaserca.pl\/aktualnosci\/#\/schema\/person\/f87215bc4f757d15c7321145cbabc434\",\"name\":\"admin\",\"image\":{\"@type\":\"ImageObject\",\"inLanguage\":\"pl-PL\",\"@id\":\"https:\/\/epokaserca.pl\/aktualnosci\/#\/schema\/person\/image\/\",\"url\":\"https:\/\/secure.gravatar.com\/avatar\/8e51b30565ad99a9f8b25bd638d21cd1?s=96&d=mm&r=g\",\"contentUrl\":\"https:\/\/secure.gravatar.com\/avatar\/8e51b30565ad99a9f8b25bd638d21cd1?s=96&d=mm&r=g\",\"caption\":\"admin\"},\"url\":\"https:\/\/epokaserca.pl\/aktualnosci\/author\/admin\/\"}]}<\/script>\n<!-- \/ Yoast SEO plugin. -->","yoast_head_json":{"title":"MEDYTACJA \u015aWI\u0104TYNI \u015aWIAT\u0141A - Aktualno\u015bci","robots":{"index":"index","follow":"follow","max-snippet":"max-snippet:-1","max-image-preview":"max-image-preview:large","max-video-preview":"max-video-preview:-1"},"canonical":"https:\/\/epokaserca.pl\/aktualnosci\/medytacja-swiatyni-swiatla\/","og_locale":"pl_PL","og_type":"article","og_title":"MEDYTACJA \u015aWI\u0104TYNI \u015aWIAT\u0141A - Aktualno\u015bci","og_description":"Siedz\u0105c wygodnie, zaprowad\u017amy nasz\u0105 dusz\u0119 na pi\u0119kn\u0105, sk\u0105pan\u0105 s\u0142o\u0144cem pla\u017c\u0119 i wezwijmy delfiny.","og_url":"https:\/\/epokaserca.pl\/aktualnosci\/medytacja-swiatyni-swiatla\/","og_site_name":"Aktualno\u015bci","article_published_time":"2011-06-23T22:15:57+00:00","article_modified_time":"2019-10-03T16:33:20+00:00","og_image":[{"width":450,"height":337,"url":"https:\/\/epokaserca.pl\/aktualnosci\/wp-content\/uploads\/2011\/06\/delfiny01d.jpg","type":"image\/jpeg"}],"author":"admin","twitter_card":"summary_large_image","twitter_misc":{"Napisane przez":"admin","Szacowany czas czytania":"2 minuty"},"schema":{"@context":"https:\/\/schema.org","@graph":[{"@type":"Article","@id":"https:\/\/epokaserca.pl\/aktualnosci\/medytacja-swiatyni-swiatla\/#article","isPartOf":{"@id":"https:\/\/epokaserca.pl\/aktualnosci\/medytacja-swiatyni-swiatla\/"},"author":{"name":"admin","@id":"https:\/\/epokaserca.pl\/aktualnosci\/#\/schema\/person\/f87215bc4f757d15c7321145cbabc434"},"headline":"MEDYTACJA \u015aWI\u0104TYNI \u015aWIAT\u0141A","datePublished":"2011-06-23T22:15:57+00:00","dateModified":"2019-10-03T16:33:20+00:00","mainEntityOfPage":{"@id":"https:\/\/epokaserca.pl\/aktualnosci\/medytacja-swiatyni-swiatla\/"},"wordCount":369,"commentCount":0,"image":{"@id":"https:\/\/epokaserca.pl\/aktualnosci\/medytacja-swiatyni-swiatla\/#primaryimage"},"thumbnailUrl":"https:\/\/epokaserca.pl\/aktualnosci\/wp-content\/uploads\/2011\/06\/delfiny01d.jpg","articleSection":["Medytacje"],"inLanguage":"pl-PL","potentialAction":[{"@type":"CommentAction","name":"Comment","target":["https:\/\/epokaserca.pl\/aktualnosci\/medytacja-swiatyni-swiatla\/#respond"]}]},{"@type":"WebPage","@id":"https:\/\/epokaserca.pl\/aktualnosci\/medytacja-swiatyni-swiatla\/","url":"https:\/\/epokaserca.pl\/aktualnosci\/medytacja-swiatyni-swiatla\/","name":"MEDYTACJA \u015aWI\u0104TYNI \u015aWIAT\u0141A - Aktualno\u015bci","isPartOf":{"@id":"https:\/\/epokaserca.pl\/aktualnosci\/#website"},"primaryImageOfPage":{"@id":"https:\/\/epokaserca.pl\/aktualnosci\/medytacja-swiatyni-swiatla\/#primaryimage"},"image":{"@id":"https:\/\/epokaserca.pl\/aktualnosci\/medytacja-swiatyni-swiatla\/#primaryimage"},"thumbnailUrl":"https:\/\/epokaserca.pl\/aktualnosci\/wp-content\/uploads\/2011\/06\/delfiny01d.jpg","datePublished":"2011-06-23T22:15:57+00:00","dateModified":"2019-10-03T16:33:20+00:00","author":{"@id":"https:\/\/epokaserca.pl\/aktualnosci\/#\/schema\/person\/f87215bc4f757d15c7321145cbabc434"},"breadcrumb":{"@id":"https:\/\/epokaserca.pl\/aktualnosci\/medytacja-swiatyni-swiatla\/#breadcrumb"},"inLanguage":"pl-PL","potentialAction":[{"@type":"ReadAction","target":["https:\/\/epokaserca.pl\/aktualnosci\/medytacja-swiatyni-swiatla\/"]}]},{"@type":"ImageObject","inLanguage":"pl-PL","@id":"https:\/\/epokaserca.pl\/aktualnosci\/medytacja-swiatyni-swiatla\/#primaryimage","url":"https:\/\/epokaserca.pl\/aktualnosci\/wp-content\/uploads\/2011\/06\/delfiny01d.jpg","contentUrl":"https:\/\/epokaserca.pl\/aktualnosci\/wp-content\/uploads\/2011\/06\/delfiny01d.jpg","width":450,"height":337},{"@type":"BreadcrumbList","@id":"https:\/\/epokaserca.pl\/aktualnosci\/medytacja-swiatyni-swiatla\/#breadcrumb","itemListElement":[{"@type":"ListItem","position":1,"name":"Home","item":"https:\/\/epokaserca.pl\/aktualnosci\/"},{"@type":"ListItem","position":2,"name":"MEDYTACJA \u015aWI\u0104TYNI \u015aWIAT\u0141A"}]},{"@type":"WebSite","@id":"https:\/\/epokaserca.pl\/aktualnosci\/#website","url":"https:\/\/epokaserca.pl\/aktualnosci\/","name":"Aktualno\u015bci","description":"","potentialAction":[{"@type":"SearchAction","target":{"@type":"EntryPoint","urlTemplate":"https:\/\/epokaserca.pl\/aktualnosci\/?s={search_term_string}"},"query-input":{"@type":"PropertyValueSpecification","valueRequired":true,"valueName":"search_term_string"}}],"inLanguage":"pl-PL"},{"@type":"Person","@id":"https:\/\/epokaserca.pl\/aktualnosci\/#\/schema\/person\/f87215bc4f757d15c7321145cbabc434","name":"admin","image":{"@type":"ImageObject","inLanguage":"pl-PL","@id":"https:\/\/epokaserca.pl\/aktualnosci\/#\/schema\/person\/image\/","url":"https:\/\/secure.gravatar.com\/avatar\/8e51b30565ad99a9f8b25bd638d21cd1?s=96&d=mm&r=g","contentUrl":"https:\/\/secure.gravatar.com\/avatar\/8e51b30565ad99a9f8b25bd638d21cd1?s=96&d=mm&r=g","caption":"admin"},"url":"https:\/\/epokaserca.pl\/aktualnosci\/author\/admin\/"}]}},"_links":{"self":[{"href":"https:\/\/epokaserca.pl\/aktualnosci\/wp-json\/wp\/v2\/posts\/58","targetHints":{"allow":["GET"]}}],"collection":[{"href":"https:\/\/epokaserca.pl\/aktualnosci\/wp-json\/wp\/v2\/posts"}],"about":[{"href":"https:\/\/epokaserca.pl\/aktualnosci\/wp-json\/wp\/v2\/types\/post"}],"author":[{"embeddable":true,"href":"https:\/\/epokaserca.pl\/aktualnosci\/wp-json\/wp\/v2\/users\/1"}],"replies":[{"embeddable":true,"href":"https:\/\/epokaserca.pl\/aktualnosci\/wp-json\/wp\/v2\/comments?post=58"}],"version-history":[{"count":1,"href":"https:\/\/epokaserca.pl\/aktualnosci\/wp-json\/wp\/v2\/posts\/58\/revisions"}],"predecessor-version":[{"id":1556,"href":"https:\/\/epokaserca.pl\/aktualnosci\/wp-json\/wp\/v2\/posts\/58\/revisions\/1556"}],"wp:featuredmedia":[{"embeddable":true,"href":"https:\/\/epokaserca.pl\/aktualnosci\/wp-json\/wp\/v2\/media\/57"}],"wp:attachment":[{"href":"https:\/\/epokaserca.pl\/aktualnosci\/wp-json\/wp\/v2\/media?parent=58"}],"wp:term":[{"taxonomy":"category","embeddable":true,"href":"https:\/\/epokaserca.pl\/aktualnosci\/wp-json\/wp\/v2\/categories?post=58"},{"taxonomy":"post_tag","embeddable":true,"href":"https:\/\/epokaserca.pl\/aktualnosci\/wp-json\/wp\/v2\/tags?post=58"}],"curies":[{"name":"wp","href":"https:\/\/api.w.org\/{rel}","templated":true}]}}