{"id":580,"date":"2013-02-10T23:21:11","date_gmt":"2013-02-10T23:21:11","guid":{"rendered":"https:\/\/epokaserca.pl\/aktualnosci\/index.php\/2013\/02\/10\/marta-pachucka\/"},"modified":"2013-02-10T23:21:11","modified_gmt":"2013-02-10T23:21:11","slug":"marta-pachucka","status":"publish","type":"post","link":"https:\/\/epokaserca.pl\/aktualnosci\/marta-pachucka\/","title":{"rendered":"MARTA PACHUCKA"},"content":{"rendered":"<table border=\"0\" cellspacing=\"0\" cellpadding=\"0\" style=\"color: #777777; font-size: 11.818181991577148px; line-height: 15.596590995788574px; width: 650px;\">\n<tbody>\n<tr style=\"height: 18.75pt;\">\n<td style=\"background-color: #ffcc00; padding: 0cm; height: 18.75pt;\">\n<p style=\"margin-top: 7.5pt;\"><b><span style=\"font-size: 13.5pt; font-family: Arial;\">Marta Pachucka<\/span><\/b><b><span style=\"font-size: 13.5pt;\"><\/span><\/b><\/p>\n<\/td>\n<\/tr>\n<tr>\n<td valign=\"top\" style=\"padding: 0cm;\">\n<p><strong><span style=\"font-family: Arial;\">\u017b<\/span><\/strong><span style=\"font-family: Arial;\">ycie ma\u0142ej Marty uratowa\u0142a operacja w pi\u0119tnastej dobie \u017cycia. Dziewczynka urodzi\u0142a si\u0119 z<strong>pojedyncz\u0105 komor\u0105 serca<\/strong>, zro\u015bni\u0119t\u0105 zastawk\u0105 mitraln\u0105 i wad\u0105 naczy\u0144 wspomagaj\u0105cych prac\u0119 serca. Dzi\u015b Marta ma cztery lata i za sob\u0105 seri\u0119 skomplikowanych operacji przeprowadzonych na otwartym sercu. Mimo to jest \u017cyw\u0105 i radosn\u0105 dziewczynk\u0105.<span class=\"apple-converted-space\"><b>&nbsp;<\/b><strong>Obecnie oczekuje na III etap leczenia operacyjnego<\/strong>: metod\u0105 Fontana.<span style=\"font-size: 13.5pt;\"><\/span><\/span><\/span><\/p>\n<p><strong><span style=\"font-family: Arial;\">M<\/span><\/strong><span style=\"font-family: Arial;\">arta zosta\u0142a zakwalifikowana do zabiegu w klinice w Muenster, gdzie operuje wybitny kardiochirurg, prof. E. Malec. Operacja powinna odby\u0107 si\u0119 w trybie pilnym, bo ka\u017cda dalsza zw\u0142oka spowoduje<span class=\"apple-converted-space\"><b>&nbsp;<\/b><strong>pogorszenie stanu zdrowia, zahamowanie wzrostu i rozwoju, nasili sinic\u0119.<\/strong><span class=\"apple-converted-space\"><b>&nbsp;<\/b>Koszt operacji oszacowany zosta\u0142 na kwot\u0119<span class=\"apple-converted-space\">&nbsp;<strong>36 600 EUR<\/strong><span class=\"apple-converted-space\">&nbsp;(ok. 150 000 z\u0142). Dzi\u0119ki wsparciu zaprzyja\u017anionych fundacji uda\u0142o si\u0119 zebra\u0107 130 000 z\u0142, brakuje jeszcze<span class=\"apple-converted-space\">&nbsp;<strong><span style=\"color: #bd1385;\">20 000 z\u0142!<\/span><\/strong><span style=\"font-size: 13.5pt;\"><\/span><\/span><\/span><\/span><\/span><\/span><\/span><\/p>\n<p><strong><span style=\"font-family: Arial;\">C<\/span><\/strong><span style=\"font-family: Arial;\">zasu na zebranie brakuj\u0105cej kwoty jest bardzo niewiele, a bez niej wyjazd nie b\u0119dzie mo\u017cliwy.<span class=\"apple-converted-space\">&nbsp;<em>Zwracamy si\u0119 do Pa\u0144stwa z pro\u015bb\u0105 o udzielenie nam pomocy. Wszelka, nawet najmniejsza wp\u0142ata b\u0119dzie dla nas bezcenna,<\/em>Agnieszka i Konrad Pachuccy. &nbsp;<\/span><\/span><\/p>\n<p><strong><span style=\"font-family: Arial; color: #3366cc;\">INFORMACJE DO PRZELEWU:<\/span><\/strong><span style=\"font-size: 13.5pt;\"><\/span><\/p>\n<p><span style=\"font-family: Arial;\">Fundacja &#8222;Mam serce&#8221;<span style=\"font-size: 13.5pt;\"><\/span><\/span><\/p>\n<p><span style=\"font-family: Arial;\">ul. Wita Stwosza 12<span style=\"font-size: 13.5pt;\"><\/span><\/span><\/p>\n<p><span style=\"font-family: Arial;\">02-661 Warszawa<span style=\"font-size: 13.5pt;\"><\/span><\/span><\/p>\n<p><span style=\"font-family: Arial;\">Nazwa banku:Millennium Bank<span style=\"font-size: 13.5pt;\"><\/span><\/span><\/p>\n<p><span style=\"font-family: Arial;\">Numer konta:<span class=\"apple-converted-space\">&nbsp;<strong>25<\/strong><span class=\"apple-converted-space\"><b>&nbsp;<\/b><strong>1160 2202 0000 0002 3063 5314<\/strong><span style=\"font-size: 13.5pt;\"><\/span><\/span><\/span><\/span><\/p>\n<p><span style=\"font-family: Arial;\">Tytu\u0142 przelewu:<span class=\"apple-converted-space\">&nbsp;<strong>Marta Pachucka<\/strong><span style=\"font-size: 13.5pt;\"><\/span><\/span><\/span><\/p>\n<p style=\"text-align: justify;\"><span style=\"font-family: Arial;\">Wi\u0119cej informacji o podopiecznej znajduje si\u0119 na stronie Fundacji Mam serce:<span class=\"apple-converted-space\">&nbsp;<a href=\"http:\/\/sw.clickquicknow.pl\/cl\/ZSwwIGg5dSAi\/ZSszJ2s%3D\" target=\"_blank\" rel=\"noopener noreferrer\"><span style=\"color: black;\">kliknij tutaj<\/span><\/a><span style=\"font-size: 13.5pt;\"><\/span><\/span><\/span><\/p>\n<p><span style=\"font-family: Arial;\">Dzi\u0119kujemy!<span style=\"font-size: 13.5pt;\"><\/span><\/span><\/p>\n<p style=\"text-align: justify;\"><span style=\"font-family: Arial;\"><br \/><a href=\"http:\/\/sw.clickquicknow.pl\/cl\/ZSwwIGg5dSAi\/ZSszJ2o%3D\" target=\"_blank\" rel=\"noopener noreferrer\">www.mam-serce.org<\/a>&nbsp;<\/span><\/p>\n<p style=\"text-align: justify;\"><span style=\"font-family: Arial;\">&nbsp;<\/span><\/p>\n<p style=\"text-align: justify;\"><span style=\"font-family: Arial;\"><a href=\"http:\/\/mam-serce.org\/komu-pomagamy\/3-nowe-dzieciaki\/280-komu-pomagamy-nowi\">MARTA PACHUCKA &#8211;<span style=\"color: #ff0000;\">kliknij tutaj<\/span><\/a><\/span><\/p>\n<p><span style=\"color: #ff0000;\"><a href=\"https:\/\/www.facebook.com\/pages\/Fundacja-Mam-serce\/145734948811985?ref=hl\"><br \/><\/a><\/span><\/p>\n<p> <a href=\"https:\/\/www.facebook.com\/pages\/Fundacja-Mam-serce\/145734948811985?ref=hl\">Do\u0142\u0105cz do naszych przyjaci\u00f3\u0142 na Facebooku:&nbsp;<span style=\"color: #ff0000;\">kliknij tutaj<\/span><\/a><\/td>\n<\/tr>\n<\/tbody>\n<\/table>\n","protected":false},"excerpt":{"rendered":"<p>Marta Pachucka \u017bycie ma\u0142ej Marty uratowa\u0142a operacja w pi\u0119tnastej dobie \u017cycia. Dziewczynka urodzi\u0142a si\u0119 zpojedyncz\u0105 komor\u0105 serca, zro\u015bni\u0119t\u0105 zastawk\u0105 mitraln\u0105 i wad\u0105 naczy\u0144 wspomagaj\u0105cych prac\u0119 serca. Dzi\u015b Marta ma cztery lata i za sob\u0105 seri\u0119 skomplikowanych operacji przeprowadzonych na otwartym sercu. Mimo to jest \u017cyw\u0105 i radosn\u0105 dziewczynk\u0105.&nbsp;Obecnie oczekuje na III etap leczenia operacyjnego: metod\u0105 [&hellip;]<\/p>\n","protected":false},"author":1,"featured_media":0,"comment_status":"open","ping_status":"open","sticky":false,"template":"","format":"standard","meta":{"footnotes":""},"categories":[26],"tags":[],"class_list":{"0":"post-580","1":"post","2":"type-post","3":"status-publish","4":"format-standard","6":"category-inne","7":"czr-hentry"},"yoast_head":"<!-- This site is optimized with the Yoast SEO plugin v26.8 - https:\/\/yoast.com\/product\/yoast-seo-wordpress\/ -->\n<title>MARTA PACHUCKA - Aktualno\u015bci<\/title>\n<meta name=\"robots\" content=\"index, follow, max-snippet:-1, max-image-preview:large, max-video-preview:-1\" \/>\n<link rel=\"canonical\" href=\"https:\/\/epokaserca.pl\/aktualnosci\/marta-pachucka\/\" \/>\n<meta property=\"og:locale\" content=\"pl_PL\" \/>\n<meta property=\"og:type\" content=\"article\" \/>\n<meta property=\"og:title\" content=\"MARTA PACHUCKA - Aktualno\u015bci\" \/>\n<meta property=\"og:description\" content=\"Marta Pachucka \u017bycie ma\u0142ej Marty uratowa\u0142a operacja w pi\u0119tnastej dobie \u017cycia. Dziewczynka urodzi\u0142a si\u0119 zpojedyncz\u0105 komor\u0105 serca, zro\u015bni\u0119t\u0105 zastawk\u0105 mitraln\u0105 i wad\u0105 naczy\u0144 wspomagaj\u0105cych prac\u0119 serca. Dzi\u015b Marta ma cztery lata i za sob\u0105 seri\u0119 skomplikowanych operacji przeprowadzonych na otwartym sercu. Mimo to jest \u017cyw\u0105 i radosn\u0105 dziewczynk\u0105.&nbsp;Obecnie oczekuje na III etap leczenia operacyjnego: metod\u0105 [&hellip;]\" \/>\n<meta property=\"og:url\" content=\"https:\/\/epokaserca.pl\/aktualnosci\/marta-pachucka\/\" \/>\n<meta property=\"og:site_name\" content=\"Aktualno\u015bci\" \/>\n<meta property=\"article:published_time\" content=\"2013-02-10T23:21:11+00:00\" \/>\n<meta name=\"author\" content=\"admin\" \/>\n<meta name=\"twitter:card\" content=\"summary_large_image\" \/>\n<meta name=\"twitter:label1\" content=\"Napisane przez\" \/>\n\t<meta name=\"twitter:data1\" content=\"admin\" \/>\n\t<meta name=\"twitter:label2\" content=\"Szacowany czas czytania\" \/>\n\t<meta name=\"twitter:data2\" content=\"1 minuta\" \/>\n<script type=\"application\/ld+json\" class=\"yoast-schema-graph\">{\"@context\":\"https:\/\/schema.org\",\"@graph\":[{\"@type\":\"Article\",\"@id\":\"https:\/\/epokaserca.pl\/aktualnosci\/marta-pachucka\/#article\",\"isPartOf\":{\"@id\":\"https:\/\/epokaserca.pl\/aktualnosci\/marta-pachucka\/\"},\"author\":{\"name\":\"admin\",\"@id\":\"https:\/\/epokaserca.pl\/aktualnosci\/#\/schema\/person\/f87215bc4f757d15c7321145cbabc434\"},\"headline\":\"MARTA PACHUCKA\",\"datePublished\":\"2013-02-10T23:21:11+00:00\",\"mainEntityOfPage\":{\"@id\":\"https:\/\/epokaserca.pl\/aktualnosci\/marta-pachucka\/\"},\"wordCount\":243,\"commentCount\":0,\"articleSection\":[\"Inne\"],\"inLanguage\":\"pl-PL\",\"potentialAction\":[{\"@type\":\"CommentAction\",\"name\":\"Comment\",\"target\":[\"https:\/\/epokaserca.pl\/aktualnosci\/marta-pachucka\/#respond\"]}]},{\"@type\":\"WebPage\",\"@id\":\"https:\/\/epokaserca.pl\/aktualnosci\/marta-pachucka\/\",\"url\":\"https:\/\/epokaserca.pl\/aktualnosci\/marta-pachucka\/\",\"name\":\"MARTA PACHUCKA - Aktualno\u015bci\",\"isPartOf\":{\"@id\":\"https:\/\/epokaserca.pl\/aktualnosci\/#website\"},\"datePublished\":\"2013-02-10T23:21:11+00:00\",\"author\":{\"@id\":\"https:\/\/epokaserca.pl\/aktualnosci\/#\/schema\/person\/f87215bc4f757d15c7321145cbabc434\"},\"breadcrumb\":{\"@id\":\"https:\/\/epokaserca.pl\/aktualnosci\/marta-pachucka\/#breadcrumb\"},\"inLanguage\":\"pl-PL\",\"potentialAction\":[{\"@type\":\"ReadAction\",\"target\":[\"https:\/\/epokaserca.pl\/aktualnosci\/marta-pachucka\/\"]}]},{\"@type\":\"BreadcrumbList\",\"@id\":\"https:\/\/epokaserca.pl\/aktualnosci\/marta-pachucka\/#breadcrumb\",\"itemListElement\":[{\"@type\":\"ListItem\",\"position\":1,\"name\":\"Home\",\"item\":\"https:\/\/epokaserca.pl\/aktualnosci\/\"},{\"@type\":\"ListItem\",\"position\":2,\"name\":\"MARTA PACHUCKA\"}]},{\"@type\":\"WebSite\",\"@id\":\"https:\/\/epokaserca.pl\/aktualnosci\/#website\",\"url\":\"https:\/\/epokaserca.pl\/aktualnosci\/\",\"name\":\"Aktualno\u015bci\",\"description\":\"\",\"potentialAction\":[{\"@type\":\"SearchAction\",\"target\":{\"@type\":\"EntryPoint\",\"urlTemplate\":\"https:\/\/epokaserca.pl\/aktualnosci\/?s={search_term_string}\"},\"query-input\":{\"@type\":\"PropertyValueSpecification\",\"valueRequired\":true,\"valueName\":\"search_term_string\"}}],\"inLanguage\":\"pl-PL\"},{\"@type\":\"Person\",\"@id\":\"https:\/\/epokaserca.pl\/aktualnosci\/#\/schema\/person\/f87215bc4f757d15c7321145cbabc434\",\"name\":\"admin\",\"image\":{\"@type\":\"ImageObject\",\"inLanguage\":\"pl-PL\",\"@id\":\"https:\/\/epokaserca.pl\/aktualnosci\/#\/schema\/person\/image\/\",\"url\":\"https:\/\/secure.gravatar.com\/avatar\/8e51b30565ad99a9f8b25bd638d21cd1?s=96&d=mm&r=g\",\"contentUrl\":\"https:\/\/secure.gravatar.com\/avatar\/8e51b30565ad99a9f8b25bd638d21cd1?s=96&d=mm&r=g\",\"caption\":\"admin\"},\"url\":\"https:\/\/epokaserca.pl\/aktualnosci\/author\/admin\/\"}]}<\/script>\n<!-- \/ Yoast SEO plugin. -->","yoast_head_json":{"title":"MARTA PACHUCKA - Aktualno\u015bci","robots":{"index":"index","follow":"follow","max-snippet":"max-snippet:-1","max-image-preview":"max-image-preview:large","max-video-preview":"max-video-preview:-1"},"canonical":"https:\/\/epokaserca.pl\/aktualnosci\/marta-pachucka\/","og_locale":"pl_PL","og_type":"article","og_title":"MARTA PACHUCKA - Aktualno\u015bci","og_description":"Marta Pachucka \u017bycie ma\u0142ej Marty uratowa\u0142a operacja w pi\u0119tnastej dobie \u017cycia. Dziewczynka urodzi\u0142a si\u0119 zpojedyncz\u0105 komor\u0105 serca, zro\u015bni\u0119t\u0105 zastawk\u0105 mitraln\u0105 i wad\u0105 naczy\u0144 wspomagaj\u0105cych prac\u0119 serca. Dzi\u015b Marta ma cztery lata i za sob\u0105 seri\u0119 skomplikowanych operacji przeprowadzonych na otwartym sercu. Mimo to jest \u017cyw\u0105 i radosn\u0105 dziewczynk\u0105.&nbsp;Obecnie oczekuje na III etap leczenia operacyjnego: metod\u0105 [&hellip;]","og_url":"https:\/\/epokaserca.pl\/aktualnosci\/marta-pachucka\/","og_site_name":"Aktualno\u015bci","article_published_time":"2013-02-10T23:21:11+00:00","author":"admin","twitter_card":"summary_large_image","twitter_misc":{"Napisane przez":"admin","Szacowany czas czytania":"1 minuta"},"schema":{"@context":"https:\/\/schema.org","@graph":[{"@type":"Article","@id":"https:\/\/epokaserca.pl\/aktualnosci\/marta-pachucka\/#article","isPartOf":{"@id":"https:\/\/epokaserca.pl\/aktualnosci\/marta-pachucka\/"},"author":{"name":"admin","@id":"https:\/\/epokaserca.pl\/aktualnosci\/#\/schema\/person\/f87215bc4f757d15c7321145cbabc434"},"headline":"MARTA PACHUCKA","datePublished":"2013-02-10T23:21:11+00:00","mainEntityOfPage":{"@id":"https:\/\/epokaserca.pl\/aktualnosci\/marta-pachucka\/"},"wordCount":243,"commentCount":0,"articleSection":["Inne"],"inLanguage":"pl-PL","potentialAction":[{"@type":"CommentAction","name":"Comment","target":["https:\/\/epokaserca.pl\/aktualnosci\/marta-pachucka\/#respond"]}]},{"@type":"WebPage","@id":"https:\/\/epokaserca.pl\/aktualnosci\/marta-pachucka\/","url":"https:\/\/epokaserca.pl\/aktualnosci\/marta-pachucka\/","name":"MARTA PACHUCKA - Aktualno\u015bci","isPartOf":{"@id":"https:\/\/epokaserca.pl\/aktualnosci\/#website"},"datePublished":"2013-02-10T23:21:11+00:00","author":{"@id":"https:\/\/epokaserca.pl\/aktualnosci\/#\/schema\/person\/f87215bc4f757d15c7321145cbabc434"},"breadcrumb":{"@id":"https:\/\/epokaserca.pl\/aktualnosci\/marta-pachucka\/#breadcrumb"},"inLanguage":"pl-PL","potentialAction":[{"@type":"ReadAction","target":["https:\/\/epokaserca.pl\/aktualnosci\/marta-pachucka\/"]}]},{"@type":"BreadcrumbList","@id":"https:\/\/epokaserca.pl\/aktualnosci\/marta-pachucka\/#breadcrumb","itemListElement":[{"@type":"ListItem","position":1,"name":"Home","item":"https:\/\/epokaserca.pl\/aktualnosci\/"},{"@type":"ListItem","position":2,"name":"MARTA PACHUCKA"}]},{"@type":"WebSite","@id":"https:\/\/epokaserca.pl\/aktualnosci\/#website","url":"https:\/\/epokaserca.pl\/aktualnosci\/","name":"Aktualno\u015bci","description":"","potentialAction":[{"@type":"SearchAction","target":{"@type":"EntryPoint","urlTemplate":"https:\/\/epokaserca.pl\/aktualnosci\/?s={search_term_string}"},"query-input":{"@type":"PropertyValueSpecification","valueRequired":true,"valueName":"search_term_string"}}],"inLanguage":"pl-PL"},{"@type":"Person","@id":"https:\/\/epokaserca.pl\/aktualnosci\/#\/schema\/person\/f87215bc4f757d15c7321145cbabc434","name":"admin","image":{"@type":"ImageObject","inLanguage":"pl-PL","@id":"https:\/\/epokaserca.pl\/aktualnosci\/#\/schema\/person\/image\/","url":"https:\/\/secure.gravatar.com\/avatar\/8e51b30565ad99a9f8b25bd638d21cd1?s=96&d=mm&r=g","contentUrl":"https:\/\/secure.gravatar.com\/avatar\/8e51b30565ad99a9f8b25bd638d21cd1?s=96&d=mm&r=g","caption":"admin"},"url":"https:\/\/epokaserca.pl\/aktualnosci\/author\/admin\/"}]}},"_links":{"self":[{"href":"https:\/\/epokaserca.pl\/aktualnosci\/wp-json\/wp\/v2\/posts\/580","targetHints":{"allow":["GET"]}}],"collection":[{"href":"https:\/\/epokaserca.pl\/aktualnosci\/wp-json\/wp\/v2\/posts"}],"about":[{"href":"https:\/\/epokaserca.pl\/aktualnosci\/wp-json\/wp\/v2\/types\/post"}],"author":[{"embeddable":true,"href":"https:\/\/epokaserca.pl\/aktualnosci\/wp-json\/wp\/v2\/users\/1"}],"replies":[{"embeddable":true,"href":"https:\/\/epokaserca.pl\/aktualnosci\/wp-json\/wp\/v2\/comments?post=580"}],"version-history":[{"count":0,"href":"https:\/\/epokaserca.pl\/aktualnosci\/wp-json\/wp\/v2\/posts\/580\/revisions"}],"wp:attachment":[{"href":"https:\/\/epokaserca.pl\/aktualnosci\/wp-json\/wp\/v2\/media?parent=580"}],"wp:term":[{"taxonomy":"category","embeddable":true,"href":"https:\/\/epokaserca.pl\/aktualnosci\/wp-json\/wp\/v2\/categories?post=580"},{"taxonomy":"post_tag","embeddable":true,"href":"https:\/\/epokaserca.pl\/aktualnosci\/wp-json\/wp\/v2\/tags?post=580"}],"curies":[{"name":"wp","href":"https:\/\/api.w.org\/{rel}","templated":true}]}}