{"id":581,"date":"2013-02-10T23:22:52","date_gmt":"2013-02-10T23:22:52","guid":{"rendered":"https:\/\/epokaserca.pl\/aktualnosci\/index.php\/2013\/02\/10\/szymek-kasperczak\/"},"modified":"2013-02-10T23:22:52","modified_gmt":"2013-02-10T23:22:52","slug":"szymek-kasperczak","status":"publish","type":"post","link":"https:\/\/epokaserca.pl\/aktualnosci\/szymek-kasperczak\/","title":{"rendered":"SZYMEK KASPERCZAK"},"content":{"rendered":"<table border=\"0\" cellspacing=\"0\" cellpadding=\"15\" style=\"color: #777777; font-size: 11.818181991577148px; line-height: 15.596590995788574px; font-family: 'Times New Roman'; width: 719.0908813476563px;\">\n<tbody>\n<tr>\n<td align=\"left\">\n<p><span class=\"gensmall\"><span style=\"font-size: small;\">Przepraszam, \u017ce zak\u0142\u00f3cam Pa\u0144stwa spok\u00f3j.Zwracam si\u0119 jednak do Pa\u0144stwa z pro\u015bb\u0105 o jakiekolwiek wsparcie finansowe na pokrycie koszt\u00f3w leczenia i rehabilitacji mojego niepe\u0142nosprawnego synka Szymka Kasperczaka.&nbsp;<\/span><\/span><\/p>\n<p>Szymon ju\u017c&nbsp;od pierwszych dni po urodzeniu cierpi na M\u00f3zgowe Pora\u017cenie Dzieci\u0119ce, Padaczk\u0119 i jest&nbsp; upo\u015bledzony umys\u0142owo w stopniu \u015brednim.&nbsp;Na dzie\u0144 dzisiejszy&nbsp;m\u00f3j&nbsp;Szymek ma 11 lat i mimo swojej choroby jest&nbsp;pe\u0142nym \u017cycia&nbsp;dzieckiem.&nbsp; Lekarze &nbsp;nie dawali mu &nbsp;szans&nbsp; nawet na to,&nbsp; \u017ce b\u0119dzie potrafi\u0142 sam&nbsp; wstawa\u0107 &nbsp;jak &nbsp;i &nbsp;siedzie\u0107. &nbsp;Mimo&nbsp; to &nbsp;od &nbsp;pierwszego roku po urodzeniu Szymek&nbsp;jest systematycznie rehabilitowany i to w\u0142a\u015bnie dzi\u0119ki tak ci\u0119\u017ckiej pracy jak\u0105 jest rehabilitacja dzieci w takim stanie &#8211; w miar\u0119 samodzielnie si\u0119 porusza jak i siada. R\u00f3wnie\u017c&nbsp; ogromne&nbsp; efekty w rehabilitacji &nbsp;osi\u0105gn\u0119li\u015bmy &nbsp;dzi\u0119ki&nbsp; cz\u0119stym &nbsp;wyjazdom&nbsp; z synkiem&nbsp; na specjalne turnusy rehabilitacyjne. Niestety coraz rzadziej mo\u017cemy z nich korzysta\u0107, poniewa\u017c s\u0105 one&nbsp;z dnia na dzie\u0144&nbsp;dro\u017csze (\u015bredni&nbsp;koszt<strong>&nbsp;<\/strong>dwutygodniowego turnusu&nbsp;to&nbsp;4.000 z\u0142).Potrzebny&nbsp;<span style=\"font-size: small;\">nam jest&nbsp;r\u00f3wnie\u017c specjalny sprz\u0119t&nbsp;rehabilitacyjny do rehabilitacji w&nbsp; warunkach domowych,&nbsp; kt\u00f3ry te\u017c niestety jest bardzo drogi i jak dla nas staje si\u0119&nbsp;powoli nie osi\u0105galny.<br \/>&nbsp;<br \/><strong>Aby&nbsp;Szymek m\u00f3g\u0142 jednak dalej si\u0119 rozwija\u0107 i robi\u0107 post\u0119py wymaga codziennej systematycznej&nbsp; jak&nbsp; i&nbsp; kompleksowej&nbsp;&nbsp; rehabilitacji. &nbsp;<\/strong><span class=\"gensmall\"><strong>Koszt &nbsp;jednej takiej wizyty terapeutycznej to oko\u0142o 120 z\u0142 za jedn\u0105 godzin\u0119 na co w chwili obecnej nie starcza nam ju\u017c \u015brodk\u00f3w pieni\u0119\u017cnych.<\/strong>&nbsp;<span class=\"gensmall\"><\/span><\/span><\/span><\/p>\n<div><span style=\"color: #ff0000; font-size: small;\"><strong>Dlatego bardzo Pa\u0144stwa prosz\u0119 o cho\u0107 minimaln\u0105 pomoc<\/strong><\/span><\/div>\n<div><span style=\"color: #ff0000; font-size: small;\"><strong>aby i dla naszego synka \u015awi\u0119ta by\u0142y czasem wyj\u0105tkowym.&nbsp;<br \/>Mama &#8211; Marta Kasperczak<\/strong><\/span><\/div>\n<div><strong><span style=\"color: #ff0000; font-size: small;\"><\/span><\/strong>&nbsp;<\/div>\n<div><strong><span style=\"color: #0000ff; font-size: small;\">Marta Kasperczak<\/span><\/strong><\/div>\n<div><a class=\"linkdetails\" href=\"https:\/\/ebank.db-pbc.pl\/rachunki.do?action=podglad&amp;id=1369544\" target=\"_blank\" rel=\"noopener noreferrer\"><span class=\"null\" title=\"29 1910 1048 2411 4676 5309 0001\"><span style=\"font-size: small;\"><strong>29 1910 1048 2411 4676 5309 0001<\/strong><\/span><\/span><\/a><\/div>\n<div><strong><span style=\"color: #ff0000; font-size: small;\"><\/span><\/strong>&nbsp;<\/div>\n<\/td>\n<\/tr>\n<\/tbody>\n<\/table>\n<p style=\"color: #000000; font-family: 'Times New Roman'; font-size: medium; line-height: normal; text-align: center;\"><img loading=\"lazy\" decoding=\"async\" src=\"http:\/\/www.naszszymek.com.pl\/szymek2.JPG\" alt=\"\" width=\"319\" height=\"232\" style=\"border-width: 0px; border-style: solid;\" \/><\/p>\n","protected":false},"excerpt":{"rendered":"<p>Przepraszam, \u017ce zak\u0142\u00f3cam Pa\u0144stwa spok\u00f3j.Zwracam si\u0119 jednak do Pa\u0144stwa z pro\u015bb\u0105 o jakiekolwiek wsparcie finansowe na pokrycie koszt\u00f3w leczenia i rehabilitacji mojego niepe\u0142nosprawnego synka Szymka Kasperczaka.&nbsp; Szymon ju\u017c&nbsp;od pierwszych dni po urodzeniu cierpi na M\u00f3zgowe Pora\u017cenie Dzieci\u0119ce, Padaczk\u0119 i jest&nbsp; upo\u015bledzony umys\u0142owo w stopniu \u015brednim.&nbsp;Na dzie\u0144 dzisiejszy&nbsp;m\u00f3j&nbsp;Szymek ma 11 lat i mimo swojej choroby jest&nbsp;pe\u0142nym [&hellip;]<\/p>\n","protected":false},"author":1,"featured_media":0,"comment_status":"open","ping_status":"open","sticky":false,"template":"","format":"standard","meta":{"footnotes":""},"categories":[26],"tags":[],"class_list":{"0":"post-581","1":"post","2":"type-post","3":"status-publish","4":"format-standard","6":"category-inne","7":"czr-hentry"},"yoast_head":"<!-- This site is optimized with the Yoast SEO plugin v26.8 - https:\/\/yoast.com\/product\/yoast-seo-wordpress\/ -->\n<title>SZYMEK KASPERCZAK - Aktualno\u015bci<\/title>\n<meta name=\"robots\" content=\"index, follow, max-snippet:-1, max-image-preview:large, max-video-preview:-1\" \/>\n<link rel=\"canonical\" href=\"https:\/\/epokaserca.pl\/aktualnosci\/szymek-kasperczak\/\" \/>\n<meta property=\"og:locale\" content=\"pl_PL\" \/>\n<meta property=\"og:type\" content=\"article\" \/>\n<meta property=\"og:title\" content=\"SZYMEK KASPERCZAK - Aktualno\u015bci\" \/>\n<meta property=\"og:description\" content=\"Przepraszam, \u017ce zak\u0142\u00f3cam Pa\u0144stwa spok\u00f3j.Zwracam si\u0119 jednak do Pa\u0144stwa z pro\u015bb\u0105 o jakiekolwiek wsparcie finansowe na pokrycie koszt\u00f3w leczenia i rehabilitacji mojego niepe\u0142nosprawnego synka Szymka Kasperczaka.&nbsp; Szymon ju\u017c&nbsp;od pierwszych dni po urodzeniu cierpi na M\u00f3zgowe Pora\u017cenie Dzieci\u0119ce, Padaczk\u0119 i jest&nbsp; upo\u015bledzony umys\u0142owo w stopniu \u015brednim.&nbsp;Na dzie\u0144 dzisiejszy&nbsp;m\u00f3j&nbsp;Szymek ma 11 lat i mimo swojej choroby jest&nbsp;pe\u0142nym [&hellip;]\" \/>\n<meta property=\"og:url\" content=\"https:\/\/epokaserca.pl\/aktualnosci\/szymek-kasperczak\/\" \/>\n<meta property=\"og:site_name\" content=\"Aktualno\u015bci\" \/>\n<meta property=\"article:published_time\" content=\"2013-02-10T23:22:52+00:00\" \/>\n<meta property=\"og:image\" content=\"http:\/\/www.naszszymek.com.pl\/szymek2.JPG\" \/>\n<meta name=\"author\" content=\"admin\" \/>\n<meta name=\"twitter:card\" content=\"summary_large_image\" \/>\n<meta name=\"twitter:label1\" content=\"Napisane przez\" \/>\n\t<meta name=\"twitter:data1\" content=\"admin\" \/>\n\t<meta name=\"twitter:label2\" content=\"Szacowany czas czytania\" \/>\n\t<meta name=\"twitter:data2\" content=\"2 minuty\" \/>\n<script type=\"application\/ld+json\" class=\"yoast-schema-graph\">{\"@context\":\"https:\/\/schema.org\",\"@graph\":[{\"@type\":\"Article\",\"@id\":\"https:\/\/epokaserca.pl\/aktualnosci\/szymek-kasperczak\/#article\",\"isPartOf\":{\"@id\":\"https:\/\/epokaserca.pl\/aktualnosci\/szymek-kasperczak\/\"},\"author\":{\"name\":\"admin\",\"@id\":\"https:\/\/epokaserca.pl\/aktualnosci\/#\/schema\/person\/f87215bc4f757d15c7321145cbabc434\"},\"headline\":\"SZYMEK KASPERCZAK\",\"datePublished\":\"2013-02-10T23:22:52+00:00\",\"mainEntityOfPage\":{\"@id\":\"https:\/\/epokaserca.pl\/aktualnosci\/szymek-kasperczak\/\"},\"wordCount\":334,\"commentCount\":0,\"image\":{\"@id\":\"https:\/\/epokaserca.pl\/aktualnosci\/szymek-kasperczak\/#primaryimage\"},\"thumbnailUrl\":\"http:\/\/www.naszszymek.com.pl\/szymek2.JPG\",\"articleSection\":[\"Inne\"],\"inLanguage\":\"pl-PL\",\"potentialAction\":[{\"@type\":\"CommentAction\",\"name\":\"Comment\",\"target\":[\"https:\/\/epokaserca.pl\/aktualnosci\/szymek-kasperczak\/#respond\"]}]},{\"@type\":\"WebPage\",\"@id\":\"https:\/\/epokaserca.pl\/aktualnosci\/szymek-kasperczak\/\",\"url\":\"https:\/\/epokaserca.pl\/aktualnosci\/szymek-kasperczak\/\",\"name\":\"SZYMEK KASPERCZAK - Aktualno\u015bci\",\"isPartOf\":{\"@id\":\"https:\/\/epokaserca.pl\/aktualnosci\/#website\"},\"primaryImageOfPage\":{\"@id\":\"https:\/\/epokaserca.pl\/aktualnosci\/szymek-kasperczak\/#primaryimage\"},\"image\":{\"@id\":\"https:\/\/epokaserca.pl\/aktualnosci\/szymek-kasperczak\/#primaryimage\"},\"thumbnailUrl\":\"http:\/\/www.naszszymek.com.pl\/szymek2.JPG\",\"datePublished\":\"2013-02-10T23:22:52+00:00\",\"author\":{\"@id\":\"https:\/\/epokaserca.pl\/aktualnosci\/#\/schema\/person\/f87215bc4f757d15c7321145cbabc434\"},\"breadcrumb\":{\"@id\":\"https:\/\/epokaserca.pl\/aktualnosci\/szymek-kasperczak\/#breadcrumb\"},\"inLanguage\":\"pl-PL\",\"potentialAction\":[{\"@type\":\"ReadAction\",\"target\":[\"https:\/\/epokaserca.pl\/aktualnosci\/szymek-kasperczak\/\"]}]},{\"@type\":\"ImageObject\",\"inLanguage\":\"pl-PL\",\"@id\":\"https:\/\/epokaserca.pl\/aktualnosci\/szymek-kasperczak\/#primaryimage\",\"url\":\"http:\/\/www.naszszymek.com.pl\/szymek2.JPG\",\"contentUrl\":\"http:\/\/www.naszszymek.com.pl\/szymek2.JPG\"},{\"@type\":\"BreadcrumbList\",\"@id\":\"https:\/\/epokaserca.pl\/aktualnosci\/szymek-kasperczak\/#breadcrumb\",\"itemListElement\":[{\"@type\":\"ListItem\",\"position\":1,\"name\":\"Home\",\"item\":\"https:\/\/epokaserca.pl\/aktualnosci\/\"},{\"@type\":\"ListItem\",\"position\":2,\"name\":\"SZYMEK KASPERCZAK\"}]},{\"@type\":\"WebSite\",\"@id\":\"https:\/\/epokaserca.pl\/aktualnosci\/#website\",\"url\":\"https:\/\/epokaserca.pl\/aktualnosci\/\",\"name\":\"Aktualno\u015bci\",\"description\":\"\",\"potentialAction\":[{\"@type\":\"SearchAction\",\"target\":{\"@type\":\"EntryPoint\",\"urlTemplate\":\"https:\/\/epokaserca.pl\/aktualnosci\/?s={search_term_string}\"},\"query-input\":{\"@type\":\"PropertyValueSpecification\",\"valueRequired\":true,\"valueName\":\"search_term_string\"}}],\"inLanguage\":\"pl-PL\"},{\"@type\":\"Person\",\"@id\":\"https:\/\/epokaserca.pl\/aktualnosci\/#\/schema\/person\/f87215bc4f757d15c7321145cbabc434\",\"name\":\"admin\",\"image\":{\"@type\":\"ImageObject\",\"inLanguage\":\"pl-PL\",\"@id\":\"https:\/\/epokaserca.pl\/aktualnosci\/#\/schema\/person\/image\/\",\"url\":\"https:\/\/secure.gravatar.com\/avatar\/8e51b30565ad99a9f8b25bd638d21cd1?s=96&d=mm&r=g\",\"contentUrl\":\"https:\/\/secure.gravatar.com\/avatar\/8e51b30565ad99a9f8b25bd638d21cd1?s=96&d=mm&r=g\",\"caption\":\"admin\"},\"url\":\"https:\/\/epokaserca.pl\/aktualnosci\/author\/admin\/\"}]}<\/script>\n<!-- \/ Yoast SEO plugin. -->","yoast_head_json":{"title":"SZYMEK KASPERCZAK - Aktualno\u015bci","robots":{"index":"index","follow":"follow","max-snippet":"max-snippet:-1","max-image-preview":"max-image-preview:large","max-video-preview":"max-video-preview:-1"},"canonical":"https:\/\/epokaserca.pl\/aktualnosci\/szymek-kasperczak\/","og_locale":"pl_PL","og_type":"article","og_title":"SZYMEK KASPERCZAK - Aktualno\u015bci","og_description":"Przepraszam, \u017ce zak\u0142\u00f3cam Pa\u0144stwa spok\u00f3j.Zwracam si\u0119 jednak do Pa\u0144stwa z pro\u015bb\u0105 o jakiekolwiek wsparcie finansowe na pokrycie koszt\u00f3w leczenia i rehabilitacji mojego niepe\u0142nosprawnego synka Szymka Kasperczaka.&nbsp; Szymon ju\u017c&nbsp;od pierwszych dni po urodzeniu cierpi na M\u00f3zgowe Pora\u017cenie Dzieci\u0119ce, Padaczk\u0119 i jest&nbsp; upo\u015bledzony umys\u0142owo w stopniu \u015brednim.&nbsp;Na dzie\u0144 dzisiejszy&nbsp;m\u00f3j&nbsp;Szymek ma 11 lat i mimo swojej choroby jest&nbsp;pe\u0142nym [&hellip;]","og_url":"https:\/\/epokaserca.pl\/aktualnosci\/szymek-kasperczak\/","og_site_name":"Aktualno\u015bci","article_published_time":"2013-02-10T23:22:52+00:00","og_image":[{"url":"http:\/\/www.naszszymek.com.pl\/szymek2.JPG","type":"","width":"","height":""}],"author":"admin","twitter_card":"summary_large_image","twitter_misc":{"Napisane przez":"admin","Szacowany czas czytania":"2 minuty"},"schema":{"@context":"https:\/\/schema.org","@graph":[{"@type":"Article","@id":"https:\/\/epokaserca.pl\/aktualnosci\/szymek-kasperczak\/#article","isPartOf":{"@id":"https:\/\/epokaserca.pl\/aktualnosci\/szymek-kasperczak\/"},"author":{"name":"admin","@id":"https:\/\/epokaserca.pl\/aktualnosci\/#\/schema\/person\/f87215bc4f757d15c7321145cbabc434"},"headline":"SZYMEK KASPERCZAK","datePublished":"2013-02-10T23:22:52+00:00","mainEntityOfPage":{"@id":"https:\/\/epokaserca.pl\/aktualnosci\/szymek-kasperczak\/"},"wordCount":334,"commentCount":0,"image":{"@id":"https:\/\/epokaserca.pl\/aktualnosci\/szymek-kasperczak\/#primaryimage"},"thumbnailUrl":"http:\/\/www.naszszymek.com.pl\/szymek2.JPG","articleSection":["Inne"],"inLanguage":"pl-PL","potentialAction":[{"@type":"CommentAction","name":"Comment","target":["https:\/\/epokaserca.pl\/aktualnosci\/szymek-kasperczak\/#respond"]}]},{"@type":"WebPage","@id":"https:\/\/epokaserca.pl\/aktualnosci\/szymek-kasperczak\/","url":"https:\/\/epokaserca.pl\/aktualnosci\/szymek-kasperczak\/","name":"SZYMEK KASPERCZAK - Aktualno\u015bci","isPartOf":{"@id":"https:\/\/epokaserca.pl\/aktualnosci\/#website"},"primaryImageOfPage":{"@id":"https:\/\/epokaserca.pl\/aktualnosci\/szymek-kasperczak\/#primaryimage"},"image":{"@id":"https:\/\/epokaserca.pl\/aktualnosci\/szymek-kasperczak\/#primaryimage"},"thumbnailUrl":"http:\/\/www.naszszymek.com.pl\/szymek2.JPG","datePublished":"2013-02-10T23:22:52+00:00","author":{"@id":"https:\/\/epokaserca.pl\/aktualnosci\/#\/schema\/person\/f87215bc4f757d15c7321145cbabc434"},"breadcrumb":{"@id":"https:\/\/epokaserca.pl\/aktualnosci\/szymek-kasperczak\/#breadcrumb"},"inLanguage":"pl-PL","potentialAction":[{"@type":"ReadAction","target":["https:\/\/epokaserca.pl\/aktualnosci\/szymek-kasperczak\/"]}]},{"@type":"ImageObject","inLanguage":"pl-PL","@id":"https:\/\/epokaserca.pl\/aktualnosci\/szymek-kasperczak\/#primaryimage","url":"http:\/\/www.naszszymek.com.pl\/szymek2.JPG","contentUrl":"http:\/\/www.naszszymek.com.pl\/szymek2.JPG"},{"@type":"BreadcrumbList","@id":"https:\/\/epokaserca.pl\/aktualnosci\/szymek-kasperczak\/#breadcrumb","itemListElement":[{"@type":"ListItem","position":1,"name":"Home","item":"https:\/\/epokaserca.pl\/aktualnosci\/"},{"@type":"ListItem","position":2,"name":"SZYMEK KASPERCZAK"}]},{"@type":"WebSite","@id":"https:\/\/epokaserca.pl\/aktualnosci\/#website","url":"https:\/\/epokaserca.pl\/aktualnosci\/","name":"Aktualno\u015bci","description":"","potentialAction":[{"@type":"SearchAction","target":{"@type":"EntryPoint","urlTemplate":"https:\/\/epokaserca.pl\/aktualnosci\/?s={search_term_string}"},"query-input":{"@type":"PropertyValueSpecification","valueRequired":true,"valueName":"search_term_string"}}],"inLanguage":"pl-PL"},{"@type":"Person","@id":"https:\/\/epokaserca.pl\/aktualnosci\/#\/schema\/person\/f87215bc4f757d15c7321145cbabc434","name":"admin","image":{"@type":"ImageObject","inLanguage":"pl-PL","@id":"https:\/\/epokaserca.pl\/aktualnosci\/#\/schema\/person\/image\/","url":"https:\/\/secure.gravatar.com\/avatar\/8e51b30565ad99a9f8b25bd638d21cd1?s=96&d=mm&r=g","contentUrl":"https:\/\/secure.gravatar.com\/avatar\/8e51b30565ad99a9f8b25bd638d21cd1?s=96&d=mm&r=g","caption":"admin"},"url":"https:\/\/epokaserca.pl\/aktualnosci\/author\/admin\/"}]}},"_links":{"self":[{"href":"https:\/\/epokaserca.pl\/aktualnosci\/wp-json\/wp\/v2\/posts\/581","targetHints":{"allow":["GET"]}}],"collection":[{"href":"https:\/\/epokaserca.pl\/aktualnosci\/wp-json\/wp\/v2\/posts"}],"about":[{"href":"https:\/\/epokaserca.pl\/aktualnosci\/wp-json\/wp\/v2\/types\/post"}],"author":[{"embeddable":true,"href":"https:\/\/epokaserca.pl\/aktualnosci\/wp-json\/wp\/v2\/users\/1"}],"replies":[{"embeddable":true,"href":"https:\/\/epokaserca.pl\/aktualnosci\/wp-json\/wp\/v2\/comments?post=581"}],"version-history":[{"count":0,"href":"https:\/\/epokaserca.pl\/aktualnosci\/wp-json\/wp\/v2\/posts\/581\/revisions"}],"wp:attachment":[{"href":"https:\/\/epokaserca.pl\/aktualnosci\/wp-json\/wp\/v2\/media?parent=581"}],"wp:term":[{"taxonomy":"category","embeddable":true,"href":"https:\/\/epokaserca.pl\/aktualnosci\/wp-json\/wp\/v2\/categories?post=581"},{"taxonomy":"post_tag","embeddable":true,"href":"https:\/\/epokaserca.pl\/aktualnosci\/wp-json\/wp\/v2\/tags?post=581"}],"curies":[{"name":"wp","href":"https:\/\/api.w.org\/{rel}","templated":true}]}}