{"id":614,"date":"2013-03-25T22:49:24","date_gmt":"2013-03-25T22:49:24","guid":{"rendered":"https:\/\/epokaserca.pl\/aktualnosci\/index.php\/2013\/03\/25\/ewangelia-sw-jana\/"},"modified":"2013-03-25T22:49:24","modified_gmt":"2013-03-25T22:49:24","slug":"ewangelia-sw-jana","status":"publish","type":"post","link":"https:\/\/epokaserca.pl\/aktualnosci\/ewangelia-sw-jana\/","title":{"rendered":"EWANGELIA \u015aW. JANA"},"content":{"rendered":"\n<p style=\"text-align: justify;\">&nbsp;<\/p>\n<p style=\"text-align: justify;\"><span style=\"font-size: 12px; line-height: 1.3em;\">Wielu szuka po ca\u0142ym \u015bwiecie oczyszczenia, zbawienia, wzrostu, ka\u017cdy ma do tego prawo i dzi\u015b wiele mo\u017cliwo\u015bci, jednak cho\u0107 poznaj\u0105 wiele, czy ZROZUMIELI DROG\u0118, czy to &nbsp;tylko ich umys\u0142 daje im z\u0142udzenie poznania?<\/span><\/p>\n<p style=\"text-align: justify;\"><span style=\"font-size: 12px; line-height: 1.3em;\">Kochani, miar\u0105 poziomu naszej \u015aWIADOMO\u015aCI jest zrozumienie \u017cycia i nauk Nauczycieli. Przedstawiam Wam dzi\u015b film &#8211; Ewangelia \u015aw. Jana. Je\u015bli kto\u015b nie czyta\u0142 &nbsp;Biblii, mo\u017ce pozna\u0107 Ewangeli\u0119 dzi\u0119ki temu filmowi. Proponuj\u0119 aby\u015bcie rozpoznali czy rozumiecie g\u0142\u0119boko w sobie ka\u017cde ze zda\u0144 wypowiedzianych przez Chrystusa &#8211; to b\u0119dzie miar\u0105 Waszego post\u0119pu na prawdziwej drodze transformacji.<\/span><\/p>\n<p style=\"text-align: justify;\"><span style=\"font-size: 12px; line-height: 1.3em;\">Przes\u0142ania Jezusa nie s\u0105 proste w\u0142a\u015bnie dlatego, aby\u015bmy mogli u\u017cy\u0107 do ich rozszyfrowania SERCA, a nie starego umys\u0142u,.Kiedy serce &nbsp;prawdziwe otwarte, nie na dobro z tego \u015bwiata a na PRAWD\u0118 uruchamia si\u0119 wy\u017cszy umys\u0142 i tylko poprzez m\u0105ro\u015b\u0107 serca, &nbsp;czyli po\u0142\u0105czenie wy\u017cszego umys\u0142u i wy\u017cszego serca mo\u017cna odczyta\u0107 i odczu\u0107 PRZEKAZ JEZUSA.<\/span><\/p>\n<p style=\"text-align: justify;\"><span style=\"font-size: 12px; line-height: 1.3em;\">Kiedy odbieramy JEGO S\u0141OWA ca\u0142ym sob\u0105, dotykamy Boga i tworzy si\u0119 g\u0142\u0119bokie wzruszenie, mo\u017cna zobaczy\u0107 w\u00f3wczas i odczyta\u0107 wiele ukrytych przes\u0142a\u0144 Ewangeli.<\/span><\/p>\n<p style=\"text-align: justify;\">Zach\u0119cam Was Kochani do prawdziwego rozpoznania etapu swego rozwoju. Inni mog\u0105 nam wiele m\u00f3wi\u0107 o nas, ale prawd\u0119 mo\u017cemy pozna\u0107 tylko sami poprzez umiej\u0119tno\u015b\u0107 odczytu przes\u0142a\u0144 Jezusa lub jej brak.<\/p>\n<p style=\"text-align: center;\"><span style=\"text-decoration: underline; font-size: 12pt;\"><span style=\"color: #ff0000;\"><a href=\"http:\/\/www.youtube.com\/watch?v=JMnw3kxfJq8\"><span style=\"color: #ff0000; text-decoration: underline;\">EWANGELIA \u015aWI\u0118TEGO JANA &#8211; ca\u0142y film, kliknij tutaj<\/span><\/a><\/span><\/span><\/p>\n<p style=\"text-align: center;\">&nbsp;<\/p>\n<p><img loading=\"lazy\" decoding=\"async\" class=\" size-full wp-image-613\" src=\"https:\/\/el.cgnk.pl\/wp-content\/uploads\/2013\/03\/1227-jan_1.jpg\" width=\"153\" height=\"197\" alt=\"1227-jan_1\" style=\"display: block; margin-left: auto; margin-right: auto;\" \/><\/p>\n<p style=\"text-align: justify;\">&nbsp;<\/p>\n<p style=\"text-align: justify;\">&nbsp;<\/p>\n<p style=\"text-align: justify;\">&nbsp;<\/p>\n<p style=\"text-align: justify;\"><span style=\"color: #0000ff;\"><a href=\"https:\/\/sites.google.com\/site\/oislamie\/e-ksiazki\/islam-i-chrzescijanstwo\/5-praktyki-i-znaczenie-chrzescijanstwa-w-biblii\"><span style=\"color: #0000ff;\">https:\/\/sites.google.com\/site\/oislamie\/e-ksiazki\/islam-i-chrzescijanstwo\/5-praktyki-i-znaczenie-chrzescijanstwa-w-biblii<\/span><\/a>&nbsp;&#8211; &nbsp;<\/span> Tu mo\u017cecie przeczyta\u0107 co islam mowi o Zbawicielu.<\/p>\n","protected":false},"excerpt":{"rendered":"<p>&nbsp; Wielu szuka po ca\u0142ym \u015bwiecie oczyszczenia, zbawienia, wzrostu, ka\u017cdy ma do tego prawo i dzi\u015b wiele mo\u017cliwo\u015bci, jednak cho\u0107 poznaj\u0105 wiele, czy ZROZUMIELI DROG\u0118, czy to &nbsp;tylko ich umys\u0142 daje im z\u0142udzenie poznania? Kochani, miar\u0105 poziomu naszej \u015aWIADOMO\u015aCI jest zrozumienie \u017cycia i nauk Nauczycieli. Przedstawiam Wam dzi\u015b film &#8211; Ewangelia \u015aw. Jana. Je\u015bli kto\u015b [&hellip;]<\/p>\n","protected":false},"author":1,"featured_media":613,"comment_status":"open","ping_status":"open","sticky":false,"template":"","format":"standard","meta":{"footnotes":""},"categories":[2],"tags":[],"class_list":{"0":"post-614","1":"post","2":"type-post","3":"status-publish","4":"format-standard","5":"has-post-thumbnail","7":"category-artykuly","8":"czr-hentry"},"yoast_head":"<!-- This site is optimized with the Yoast SEO plugin v26.8 - https:\/\/yoast.com\/product\/yoast-seo-wordpress\/ -->\n<title>EWANGELIA \u015aW. JANA - Aktualno\u015bci<\/title>\n<meta name=\"robots\" content=\"index, follow, max-snippet:-1, max-image-preview:large, max-video-preview:-1\" \/>\n<link rel=\"canonical\" href=\"https:\/\/epokaserca.pl\/aktualnosci\/ewangelia-sw-jana\/\" \/>\n<meta property=\"og:locale\" content=\"pl_PL\" \/>\n<meta property=\"og:type\" content=\"article\" \/>\n<meta property=\"og:title\" content=\"EWANGELIA \u015aW. JANA - Aktualno\u015bci\" \/>\n<meta property=\"og:description\" content=\"&nbsp; Wielu szuka po ca\u0142ym \u015bwiecie oczyszczenia, zbawienia, wzrostu, ka\u017cdy ma do tego prawo i dzi\u015b wiele mo\u017cliwo\u015bci, jednak cho\u0107 poznaj\u0105 wiele, czy ZROZUMIELI DROG\u0118, czy to &nbsp;tylko ich umys\u0142 daje im z\u0142udzenie poznania? Kochani, miar\u0105 poziomu naszej \u015aWIADOMO\u015aCI jest zrozumienie \u017cycia i nauk Nauczycieli. Przedstawiam Wam dzi\u015b film &#8211; Ewangelia \u015aw. Jana. Je\u015bli kto\u015b [&hellip;]\" \/>\n<meta property=\"og:url\" content=\"https:\/\/epokaserca.pl\/aktualnosci\/ewangelia-sw-jana\/\" \/>\n<meta property=\"og:site_name\" content=\"Aktualno\u015bci\" \/>\n<meta property=\"article:published_time\" content=\"2013-03-25T22:49:24+00:00\" \/>\n<meta property=\"og:image\" content=\"https:\/\/epokaserca.pl\/aktualnosci\/wp-content\/uploads\/2013\/03\/1227-jan_1.jpg\" \/>\n\t<meta property=\"og:image:width\" content=\"153\" \/>\n\t<meta property=\"og:image:height\" content=\"197\" \/>\n\t<meta property=\"og:image:type\" content=\"image\/jpeg\" \/>\n<meta name=\"author\" content=\"admin\" \/>\n<meta name=\"twitter:card\" content=\"summary_large_image\" \/>\n<meta name=\"twitter:label1\" content=\"Napisane przez\" \/>\n\t<meta name=\"twitter:data1\" content=\"admin\" \/>\n\t<meta name=\"twitter:label2\" content=\"Szacowany czas czytania\" \/>\n\t<meta name=\"twitter:data2\" content=\"1 minuta\" \/>\n<script type=\"application\/ld+json\" class=\"yoast-schema-graph\">{\"@context\":\"https:\/\/schema.org\",\"@graph\":[{\"@type\":\"Article\",\"@id\":\"https:\/\/epokaserca.pl\/aktualnosci\/ewangelia-sw-jana\/#article\",\"isPartOf\":{\"@id\":\"https:\/\/epokaserca.pl\/aktualnosci\/ewangelia-sw-jana\/\"},\"author\":{\"name\":\"admin\",\"@id\":\"https:\/\/epokaserca.pl\/aktualnosci\/#\/schema\/person\/f87215bc4f757d15c7321145cbabc434\"},\"headline\":\"EWANGELIA \u015aW. JANA\",\"datePublished\":\"2013-03-25T22:49:24+00:00\",\"mainEntityOfPage\":{\"@id\":\"https:\/\/epokaserca.pl\/aktualnosci\/ewangelia-sw-jana\/\"},\"wordCount\":273,\"commentCount\":0,\"image\":{\"@id\":\"https:\/\/epokaserca.pl\/aktualnosci\/ewangelia-sw-jana\/#primaryimage\"},\"thumbnailUrl\":\"https:\/\/epokaserca.pl\/aktualnosci\/wp-content\/uploads\/2013\/03\/1227-jan_1.jpg\",\"articleSection\":[\"Artyku\u0142y\"],\"inLanguage\":\"pl-PL\",\"potentialAction\":[{\"@type\":\"CommentAction\",\"name\":\"Comment\",\"target\":[\"https:\/\/epokaserca.pl\/aktualnosci\/ewangelia-sw-jana\/#respond\"]}]},{\"@type\":\"WebPage\",\"@id\":\"https:\/\/epokaserca.pl\/aktualnosci\/ewangelia-sw-jana\/\",\"url\":\"https:\/\/epokaserca.pl\/aktualnosci\/ewangelia-sw-jana\/\",\"name\":\"EWANGELIA \u015aW. JANA - Aktualno\u015bci\",\"isPartOf\":{\"@id\":\"https:\/\/epokaserca.pl\/aktualnosci\/#website\"},\"primaryImageOfPage\":{\"@id\":\"https:\/\/epokaserca.pl\/aktualnosci\/ewangelia-sw-jana\/#primaryimage\"},\"image\":{\"@id\":\"https:\/\/epokaserca.pl\/aktualnosci\/ewangelia-sw-jana\/#primaryimage\"},\"thumbnailUrl\":\"https:\/\/epokaserca.pl\/aktualnosci\/wp-content\/uploads\/2013\/03\/1227-jan_1.jpg\",\"datePublished\":\"2013-03-25T22:49:24+00:00\",\"author\":{\"@id\":\"https:\/\/epokaserca.pl\/aktualnosci\/#\/schema\/person\/f87215bc4f757d15c7321145cbabc434\"},\"breadcrumb\":{\"@id\":\"https:\/\/epokaserca.pl\/aktualnosci\/ewangelia-sw-jana\/#breadcrumb\"},\"inLanguage\":\"pl-PL\",\"potentialAction\":[{\"@type\":\"ReadAction\",\"target\":[\"https:\/\/epokaserca.pl\/aktualnosci\/ewangelia-sw-jana\/\"]}]},{\"@type\":\"ImageObject\",\"inLanguage\":\"pl-PL\",\"@id\":\"https:\/\/epokaserca.pl\/aktualnosci\/ewangelia-sw-jana\/#primaryimage\",\"url\":\"https:\/\/epokaserca.pl\/aktualnosci\/wp-content\/uploads\/2013\/03\/1227-jan_1.jpg\",\"contentUrl\":\"https:\/\/epokaserca.pl\/aktualnosci\/wp-content\/uploads\/2013\/03\/1227-jan_1.jpg\",\"width\":153,\"height\":197,\"caption\":\"1227-jan_1\"},{\"@type\":\"BreadcrumbList\",\"@id\":\"https:\/\/epokaserca.pl\/aktualnosci\/ewangelia-sw-jana\/#breadcrumb\",\"itemListElement\":[{\"@type\":\"ListItem\",\"position\":1,\"name\":\"Home\",\"item\":\"https:\/\/epokaserca.pl\/aktualnosci\/\"},{\"@type\":\"ListItem\",\"position\":2,\"name\":\"EWANGELIA \u015aW. JANA\"}]},{\"@type\":\"WebSite\",\"@id\":\"https:\/\/epokaserca.pl\/aktualnosci\/#website\",\"url\":\"https:\/\/epokaserca.pl\/aktualnosci\/\",\"name\":\"Aktualno\u015bci\",\"description\":\"\",\"potentialAction\":[{\"@type\":\"SearchAction\",\"target\":{\"@type\":\"EntryPoint\",\"urlTemplate\":\"https:\/\/epokaserca.pl\/aktualnosci\/?s={search_term_string}\"},\"query-input\":{\"@type\":\"PropertyValueSpecification\",\"valueRequired\":true,\"valueName\":\"search_term_string\"}}],\"inLanguage\":\"pl-PL\"},{\"@type\":\"Person\",\"@id\":\"https:\/\/epokaserca.pl\/aktualnosci\/#\/schema\/person\/f87215bc4f757d15c7321145cbabc434\",\"name\":\"admin\",\"image\":{\"@type\":\"ImageObject\",\"inLanguage\":\"pl-PL\",\"@id\":\"https:\/\/epokaserca.pl\/aktualnosci\/#\/schema\/person\/image\/\",\"url\":\"https:\/\/secure.gravatar.com\/avatar\/8e51b30565ad99a9f8b25bd638d21cd1?s=96&d=mm&r=g\",\"contentUrl\":\"https:\/\/secure.gravatar.com\/avatar\/8e51b30565ad99a9f8b25bd638d21cd1?s=96&d=mm&r=g\",\"caption\":\"admin\"},\"url\":\"https:\/\/epokaserca.pl\/aktualnosci\/author\/admin\/\"}]}<\/script>\n<!-- \/ Yoast SEO plugin. -->","yoast_head_json":{"title":"EWANGELIA \u015aW. JANA - Aktualno\u015bci","robots":{"index":"index","follow":"follow","max-snippet":"max-snippet:-1","max-image-preview":"max-image-preview:large","max-video-preview":"max-video-preview:-1"},"canonical":"https:\/\/epokaserca.pl\/aktualnosci\/ewangelia-sw-jana\/","og_locale":"pl_PL","og_type":"article","og_title":"EWANGELIA \u015aW. JANA - Aktualno\u015bci","og_description":"&nbsp; Wielu szuka po ca\u0142ym \u015bwiecie oczyszczenia, zbawienia, wzrostu, ka\u017cdy ma do tego prawo i dzi\u015b wiele mo\u017cliwo\u015bci, jednak cho\u0107 poznaj\u0105 wiele, czy ZROZUMIELI DROG\u0118, czy to &nbsp;tylko ich umys\u0142 daje im z\u0142udzenie poznania? Kochani, miar\u0105 poziomu naszej \u015aWIADOMO\u015aCI jest zrozumienie \u017cycia i nauk Nauczycieli. Przedstawiam Wam dzi\u015b film &#8211; Ewangelia \u015aw. Jana. Je\u015bli kto\u015b [&hellip;]","og_url":"https:\/\/epokaserca.pl\/aktualnosci\/ewangelia-sw-jana\/","og_site_name":"Aktualno\u015bci","article_published_time":"2013-03-25T22:49:24+00:00","og_image":[{"width":153,"height":197,"url":"https:\/\/epokaserca.pl\/aktualnosci\/wp-content\/uploads\/2013\/03\/1227-jan_1.jpg","type":"image\/jpeg"}],"author":"admin","twitter_card":"summary_large_image","twitter_misc":{"Napisane przez":"admin","Szacowany czas czytania":"1 minuta"},"schema":{"@context":"https:\/\/schema.org","@graph":[{"@type":"Article","@id":"https:\/\/epokaserca.pl\/aktualnosci\/ewangelia-sw-jana\/#article","isPartOf":{"@id":"https:\/\/epokaserca.pl\/aktualnosci\/ewangelia-sw-jana\/"},"author":{"name":"admin","@id":"https:\/\/epokaserca.pl\/aktualnosci\/#\/schema\/person\/f87215bc4f757d15c7321145cbabc434"},"headline":"EWANGELIA \u015aW. JANA","datePublished":"2013-03-25T22:49:24+00:00","mainEntityOfPage":{"@id":"https:\/\/epokaserca.pl\/aktualnosci\/ewangelia-sw-jana\/"},"wordCount":273,"commentCount":0,"image":{"@id":"https:\/\/epokaserca.pl\/aktualnosci\/ewangelia-sw-jana\/#primaryimage"},"thumbnailUrl":"https:\/\/epokaserca.pl\/aktualnosci\/wp-content\/uploads\/2013\/03\/1227-jan_1.jpg","articleSection":["Artyku\u0142y"],"inLanguage":"pl-PL","potentialAction":[{"@type":"CommentAction","name":"Comment","target":["https:\/\/epokaserca.pl\/aktualnosci\/ewangelia-sw-jana\/#respond"]}]},{"@type":"WebPage","@id":"https:\/\/epokaserca.pl\/aktualnosci\/ewangelia-sw-jana\/","url":"https:\/\/epokaserca.pl\/aktualnosci\/ewangelia-sw-jana\/","name":"EWANGELIA \u015aW. JANA - Aktualno\u015bci","isPartOf":{"@id":"https:\/\/epokaserca.pl\/aktualnosci\/#website"},"primaryImageOfPage":{"@id":"https:\/\/epokaserca.pl\/aktualnosci\/ewangelia-sw-jana\/#primaryimage"},"image":{"@id":"https:\/\/epokaserca.pl\/aktualnosci\/ewangelia-sw-jana\/#primaryimage"},"thumbnailUrl":"https:\/\/epokaserca.pl\/aktualnosci\/wp-content\/uploads\/2013\/03\/1227-jan_1.jpg","datePublished":"2013-03-25T22:49:24+00:00","author":{"@id":"https:\/\/epokaserca.pl\/aktualnosci\/#\/schema\/person\/f87215bc4f757d15c7321145cbabc434"},"breadcrumb":{"@id":"https:\/\/epokaserca.pl\/aktualnosci\/ewangelia-sw-jana\/#breadcrumb"},"inLanguage":"pl-PL","potentialAction":[{"@type":"ReadAction","target":["https:\/\/epokaserca.pl\/aktualnosci\/ewangelia-sw-jana\/"]}]},{"@type":"ImageObject","inLanguage":"pl-PL","@id":"https:\/\/epokaserca.pl\/aktualnosci\/ewangelia-sw-jana\/#primaryimage","url":"https:\/\/epokaserca.pl\/aktualnosci\/wp-content\/uploads\/2013\/03\/1227-jan_1.jpg","contentUrl":"https:\/\/epokaserca.pl\/aktualnosci\/wp-content\/uploads\/2013\/03\/1227-jan_1.jpg","width":153,"height":197,"caption":"1227-jan_1"},{"@type":"BreadcrumbList","@id":"https:\/\/epokaserca.pl\/aktualnosci\/ewangelia-sw-jana\/#breadcrumb","itemListElement":[{"@type":"ListItem","position":1,"name":"Home","item":"https:\/\/epokaserca.pl\/aktualnosci\/"},{"@type":"ListItem","position":2,"name":"EWANGELIA \u015aW. JANA"}]},{"@type":"WebSite","@id":"https:\/\/epokaserca.pl\/aktualnosci\/#website","url":"https:\/\/epokaserca.pl\/aktualnosci\/","name":"Aktualno\u015bci","description":"","potentialAction":[{"@type":"SearchAction","target":{"@type":"EntryPoint","urlTemplate":"https:\/\/epokaserca.pl\/aktualnosci\/?s={search_term_string}"},"query-input":{"@type":"PropertyValueSpecification","valueRequired":true,"valueName":"search_term_string"}}],"inLanguage":"pl-PL"},{"@type":"Person","@id":"https:\/\/epokaserca.pl\/aktualnosci\/#\/schema\/person\/f87215bc4f757d15c7321145cbabc434","name":"admin","image":{"@type":"ImageObject","inLanguage":"pl-PL","@id":"https:\/\/epokaserca.pl\/aktualnosci\/#\/schema\/person\/image\/","url":"https:\/\/secure.gravatar.com\/avatar\/8e51b30565ad99a9f8b25bd638d21cd1?s=96&d=mm&r=g","contentUrl":"https:\/\/secure.gravatar.com\/avatar\/8e51b30565ad99a9f8b25bd638d21cd1?s=96&d=mm&r=g","caption":"admin"},"url":"https:\/\/epokaserca.pl\/aktualnosci\/author\/admin\/"}]}},"_links":{"self":[{"href":"https:\/\/epokaserca.pl\/aktualnosci\/wp-json\/wp\/v2\/posts\/614","targetHints":{"allow":["GET"]}}],"collection":[{"href":"https:\/\/epokaserca.pl\/aktualnosci\/wp-json\/wp\/v2\/posts"}],"about":[{"href":"https:\/\/epokaserca.pl\/aktualnosci\/wp-json\/wp\/v2\/types\/post"}],"author":[{"embeddable":true,"href":"https:\/\/epokaserca.pl\/aktualnosci\/wp-json\/wp\/v2\/users\/1"}],"replies":[{"embeddable":true,"href":"https:\/\/epokaserca.pl\/aktualnosci\/wp-json\/wp\/v2\/comments?post=614"}],"version-history":[{"count":0,"href":"https:\/\/epokaserca.pl\/aktualnosci\/wp-json\/wp\/v2\/posts\/614\/revisions"}],"wp:featuredmedia":[{"embeddable":true,"href":"https:\/\/epokaserca.pl\/aktualnosci\/wp-json\/wp\/v2\/media\/613"}],"wp:attachment":[{"href":"https:\/\/epokaserca.pl\/aktualnosci\/wp-json\/wp\/v2\/media?parent=614"}],"wp:term":[{"taxonomy":"category","embeddable":true,"href":"https:\/\/epokaserca.pl\/aktualnosci\/wp-json\/wp\/v2\/categories?post=614"},{"taxonomy":"post_tag","embeddable":true,"href":"https:\/\/epokaserca.pl\/aktualnosci\/wp-json\/wp\/v2\/tags?post=614"}],"curies":[{"name":"wp","href":"https:\/\/api.w.org\/{rel}","templated":true}]}}