{"id":616,"date":"2013-03-26T23:01:09","date_gmt":"2013-03-26T23:01:09","guid":{"rendered":"https:\/\/epokaserca.pl\/aktualnosci\/index.php\/2013\/03\/26\/26-marca-2013\/"},"modified":"2013-03-26T23:01:09","modified_gmt":"2013-03-26T23:01:09","slug":"26-marca-2013","status":"publish","type":"post","link":"https:\/\/epokaserca.pl\/aktualnosci\/26-marca-2013\/","title":{"rendered":"26 MARCA 2013"},"content":{"rendered":"<p style=\"text-align: justify;\"><span style=\"font-size: 10pt; color: #0000ff;\">Z odwagi bierze si\u0119 \u017cycie i gdyby\u017c tylko tyle trzeba by\u0142o, &nbsp;dzi\u015b niejeden by\u0142by tym, co zwyci\u0119stwo odni\u00f3s\u0142. Jednak, nie tylko odwaga potrzebna jest, a jeszcze prawdy odczuwanie a to z&nbsp; zaufania sobie samemu si\u0119 bierze. Sobie ufa\u0107, nie w l\u0119ku codzienno\u015bci, a w Duchu wieczno\u015bci, tam skry\u0107 si\u0119 trzeba, tam rozpozna\u0107 namiot poznania. Tylko tam, Ducha znajdziesz w\u0119drowcze przemi\u0142y, pustelniku podr\u00f3\u017cuj\u0105cy wiecznym szlakiem poznania. Dzi\u015b w&nbsp; Tobie droga zamyka si\u0119 jedna lecz nie koniec w\u0119dr\u00f3wki to, a etapu zako\u0144czenie, aby\u015b m\u00f3g\u0142 na skrzyd\u0142ach wieczno\u015bci wznie\u015b\u0107 si\u0119 w rejony, kt\u00f3re cho\u0107 znane s\u0105 zapomniane jednocze\u015bnie przez Ciebie. Id\u017a, w odwadze serce trzymaj, w namiocie przemienienia b\u0105d\u017a i tylko Ty, nikt wi\u0119cej tam by\u0107 nie mo\u017ce, bo prawda cho\u0107 jedna dla wszystkich, &nbsp;tylko przez jednego w samotno\u015bci poznana by\u0107 mo\u017ce. <\/span><\/p>\n<p style=\"text-align: justify;\"><span style=\"font-size: 10pt; color: #0000ff;\">\/przekaz\/<\/span><\/p>\n<p><span style=\"font-size: 10pt;\">&nbsp;<\/span><\/p>\n<p style=\"text-align: -webkit-auto;\">&#8222;Odnajd\u017a swe DZIEDZICTWO, odnajd\u017a prawd\u0119 RODU, z kt\u00f3rego pochodzisz. Tw\u00f3j r\u00f3d to WIECZNO\u015a\u0106, Tw\u00f3j Ojciec MOC i PRAWDA. Si\u0119gnij d\u0142oni\u0105 po swe dziedzictwo, uznaj je za w\u0142asne ? wr\u00f3\u0107 jak syn marnotrawny do prawdziwej siedziby OJCA.<\/p>\n<p>&nbsp;<span style=\"text-align: -webkit-auto; font-size: 12px; line-height: 1.3em;\">Uznaj swoje jedyne i prawowite dziedzictwo. Poczuj w sobie GODNO\u015a\u0106, SZLACHETNO\u015aC, WZNIOS\u0141O\u015a\u0106, WYR\u00d3\u017bNIENIE, niech \u015bwiat\u0142o\u015b\u0107 Twego dziedzictwa rozja\u015bni Twoje oblicze, jeste\u015b pot\u0119g\u0105 jak i Tw\u00f3j Ojciec.<\/span><\/p>\n<p>&nbsp;<span style=\"text-align: -webkit-auto; font-size: 12px; line-height: 1.3em;\">Kiedy umys\u0142 ? m\u0119\u017cczyzna oddzieli\u0142 si\u0119 od swego dziedzictwa, utraci\u0142 si\u0142\u0119, teraz ma powr\u00f3ci\u0107 do niego, lecz w tej kontynuacji nie mo\u017ce i\u015b\u0107 swoj\u0105 drog\u0105, ON MUSI BY\u0106 WYKONAWC\u0104 DZIEDZICTWA. Musi poczu\u0107, \u017ce nie on jest tu wa\u017cny, ale linia rodu, warto\u015bci&nbsp; RODU ? dziedzictwo.<\/span><\/p>\n<p>&nbsp;<span style=\"text-align: -webkit-auto; font-size: 12px; line-height: 1.3em;\">Ka\u017cdego dnia budz\u0119 si\u0119 ze \u015bwiadomo\u015bci\u0105 MOJEGO&nbsp; DZIEDZICTWA i odpowiedzialno\u015bci na BOSKI R\u00d3D. MOJA GODNO\u015a\u0106 to godno\u015b\u0107 Boga we mnie, moja si\u0142a to si\u0142a mego Ojca, moja prawo\u015b\u0107 to \u015bwiat\u0142o\u015b\u0107 mej odpowiedzialno\u015bci, moja moc i charyzma to \u015aWIADOMO\u015a\u0106 MOJEGO DZIEDZICTWA. JA i M\u00d3J OJCIEC TO JEDNO. TO NIE JA, LECZ M\u00d3J OJCIEC DZIA\u0141A PRZEZE MNIE.&#8221;<\/span><\/p>\n<p>&nbsp;<\/p>\n<p style=\"text-align: -webkit-auto;\"><b>Fragment artyku\u0142u &#8222;We\u017a dziedzictwo Ojca&#8221;.<\/b><\/p>\n","protected":false},"excerpt":{"rendered":"<p>Z odwagi bierze si\u0119 \u017cycie i gdyby\u017c tylko tyle trzeba by\u0142o, &nbsp;dzi\u015b niejeden by\u0142by tym, co zwyci\u0119stwo odni\u00f3s\u0142. Jednak, nie tylko odwaga potrzebna jest, a jeszcze prawdy odczuwanie a to z&nbsp; zaufania sobie samemu si\u0119 bierze. Sobie ufa\u0107, nie w l\u0119ku codzienno\u015bci, a w Duchu wieczno\u015bci, tam skry\u0107 si\u0119 trzeba, tam rozpozna\u0107 namiot poznania. Tylko [&hellip;]<\/p>\n","protected":false},"author":1,"featured_media":0,"comment_status":"open","ping_status":"open","sticky":false,"template":"","format":"standard","meta":{"footnotes":""},"categories":[5],"tags":[],"class_list":{"0":"post-616","1":"post","2":"type-post","3":"status-publish","4":"format-standard","6":"category-aktualnosci","7":"czr-hentry"},"yoast_head":"<!-- This site is optimized with the Yoast SEO plugin v26.8 - https:\/\/yoast.com\/product\/yoast-seo-wordpress\/ -->\n<title>26 MARCA 2013 - Aktualno\u015bci<\/title>\n<meta name=\"robots\" content=\"index, follow, max-snippet:-1, max-image-preview:large, max-video-preview:-1\" \/>\n<link rel=\"canonical\" href=\"https:\/\/epokaserca.pl\/aktualnosci\/26-marca-2013\/\" \/>\n<meta property=\"og:locale\" content=\"pl_PL\" \/>\n<meta property=\"og:type\" content=\"article\" \/>\n<meta property=\"og:title\" content=\"26 MARCA 2013 - Aktualno\u015bci\" \/>\n<meta property=\"og:description\" content=\"Z odwagi bierze si\u0119 \u017cycie i gdyby\u017c tylko tyle trzeba by\u0142o, &nbsp;dzi\u015b niejeden by\u0142by tym, co zwyci\u0119stwo odni\u00f3s\u0142. Jednak, nie tylko odwaga potrzebna jest, a jeszcze prawdy odczuwanie a to z&nbsp; zaufania sobie samemu si\u0119 bierze. Sobie ufa\u0107, nie w l\u0119ku codzienno\u015bci, a w Duchu wieczno\u015bci, tam skry\u0107 si\u0119 trzeba, tam rozpozna\u0107 namiot poznania. Tylko [&hellip;]\" \/>\n<meta property=\"og:url\" content=\"https:\/\/epokaserca.pl\/aktualnosci\/26-marca-2013\/\" \/>\n<meta property=\"og:site_name\" content=\"Aktualno\u015bci\" \/>\n<meta property=\"article:published_time\" content=\"2013-03-26T23:01:09+00:00\" \/>\n<meta name=\"author\" content=\"admin\" \/>\n<meta name=\"twitter:card\" content=\"summary_large_image\" \/>\n<meta name=\"twitter:label1\" content=\"Napisane przez\" \/>\n\t<meta name=\"twitter:data1\" content=\"admin\" \/>\n\t<meta name=\"twitter:label2\" content=\"Szacowany czas czytania\" \/>\n\t<meta name=\"twitter:data2\" content=\"2 minuty\" \/>\n<script type=\"application\/ld+json\" class=\"yoast-schema-graph\">{\"@context\":\"https:\/\/schema.org\",\"@graph\":[{\"@type\":\"Article\",\"@id\":\"https:\/\/epokaserca.pl\/aktualnosci\/26-marca-2013\/#article\",\"isPartOf\":{\"@id\":\"https:\/\/epokaserca.pl\/aktualnosci\/26-marca-2013\/\"},\"author\":{\"name\":\"admin\",\"@id\":\"https:\/\/epokaserca.pl\/aktualnosci\/#\/schema\/person\/f87215bc4f757d15c7321145cbabc434\"},\"headline\":\"26 MARCA 2013\",\"datePublished\":\"2013-03-26T23:01:09+00:00\",\"mainEntityOfPage\":{\"@id\":\"https:\/\/epokaserca.pl\/aktualnosci\/26-marca-2013\/\"},\"wordCount\":361,\"commentCount\":0,\"articleSection\":[\"Aktualno\u015bci\"],\"inLanguage\":\"pl-PL\",\"potentialAction\":[{\"@type\":\"CommentAction\",\"name\":\"Comment\",\"target\":[\"https:\/\/epokaserca.pl\/aktualnosci\/26-marca-2013\/#respond\"]}]},{\"@type\":\"WebPage\",\"@id\":\"https:\/\/epokaserca.pl\/aktualnosci\/26-marca-2013\/\",\"url\":\"https:\/\/epokaserca.pl\/aktualnosci\/26-marca-2013\/\",\"name\":\"26 MARCA 2013 - Aktualno\u015bci\",\"isPartOf\":{\"@id\":\"https:\/\/epokaserca.pl\/aktualnosci\/#website\"},\"datePublished\":\"2013-03-26T23:01:09+00:00\",\"author\":{\"@id\":\"https:\/\/epokaserca.pl\/aktualnosci\/#\/schema\/person\/f87215bc4f757d15c7321145cbabc434\"},\"breadcrumb\":{\"@id\":\"https:\/\/epokaserca.pl\/aktualnosci\/26-marca-2013\/#breadcrumb\"},\"inLanguage\":\"pl-PL\",\"potentialAction\":[{\"@type\":\"ReadAction\",\"target\":[\"https:\/\/epokaserca.pl\/aktualnosci\/26-marca-2013\/\"]}]},{\"@type\":\"BreadcrumbList\",\"@id\":\"https:\/\/epokaserca.pl\/aktualnosci\/26-marca-2013\/#breadcrumb\",\"itemListElement\":[{\"@type\":\"ListItem\",\"position\":1,\"name\":\"Home\",\"item\":\"https:\/\/epokaserca.pl\/aktualnosci\/\"},{\"@type\":\"ListItem\",\"position\":2,\"name\":\"26 MARCA 2013\"}]},{\"@type\":\"WebSite\",\"@id\":\"https:\/\/epokaserca.pl\/aktualnosci\/#website\",\"url\":\"https:\/\/epokaserca.pl\/aktualnosci\/\",\"name\":\"Aktualno\u015bci\",\"description\":\"\",\"potentialAction\":[{\"@type\":\"SearchAction\",\"target\":{\"@type\":\"EntryPoint\",\"urlTemplate\":\"https:\/\/epokaserca.pl\/aktualnosci\/?s={search_term_string}\"},\"query-input\":{\"@type\":\"PropertyValueSpecification\",\"valueRequired\":true,\"valueName\":\"search_term_string\"}}],\"inLanguage\":\"pl-PL\"},{\"@type\":\"Person\",\"@id\":\"https:\/\/epokaserca.pl\/aktualnosci\/#\/schema\/person\/f87215bc4f757d15c7321145cbabc434\",\"name\":\"admin\",\"image\":{\"@type\":\"ImageObject\",\"inLanguage\":\"pl-PL\",\"@id\":\"https:\/\/epokaserca.pl\/aktualnosci\/#\/schema\/person\/image\/\",\"url\":\"https:\/\/secure.gravatar.com\/avatar\/8e51b30565ad99a9f8b25bd638d21cd1?s=96&d=mm&r=g\",\"contentUrl\":\"https:\/\/secure.gravatar.com\/avatar\/8e51b30565ad99a9f8b25bd638d21cd1?s=96&d=mm&r=g\",\"caption\":\"admin\"},\"url\":\"https:\/\/epokaserca.pl\/aktualnosci\/author\/admin\/\"}]}<\/script>\n<!-- \/ Yoast SEO plugin. -->","yoast_head_json":{"title":"26 MARCA 2013 - Aktualno\u015bci","robots":{"index":"index","follow":"follow","max-snippet":"max-snippet:-1","max-image-preview":"max-image-preview:large","max-video-preview":"max-video-preview:-1"},"canonical":"https:\/\/epokaserca.pl\/aktualnosci\/26-marca-2013\/","og_locale":"pl_PL","og_type":"article","og_title":"26 MARCA 2013 - Aktualno\u015bci","og_description":"Z odwagi bierze si\u0119 \u017cycie i gdyby\u017c tylko tyle trzeba by\u0142o, &nbsp;dzi\u015b niejeden by\u0142by tym, co zwyci\u0119stwo odni\u00f3s\u0142. Jednak, nie tylko odwaga potrzebna jest, a jeszcze prawdy odczuwanie a to z&nbsp; zaufania sobie samemu si\u0119 bierze. Sobie ufa\u0107, nie w l\u0119ku codzienno\u015bci, a w Duchu wieczno\u015bci, tam skry\u0107 si\u0119 trzeba, tam rozpozna\u0107 namiot poznania. Tylko [&hellip;]","og_url":"https:\/\/epokaserca.pl\/aktualnosci\/26-marca-2013\/","og_site_name":"Aktualno\u015bci","article_published_time":"2013-03-26T23:01:09+00:00","author":"admin","twitter_card":"summary_large_image","twitter_misc":{"Napisane przez":"admin","Szacowany czas czytania":"2 minuty"},"schema":{"@context":"https:\/\/schema.org","@graph":[{"@type":"Article","@id":"https:\/\/epokaserca.pl\/aktualnosci\/26-marca-2013\/#article","isPartOf":{"@id":"https:\/\/epokaserca.pl\/aktualnosci\/26-marca-2013\/"},"author":{"name":"admin","@id":"https:\/\/epokaserca.pl\/aktualnosci\/#\/schema\/person\/f87215bc4f757d15c7321145cbabc434"},"headline":"26 MARCA 2013","datePublished":"2013-03-26T23:01:09+00:00","mainEntityOfPage":{"@id":"https:\/\/epokaserca.pl\/aktualnosci\/26-marca-2013\/"},"wordCount":361,"commentCount":0,"articleSection":["Aktualno\u015bci"],"inLanguage":"pl-PL","potentialAction":[{"@type":"CommentAction","name":"Comment","target":["https:\/\/epokaserca.pl\/aktualnosci\/26-marca-2013\/#respond"]}]},{"@type":"WebPage","@id":"https:\/\/epokaserca.pl\/aktualnosci\/26-marca-2013\/","url":"https:\/\/epokaserca.pl\/aktualnosci\/26-marca-2013\/","name":"26 MARCA 2013 - Aktualno\u015bci","isPartOf":{"@id":"https:\/\/epokaserca.pl\/aktualnosci\/#website"},"datePublished":"2013-03-26T23:01:09+00:00","author":{"@id":"https:\/\/epokaserca.pl\/aktualnosci\/#\/schema\/person\/f87215bc4f757d15c7321145cbabc434"},"breadcrumb":{"@id":"https:\/\/epokaserca.pl\/aktualnosci\/26-marca-2013\/#breadcrumb"},"inLanguage":"pl-PL","potentialAction":[{"@type":"ReadAction","target":["https:\/\/epokaserca.pl\/aktualnosci\/26-marca-2013\/"]}]},{"@type":"BreadcrumbList","@id":"https:\/\/epokaserca.pl\/aktualnosci\/26-marca-2013\/#breadcrumb","itemListElement":[{"@type":"ListItem","position":1,"name":"Home","item":"https:\/\/epokaserca.pl\/aktualnosci\/"},{"@type":"ListItem","position":2,"name":"26 MARCA 2013"}]},{"@type":"WebSite","@id":"https:\/\/epokaserca.pl\/aktualnosci\/#website","url":"https:\/\/epokaserca.pl\/aktualnosci\/","name":"Aktualno\u015bci","description":"","potentialAction":[{"@type":"SearchAction","target":{"@type":"EntryPoint","urlTemplate":"https:\/\/epokaserca.pl\/aktualnosci\/?s={search_term_string}"},"query-input":{"@type":"PropertyValueSpecification","valueRequired":true,"valueName":"search_term_string"}}],"inLanguage":"pl-PL"},{"@type":"Person","@id":"https:\/\/epokaserca.pl\/aktualnosci\/#\/schema\/person\/f87215bc4f757d15c7321145cbabc434","name":"admin","image":{"@type":"ImageObject","inLanguage":"pl-PL","@id":"https:\/\/epokaserca.pl\/aktualnosci\/#\/schema\/person\/image\/","url":"https:\/\/secure.gravatar.com\/avatar\/8e51b30565ad99a9f8b25bd638d21cd1?s=96&d=mm&r=g","contentUrl":"https:\/\/secure.gravatar.com\/avatar\/8e51b30565ad99a9f8b25bd638d21cd1?s=96&d=mm&r=g","caption":"admin"},"url":"https:\/\/epokaserca.pl\/aktualnosci\/author\/admin\/"}]}},"_links":{"self":[{"href":"https:\/\/epokaserca.pl\/aktualnosci\/wp-json\/wp\/v2\/posts\/616","targetHints":{"allow":["GET"]}}],"collection":[{"href":"https:\/\/epokaserca.pl\/aktualnosci\/wp-json\/wp\/v2\/posts"}],"about":[{"href":"https:\/\/epokaserca.pl\/aktualnosci\/wp-json\/wp\/v2\/types\/post"}],"author":[{"embeddable":true,"href":"https:\/\/epokaserca.pl\/aktualnosci\/wp-json\/wp\/v2\/users\/1"}],"replies":[{"embeddable":true,"href":"https:\/\/epokaserca.pl\/aktualnosci\/wp-json\/wp\/v2\/comments?post=616"}],"version-history":[{"count":0,"href":"https:\/\/epokaserca.pl\/aktualnosci\/wp-json\/wp\/v2\/posts\/616\/revisions"}],"wp:attachment":[{"href":"https:\/\/epokaserca.pl\/aktualnosci\/wp-json\/wp\/v2\/media?parent=616"}],"wp:term":[{"taxonomy":"category","embeddable":true,"href":"https:\/\/epokaserca.pl\/aktualnosci\/wp-json\/wp\/v2\/categories?post=616"},{"taxonomy":"post_tag","embeddable":true,"href":"https:\/\/epokaserca.pl\/aktualnosci\/wp-json\/wp\/v2\/tags?post=616"}],"curies":[{"name":"wp","href":"https:\/\/api.w.org\/{rel}","templated":true}]}}