{"id":618,"date":"2013-03-27T19:39:23","date_gmt":"2013-03-27T19:39:23","guid":{"rendered":"https:\/\/epokaserca.pl\/aktualnosci\/index.php\/2013\/03\/27\/28-marca-2013\/"},"modified":"2013-03-27T19:39:23","modified_gmt":"2013-03-27T19:39:23","slug":"28-marca-2013","status":"publish","type":"post","link":"https:\/\/epokaserca.pl\/aktualnosci\/28-marca-2013\/","title":{"rendered":"28 MARCA 2013"},"content":{"rendered":"\n<p style=\"margin: 0cm 0cm 7.5pt; text-align: justify;\">&nbsp;<\/p>\n<p style=\"text-align: justify;\">Przyszed\u0142e\u015b, ka\u017cdy z Was na Ziemi\u0119 t\u0119, aby nauczy\u0107 si\u0119 tworzy\u0107 \u017cycie, aby nauczy\u0107 si\u0119 pe\u0142ni odpowiedzialno\u015bci za siebie, \u017cycie, istnienie. Nie jest to \u0142atwe, tak, bo ka\u017cdy z Was w okowach by\u0142 tysi\u0119cy lat swego zapomnienia ? wolnej woli. Ona by\u0142a zawsze, lecz kto z Was wiedzia\u0142, pami\u0119ta\u0107 o tym zachowa\u0142? Nikt, to by\u0142a tajemnica \u017cycia. Aby\u015b m\u00f3g\u0142 pozna\u0107 j\u0105, musia\u0142e\u015b najpierw zbudzi\u0107 si\u0119 \u015bwiadomie ze swej niemocy i nic- niewarto\u015bci, nast\u0119pnym etapem dopiero jest \u015bmier\u0107, lecz nie o \u015bmier\u0107 cia\u0142a chodzi a o \u015bmier\u0107, unicestwienie skorupy niewiedzy, nalecia\u0142o\u015bci tysi\u0119cy pomruk\u00f3w nieistnienia.<br \/> O jak\u017ce ci\u0119\u017cko jest ze snu si\u0119 tego zbudzi\u0107 wie tylko ten, kto oprzytomnia\u0142, kto zdar\u0142 z oczu swych i uszu zas\u0142on\u0119 ciemno\u015bci.<br \/> Jak w \u015bpi\u0105czce idziecie poznaj\u0105c \u017cycie, ka\u017cdy aspekt jego, a ono c\u00f3\u017c, daje Wam mo\u017cliwo\u015bci. Tak wiele ich by\u0142o, tysi\u0105ce lat o tym \u015bwiadcz\u0105 i cywilizacji wiele, lecz cz\u0142owiek w marno\u015bci swej \u015bwiadomo\u015bci niech\u0119tny by\u0142 i nadal jest przebudzeniu. Dlaczego? Bo cho\u0107 w cierpieniu ogromnym skrywa swe serce nijak pu\u015bci\u0107 go nie chce. Cierpienie, to przyczynek jest Waszego op\u00f3\u017anienia.<\/p>\n<p style=\"text-align: justify;\">Jak\u017ce \u0142atwo zachowa\u0107 t\u0119 s\u0142abo\u015b\u0107, zrzuci\u0107 mo\u017cna na wszystko odpowiedzialno\u015b\u0107 za to, co si\u0119 w \u017cyciu przydarza, winni ludzie, B\u00f3g, przyroda, los. \u0141atwe to i przyjemne pozosta\u0107 w narzekaniu i wiecznym biadoleniu, wszyscy winni &#8211; Ty nie.<br \/> B\u00f3l, znasz go, w nim pozosta\u0107 chcesz, bo wygodnym jest przecie\u017c. Od winy uwalnia, od odpowiedzialno\u015bci odgradza, przecie\u017c cierpisz, czy\u017c to nie wystarcza? Tak, to biedny cz\u0142owiek, bolej\u0105cy, s\u0142aby i mizerny w swej niemocy, przecie\u017c to tylko cz\u0142owiek, prawda? Sarkazm? Nie, to s\u0142owa prawdy. Wasze wygodnictwo si\u0119ga zenitu, a tu niespodzianka &#8211; czas dany Wam dobiega ko\u0144ca. Czas dany na przebudzenie, ko\u0144czy si\u0119.<\/p>\n<p style=\"text-align: justify;\">I nie pomog\u0142o Nauczycieli wo\u0142anie i nie wzrusza upadek cywilizacji &#8211; nic, jak mur z betonu cz\u0142owiek jest zamkni\u0119ty w swym wygodnictwie i s\u0142abo\u015bci. Czy prawdziwa jest ona, s\u0142abo\u015b\u0107 i ma\u0142o\u015b\u0107 cz\u0142owieka -nie.<\/p>\n<p style=\"text-align: justify;\">On utkn\u0105\u0142 w niej, bo to wygodne przecie\u017c w nieszcz\u0119\u015bciu tkwi\u0107 i swej s\u0142abo\u015bci ulega\u0107, b\u00f3l ho\u0142ubi\u0107, lenistwo nagradza\u0107 &#8211; nie mog\u0119, nie wiem, nie rozumiem, to oni winni, to ten \u015bwiat, to B\u00f3g, wida\u0107 tak musi by\u0107 &#8211; oj wstrz\u0105sa si\u0119 \u015bwiat Ducha na niemoc tak\u0105, kt\u00f3ra prawdy nie ma w sobie \u017cadnej.<\/p>\n<p style=\"text-align: justify;\">Niemoc, wygodnictwo &#8211; mo\u017ce ju\u017c czas pozostawi\u0107 wygodn\u0105 wym\u00f3wk\u0119 i odwa\u017cy\u0107 si\u0119 sta\u0107 cz\u0142owiekiem prawdziwym, moc swoj\u0105 odczu\u0107, pot\u0119g\u0119 odnale\u017a\u0107 i wr\u00f3ci\u0107 do korzeni swego Jestestwa.<\/p>\n<p style=\"text-align: justify;\">Dop\u00f3ki jednak si\u0142a serca nie zawo\u0142a o przebudzenie, cz\u0142ek upadnie, a je\u015bli tak, je\u015bli tego chce, stworzy to w pe\u0142ni, ca\u0142kowicie bior\u0105c odpowiedzialno\u015b\u0107 za lenistwo swe i wygodnictwo.<\/p>\n<p style=\"text-align: justify;\">Serce &#8211; zawo\u0142aj do niego, je\u015bli \u017cycie Ci mi\u0142e, a ono odnajdzie ju\u017c drog\u0119 w\u0142a\u015bciw\u0105 dla realizacji siebie w \u017cyciu. Ty pod\u0105\u017caj tylko za nim, za tym, co z czystego jest \u015bwiat\u0142a, z czysto\u015bci i bo\u017cego dziewictwa. A jakie\u017c to jest dziewictwo? &nbsp;Ufno\u015b\u0107, otwarto\u015b\u0107, emanacja, na Duchu oparte, a nie na chciejstwie ego. Tam obdarowywanie jest p\u0142ynno\u015bci\u0105 swej energii, czysto\u015bci\u0105 my\u015bli, otwarto\u015bci\u0105 dzia\u0142a\u0144. Tam gdzie serce dzia\u0142a prawdziwe &#8211; nie ma l\u0119ku, obaw, ocen, niepewno\u015bci, jest pe\u0142nia oddania \u015awiat\u0142u, ufno\u015bci, mocy i sile w Was. Tam czysto\u015b\u0107 i klarowno\u015b\u0107 jest emanacji, tam rado\u015b\u0107 jest istnienia dla mo\u017cliwo\u015bci poznawania i bycia.<\/p>\n<p style=\"text-align: justify;\">To przepi\u0119kne, by\u0107 w tej energii wolno\u015bci kryszta\u0142em &#8211; kt\u00f3ry blaskiem swym opromienia wszystko &#8211; spr\u00f3buj, do\u015bwiadcz, przekonaj si\u0119. Jak trudno jest uwierzy\u0107 w t\u0119 prawd\u0119 wolno\u015bci wie ka\u017cdy kto jeszcze jest w z\u0142udzeniu, \u017ce l\u0119k jest prawd\u0105 istnienia, \u017ce niebyt prawdziw\u0105 natur\u0105, \u017ce \u017cycie trud niesie, a nie uwolnienie.<\/p>\n<p style=\"text-align: justify;\">Ja Wam rzekn\u0119 tylko tyle -wolno\u015b\u0107, o kt\u00f3r\u0105 tak wielu zabiega chc\u0105c zdoby\u0107 ten \u015bwiat, nie z tego \u015bwiata widzialnego si\u0119 bierze, to wolno\u015b\u0107 pozorna, kt\u00f3r\u0105 straci\u0107 szybko mo\u017cna, ta, o kt\u00f3rej opowiem z DUCHA jest wewn\u0119trznego w Was. Dotrze\u0107 tam- do Ducha prawdziwego w sobie, to zadanie dla Was, to wyzwanie, to podr\u00f3\u017c prawdziwa tysi\u0105ce lat trwaj\u0105c\u0105, dla wielu nie sko\u0144czy si\u0119 jeszcze, lecz dla wielu innych -tak.<\/p>\n<p style=\"text-align: justify;\">Ojej, rzek\u0142by DUCH, a ja tak bardzo ju\u017c tej wolno\u015bci chc\u0119, chc\u0119 pokaza\u0107 ca\u0142\u0105 sw\u0105 majestatyczn\u0105 moc i pi\u0119kno, si\u0142\u0119 i rado\u015b\u0107 realizacji. I budzi Duch ten i puka i drzwiami trzaska, a tu nic tylko cisza, a w\u0142a\u015bciwe chaos wielki wynikaj\u0105cy z p\u0119dz\u0105cego umys\u0142u cz\u0142owieka w ma\u0142o\u015bci swej cielesno\u015bci zamkni\u0119tego.<\/p>\n<p style=\"margin: 0cm 0cm 7.5pt; text-align: justify;\">Raduj si\u0119 Ty, kt\u00f3ry zbudzi\u0107 si\u0119 zechcia\u0142e\u015b, bo je\u015bli pukanie us\u0142ysza\u0142e\u015b i drzwi na o\u015bcie\u017c otwarte teraz \u0142atwiej ju\u017c b\u0119dzie rado\u015bci upust da\u0107 i w\u0142adz\u0119 Duchowi przekaza\u0107.<\/p>\n<p style=\"margin: 0cm 0cm 7.5pt; text-align: justify;\">Tak, to mia\u0142em Wam do powiedzenia.<\/p>\n<p style=\"margin: 0cm 0cm 7.5pt; text-align: justify;\">A teraz czas na pobudk\u0119 prawdziw\u0105. Kiedy zagrzmi\u0119, g\u0142os m\u00f3j us\u0142ysze\u0107 musicie i nie ma si\u0142y, aby on nie dotar\u0142 do ka\u017cdego, kto zechce ksi\u0105\u017ck\u0119 t\u0119 w d\u0142o\u0144 wzi\u0105\u0107, wi\u0119c zaczynajmy. Ja Metatron si\u0142a przekonywania, si\u0142a tworzenia, moc stw\u00f3rcza w ka\u017cdym z Was, bo boscy jeste\u015bcie jak i ja, teraz rozpoczn\u0119 t\u0119 tre\u015b\u0107, kt\u00f3ra serce i umys\u0142 w m\u0105dro\u015bci po\u0142\u0105czy u ka\u017cdego z Was, Boga w cz\u0142owieczej zaspanego naturze. Tak, wi\u0119c zaczynajmy.<\/p>\n","protected":false},"excerpt":{"rendered":"<p>Kochani, dla przypomnienia fragment ksi\u0105\u017cki Metatrona -&#8221; Jam Jest tw\u00f3rc\u0105 \u017cycia.&#8221; &nbsp;Pytacie o ni\u0105 &#8211; nie jest jeszcze uko\u0144czona.&nbsp;<\/p>\n<p style=\"margin: 0cm 0cm 7.5pt; text-align: justify;\"><span style=\"font-size: 14pt; font-family: 'Tekton Pro Ext';\">Przedmowa Metatrona.<\/span><\/p>\n","protected":false},"author":1,"featured_media":0,"comment_status":"open","ping_status":"open","sticky":false,"template":"","format":"standard","meta":{"footnotes":""},"categories":[5],"tags":[],"class_list":{"0":"post-618","1":"post","2":"type-post","3":"status-publish","4":"format-standard","6":"category-aktualnosci","7":"czr-hentry"},"yoast_head":"<!-- This site is optimized with the Yoast SEO plugin v26.8 - https:\/\/yoast.com\/product\/yoast-seo-wordpress\/ -->\n<title>28 MARCA 2013 - Aktualno\u015bci<\/title>\n<meta name=\"robots\" content=\"index, follow, max-snippet:-1, max-image-preview:large, max-video-preview:-1\" \/>\n<link rel=\"canonical\" href=\"https:\/\/epokaserca.pl\/aktualnosci\/28-marca-2013\/\" \/>\n<meta property=\"og:locale\" content=\"pl_PL\" \/>\n<meta property=\"og:type\" content=\"article\" \/>\n<meta property=\"og:title\" content=\"28 MARCA 2013 - Aktualno\u015bci\" \/>\n<meta property=\"og:description\" content=\"Kochani, dla przypomnienia fragment ksi\u0105\u017cki Metatrona -&quot; Jam Jest tw\u00f3rc\u0105 \u017cycia.&quot; &nbsp;Pytacie o ni\u0105 - nie jest jeszcze uko\u0144czona.&nbsp; Przedmowa Metatrona.\" \/>\n<meta property=\"og:url\" content=\"https:\/\/epokaserca.pl\/aktualnosci\/28-marca-2013\/\" \/>\n<meta property=\"og:site_name\" content=\"Aktualno\u015bci\" \/>\n<meta property=\"article:published_time\" content=\"2013-03-27T19:39:23+00:00\" \/>\n<meta name=\"author\" content=\"admin\" \/>\n<meta name=\"twitter:card\" content=\"summary_large_image\" \/>\n<meta name=\"twitter:label1\" content=\"Napisane przez\" \/>\n\t<meta name=\"twitter:data1\" content=\"admin\" \/>\n\t<meta name=\"twitter:label2\" content=\"Szacowany czas czytania\" \/>\n\t<meta name=\"twitter:data2\" content=\"5 minut\" \/>\n<script type=\"application\/ld+json\" class=\"yoast-schema-graph\">{\"@context\":\"https:\/\/schema.org\",\"@graph\":[{\"@type\":\"Article\",\"@id\":\"https:\/\/epokaserca.pl\/aktualnosci\/28-marca-2013\/#article\",\"isPartOf\":{\"@id\":\"https:\/\/epokaserca.pl\/aktualnosci\/28-marca-2013\/\"},\"author\":{\"name\":\"admin\",\"@id\":\"https:\/\/epokaserca.pl\/aktualnosci\/#\/schema\/person\/f87215bc4f757d15c7321145cbabc434\"},\"headline\":\"28 MARCA 2013\",\"datePublished\":\"2013-03-27T19:39:23+00:00\",\"mainEntityOfPage\":{\"@id\":\"https:\/\/epokaserca.pl\/aktualnosci\/28-marca-2013\/\"},\"wordCount\":960,\"commentCount\":0,\"articleSection\":[\"Aktualno\u015bci\"],\"inLanguage\":\"pl-PL\",\"potentialAction\":[{\"@type\":\"CommentAction\",\"name\":\"Comment\",\"target\":[\"https:\/\/epokaserca.pl\/aktualnosci\/28-marca-2013\/#respond\"]}]},{\"@type\":\"WebPage\",\"@id\":\"https:\/\/epokaserca.pl\/aktualnosci\/28-marca-2013\/\",\"url\":\"https:\/\/epokaserca.pl\/aktualnosci\/28-marca-2013\/\",\"name\":\"28 MARCA 2013 - Aktualno\u015bci\",\"isPartOf\":{\"@id\":\"https:\/\/epokaserca.pl\/aktualnosci\/#website\"},\"datePublished\":\"2013-03-27T19:39:23+00:00\",\"author\":{\"@id\":\"https:\/\/epokaserca.pl\/aktualnosci\/#\/schema\/person\/f87215bc4f757d15c7321145cbabc434\"},\"breadcrumb\":{\"@id\":\"https:\/\/epokaserca.pl\/aktualnosci\/28-marca-2013\/#breadcrumb\"},\"inLanguage\":\"pl-PL\",\"potentialAction\":[{\"@type\":\"ReadAction\",\"target\":[\"https:\/\/epokaserca.pl\/aktualnosci\/28-marca-2013\/\"]}]},{\"@type\":\"BreadcrumbList\",\"@id\":\"https:\/\/epokaserca.pl\/aktualnosci\/28-marca-2013\/#breadcrumb\",\"itemListElement\":[{\"@type\":\"ListItem\",\"position\":1,\"name\":\"Home\",\"item\":\"https:\/\/epokaserca.pl\/aktualnosci\/\"},{\"@type\":\"ListItem\",\"position\":2,\"name\":\"28 MARCA 2013\"}]},{\"@type\":\"WebSite\",\"@id\":\"https:\/\/epokaserca.pl\/aktualnosci\/#website\",\"url\":\"https:\/\/epokaserca.pl\/aktualnosci\/\",\"name\":\"Aktualno\u015bci\",\"description\":\"\",\"potentialAction\":[{\"@type\":\"SearchAction\",\"target\":{\"@type\":\"EntryPoint\",\"urlTemplate\":\"https:\/\/epokaserca.pl\/aktualnosci\/?s={search_term_string}\"},\"query-input\":{\"@type\":\"PropertyValueSpecification\",\"valueRequired\":true,\"valueName\":\"search_term_string\"}}],\"inLanguage\":\"pl-PL\"},{\"@type\":\"Person\",\"@id\":\"https:\/\/epokaserca.pl\/aktualnosci\/#\/schema\/person\/f87215bc4f757d15c7321145cbabc434\",\"name\":\"admin\",\"image\":{\"@type\":\"ImageObject\",\"inLanguage\":\"pl-PL\",\"@id\":\"https:\/\/epokaserca.pl\/aktualnosci\/#\/schema\/person\/image\/\",\"url\":\"https:\/\/secure.gravatar.com\/avatar\/8e51b30565ad99a9f8b25bd638d21cd1?s=96&d=mm&r=g\",\"contentUrl\":\"https:\/\/secure.gravatar.com\/avatar\/8e51b30565ad99a9f8b25bd638d21cd1?s=96&d=mm&r=g\",\"caption\":\"admin\"},\"url\":\"https:\/\/epokaserca.pl\/aktualnosci\/author\/admin\/\"}]}<\/script>\n<!-- \/ Yoast SEO plugin. -->","yoast_head_json":{"title":"28 MARCA 2013 - Aktualno\u015bci","robots":{"index":"index","follow":"follow","max-snippet":"max-snippet:-1","max-image-preview":"max-image-preview:large","max-video-preview":"max-video-preview:-1"},"canonical":"https:\/\/epokaserca.pl\/aktualnosci\/28-marca-2013\/","og_locale":"pl_PL","og_type":"article","og_title":"28 MARCA 2013 - Aktualno\u015bci","og_description":"Kochani, dla przypomnienia fragment ksi\u0105\u017cki Metatrona -\" Jam Jest tw\u00f3rc\u0105 \u017cycia.\" &nbsp;Pytacie o ni\u0105 - nie jest jeszcze uko\u0144czona.&nbsp; Przedmowa Metatrona.","og_url":"https:\/\/epokaserca.pl\/aktualnosci\/28-marca-2013\/","og_site_name":"Aktualno\u015bci","article_published_time":"2013-03-27T19:39:23+00:00","author":"admin","twitter_card":"summary_large_image","twitter_misc":{"Napisane przez":"admin","Szacowany czas czytania":"5 minut"},"schema":{"@context":"https:\/\/schema.org","@graph":[{"@type":"Article","@id":"https:\/\/epokaserca.pl\/aktualnosci\/28-marca-2013\/#article","isPartOf":{"@id":"https:\/\/epokaserca.pl\/aktualnosci\/28-marca-2013\/"},"author":{"name":"admin","@id":"https:\/\/epokaserca.pl\/aktualnosci\/#\/schema\/person\/f87215bc4f757d15c7321145cbabc434"},"headline":"28 MARCA 2013","datePublished":"2013-03-27T19:39:23+00:00","mainEntityOfPage":{"@id":"https:\/\/epokaserca.pl\/aktualnosci\/28-marca-2013\/"},"wordCount":960,"commentCount":0,"articleSection":["Aktualno\u015bci"],"inLanguage":"pl-PL","potentialAction":[{"@type":"CommentAction","name":"Comment","target":["https:\/\/epokaserca.pl\/aktualnosci\/28-marca-2013\/#respond"]}]},{"@type":"WebPage","@id":"https:\/\/epokaserca.pl\/aktualnosci\/28-marca-2013\/","url":"https:\/\/epokaserca.pl\/aktualnosci\/28-marca-2013\/","name":"28 MARCA 2013 - Aktualno\u015bci","isPartOf":{"@id":"https:\/\/epokaserca.pl\/aktualnosci\/#website"},"datePublished":"2013-03-27T19:39:23+00:00","author":{"@id":"https:\/\/epokaserca.pl\/aktualnosci\/#\/schema\/person\/f87215bc4f757d15c7321145cbabc434"},"breadcrumb":{"@id":"https:\/\/epokaserca.pl\/aktualnosci\/28-marca-2013\/#breadcrumb"},"inLanguage":"pl-PL","potentialAction":[{"@type":"ReadAction","target":["https:\/\/epokaserca.pl\/aktualnosci\/28-marca-2013\/"]}]},{"@type":"BreadcrumbList","@id":"https:\/\/epokaserca.pl\/aktualnosci\/28-marca-2013\/#breadcrumb","itemListElement":[{"@type":"ListItem","position":1,"name":"Home","item":"https:\/\/epokaserca.pl\/aktualnosci\/"},{"@type":"ListItem","position":2,"name":"28 MARCA 2013"}]},{"@type":"WebSite","@id":"https:\/\/epokaserca.pl\/aktualnosci\/#website","url":"https:\/\/epokaserca.pl\/aktualnosci\/","name":"Aktualno\u015bci","description":"","potentialAction":[{"@type":"SearchAction","target":{"@type":"EntryPoint","urlTemplate":"https:\/\/epokaserca.pl\/aktualnosci\/?s={search_term_string}"},"query-input":{"@type":"PropertyValueSpecification","valueRequired":true,"valueName":"search_term_string"}}],"inLanguage":"pl-PL"},{"@type":"Person","@id":"https:\/\/epokaserca.pl\/aktualnosci\/#\/schema\/person\/f87215bc4f757d15c7321145cbabc434","name":"admin","image":{"@type":"ImageObject","inLanguage":"pl-PL","@id":"https:\/\/epokaserca.pl\/aktualnosci\/#\/schema\/person\/image\/","url":"https:\/\/secure.gravatar.com\/avatar\/8e51b30565ad99a9f8b25bd638d21cd1?s=96&d=mm&r=g","contentUrl":"https:\/\/secure.gravatar.com\/avatar\/8e51b30565ad99a9f8b25bd638d21cd1?s=96&d=mm&r=g","caption":"admin"},"url":"https:\/\/epokaserca.pl\/aktualnosci\/author\/admin\/"}]}},"_links":{"self":[{"href":"https:\/\/epokaserca.pl\/aktualnosci\/wp-json\/wp\/v2\/posts\/618","targetHints":{"allow":["GET"]}}],"collection":[{"href":"https:\/\/epokaserca.pl\/aktualnosci\/wp-json\/wp\/v2\/posts"}],"about":[{"href":"https:\/\/epokaserca.pl\/aktualnosci\/wp-json\/wp\/v2\/types\/post"}],"author":[{"embeddable":true,"href":"https:\/\/epokaserca.pl\/aktualnosci\/wp-json\/wp\/v2\/users\/1"}],"replies":[{"embeddable":true,"href":"https:\/\/epokaserca.pl\/aktualnosci\/wp-json\/wp\/v2\/comments?post=618"}],"version-history":[{"count":0,"href":"https:\/\/epokaserca.pl\/aktualnosci\/wp-json\/wp\/v2\/posts\/618\/revisions"}],"wp:attachment":[{"href":"https:\/\/epokaserca.pl\/aktualnosci\/wp-json\/wp\/v2\/media?parent=618"}],"wp:term":[{"taxonomy":"category","embeddable":true,"href":"https:\/\/epokaserca.pl\/aktualnosci\/wp-json\/wp\/v2\/categories?post=618"},{"taxonomy":"post_tag","embeddable":true,"href":"https:\/\/epokaserca.pl\/aktualnosci\/wp-json\/wp\/v2\/tags?post=618"}],"curies":[{"name":"wp","href":"https:\/\/api.w.org\/{rel}","templated":true}]}}