{"id":62,"date":"2011-06-23T22:34:53","date_gmt":"2011-06-23T22:34:53","guid":{"rendered":"https:\/\/epokaserca.pl\/aktualnosci\/index.php\/2011\/06\/23\/medytacja-drzewa\/"},"modified":"2019-10-03T16:25:44","modified_gmt":"2019-10-03T16:25:44","slug":"medytacja-drzewa","status":"publish","type":"post","link":"https:\/\/epokaserca.pl\/aktualnosci\/medytacja-drzewa\/","title":{"rendered":"MEDYTACJA DRZEWA"},"content":{"rendered":"<p>Znajd\u017a si\u0119 w lesie .Poczuj si\u0119 tam jak w domu, potem wybierz jedno z drzew, popatrz na nie i powiedz:<\/p>\n<p>Jestem drzewem, a drzewo jest mn\u0105. Jestem niebem nad nim i ziemi\u0105 pod nim.<\/p>\n<p>Potem zamknij oczy. Poczuj, jak twoje stopy stoj\u0105 pewnie na ziemi, poczuj jak zapuszczaj\u0105 korzenie, jak stajesz si\u0119 drzewem. Twoje korzenie wnikaj\u0105 w g\u0142\u0105b Matki Ziemi, a jej energia poprzez korzenie przenika do twego cia\u0142a.<\/p>\n<p>Masz rozpostarte ramiona, jak drzewo, energia przenika twoje konary po same ko\u0144ce i powraca, okr\u0105\u017ca twoje serce i znowu wznosi si\u0119 a\u017c po czubek g\u0142owy, do czakry korony.<\/p>\n<p>Gdy spogl\u0105dasz w g\u00f3r\u0119, widzisz niesko\u0144czony s\u0142up z\u0142otego \u015bwiat\u0142a z Kosmosu. Jeste\u015b teraz jak antena pomi\u0119dzy Matk\u0105 Ziemi\u0105 i Kosmosem.<\/p>\n<p>Pozosta\u0144 przez chwil\u0119 w tym stanie \u0142aski \u2013 w spokoju, jedno\u015bci, pami\u0119taj\u0105c kim jeste\u015b.<\/p>\n<p>Teraz sp\u00f3jrz w g\u00f3r\u0119 i zobacz, jak \u015bwiat\u0142o przybiera twoj\u0105 pi\u0119kn\u0105, ludzk\u0105 posta\u0107. \u0141\u0105cz\u0105c si\u0119 z energi\u0105 naszej Matki Ziemi, czujesz si\u0119 pe\u0142ni\u0105 i jedno\u015bci\u0105 ze wszystkim, ze \u0179r\u00f3d\u0142em wszystkiego.<\/p>\n<p>Teraz poczuj, jak korzenie \u201epowracaj\u0105\u201d do twoich st\u00f3p i po prostu wiesz, \u017ce jeste\u015b jedno\u015bci\u0105 ze \u015bwiatem, ze \u0179r\u00f3d\u0142em; czujesz ciep\u0142o i wiesz, \u017ce jeste\u015b \u015bwiat\u0142em, jeste\u015b mi\u0142o\u015bci\u0105 \u2013 podzi\u0119kuj za t\u0119 \u015bwiadomo\u015b\u0107. B\u0105d\u017a b\u0142ogos\u0142awiony.<\/p>\n<p>MARY I ALAN EARLE<\/p>\n","protected":false},"excerpt":{"rendered":"<p><b><span style=\"font-family: Verdana; color: maroon;\"><br \/><\/span><\/b><\/p>\n<p><span style=\"font-family: Verdana; color: #808080;\">Wyobra\u017a sobie przepi\u0119kny las. Zacznij si\u0119 w nim bawi\u0107, biegaj, dotykaj drzew, ca\u0142uj je. <\/span><\/p>\n","protected":false},"author":1,"featured_media":61,"comment_status":"open","ping_status":"open","sticky":false,"template":"","format":"standard","meta":{"footnotes":""},"categories":[18],"tags":[],"class_list":{"0":"post-62","1":"post","2":"type-post","3":"status-publish","4":"format-standard","5":"has-post-thumbnail","7":"category-medytacje","8":"czr-hentry"},"yoast_head":"<!-- This site is optimized with the Yoast SEO plugin v26.8 - https:\/\/yoast.com\/product\/yoast-seo-wordpress\/ -->\n<title>MEDYTACJA DRZEWA - Aktualno\u015bci<\/title>\n<meta name=\"robots\" content=\"index, follow, max-snippet:-1, max-image-preview:large, max-video-preview:-1\" \/>\n<link rel=\"canonical\" href=\"https:\/\/epokaserca.pl\/aktualnosci\/medytacja-drzewa\/\" \/>\n<meta property=\"og:locale\" content=\"pl_PL\" \/>\n<meta property=\"og:type\" content=\"article\" \/>\n<meta property=\"og:title\" content=\"MEDYTACJA DRZEWA - Aktualno\u015bci\" \/>\n<meta property=\"og:description\" content=\"Wyobra\u017a sobie przepi\u0119kny las. Zacznij si\u0119 w nim bawi\u0107, biegaj, dotykaj drzew, ca\u0142uj je.\" \/>\n<meta property=\"og:url\" content=\"https:\/\/epokaserca.pl\/aktualnosci\/medytacja-drzewa\/\" \/>\n<meta property=\"og:site_name\" content=\"Aktualno\u015bci\" \/>\n<meta property=\"article:published_time\" content=\"2011-06-23T22:34:53+00:00\" \/>\n<meta property=\"article:modified_time\" content=\"2019-10-03T16:25:44+00:00\" \/>\n<meta property=\"og:image\" content=\"https:\/\/epokaserca.pl\/aktualnosci\/wp-content\/uploads\/2011\/06\/forest.jpg\" \/>\n\t<meta property=\"og:image:width\" content=\"1024\" \/>\n\t<meta property=\"og:image:height\" content=\"768\" \/>\n\t<meta property=\"og:image:type\" content=\"image\/jpeg\" \/>\n<meta name=\"author\" content=\"admin\" \/>\n<meta name=\"twitter:card\" content=\"summary_large_image\" \/>\n<meta name=\"twitter:label1\" content=\"Napisane przez\" \/>\n\t<meta name=\"twitter:data1\" content=\"admin\" \/>\n\t<meta name=\"twitter:label2\" content=\"Szacowany czas czytania\" \/>\n\t<meta name=\"twitter:data2\" content=\"1 minuta\" \/>\n<script type=\"application\/ld+json\" class=\"yoast-schema-graph\">{\"@context\":\"https:\/\/schema.org\",\"@graph\":[{\"@type\":\"Article\",\"@id\":\"https:\/\/epokaserca.pl\/aktualnosci\/medytacja-drzewa\/#article\",\"isPartOf\":{\"@id\":\"https:\/\/epokaserca.pl\/aktualnosci\/medytacja-drzewa\/\"},\"author\":{\"name\":\"admin\",\"@id\":\"https:\/\/epokaserca.pl\/aktualnosci\/#\/schema\/person\/f87215bc4f757d15c7321145cbabc434\"},\"headline\":\"MEDYTACJA DRZEWA\",\"datePublished\":\"2011-06-23T22:34:53+00:00\",\"dateModified\":\"2019-10-03T16:25:44+00:00\",\"mainEntityOfPage\":{\"@id\":\"https:\/\/epokaserca.pl\/aktualnosci\/medytacja-drzewa\/\"},\"wordCount\":236,\"commentCount\":0,\"image\":{\"@id\":\"https:\/\/epokaserca.pl\/aktualnosci\/medytacja-drzewa\/#primaryimage\"},\"thumbnailUrl\":\"https:\/\/epokaserca.pl\/aktualnosci\/wp-content\/uploads\/2011\/06\/forest.jpg\",\"articleSection\":[\"Medytacje\"],\"inLanguage\":\"pl-PL\",\"potentialAction\":[{\"@type\":\"CommentAction\",\"name\":\"Comment\",\"target\":[\"https:\/\/epokaserca.pl\/aktualnosci\/medytacja-drzewa\/#respond\"]}]},{\"@type\":\"WebPage\",\"@id\":\"https:\/\/epokaserca.pl\/aktualnosci\/medytacja-drzewa\/\",\"url\":\"https:\/\/epokaserca.pl\/aktualnosci\/medytacja-drzewa\/\",\"name\":\"MEDYTACJA DRZEWA - Aktualno\u015bci\",\"isPartOf\":{\"@id\":\"https:\/\/epokaserca.pl\/aktualnosci\/#website\"},\"primaryImageOfPage\":{\"@id\":\"https:\/\/epokaserca.pl\/aktualnosci\/medytacja-drzewa\/#primaryimage\"},\"image\":{\"@id\":\"https:\/\/epokaserca.pl\/aktualnosci\/medytacja-drzewa\/#primaryimage\"},\"thumbnailUrl\":\"https:\/\/epokaserca.pl\/aktualnosci\/wp-content\/uploads\/2011\/06\/forest.jpg\",\"datePublished\":\"2011-06-23T22:34:53+00:00\",\"dateModified\":\"2019-10-03T16:25:44+00:00\",\"author\":{\"@id\":\"https:\/\/epokaserca.pl\/aktualnosci\/#\/schema\/person\/f87215bc4f757d15c7321145cbabc434\"},\"breadcrumb\":{\"@id\":\"https:\/\/epokaserca.pl\/aktualnosci\/medytacja-drzewa\/#breadcrumb\"},\"inLanguage\":\"pl-PL\",\"potentialAction\":[{\"@type\":\"ReadAction\",\"target\":[\"https:\/\/epokaserca.pl\/aktualnosci\/medytacja-drzewa\/\"]}]},{\"@type\":\"ImageObject\",\"inLanguage\":\"pl-PL\",\"@id\":\"https:\/\/epokaserca.pl\/aktualnosci\/medytacja-drzewa\/#primaryimage\",\"url\":\"https:\/\/epokaserca.pl\/aktualnosci\/wp-content\/uploads\/2011\/06\/forest.jpg\",\"contentUrl\":\"https:\/\/epokaserca.pl\/aktualnosci\/wp-content\/uploads\/2011\/06\/forest.jpg\",\"width\":1024,\"height\":768},{\"@type\":\"BreadcrumbList\",\"@id\":\"https:\/\/epokaserca.pl\/aktualnosci\/medytacja-drzewa\/#breadcrumb\",\"itemListElement\":[{\"@type\":\"ListItem\",\"position\":1,\"name\":\"Home\",\"item\":\"https:\/\/epokaserca.pl\/aktualnosci\/\"},{\"@type\":\"ListItem\",\"position\":2,\"name\":\"MEDYTACJA DRZEWA\"}]},{\"@type\":\"WebSite\",\"@id\":\"https:\/\/epokaserca.pl\/aktualnosci\/#website\",\"url\":\"https:\/\/epokaserca.pl\/aktualnosci\/\",\"name\":\"Aktualno\u015bci\",\"description\":\"\",\"potentialAction\":[{\"@type\":\"SearchAction\",\"target\":{\"@type\":\"EntryPoint\",\"urlTemplate\":\"https:\/\/epokaserca.pl\/aktualnosci\/?s={search_term_string}\"},\"query-input\":{\"@type\":\"PropertyValueSpecification\",\"valueRequired\":true,\"valueName\":\"search_term_string\"}}],\"inLanguage\":\"pl-PL\"},{\"@type\":\"Person\",\"@id\":\"https:\/\/epokaserca.pl\/aktualnosci\/#\/schema\/person\/f87215bc4f757d15c7321145cbabc434\",\"name\":\"admin\",\"image\":{\"@type\":\"ImageObject\",\"inLanguage\":\"pl-PL\",\"@id\":\"https:\/\/epokaserca.pl\/aktualnosci\/#\/schema\/person\/image\/\",\"url\":\"https:\/\/secure.gravatar.com\/avatar\/8e51b30565ad99a9f8b25bd638d21cd1?s=96&d=mm&r=g\",\"contentUrl\":\"https:\/\/secure.gravatar.com\/avatar\/8e51b30565ad99a9f8b25bd638d21cd1?s=96&d=mm&r=g\",\"caption\":\"admin\"},\"url\":\"https:\/\/epokaserca.pl\/aktualnosci\/author\/admin\/\"}]}<\/script>\n<!-- \/ Yoast SEO plugin. -->","yoast_head_json":{"title":"MEDYTACJA DRZEWA - Aktualno\u015bci","robots":{"index":"index","follow":"follow","max-snippet":"max-snippet:-1","max-image-preview":"max-image-preview:large","max-video-preview":"max-video-preview:-1"},"canonical":"https:\/\/epokaserca.pl\/aktualnosci\/medytacja-drzewa\/","og_locale":"pl_PL","og_type":"article","og_title":"MEDYTACJA DRZEWA - Aktualno\u015bci","og_description":"Wyobra\u017a sobie przepi\u0119kny las. Zacznij si\u0119 w nim bawi\u0107, biegaj, dotykaj drzew, ca\u0142uj je.","og_url":"https:\/\/epokaserca.pl\/aktualnosci\/medytacja-drzewa\/","og_site_name":"Aktualno\u015bci","article_published_time":"2011-06-23T22:34:53+00:00","article_modified_time":"2019-10-03T16:25:44+00:00","og_image":[{"width":1024,"height":768,"url":"https:\/\/epokaserca.pl\/aktualnosci\/wp-content\/uploads\/2011\/06\/forest.jpg","type":"image\/jpeg"}],"author":"admin","twitter_card":"summary_large_image","twitter_misc":{"Napisane przez":"admin","Szacowany czas czytania":"1 minuta"},"schema":{"@context":"https:\/\/schema.org","@graph":[{"@type":"Article","@id":"https:\/\/epokaserca.pl\/aktualnosci\/medytacja-drzewa\/#article","isPartOf":{"@id":"https:\/\/epokaserca.pl\/aktualnosci\/medytacja-drzewa\/"},"author":{"name":"admin","@id":"https:\/\/epokaserca.pl\/aktualnosci\/#\/schema\/person\/f87215bc4f757d15c7321145cbabc434"},"headline":"MEDYTACJA DRZEWA","datePublished":"2011-06-23T22:34:53+00:00","dateModified":"2019-10-03T16:25:44+00:00","mainEntityOfPage":{"@id":"https:\/\/epokaserca.pl\/aktualnosci\/medytacja-drzewa\/"},"wordCount":236,"commentCount":0,"image":{"@id":"https:\/\/epokaserca.pl\/aktualnosci\/medytacja-drzewa\/#primaryimage"},"thumbnailUrl":"https:\/\/epokaserca.pl\/aktualnosci\/wp-content\/uploads\/2011\/06\/forest.jpg","articleSection":["Medytacje"],"inLanguage":"pl-PL","potentialAction":[{"@type":"CommentAction","name":"Comment","target":["https:\/\/epokaserca.pl\/aktualnosci\/medytacja-drzewa\/#respond"]}]},{"@type":"WebPage","@id":"https:\/\/epokaserca.pl\/aktualnosci\/medytacja-drzewa\/","url":"https:\/\/epokaserca.pl\/aktualnosci\/medytacja-drzewa\/","name":"MEDYTACJA DRZEWA - Aktualno\u015bci","isPartOf":{"@id":"https:\/\/epokaserca.pl\/aktualnosci\/#website"},"primaryImageOfPage":{"@id":"https:\/\/epokaserca.pl\/aktualnosci\/medytacja-drzewa\/#primaryimage"},"image":{"@id":"https:\/\/epokaserca.pl\/aktualnosci\/medytacja-drzewa\/#primaryimage"},"thumbnailUrl":"https:\/\/epokaserca.pl\/aktualnosci\/wp-content\/uploads\/2011\/06\/forest.jpg","datePublished":"2011-06-23T22:34:53+00:00","dateModified":"2019-10-03T16:25:44+00:00","author":{"@id":"https:\/\/epokaserca.pl\/aktualnosci\/#\/schema\/person\/f87215bc4f757d15c7321145cbabc434"},"breadcrumb":{"@id":"https:\/\/epokaserca.pl\/aktualnosci\/medytacja-drzewa\/#breadcrumb"},"inLanguage":"pl-PL","potentialAction":[{"@type":"ReadAction","target":["https:\/\/epokaserca.pl\/aktualnosci\/medytacja-drzewa\/"]}]},{"@type":"ImageObject","inLanguage":"pl-PL","@id":"https:\/\/epokaserca.pl\/aktualnosci\/medytacja-drzewa\/#primaryimage","url":"https:\/\/epokaserca.pl\/aktualnosci\/wp-content\/uploads\/2011\/06\/forest.jpg","contentUrl":"https:\/\/epokaserca.pl\/aktualnosci\/wp-content\/uploads\/2011\/06\/forest.jpg","width":1024,"height":768},{"@type":"BreadcrumbList","@id":"https:\/\/epokaserca.pl\/aktualnosci\/medytacja-drzewa\/#breadcrumb","itemListElement":[{"@type":"ListItem","position":1,"name":"Home","item":"https:\/\/epokaserca.pl\/aktualnosci\/"},{"@type":"ListItem","position":2,"name":"MEDYTACJA DRZEWA"}]},{"@type":"WebSite","@id":"https:\/\/epokaserca.pl\/aktualnosci\/#website","url":"https:\/\/epokaserca.pl\/aktualnosci\/","name":"Aktualno\u015bci","description":"","potentialAction":[{"@type":"SearchAction","target":{"@type":"EntryPoint","urlTemplate":"https:\/\/epokaserca.pl\/aktualnosci\/?s={search_term_string}"},"query-input":{"@type":"PropertyValueSpecification","valueRequired":true,"valueName":"search_term_string"}}],"inLanguage":"pl-PL"},{"@type":"Person","@id":"https:\/\/epokaserca.pl\/aktualnosci\/#\/schema\/person\/f87215bc4f757d15c7321145cbabc434","name":"admin","image":{"@type":"ImageObject","inLanguage":"pl-PL","@id":"https:\/\/epokaserca.pl\/aktualnosci\/#\/schema\/person\/image\/","url":"https:\/\/secure.gravatar.com\/avatar\/8e51b30565ad99a9f8b25bd638d21cd1?s=96&d=mm&r=g","contentUrl":"https:\/\/secure.gravatar.com\/avatar\/8e51b30565ad99a9f8b25bd638d21cd1?s=96&d=mm&r=g","caption":"admin"},"url":"https:\/\/epokaserca.pl\/aktualnosci\/author\/admin\/"}]}},"_links":{"self":[{"href":"https:\/\/epokaserca.pl\/aktualnosci\/wp-json\/wp\/v2\/posts\/62","targetHints":{"allow":["GET"]}}],"collection":[{"href":"https:\/\/epokaserca.pl\/aktualnosci\/wp-json\/wp\/v2\/posts"}],"about":[{"href":"https:\/\/epokaserca.pl\/aktualnosci\/wp-json\/wp\/v2\/types\/post"}],"author":[{"embeddable":true,"href":"https:\/\/epokaserca.pl\/aktualnosci\/wp-json\/wp\/v2\/users\/1"}],"replies":[{"embeddable":true,"href":"https:\/\/epokaserca.pl\/aktualnosci\/wp-json\/wp\/v2\/comments?post=62"}],"version-history":[{"count":1,"href":"https:\/\/epokaserca.pl\/aktualnosci\/wp-json\/wp\/v2\/posts\/62\/revisions"}],"predecessor-version":[{"id":1554,"href":"https:\/\/epokaserca.pl\/aktualnosci\/wp-json\/wp\/v2\/posts\/62\/revisions\/1554"}],"wp:featuredmedia":[{"embeddable":true,"href":"https:\/\/epokaserca.pl\/aktualnosci\/wp-json\/wp\/v2\/media\/61"}],"wp:attachment":[{"href":"https:\/\/epokaserca.pl\/aktualnosci\/wp-json\/wp\/v2\/media?parent=62"}],"wp:term":[{"taxonomy":"category","embeddable":true,"href":"https:\/\/epokaserca.pl\/aktualnosci\/wp-json\/wp\/v2\/categories?post=62"},{"taxonomy":"post_tag","embeddable":true,"href":"https:\/\/epokaserca.pl\/aktualnosci\/wp-json\/wp\/v2\/tags?post=62"}],"curies":[{"name":"wp","href":"https:\/\/api.w.org\/{rel}","templated":true}]}}