{"id":620,"date":"2013-03-29T16:41:15","date_gmt":"2013-03-29T16:41:15","guid":{"rendered":"https:\/\/epokaserca.pl\/aktualnosci\/index.php\/2013\/03\/29\/29-marca-2013\/"},"modified":"2013-03-29T16:41:15","modified_gmt":"2013-03-29T16:41:15","slug":"29-marca-2013","status":"publish","type":"post","link":"https:\/\/epokaserca.pl\/aktualnosci\/29-marca-2013\/","title":{"rendered":"29 MARCA 2013"},"content":{"rendered":"<p style=\"text-align: center;\"><span style=\"color: #333333; font-family: 'lucida grande', tahoma, verdana, arial, sans-serif; font-size: 12.727272033691406px; line-height: 15.454545021057129px;\">Dzi\u0119kuj\u0119 Kochani za wiele pi\u0119knych i ciep\u0142ych \u017cycze\u0144.&nbsp;<br style=\"color: #333333; font-family: 'lucida grande', tahoma, verdana, arial, sans-serif; font-size: 12.727272033691406px; line-height: 15.454545021057129px;\" \/><span style=\"color: #333333; font-family: 'lucida grande', tahoma, verdana, arial, sans-serif; font-size: 12.727272033691406px; line-height: 15.454545021057129px;\">R\u00f3wnie\u017c pragn\u0119 Wam z\u0142o\u017cy\u0107 \u017cyczenia \u015bwi\u0105teczne, ale troszeczk\u0119 inne.<br style=\"color: #333333; font-family: 'lucida grande', tahoma, verdana, arial, sans-serif; font-size: 12.727272033691406px; line-height: 15.454545021057129px;\" \/><br style=\"color: #333333; font-family: 'lucida grande', tahoma, verdana, arial, sans-serif; font-size: 12.727272033691406px; line-height: 15.454545021057129px;\" \/><span style=\"color: #ff0000; font-family: 'lucida grande', tahoma, verdana, arial, sans-serif; font-size: 12.727272033691406px; line-height: 15.454545021057129px;\"><strong>KOCHANI, NIECH OBECNE \u015aWI\u0118TA WIELKANOCNE b\u0119d\u0105 ostatnimi w historii tej cywilizacji. \u017bycz\u0119 tego Wam i sobie, z ca\u0142ego serca.&nbsp;<\/strong><\/span><\/span><\/span><\/p>\n<p style=\"text-align: justify;\"><span style=\"color: #333333; font-family: 'lucida grande', tahoma, verdana, arial, sans-serif; font-size: 12.727272033691406px; line-height: 15.454545021057129px;\"><span style=\"color: #333333; font-family: 'lucida grande', tahoma, verdana, arial, sans-serif; font-size: 12.727272033691406px; line-height: 15.454545021057129px;\"><span style=\"color: #ff0000; font-family: 'lucida grande', tahoma, verdana, arial, sans-serif; font-size: 12.727272033691406px; line-height: 15.454545021057129px;\"><strong><\/strong><br style=\"color: #333333; font-family: 'lucida grande', tahoma, verdana, arial, sans-serif; font-size: 12.727272033691406px; line-height: 15.454545021057129px;\" \/><br style=\"color: #333333; font-family: 'lucida grande', tahoma, verdana, arial, sans-serif; font-size: 12.727272033691406px; line-height: 15.454545021057129px;\" \/><span style=\"font-family: 'lucida grande', tahoma, verdana, arial, sans-serif; font-size: 12.727272033691406px; line-height: 15.454545021057129px;\">Ka\u017cde \u015bwi\u0119ta- Bo\u017ce Narodzenie, Wielkanoc i inne s\u0105 utrzymanym w historii przypomnieniem dla nas &#8211; przes\u0142a\u0144 dot.\u015bmierci ego i zmartwychwstania do \u015bwiadomego \u017cycia w Duchu. Utrwali\u0142y pami\u0119\u0107 nauk Chrystusa, aby, gdy doro\u015bniemy &#8211; zastanowi\u0107 si\u0119 i zmartwychwsta\u0107. Gdy uczynimy to, a dzieje si\u0119 to obecnie &#8211; po c\u00f3\u017c b\u0119d\u0105 nam te przypomnienia? Zejdzie Nowe Jeruzalem w ka\u017cdym z nas &#8211; jak pisa\u0142 \u015bw. Jan w Apokalipsie i ka\u017cdy z nas stanie si\u0119 \u015awi\u0105tyni\u0105 \u015awiat\u0142o\u015bci. Obecne \u015bwi\u0119ta nie b\u0119d\u0105 potrzebne, gdy\u017c ka\u017cda chwila b\u0119dzie \u015bwi\u0119towaniem, a przypominanie nam o naukach zmartwychwstania utraci sens.&nbsp;<br style=\"color: #333333; font-family: 'lucida grande', tahoma, verdana, arial, sans-serif; font-size: 12.727272033691406px; line-height: 15.454545021057129px;\" \/><span style=\"font-family: 'lucida grande', tahoma, verdana, arial, sans-serif; font-size: 12.727272033691406px; line-height: 15.454545021057129px;\">NIECH STANIE SI\u0118 TO TERAZ. Tego \u017cycz\u0119 Kochani Wam i sobie. Nie odk\u0142adajmy ju\u017c naszego zmartwychwstania i przeb\u00f3stwienia.&nbsp;<\/span><\/span><\/span><\/span><\/span><\/p>\n<p>&nbsp;<\/p>\n<p><span style=\"color: #333333; font-family: 'lucida grande', tahoma, verdana, arial, sans-serif; font-size: 12.727272033691406px; line-height: 15.454545021057129px;\"><span style=\"color: #333333; font-family: 'lucida grande', tahoma, verdana, arial, sans-serif; font-size: 12.727272033691406px; line-height: 15.454545021057129px;\"><span style=\"color: #ff0000; font-family: 'lucida grande', tahoma, verdana, arial, sans-serif; font-size: 12.727272033691406px; line-height: 15.454545021057129px;\"><span style=\"font-family: 'lucida grande', tahoma, verdana, arial, sans-serif; font-size: 12.727272033691406px; line-height: 15.454545021057129px;\"><span style=\"font-family: 'lucida grande', tahoma, verdana, arial, sans-serif; font-size: 12.727272033691406px; line-height: 15.454545021057129px;\"><img loading=\"lazy\" decoding=\"async\" class=\" size-full wp-image-338\" src=\"https:\/\/el.cgnk.pl\/wp-content\/uploads\/2012\/04\/swieta.jpg\" alt=\"\" style=\"display: block; margin-left: auto; margin-right: auto;\" width=\"225\" height=\"225\" \/><span style=\"color: #000000;\">I jeszcze ma\u0142y materia\u0142 do zastanowienia.<\/span><\/span><\/span><\/span><\/span><\/span><\/p>\n<p><span style=\"text-decoration: underline;\"><span style=\"color: #ff0000;\"><a href=\"index.php\/artykuly\/460-zwiazki-partnerskie\"><span style=\"color: #ff0000; text-decoration: underline;\">http:\/\/www.epokaserca.pl\/joomla\/index.php\/artykuly\/460-zwiazki-partnerskie<\/span><\/a><\/span><\/span><\/p>\n<p><span style=\"color: #333333; font-family: 'lucida grande', tahoma, verdana, arial, sans-serif; font-size: 12.727272033691406px; line-height: 15.454545021057129px;\"><span style=\"color: #333333; font-family: 'lucida grande', tahoma, verdana, arial, sans-serif; font-size: 12.727272033691406px; line-height: 15.454545021057129px;\"><span style=\"color: #ff0000; font-family: 'lucida grande', tahoma, verdana, arial, sans-serif; font-size: 12.727272033691406px; line-height: 15.454545021057129px;\"><span style=\"font-family: 'lucida grande', tahoma, verdana, arial, sans-serif; font-size: 12.727272033691406px; line-height: 15.454545021057129px;\"><span style=\"font-family: 'lucida grande', tahoma, verdana, arial, sans-serif; font-size: 12.727272033691406px; line-height: 15.454545021057129px;\"><span style=\"color: #000000;\"><\/span><\/span><\/span><\/span><\/span><\/span><\/p>\n<p><span style=\"color: #333333; font-family: 'lucida grande', tahoma, verdana, arial, sans-serif; font-size: 12.727272033691406px; line-height: 15.454545021057129px;\"><span style=\"color: #333333; font-family: 'lucida grande', tahoma, verdana, arial, sans-serif; font-size: 12.727272033691406px; line-height: 15.454545021057129px;\"><span style=\"color: #ff0000; font-family: 'lucida grande', tahoma, verdana, arial, sans-serif; font-size: 12.727272033691406px; line-height: 15.454545021057129px;\"><span style=\"font-family: 'lucida grande', tahoma, verdana, arial, sans-serif; font-size: 12.727272033691406px; line-height: 15.454545021057129px;\"><span style=\"font-family: 'lucida grande', tahoma, verdana, arial, sans-serif; font-size: 12.727272033691406px; line-height: 15.454545021057129px;\"><span style=\"color: #000000;\"><\/span><\/span><\/span><\/span><\/span><\/span><\/p>\n<p><span style=\"color: #333333; font-family: 'lucida grande', tahoma, verdana, arial, sans-serif; font-size: 12.727272033691406px; line-height: 15.454545021057129px;\"><span style=\"color: #333333; font-family: 'lucida grande', tahoma, verdana, arial, sans-serif; font-size: 12.727272033691406px; line-height: 15.454545021057129px;\"><span style=\"color: #ff0000; font-family: 'lucida grande', tahoma, verdana, arial, sans-serif; font-size: 12.727272033691406px; line-height: 15.454545021057129px;\"><span style=\"font-family: 'lucida grande', tahoma, verdana, arial, sans-serif; font-size: 12.727272033691406px; line-height: 15.454545021057129px;\"><span style=\"font-family: 'lucida grande', tahoma, verdana, arial, sans-serif; font-size: 12.727272033691406px; line-height: 15.454545021057129px;\"><span style=\"color: #000000;\"><\/span><\/span><\/span><\/span><\/span><\/span><\/p>\n<p><span style=\"color: #333333; font-family: 'lucida grande', tahoma, verdana, arial, sans-serif; font-size: 12.727272033691406px; line-height: 15.454545021057129px;\"><span style=\"color: #333333; font-family: 'lucida grande', tahoma, verdana, arial, sans-serif; font-size: 12.727272033691406px; line-height: 15.454545021057129px;\"><span style=\"color: #ff0000; font-family: 'lucida grande', tahoma, verdana, arial, sans-serif; font-size: 12.727272033691406px; line-height: 15.454545021057129px;\"><span style=\"font-family: 'lucida grande', tahoma, verdana, arial, sans-serif; font-size: 12.727272033691406px; line-height: 15.454545021057129px;\"><span style=\"font-family: 'lucida grande', tahoma, verdana, arial, sans-serif; font-size: 12.727272033691406px; line-height: 15.454545021057129px;\"><span style=\"color: #000000;\"><\/span><\/span><\/span><\/span><\/span><\/span><\/p>\n","protected":false},"excerpt":{"rendered":"<p>Dzi\u0119kuj\u0119 Kochani za wiele pi\u0119knych i ciep\u0142ych \u017cycze\u0144.&nbsp;R\u00f3wnie\u017c pragn\u0119 Wam z\u0142o\u017cy\u0107 \u017cyczenia \u015bwi\u0105teczne, ale troszeczk\u0119 inne.KOCHANI, NIECH OBECNE \u015aWI\u0118TA WIELKANOCNE b\u0119d\u0105 ostatnimi w historii tej cywilizacji. \u017bycz\u0119 tego Wam i sobie, z ca\u0142ego serca.&nbsp; Ka\u017cde \u015bwi\u0119ta- Bo\u017ce Narodzenie, Wielkanoc i inne s\u0105 utrzymanym w historii przypomnieniem dla nas &#8211; przes\u0142a\u0144 dot.\u015bmierci ego i zmartwychwstania do [&hellip;]<\/p>\n","protected":false},"author":1,"featured_media":338,"comment_status":"open","ping_status":"open","sticky":false,"template":"","format":"standard","meta":{"footnotes":""},"categories":[5],"tags":[],"class_list":{"0":"post-620","1":"post","2":"type-post","3":"status-publish","4":"format-standard","5":"has-post-thumbnail","7":"category-aktualnosci","8":"czr-hentry"},"yoast_head":"<!-- This site is optimized with the Yoast SEO plugin v26.8 - https:\/\/yoast.com\/product\/yoast-seo-wordpress\/ -->\n<title>29 MARCA 2013 - Aktualno\u015bci<\/title>\n<meta name=\"robots\" content=\"index, follow, max-snippet:-1, max-image-preview:large, max-video-preview:-1\" \/>\n<link rel=\"canonical\" href=\"https:\/\/epokaserca.pl\/aktualnosci\/29-marca-2013\/\" \/>\n<meta property=\"og:locale\" content=\"pl_PL\" \/>\n<meta property=\"og:type\" content=\"article\" \/>\n<meta property=\"og:title\" content=\"29 MARCA 2013 - Aktualno\u015bci\" \/>\n<meta property=\"og:description\" content=\"Dzi\u0119kuj\u0119 Kochani za wiele pi\u0119knych i ciep\u0142ych \u017cycze\u0144.&nbsp;R\u00f3wnie\u017c pragn\u0119 Wam z\u0142o\u017cy\u0107 \u017cyczenia \u015bwi\u0105teczne, ale troszeczk\u0119 inne.KOCHANI, NIECH OBECNE \u015aWI\u0118TA WIELKANOCNE b\u0119d\u0105 ostatnimi w historii tej cywilizacji. \u017bycz\u0119 tego Wam i sobie, z ca\u0142ego serca.&nbsp; Ka\u017cde \u015bwi\u0119ta- Bo\u017ce Narodzenie, Wielkanoc i inne s\u0105 utrzymanym w historii przypomnieniem dla nas &#8211; przes\u0142a\u0144 dot.\u015bmierci ego i zmartwychwstania do [&hellip;]\" \/>\n<meta property=\"og:url\" content=\"https:\/\/epokaserca.pl\/aktualnosci\/29-marca-2013\/\" \/>\n<meta property=\"og:site_name\" content=\"Aktualno\u015bci\" \/>\n<meta property=\"article:published_time\" content=\"2013-03-29T16:41:15+00:00\" \/>\n<meta property=\"og:image\" content=\"https:\/\/epokaserca.pl\/aktualnosci\/wp-content\/uploads\/2012\/04\/swieta.jpg\" \/>\n\t<meta property=\"og:image:width\" content=\"225\" \/>\n\t<meta property=\"og:image:height\" content=\"225\" \/>\n\t<meta property=\"og:image:type\" content=\"image\/jpeg\" \/>\n<meta name=\"author\" content=\"admin\" \/>\n<meta name=\"twitter:card\" content=\"summary_large_image\" \/>\n<meta name=\"twitter:label1\" content=\"Napisane przez\" \/>\n\t<meta name=\"twitter:data1\" content=\"admin\" \/>\n\t<meta name=\"twitter:label2\" content=\"Szacowany czas czytania\" \/>\n\t<meta name=\"twitter:data2\" content=\"1 minuta\" \/>\n<script type=\"application\/ld+json\" class=\"yoast-schema-graph\">{\"@context\":\"https:\/\/schema.org\",\"@graph\":[{\"@type\":\"Article\",\"@id\":\"https:\/\/epokaserca.pl\/aktualnosci\/29-marca-2013\/#article\",\"isPartOf\":{\"@id\":\"https:\/\/epokaserca.pl\/aktualnosci\/29-marca-2013\/\"},\"author\":{\"name\":\"admin\",\"@id\":\"https:\/\/epokaserca.pl\/aktualnosci\/#\/schema\/person\/f87215bc4f757d15c7321145cbabc434\"},\"headline\":\"29 MARCA 2013\",\"datePublished\":\"2013-03-29T16:41:15+00:00\",\"mainEntityOfPage\":{\"@id\":\"https:\/\/epokaserca.pl\/aktualnosci\/29-marca-2013\/\"},\"wordCount\":198,\"commentCount\":0,\"image\":{\"@id\":\"https:\/\/epokaserca.pl\/aktualnosci\/29-marca-2013\/#primaryimage\"},\"thumbnailUrl\":\"https:\/\/epokaserca.pl\/aktualnosci\/wp-content\/uploads\/2012\/04\/swieta.jpg\",\"articleSection\":[\"Aktualno\u015bci\"],\"inLanguage\":\"pl-PL\",\"potentialAction\":[{\"@type\":\"CommentAction\",\"name\":\"Comment\",\"target\":[\"https:\/\/epokaserca.pl\/aktualnosci\/29-marca-2013\/#respond\"]}]},{\"@type\":\"WebPage\",\"@id\":\"https:\/\/epokaserca.pl\/aktualnosci\/29-marca-2013\/\",\"url\":\"https:\/\/epokaserca.pl\/aktualnosci\/29-marca-2013\/\",\"name\":\"29 MARCA 2013 - Aktualno\u015bci\",\"isPartOf\":{\"@id\":\"https:\/\/epokaserca.pl\/aktualnosci\/#website\"},\"primaryImageOfPage\":{\"@id\":\"https:\/\/epokaserca.pl\/aktualnosci\/29-marca-2013\/#primaryimage\"},\"image\":{\"@id\":\"https:\/\/epokaserca.pl\/aktualnosci\/29-marca-2013\/#primaryimage\"},\"thumbnailUrl\":\"https:\/\/epokaserca.pl\/aktualnosci\/wp-content\/uploads\/2012\/04\/swieta.jpg\",\"datePublished\":\"2013-03-29T16:41:15+00:00\",\"author\":{\"@id\":\"https:\/\/epokaserca.pl\/aktualnosci\/#\/schema\/person\/f87215bc4f757d15c7321145cbabc434\"},\"breadcrumb\":{\"@id\":\"https:\/\/epokaserca.pl\/aktualnosci\/29-marca-2013\/#breadcrumb\"},\"inLanguage\":\"pl-PL\",\"potentialAction\":[{\"@type\":\"ReadAction\",\"target\":[\"https:\/\/epokaserca.pl\/aktualnosci\/29-marca-2013\/\"]}]},{\"@type\":\"ImageObject\",\"inLanguage\":\"pl-PL\",\"@id\":\"https:\/\/epokaserca.pl\/aktualnosci\/29-marca-2013\/#primaryimage\",\"url\":\"https:\/\/epokaserca.pl\/aktualnosci\/wp-content\/uploads\/2012\/04\/swieta.jpg\",\"contentUrl\":\"https:\/\/epokaserca.pl\/aktualnosci\/wp-content\/uploads\/2012\/04\/swieta.jpg\",\"width\":225,\"height\":225},{\"@type\":\"BreadcrumbList\",\"@id\":\"https:\/\/epokaserca.pl\/aktualnosci\/29-marca-2013\/#breadcrumb\",\"itemListElement\":[{\"@type\":\"ListItem\",\"position\":1,\"name\":\"Home\",\"item\":\"https:\/\/epokaserca.pl\/aktualnosci\/\"},{\"@type\":\"ListItem\",\"position\":2,\"name\":\"29 MARCA 2013\"}]},{\"@type\":\"WebSite\",\"@id\":\"https:\/\/epokaserca.pl\/aktualnosci\/#website\",\"url\":\"https:\/\/epokaserca.pl\/aktualnosci\/\",\"name\":\"Aktualno\u015bci\",\"description\":\"\",\"potentialAction\":[{\"@type\":\"SearchAction\",\"target\":{\"@type\":\"EntryPoint\",\"urlTemplate\":\"https:\/\/epokaserca.pl\/aktualnosci\/?s={search_term_string}\"},\"query-input\":{\"@type\":\"PropertyValueSpecification\",\"valueRequired\":true,\"valueName\":\"search_term_string\"}}],\"inLanguage\":\"pl-PL\"},{\"@type\":\"Person\",\"@id\":\"https:\/\/epokaserca.pl\/aktualnosci\/#\/schema\/person\/f87215bc4f757d15c7321145cbabc434\",\"name\":\"admin\",\"image\":{\"@type\":\"ImageObject\",\"inLanguage\":\"pl-PL\",\"@id\":\"https:\/\/epokaserca.pl\/aktualnosci\/#\/schema\/person\/image\/\",\"url\":\"https:\/\/secure.gravatar.com\/avatar\/8e51b30565ad99a9f8b25bd638d21cd1?s=96&d=mm&r=g\",\"contentUrl\":\"https:\/\/secure.gravatar.com\/avatar\/8e51b30565ad99a9f8b25bd638d21cd1?s=96&d=mm&r=g\",\"caption\":\"admin\"},\"url\":\"https:\/\/epokaserca.pl\/aktualnosci\/author\/admin\/\"}]}<\/script>\n<!-- \/ Yoast SEO plugin. -->","yoast_head_json":{"title":"29 MARCA 2013 - Aktualno\u015bci","robots":{"index":"index","follow":"follow","max-snippet":"max-snippet:-1","max-image-preview":"max-image-preview:large","max-video-preview":"max-video-preview:-1"},"canonical":"https:\/\/epokaserca.pl\/aktualnosci\/29-marca-2013\/","og_locale":"pl_PL","og_type":"article","og_title":"29 MARCA 2013 - Aktualno\u015bci","og_description":"Dzi\u0119kuj\u0119 Kochani za wiele pi\u0119knych i ciep\u0142ych \u017cycze\u0144.&nbsp;R\u00f3wnie\u017c pragn\u0119 Wam z\u0142o\u017cy\u0107 \u017cyczenia \u015bwi\u0105teczne, ale troszeczk\u0119 inne.KOCHANI, NIECH OBECNE \u015aWI\u0118TA WIELKANOCNE b\u0119d\u0105 ostatnimi w historii tej cywilizacji. \u017bycz\u0119 tego Wam i sobie, z ca\u0142ego serca.&nbsp; Ka\u017cde \u015bwi\u0119ta- Bo\u017ce Narodzenie, Wielkanoc i inne s\u0105 utrzymanym w historii przypomnieniem dla nas &#8211; przes\u0142a\u0144 dot.\u015bmierci ego i zmartwychwstania do [&hellip;]","og_url":"https:\/\/epokaserca.pl\/aktualnosci\/29-marca-2013\/","og_site_name":"Aktualno\u015bci","article_published_time":"2013-03-29T16:41:15+00:00","og_image":[{"width":225,"height":225,"url":"https:\/\/epokaserca.pl\/aktualnosci\/wp-content\/uploads\/2012\/04\/swieta.jpg","type":"image\/jpeg"}],"author":"admin","twitter_card":"summary_large_image","twitter_misc":{"Napisane przez":"admin","Szacowany czas czytania":"1 minuta"},"schema":{"@context":"https:\/\/schema.org","@graph":[{"@type":"Article","@id":"https:\/\/epokaserca.pl\/aktualnosci\/29-marca-2013\/#article","isPartOf":{"@id":"https:\/\/epokaserca.pl\/aktualnosci\/29-marca-2013\/"},"author":{"name":"admin","@id":"https:\/\/epokaserca.pl\/aktualnosci\/#\/schema\/person\/f87215bc4f757d15c7321145cbabc434"},"headline":"29 MARCA 2013","datePublished":"2013-03-29T16:41:15+00:00","mainEntityOfPage":{"@id":"https:\/\/epokaserca.pl\/aktualnosci\/29-marca-2013\/"},"wordCount":198,"commentCount":0,"image":{"@id":"https:\/\/epokaserca.pl\/aktualnosci\/29-marca-2013\/#primaryimage"},"thumbnailUrl":"https:\/\/epokaserca.pl\/aktualnosci\/wp-content\/uploads\/2012\/04\/swieta.jpg","articleSection":["Aktualno\u015bci"],"inLanguage":"pl-PL","potentialAction":[{"@type":"CommentAction","name":"Comment","target":["https:\/\/epokaserca.pl\/aktualnosci\/29-marca-2013\/#respond"]}]},{"@type":"WebPage","@id":"https:\/\/epokaserca.pl\/aktualnosci\/29-marca-2013\/","url":"https:\/\/epokaserca.pl\/aktualnosci\/29-marca-2013\/","name":"29 MARCA 2013 - Aktualno\u015bci","isPartOf":{"@id":"https:\/\/epokaserca.pl\/aktualnosci\/#website"},"primaryImageOfPage":{"@id":"https:\/\/epokaserca.pl\/aktualnosci\/29-marca-2013\/#primaryimage"},"image":{"@id":"https:\/\/epokaserca.pl\/aktualnosci\/29-marca-2013\/#primaryimage"},"thumbnailUrl":"https:\/\/epokaserca.pl\/aktualnosci\/wp-content\/uploads\/2012\/04\/swieta.jpg","datePublished":"2013-03-29T16:41:15+00:00","author":{"@id":"https:\/\/epokaserca.pl\/aktualnosci\/#\/schema\/person\/f87215bc4f757d15c7321145cbabc434"},"breadcrumb":{"@id":"https:\/\/epokaserca.pl\/aktualnosci\/29-marca-2013\/#breadcrumb"},"inLanguage":"pl-PL","potentialAction":[{"@type":"ReadAction","target":["https:\/\/epokaserca.pl\/aktualnosci\/29-marca-2013\/"]}]},{"@type":"ImageObject","inLanguage":"pl-PL","@id":"https:\/\/epokaserca.pl\/aktualnosci\/29-marca-2013\/#primaryimage","url":"https:\/\/epokaserca.pl\/aktualnosci\/wp-content\/uploads\/2012\/04\/swieta.jpg","contentUrl":"https:\/\/epokaserca.pl\/aktualnosci\/wp-content\/uploads\/2012\/04\/swieta.jpg","width":225,"height":225},{"@type":"BreadcrumbList","@id":"https:\/\/epokaserca.pl\/aktualnosci\/29-marca-2013\/#breadcrumb","itemListElement":[{"@type":"ListItem","position":1,"name":"Home","item":"https:\/\/epokaserca.pl\/aktualnosci\/"},{"@type":"ListItem","position":2,"name":"29 MARCA 2013"}]},{"@type":"WebSite","@id":"https:\/\/epokaserca.pl\/aktualnosci\/#website","url":"https:\/\/epokaserca.pl\/aktualnosci\/","name":"Aktualno\u015bci","description":"","potentialAction":[{"@type":"SearchAction","target":{"@type":"EntryPoint","urlTemplate":"https:\/\/epokaserca.pl\/aktualnosci\/?s={search_term_string}"},"query-input":{"@type":"PropertyValueSpecification","valueRequired":true,"valueName":"search_term_string"}}],"inLanguage":"pl-PL"},{"@type":"Person","@id":"https:\/\/epokaserca.pl\/aktualnosci\/#\/schema\/person\/f87215bc4f757d15c7321145cbabc434","name":"admin","image":{"@type":"ImageObject","inLanguage":"pl-PL","@id":"https:\/\/epokaserca.pl\/aktualnosci\/#\/schema\/person\/image\/","url":"https:\/\/secure.gravatar.com\/avatar\/8e51b30565ad99a9f8b25bd638d21cd1?s=96&d=mm&r=g","contentUrl":"https:\/\/secure.gravatar.com\/avatar\/8e51b30565ad99a9f8b25bd638d21cd1?s=96&d=mm&r=g","caption":"admin"},"url":"https:\/\/epokaserca.pl\/aktualnosci\/author\/admin\/"}]}},"_links":{"self":[{"href":"https:\/\/epokaserca.pl\/aktualnosci\/wp-json\/wp\/v2\/posts\/620","targetHints":{"allow":["GET"]}}],"collection":[{"href":"https:\/\/epokaserca.pl\/aktualnosci\/wp-json\/wp\/v2\/posts"}],"about":[{"href":"https:\/\/epokaserca.pl\/aktualnosci\/wp-json\/wp\/v2\/types\/post"}],"author":[{"embeddable":true,"href":"https:\/\/epokaserca.pl\/aktualnosci\/wp-json\/wp\/v2\/users\/1"}],"replies":[{"embeddable":true,"href":"https:\/\/epokaserca.pl\/aktualnosci\/wp-json\/wp\/v2\/comments?post=620"}],"version-history":[{"count":0,"href":"https:\/\/epokaserca.pl\/aktualnosci\/wp-json\/wp\/v2\/posts\/620\/revisions"}],"wp:featuredmedia":[{"embeddable":true,"href":"https:\/\/epokaserca.pl\/aktualnosci\/wp-json\/wp\/v2\/media\/338"}],"wp:attachment":[{"href":"https:\/\/epokaserca.pl\/aktualnosci\/wp-json\/wp\/v2\/media?parent=620"}],"wp:term":[{"taxonomy":"category","embeddable":true,"href":"https:\/\/epokaserca.pl\/aktualnosci\/wp-json\/wp\/v2\/categories?post=620"},{"taxonomy":"post_tag","embeddable":true,"href":"https:\/\/epokaserca.pl\/aktualnosci\/wp-json\/wp\/v2\/tags?post=620"}],"curies":[{"name":"wp","href":"https:\/\/api.w.org\/{rel}","templated":true}]}}