{"id":70,"date":"2011-06-24T00:11:42","date_gmt":"2011-06-24T00:11:42","guid":{"rendered":"https:\/\/epokaserca.pl\/aktualnosci\/index.php\/2011\/06\/24\/medytacja-dwoch-serc\/"},"modified":"2019-10-03T16:52:26","modified_gmt":"2019-10-03T16:52:26","slug":"medytacja-dwoch-serc","status":"publish","type":"post","link":"https:\/\/epokaserca.pl\/aktualnosci\/medytacja-dwoch-serc\/","title":{"rendered":"MEDYTACJA DW\u00d3CH SERC"},"content":{"rendered":"<p>Choa Kok Sui<\/p>\n<p><strong>B\u0141OGOS\u0141AWIENIE\u00a0 ZIEMI CZU\u0141\u0104 MI\u0141O\u015aCI\u0104<\/strong><\/p>\n<p>1. W celu oczyszczenia cia\u0142a eterycznego, wykonuj \u0107wiczenia fizyczne przez pi\u0119\u0107 lub wi\u0119cej minut.<br \/>\n2.Popro\u015b o b\u0142ogos\u0142awie\u0144stwo Bo\u017ce.<br \/>\n3. Przeprowad\u017a aktywizacj\u0119 czakry\u00a0 sercowej przez skupienie si\u0119 na niej i b\u0142ogos\u0142awienie ca\u0142ej Ziemi czu\u0142\u0105, wszechogarniaj\u0105ca mi\u0142o\u015bci\u0105.<br \/>\n4.Przeprowad\u017a aktywizacj\u0119 czakry ciemieniowej przez skupienie si\u0119 na niej i b\u0142ogos\u0142awienie ca\u0142ej Ziemi czu\u0142\u0105, wszechogarniaj\u0105c\u0105 mi\u0142o\u015bci\u0105. Nast\u0119pnie b\u0142ogos\u0142aw z jednoczesnym u\u017cyciem obu czakr.<br \/>\n5. W celu osi\u0105gni\u0119cia iluminacji, koncentruj si\u0119 na punkcie \u015bwietlnym, na &#8222;aum&#8221; lub &#8222;amen&#8221; oraz na interwa\u0142ach istniej\u0105cych pomi\u0119dzy kolejnymi dwoma d\u017awi\u0119kami &#8222;aum&#8221; lub &#8222;amen&#8221;.<br \/>\n6. W celu uwolnienia nadmiaru energii, b\u0142ogos\u0142aw Ziemi\u0119 \u015bwiat\u0142em, mi\u0142o\u015bci\u0105 i pokojem.<br \/>\n7.Przeka\u017c swoje dzi\u0119kczynienie.<br \/>\n8.W celu dalszego uwolnienia nadmiaru energii oraz wzmocnienia cia\u0142a, wykonaj automasa\u017c i dodatkowe \u0107wiczenia fizyczne<\/p>\n<p style=\"text-align: center;\">\u00a0 \u00a0 \u00a0 \u00a0 \u00a0 \u00a0 \u00a0Niech Bo\u017ce serce pob\u0142ogos\u0142awi ca\u0142ej Ziemi czu\u0142\u0105 mi\u0142o\u015bci\u0105.<\/p>\n<p style=\"text-align: center;\">\u00a0 \u00a0 \u00a0Niech ca\u0142a Ziemia dozna wielkiej rado\u015bci, szcz\u0119\u015bcia i\u00a0 pokoju Bo\u017cego.<\/p>\n<p style=\"text-align: center;\">Niech na ca\u0142\u0105 Ziemi\u0119 sp\u0142ynie b\u0142ogos\u0142awie\u0144stwo wzajemnego zrozumienia,<\/p>\n<p style=\"text-align: center;\">harmonii, dobrych intencji i woli ich\u00a0 wype\u0142nienia.<\/p>\n<p style=\"text-align: center;\">Niech tak si\u0119 stanie.<\/p>\n<p style=\"text-align: center;\">Niech serce Bo\u017ce nape\u0142ni serca wszystkich czuj\u0105cych istot absolutn\u0105<\/p>\n<p style=\"text-align: center;\">mi\u0142o\u015bci\u0105 i wra\u017cliwo\u015bci\u0105.<\/p>\n<p style=\"text-align: center;\">Niech serca wszystkich czuj\u0105cych istot ogarnie wielka rado\u015b\u0107, szcz\u0119\u015bcie i pok\u00f3j Bo\u017cy.<\/p>\n<p style=\"text-align: center;\">Niech do serc wszystkich czuj\u0105cych istot sp\u0142ynie,<\/p>\n<p style=\"text-align: center;\">wzajemne zrozumienie, harmonia, dobre intencje i wola ich wype\u0142nienia.<\/p>\n<p style=\"text-align: center;\">Z g\u00f3ry dzi\u0119kuj\u0119 Ci za to Bo\u017ce i niech tak si\u0119 stanie.<\/p>\n<p style=\"text-align: center;\">\n<p>(Stara sztuka uzdrawiania Wyd.1992)<\/p>\n","protected":false},"excerpt":{"rendered":"<p>Medytacja o dw\u00f3ch sercach jest bardzo pot\u0119\u017cnym narz\u0119dziem zapewnienia pokoju na \u015bwiecie i dlatego powinna by\u0107 jak najszerzej rozpowszechniona. Pozwalam wszystkim zainteresowanym osobom na przedruk lub kopiowanie tego rozdzia\u0142u pod warunkiem zaznaczenia \u017ar\u00f3d\u0142a, z kt\u00f3rego pochodzi.&nbsp;&nbsp;<\/p>\n<p>&nbsp;&nbsp;&nbsp;&nbsp;&nbsp;&nbsp;&nbsp;&nbsp;&nbsp; &nbsp;<\/p>\n","protected":false},"author":1,"featured_media":69,"comment_status":"open","ping_status":"open","sticky":false,"template":"","format":"standard","meta":{"footnotes":""},"categories":[18],"tags":[],"class_list":{"0":"post-70","1":"post","2":"type-post","3":"status-publish","4":"format-standard","5":"has-post-thumbnail","7":"category-medytacje","8":"czr-hentry"},"yoast_head":"<!-- This site is optimized with the Yoast SEO plugin v26.8 - https:\/\/yoast.com\/product\/yoast-seo-wordpress\/ -->\n<title>MEDYTACJA DW\u00d3CH SERC - Aktualno\u015bci<\/title>\n<meta name=\"robots\" content=\"index, follow, max-snippet:-1, max-image-preview:large, max-video-preview:-1\" \/>\n<link rel=\"canonical\" href=\"https:\/\/epokaserca.pl\/aktualnosci\/medytacja-dwoch-serc\/\" \/>\n<meta property=\"og:locale\" content=\"pl_PL\" \/>\n<meta property=\"og:type\" content=\"article\" \/>\n<meta property=\"og:title\" content=\"MEDYTACJA DW\u00d3CH SERC - Aktualno\u015bci\" \/>\n<meta property=\"og:description\" content=\"Medytacja o dw\u00f3ch sercach jest bardzo pot\u0119\u017cnym narz\u0119dziem zapewnienia pokoju na \u015bwiecie i dlatego powinna by\u0107 jak najszerzej rozpowszechniona. Pozwalam wszystkim zainteresowanym osobom na przedruk lub kopiowanie tego rozdzia\u0142u pod warunkiem zaznaczenia \u017ar\u00f3d\u0142a, z kt\u00f3rego pochodzi.&nbsp;&nbsp; &nbsp;&nbsp;&nbsp;&nbsp;&nbsp;&nbsp;&nbsp;&nbsp;&nbsp; &nbsp;\" \/>\n<meta property=\"og:url\" content=\"https:\/\/epokaserca.pl\/aktualnosci\/medytacja-dwoch-serc\/\" \/>\n<meta property=\"og:site_name\" content=\"Aktualno\u015bci\" \/>\n<meta property=\"article:published_time\" content=\"2011-06-24T00:11:42+00:00\" \/>\n<meta property=\"article:modified_time\" content=\"2019-10-03T16:52:26+00:00\" \/>\n<meta property=\"og:image\" content=\"https:\/\/epokaserca.pl\/aktualnosci\/wp-content\/uploads\/2011\/06\/anio43.jpeg\" \/>\n\t<meta property=\"og:image:width\" content=\"469\" \/>\n\t<meta property=\"og:image:height\" content=\"327\" \/>\n\t<meta property=\"og:image:type\" content=\"image\/jpeg\" \/>\n<meta name=\"author\" content=\"admin\" \/>\n<meta name=\"twitter:card\" content=\"summary_large_image\" \/>\n<meta name=\"twitter:label1\" content=\"Napisane przez\" \/>\n\t<meta name=\"twitter:data1\" content=\"admin\" \/>\n\t<meta name=\"twitter:label2\" content=\"Szacowany czas czytania\" \/>\n\t<meta name=\"twitter:data2\" content=\"1 minuta\" \/>\n<script type=\"application\/ld+json\" class=\"yoast-schema-graph\">{\"@context\":\"https:\/\/schema.org\",\"@graph\":[{\"@type\":\"Article\",\"@id\":\"https:\/\/epokaserca.pl\/aktualnosci\/medytacja-dwoch-serc\/#article\",\"isPartOf\":{\"@id\":\"https:\/\/epokaserca.pl\/aktualnosci\/medytacja-dwoch-serc\/\"},\"author\":{\"name\":\"admin\",\"@id\":\"https:\/\/epokaserca.pl\/aktualnosci\/#\/schema\/person\/f87215bc4f757d15c7321145cbabc434\"},\"headline\":\"MEDYTACJA DW\u00d3CH SERC\",\"datePublished\":\"2011-06-24T00:11:42+00:00\",\"dateModified\":\"2019-10-03T16:52:26+00:00\",\"mainEntityOfPage\":{\"@id\":\"https:\/\/epokaserca.pl\/aktualnosci\/medytacja-dwoch-serc\/\"},\"wordCount\":285,\"commentCount\":0,\"image\":{\"@id\":\"https:\/\/epokaserca.pl\/aktualnosci\/medytacja-dwoch-serc\/#primaryimage\"},\"thumbnailUrl\":\"https:\/\/epokaserca.pl\/aktualnosci\/wp-content\/uploads\/2011\/06\/anio43.jpeg\",\"articleSection\":[\"Medytacje\"],\"inLanguage\":\"pl-PL\",\"potentialAction\":[{\"@type\":\"CommentAction\",\"name\":\"Comment\",\"target\":[\"https:\/\/epokaserca.pl\/aktualnosci\/medytacja-dwoch-serc\/#respond\"]}]},{\"@type\":\"WebPage\",\"@id\":\"https:\/\/epokaserca.pl\/aktualnosci\/medytacja-dwoch-serc\/\",\"url\":\"https:\/\/epokaserca.pl\/aktualnosci\/medytacja-dwoch-serc\/\",\"name\":\"MEDYTACJA DW\u00d3CH SERC - Aktualno\u015bci\",\"isPartOf\":{\"@id\":\"https:\/\/epokaserca.pl\/aktualnosci\/#website\"},\"primaryImageOfPage\":{\"@id\":\"https:\/\/epokaserca.pl\/aktualnosci\/medytacja-dwoch-serc\/#primaryimage\"},\"image\":{\"@id\":\"https:\/\/epokaserca.pl\/aktualnosci\/medytacja-dwoch-serc\/#primaryimage\"},\"thumbnailUrl\":\"https:\/\/epokaserca.pl\/aktualnosci\/wp-content\/uploads\/2011\/06\/anio43.jpeg\",\"datePublished\":\"2011-06-24T00:11:42+00:00\",\"dateModified\":\"2019-10-03T16:52:26+00:00\",\"author\":{\"@id\":\"https:\/\/epokaserca.pl\/aktualnosci\/#\/schema\/person\/f87215bc4f757d15c7321145cbabc434\"},\"breadcrumb\":{\"@id\":\"https:\/\/epokaserca.pl\/aktualnosci\/medytacja-dwoch-serc\/#breadcrumb\"},\"inLanguage\":\"pl-PL\",\"potentialAction\":[{\"@type\":\"ReadAction\",\"target\":[\"https:\/\/epokaserca.pl\/aktualnosci\/medytacja-dwoch-serc\/\"]}]},{\"@type\":\"ImageObject\",\"inLanguage\":\"pl-PL\",\"@id\":\"https:\/\/epokaserca.pl\/aktualnosci\/medytacja-dwoch-serc\/#primaryimage\",\"url\":\"https:\/\/epokaserca.pl\/aktualnosci\/wp-content\/uploads\/2011\/06\/anio43.jpeg\",\"contentUrl\":\"https:\/\/epokaserca.pl\/aktualnosci\/wp-content\/uploads\/2011\/06\/anio43.jpeg\",\"width\":469,\"height\":327},{\"@type\":\"BreadcrumbList\",\"@id\":\"https:\/\/epokaserca.pl\/aktualnosci\/medytacja-dwoch-serc\/#breadcrumb\",\"itemListElement\":[{\"@type\":\"ListItem\",\"position\":1,\"name\":\"Home\",\"item\":\"https:\/\/epokaserca.pl\/aktualnosci\/\"},{\"@type\":\"ListItem\",\"position\":2,\"name\":\"MEDYTACJA DW\u00d3CH SERC\"}]},{\"@type\":\"WebSite\",\"@id\":\"https:\/\/epokaserca.pl\/aktualnosci\/#website\",\"url\":\"https:\/\/epokaserca.pl\/aktualnosci\/\",\"name\":\"Aktualno\u015bci\",\"description\":\"\",\"potentialAction\":[{\"@type\":\"SearchAction\",\"target\":{\"@type\":\"EntryPoint\",\"urlTemplate\":\"https:\/\/epokaserca.pl\/aktualnosci\/?s={search_term_string}\"},\"query-input\":{\"@type\":\"PropertyValueSpecification\",\"valueRequired\":true,\"valueName\":\"search_term_string\"}}],\"inLanguage\":\"pl-PL\"},{\"@type\":\"Person\",\"@id\":\"https:\/\/epokaserca.pl\/aktualnosci\/#\/schema\/person\/f87215bc4f757d15c7321145cbabc434\",\"name\":\"admin\",\"image\":{\"@type\":\"ImageObject\",\"inLanguage\":\"pl-PL\",\"@id\":\"https:\/\/epokaserca.pl\/aktualnosci\/#\/schema\/person\/image\/\",\"url\":\"https:\/\/secure.gravatar.com\/avatar\/8e51b30565ad99a9f8b25bd638d21cd1?s=96&d=mm&r=g\",\"contentUrl\":\"https:\/\/secure.gravatar.com\/avatar\/8e51b30565ad99a9f8b25bd638d21cd1?s=96&d=mm&r=g\",\"caption\":\"admin\"},\"url\":\"https:\/\/epokaserca.pl\/aktualnosci\/author\/admin\/\"}]}<\/script>\n<!-- \/ Yoast SEO plugin. -->","yoast_head_json":{"title":"MEDYTACJA DW\u00d3CH SERC - Aktualno\u015bci","robots":{"index":"index","follow":"follow","max-snippet":"max-snippet:-1","max-image-preview":"max-image-preview:large","max-video-preview":"max-video-preview:-1"},"canonical":"https:\/\/epokaserca.pl\/aktualnosci\/medytacja-dwoch-serc\/","og_locale":"pl_PL","og_type":"article","og_title":"MEDYTACJA DW\u00d3CH SERC - Aktualno\u015bci","og_description":"Medytacja o dw\u00f3ch sercach jest bardzo pot\u0119\u017cnym narz\u0119dziem zapewnienia pokoju na \u015bwiecie i dlatego powinna by\u0107 jak najszerzej rozpowszechniona. Pozwalam wszystkim zainteresowanym osobom na przedruk lub kopiowanie tego rozdzia\u0142u pod warunkiem zaznaczenia \u017ar\u00f3d\u0142a, z kt\u00f3rego pochodzi.&nbsp;&nbsp; &nbsp;&nbsp;&nbsp;&nbsp;&nbsp;&nbsp;&nbsp;&nbsp;&nbsp; &nbsp;","og_url":"https:\/\/epokaserca.pl\/aktualnosci\/medytacja-dwoch-serc\/","og_site_name":"Aktualno\u015bci","article_published_time":"2011-06-24T00:11:42+00:00","article_modified_time":"2019-10-03T16:52:26+00:00","og_image":[{"width":469,"height":327,"url":"https:\/\/epokaserca.pl\/aktualnosci\/wp-content\/uploads\/2011\/06\/anio43.jpeg","type":"image\/jpeg"}],"author":"admin","twitter_card":"summary_large_image","twitter_misc":{"Napisane przez":"admin","Szacowany czas czytania":"1 minuta"},"schema":{"@context":"https:\/\/schema.org","@graph":[{"@type":"Article","@id":"https:\/\/epokaserca.pl\/aktualnosci\/medytacja-dwoch-serc\/#article","isPartOf":{"@id":"https:\/\/epokaserca.pl\/aktualnosci\/medytacja-dwoch-serc\/"},"author":{"name":"admin","@id":"https:\/\/epokaserca.pl\/aktualnosci\/#\/schema\/person\/f87215bc4f757d15c7321145cbabc434"},"headline":"MEDYTACJA DW\u00d3CH SERC","datePublished":"2011-06-24T00:11:42+00:00","dateModified":"2019-10-03T16:52:26+00:00","mainEntityOfPage":{"@id":"https:\/\/epokaserca.pl\/aktualnosci\/medytacja-dwoch-serc\/"},"wordCount":285,"commentCount":0,"image":{"@id":"https:\/\/epokaserca.pl\/aktualnosci\/medytacja-dwoch-serc\/#primaryimage"},"thumbnailUrl":"https:\/\/epokaserca.pl\/aktualnosci\/wp-content\/uploads\/2011\/06\/anio43.jpeg","articleSection":["Medytacje"],"inLanguage":"pl-PL","potentialAction":[{"@type":"CommentAction","name":"Comment","target":["https:\/\/epokaserca.pl\/aktualnosci\/medytacja-dwoch-serc\/#respond"]}]},{"@type":"WebPage","@id":"https:\/\/epokaserca.pl\/aktualnosci\/medytacja-dwoch-serc\/","url":"https:\/\/epokaserca.pl\/aktualnosci\/medytacja-dwoch-serc\/","name":"MEDYTACJA DW\u00d3CH SERC - Aktualno\u015bci","isPartOf":{"@id":"https:\/\/epokaserca.pl\/aktualnosci\/#website"},"primaryImageOfPage":{"@id":"https:\/\/epokaserca.pl\/aktualnosci\/medytacja-dwoch-serc\/#primaryimage"},"image":{"@id":"https:\/\/epokaserca.pl\/aktualnosci\/medytacja-dwoch-serc\/#primaryimage"},"thumbnailUrl":"https:\/\/epokaserca.pl\/aktualnosci\/wp-content\/uploads\/2011\/06\/anio43.jpeg","datePublished":"2011-06-24T00:11:42+00:00","dateModified":"2019-10-03T16:52:26+00:00","author":{"@id":"https:\/\/epokaserca.pl\/aktualnosci\/#\/schema\/person\/f87215bc4f757d15c7321145cbabc434"},"breadcrumb":{"@id":"https:\/\/epokaserca.pl\/aktualnosci\/medytacja-dwoch-serc\/#breadcrumb"},"inLanguage":"pl-PL","potentialAction":[{"@type":"ReadAction","target":["https:\/\/epokaserca.pl\/aktualnosci\/medytacja-dwoch-serc\/"]}]},{"@type":"ImageObject","inLanguage":"pl-PL","@id":"https:\/\/epokaserca.pl\/aktualnosci\/medytacja-dwoch-serc\/#primaryimage","url":"https:\/\/epokaserca.pl\/aktualnosci\/wp-content\/uploads\/2011\/06\/anio43.jpeg","contentUrl":"https:\/\/epokaserca.pl\/aktualnosci\/wp-content\/uploads\/2011\/06\/anio43.jpeg","width":469,"height":327},{"@type":"BreadcrumbList","@id":"https:\/\/epokaserca.pl\/aktualnosci\/medytacja-dwoch-serc\/#breadcrumb","itemListElement":[{"@type":"ListItem","position":1,"name":"Home","item":"https:\/\/epokaserca.pl\/aktualnosci\/"},{"@type":"ListItem","position":2,"name":"MEDYTACJA DW\u00d3CH SERC"}]},{"@type":"WebSite","@id":"https:\/\/epokaserca.pl\/aktualnosci\/#website","url":"https:\/\/epokaserca.pl\/aktualnosci\/","name":"Aktualno\u015bci","description":"","potentialAction":[{"@type":"SearchAction","target":{"@type":"EntryPoint","urlTemplate":"https:\/\/epokaserca.pl\/aktualnosci\/?s={search_term_string}"},"query-input":{"@type":"PropertyValueSpecification","valueRequired":true,"valueName":"search_term_string"}}],"inLanguage":"pl-PL"},{"@type":"Person","@id":"https:\/\/epokaserca.pl\/aktualnosci\/#\/schema\/person\/f87215bc4f757d15c7321145cbabc434","name":"admin","image":{"@type":"ImageObject","inLanguage":"pl-PL","@id":"https:\/\/epokaserca.pl\/aktualnosci\/#\/schema\/person\/image\/","url":"https:\/\/secure.gravatar.com\/avatar\/8e51b30565ad99a9f8b25bd638d21cd1?s=96&d=mm&r=g","contentUrl":"https:\/\/secure.gravatar.com\/avatar\/8e51b30565ad99a9f8b25bd638d21cd1?s=96&d=mm&r=g","caption":"admin"},"url":"https:\/\/epokaserca.pl\/aktualnosci\/author\/admin\/"}]}},"_links":{"self":[{"href":"https:\/\/epokaserca.pl\/aktualnosci\/wp-json\/wp\/v2\/posts\/70","targetHints":{"allow":["GET"]}}],"collection":[{"href":"https:\/\/epokaserca.pl\/aktualnosci\/wp-json\/wp\/v2\/posts"}],"about":[{"href":"https:\/\/epokaserca.pl\/aktualnosci\/wp-json\/wp\/v2\/types\/post"}],"author":[{"embeddable":true,"href":"https:\/\/epokaserca.pl\/aktualnosci\/wp-json\/wp\/v2\/users\/1"}],"replies":[{"embeddable":true,"href":"https:\/\/epokaserca.pl\/aktualnosci\/wp-json\/wp\/v2\/comments?post=70"}],"version-history":[{"count":11,"href":"https:\/\/epokaserca.pl\/aktualnosci\/wp-json\/wp\/v2\/posts\/70\/revisions"}],"predecessor-version":[{"id":1567,"href":"https:\/\/epokaserca.pl\/aktualnosci\/wp-json\/wp\/v2\/posts\/70\/revisions\/1567"}],"wp:featuredmedia":[{"embeddable":true,"href":"https:\/\/epokaserca.pl\/aktualnosci\/wp-json\/wp\/v2\/media\/69"}],"wp:attachment":[{"href":"https:\/\/epokaserca.pl\/aktualnosci\/wp-json\/wp\/v2\/media?parent=70"}],"wp:term":[{"taxonomy":"category","embeddable":true,"href":"https:\/\/epokaserca.pl\/aktualnosci\/wp-json\/wp\/v2\/categories?post=70"},{"taxonomy":"post_tag","embeddable":true,"href":"https:\/\/epokaserca.pl\/aktualnosci\/wp-json\/wp\/v2\/tags?post=70"}],"curies":[{"name":"wp","href":"https:\/\/api.w.org\/{rel}","templated":true}]}}