{"id":712,"date":"2013-06-01T18:59:05","date_gmt":"2013-06-01T18:59:05","guid":{"rendered":"https:\/\/epokaserca.pl\/aktualnosci\/index.php\/2013\/06\/01\/1-czerwca-2013\/"},"modified":"2013-06-01T18:59:05","modified_gmt":"2013-06-01T18:59:05","slug":"1-czerwca-2013","status":"publish","type":"post","link":"https:\/\/epokaserca.pl\/aktualnosci\/1-czerwca-2013\/","title":{"rendered":"1 CZERWCA 2013"},"content":{"rendered":"\n<p>&nbsp;<\/p>\n<p style=\"text-align: justify;\"><span style=\"color: #000000; font-size: 10pt;\">To wspania\u0142a okazja do g\u0142\u0119bszego zastanowienia si\u0119 nad s\u0142owami Jezusa. Jest ta nauka wa\u017cna gdy\u017c jest to jedyna DROGA do wolno\u015bci i mi\u0142o\u015bci, do \u017cycia w wiecznej szcz\u0119\u015bliwo\u015bci.&nbsp;<\/span><br \/><span style=\"color: #000000; font-size: 10pt;\">Sta\u0107 si\u0119 dzieckiem, aby wyzby\u0107 si\u0119 l\u0119ku i ujrze\u0107 Chrystusa, jak\u017ce to proste, a jednak wci\u0105\u017c niezrozumiane i nie realizowane. W powy\u017cszym cytacie Jezus podpowiada nam co trzeba uczyni\u0107, aby sta\u0107 si\u0119 jak dziecko. Niekt\u00f3rym kojarzy si\u0119 to z beztrosk\u0105, brakiem odpowiedzialno\u015bci, bezmy\u015blno\u015bci\u0105, lawirowaniem bez zastanowienia w \u017cyciu, a przecie\u017c nie o to chodzi.<\/span><\/p>\n<p style=\"text-align: justify;\"><span style=\"color: #000000; font-size: 10pt;\">?Je\u015bli b\u0119dziecie mieli zwyczaj ukazywa\u0107 nie wstydz\u0105c si\u0119 te cz\u0119\u015bci cia\u0142a, kt\u00f3re godzi si\u0119 zakrywa\u0107?&nbsp;<\/span><br \/><span style=\"color: #000000; font-size: 10pt;\">&#8211; \u015bwiat trzeciego wymiaru, to \u015bwiat skryto\u015bci, izolacji od innych, zamkni\u0119cia, noszenia masek, manipulacji, l\u0119ku i ochrony. To \u015bwiat w kt\u00f3rym trzeba si\u0119 zakrywa\u0107 siebie, gdy\u017c nieznana jest jedno\u015b\u0107, czysto\u015b\u0107, otwarto\u015b\u0107. Tutaj Jesus m\u00f3wi ? otw\u00f3rzcie si\u0119, nie wstyd\u017acie si\u0119 swoich wn\u0119trz, b\u0105d\u017acie nadzy, jak Adam i Ewa przed wyj\u015bciem z Raju, gdzie nie trzeba by\u0142o nosi\u0107 masek, ani chroni\u0107 przed czymkolwiek. Byli czy\u015bci w swej \u015bwiadomo\u015bci nie musieli nic ukrywa\u0107, teraz wi\u0119c chc\u0105c tworzy\u0107 nowy Raj musimy powr\u00f3ci\u0107 do swej nago\u015bci, czysto\u015bci, otwarto\u015bci, niewinno\u015bci. Dop\u00f3ki masz co\u015b do ukrycia, czego nie m\u00f3g\u0142by\u015b ujawni\u0107 \u015bwiatu, innym, nie spe\u0142niasz tego warunku.<\/span><\/p>\n<p style=\"text-align: justify;\"><span style=\"color: #000000; font-size: 10pt;\">?i b\u0119dziecie bra\u0107 szaty wasze i rzuca\u0107 je pod wasze stopy, jak ma\u0142e dzieci, i b\u0119dziecie je depta\u0107?.?<\/span><br \/><span style=\"color: #000000; font-size: 10pt;\">&#8211; szaty to ? nasze maski, zachowania starego \u015bwiata, na nagim ciele, na naszej czysto\u015bci, \u015bwietle, kt\u00f3rym jeste\u015bmy szaty s\u0105 tym co zakrywa, co nas oddziela od nas samych, to nasze l\u0119ki, zagro\u017cenia, obawy, krytyki, oceny, to ca\u0142y program mentalny i emocjonalny starego \u015bwiata. Mamy to zrzuci\u0107 pod stopy i zdepta\u0107 ? czyli pozby\u0107 si\u0119 wszelkich wzorc\u00f3w przesz\u0142o\u015bci i sta\u0107 \u017cywym \u015bwiat\u0142em mi\u0142o\u015bci. Jak reaguje malutkie dziecko na zewn\u0119trzny \u015bwiat? Jest pe\u0142ne ufno\u015bci, zapomina natychmiast zadane krzywdy, samo jest prawd\u0105 i otwarto\u015bci\u0105 w okazywaniu mi\u0142o\u015bci, proste w komunikacji. Dotyczy to nie tylko jego relacji z najbli\u017cszymi , lecz z ca\u0142ym \u015bwiatem, z wszystkim co si\u0119 wydarza. To nasze szaty trzymaj\u0105 nasze \u015bwiat\u0142o w niewoli. Je\u015bli jeszcze nie zdj\u0105\u0142e\u015b i nie zdepta\u0142e\u015b swoich szat, nie spe\u0142niasz tego warunku.&nbsp;<\/span><\/p>\n<p style=\"text-align: justify;\"><span style=\"color: #000000; font-size: 10pt;\">?w\u00f3wczas ujrzycie Syna \u017cywego i nie b\u0119dziecie si\u0119 ba\u0107? &#8211; tylko te dwa warunki i chrystusowa \u015bwiadomo\u015b\u0107 staje si\u0119 twoj\u0105 prawd\u0105 i l\u0119ku ju\u017c nie ma, a dalej tylko mi\u0142o\u015b\u0107.<\/span><\/p>\n<p style=\"text-align: justify;\"><span style=\"color: #000000; font-size: 10pt;\">?Je\u015bli b\u0119dziecie mieli zwyczaj ukazywa\u0107 nie wstydz\u0105c si\u0119 te cz\u0119\u015bci cia\u0142a, kt\u00f3re godzi si\u0119 zakrywa\u0107?&nbsp;<\/span><br \/><span style=\"color: #000000; font-size: 10pt;\">&#8211; \u015bwiat trzeciego wymiaru, to \u015bwiat skryto\u015bci, izolacji od innych, zamkni\u0119cia, noszenia masek, manipulacji, l\u0119ku i ochrony. To \u015bwiat w kt\u00f3rym trzeba si\u0119 zakrywa\u0107 siebie, gdy\u017c nieznana jest jedno\u015b\u0107, czysto\u015b\u0107, otwarto\u015b\u0107. Tutaj Jesus m\u00f3wi ? otw\u00f3rzcie si\u0119, nie wstyd\u017acie si\u0119 swoich wn\u0119trz, b\u0105d\u017acie nadzy, jak Adam i Ewa przed wyj\u015bciem z Raju, gdzie nie trzeba by\u0142o nosi\u0107 masek, ani chroni\u0107 przed czymkolwiek. Byli czy\u015bci w swej \u015bwiadomo\u015bci nie musieli nic ukrywa\u0107, teraz wi\u0119c chc\u0105c tworzy\u0107 nowy Raj musimy powr\u00f3ci\u0107 do swej nago\u015bci, czysto\u015bci, otwarto\u015bci, niewinno\u015bci. Dop\u00f3ki masz co\u015b do ukrycia, czego nie m\u00f3g\u0142by\u015b ujawni\u0107 \u015bwiatu, innym, nie spe\u0142niasz tego warunku.<\/span><\/p>\n<p style=\"text-align: justify;\"><span style=\"color: #000000; font-size: 10pt;\">?i b\u0119dziecie bra\u0107 szaty wasze i rzuca\u0107 je pod wasze stopy, jak ma\u0142e dzieci, i b\u0119dziecie je depta\u0107?.?<\/span><br \/><span style=\"color: #000000; font-size: 10pt;\">&#8211; szaty to ? nasze maski, zachowania starego \u015bwiata, na nagim ciele, na naszej czysto\u015bci, \u015bwietle, kt\u00f3rym jeste\u015bmy szaty s\u0105 tym co zakrywa, co nas oddziela od nas samych, to nasze l\u0119ki, zagro\u017cenia, obawy, krytyki, oceny, to ca\u0142y program mentalny i emocjonalny starego \u015bwiata. Mamy to zrzuci\u0107 pod stopy i zdepta\u0107 ? czyli pozby\u0107 si\u0119 wszelkich wzorc\u00f3w przesz\u0142o\u015bci i sta\u0107 \u017cywym \u015bwiat\u0142em mi\u0142o\u015bci. Jak reaguje malutkie dziecko na zewn\u0119trzny \u015bwiat? Jest pe\u0142ne ufno\u015bci, zapomina natychmiast zadane krzywdy, samo jest prawd\u0105 i otwarto\u015bci\u0105 w okazywaniu mi\u0142o\u015bci, proste w komunikacji. Dotyczy to nie tylko jego relacji z najbli\u017cszymi , lecz z ca\u0142ym \u015bwiatem, z wszystkim co si\u0119 wydarza. To nasze szaty trzymaj\u0105 nasze \u015bwiat\u0142o w niewoli. Je\u015bli jeszcze nie zdj\u0105\u0142e\u015b i nie zdepta\u0142e\u015b swoich szat, nie spe\u0142niasz tego warunku.&nbsp;<\/span><\/p>\n<p style=\"text-align: justify;\"><span style=\"color: #000000; font-size: 10pt;\">?w\u00f3wczas ujrzycie Syna \u017cywego i nie b\u0119dziecie si\u0119 ba\u0107? &#8211; tylko te dwa warunki i chrystusowa \u015bwiadomo\u015b\u0107 staje si\u0119 twoj\u0105 prawd\u0105 i l\u0119ku ju\u017c nie ma, a dalej tylko mi\u0142o\u015b\u0107.<\/span><\/p>\n","protected":false},"excerpt":{"rendered":"<p style=\"text-align: center;\">&nbsp;<span style=\"color: #ff0000; font-family: 'lucida grande', tahoma, verdana, arial, sans-serif; font-size: 13px; line-height: 18px; text-align: center;\">DLA ZAWSZE KOCHANYCH PRZEZ BOGA BEZWARUNKOW\u0104 MI\u0141O\u015aCI\u0104 &#8211; CUDOWNYCH DZIECI WSZECH\u015aWIATA, UMI\u0141OWANYCH, CZYSTYCH, PI\u0118KNYCH, \u015aWIETLISTYCH, wszystkich 7 mld. na Ziemi &#8211; CA\u0141A MOJA MI\u0141O\u015a\u0106 i WDZI\u0118CZNO\u015a\u0106 &#8211; DZI\u0118KUJ\u0118, \u017bE JESTE\u015aCIE, \u015bwiat DZI\u0118KI WAM&nbsp;<\/span><span class=\"text_exposed_show\" style=\"display: inline; font-family: 'lucida grande', tahoma, verdana, arial, sans-serif; font-size: 13px; line-height: 18px; color: #ff0000;\">jest taki niezwyk\u0142y, kolorowy, r\u00f3\u017cnorodny. KOCHAM<\/span><\/p>\n<p style=\"text-align: center;\"><span style=\"color: #ff0000; font-family: 'lucida grande', tahoma, verdana, arial, sans-serif; font-size: 13px; line-height: 18px;\"><span class=\"text_exposed_show\" style=\"display: inline; font-family: 'lucida grande', tahoma, verdana, arial, sans-serif; font-size: 13px; line-height: 18px;\">Dzi\u0119kuj\u0119 te\u017c wspania\u0142ym duszyczkom &#8211; moim dzieciom &#8211; Arturkowi, Kasiuni, Filipkowi, Karolince, \u0141ukaszkowi, Ole\u0144ce, Maksiowi &#8211; KOCHAM I DZI\u0118KUJ\u0118 za wszystko.<\/span><\/span><\/p>\n<p style=\"text-align: center;\">&nbsp;<\/p>\n<p><span style=\"font-family: 'lucida grande', tahoma, verdana, arial, sans-serif; font-size: 13px; line-height: 18px; color: #000000;\">DZIE\u0143 &nbsp;DZIECKA<\/span><\/p>\n<p><span style=\"font-family: 'lucida grande', tahoma, verdana, arial, sans-serif; font-size: 13px; line-height: 18px; color: #000000;\">37. Spytali uczniowie Jego: ?Kt\u00f3rego dnia objawisz si\u0119 nam i kt\u00f3rego dnia ujrzymy ciebie?? Odrzek\u0142 Jezus: ?Je\u015bli b\u0119dziecie mieli zwyczaj ukazywa\u0107 nie wstydz\u0105c si\u0119 te cz\u0119\u015b<\/span><span class=\"text_exposed_show\" style=\"display: inline; font-family: 'lucida grande', tahoma, verdana, arial, sans-serif; font-size: 13px; line-height: 18px; color: #000000;\">ci cia\u0142a, kt\u00f3re godzi si\u0119 zakrywa\u0107, i b\u0119dziecie bra\u0107 szaty wasze i rzuca\u0107 je pod wasze stopy, jak ma\u0142e dzieci, i b\u0119dziecie je depta\u0107, w\u00f3wczas ujrzycie Syna \u017cywego i nie b\u0119dziecie si\u0119 ba\u0107?.<\/span><\/p>\n<p>&nbsp;<\/p>\n","protected":false},"author":1,"featured_media":0,"comment_status":"open","ping_status":"open","sticky":false,"template":"","format":"standard","meta":{"footnotes":""},"categories":[5],"tags":[],"class_list":{"0":"post-712","1":"post","2":"type-post","3":"status-publish","4":"format-standard","6":"category-aktualnosci","7":"czr-hentry"},"yoast_head":"<!-- This site is optimized with the Yoast SEO plugin v26.8 - https:\/\/yoast.com\/product\/yoast-seo-wordpress\/ -->\n<title>1 CZERWCA 2013 - Aktualno\u015bci<\/title>\n<meta name=\"robots\" content=\"index, follow, max-snippet:-1, max-image-preview:large, max-video-preview:-1\" \/>\n<link rel=\"canonical\" href=\"https:\/\/epokaserca.pl\/aktualnosci\/1-czerwca-2013\/\" \/>\n<meta property=\"og:locale\" content=\"pl_PL\" \/>\n<meta property=\"og:type\" content=\"article\" \/>\n<meta property=\"og:title\" content=\"1 CZERWCA 2013 - Aktualno\u015bci\" \/>\n<meta property=\"og:description\" content=\"&nbsp;DLA ZAWSZE KOCHANYCH PRZEZ BOGA BEZWARUNKOW\u0104 MI\u0141O\u015aCI\u0104 - CUDOWNYCH DZIECI WSZECH\u015aWIATA, UMI\u0141OWANYCH, CZYSTYCH, PI\u0118KNYCH, \u015aWIETLISTYCH, wszystkich 7 mld. na Ziemi - CA\u0141A MOJA MI\u0141O\u015a\u0106 i WDZI\u0118CZNO\u015a\u0106 - DZI\u0118KUJ\u0118, \u017bE JESTE\u015aCIE, \u015bwiat DZI\u0118KI WAM&nbsp;jest taki niezwyk\u0142y, kolorowy, r\u00f3\u017cnorodny. KOCHAM Dzi\u0119kuj\u0119 te\u017c wspania\u0142ym duszyczkom - moim dzieciom - Arturkowi, Kasiuni, Filipkowi, Karolince, \u0141ukaszkowi, Ole\u0144ce, Maksiowi - KOCHAM I DZI\u0118KUJ\u0118 za wszystko. &nbsp; DZIE\u0143 &nbsp;DZIECKA 37. Spytali uczniowie Jego: ?Kt\u00f3rego dnia objawisz si\u0119 nam i kt\u00f3rego dnia ujrzymy ciebie?? Odrzek\u0142 Jezus: ?Je\u015bli b\u0119dziecie mieli zwyczaj ukazywa\u0107 nie wstydz\u0105c si\u0119 te cz\u0119\u015bci cia\u0142a, kt\u00f3re godzi si\u0119 zakrywa\u0107, i b\u0119dziecie bra\u0107 szaty wasze i rzuca\u0107 je pod wasze stopy, jak ma\u0142e dzieci, i b\u0119dziecie je depta\u0107, w\u00f3wczas ujrzycie Syna \u017cywego i nie b\u0119dziecie si\u0119 ba\u0107?. &nbsp;\" \/>\n<meta property=\"og:url\" content=\"https:\/\/epokaserca.pl\/aktualnosci\/1-czerwca-2013\/\" \/>\n<meta property=\"og:site_name\" content=\"Aktualno\u015bci\" \/>\n<meta property=\"article:published_time\" content=\"2013-06-01T18:59:05+00:00\" \/>\n<meta name=\"author\" content=\"admin\" \/>\n<meta name=\"twitter:card\" content=\"summary_large_image\" \/>\n<meta name=\"twitter:label1\" content=\"Napisane przez\" \/>\n\t<meta name=\"twitter:data1\" content=\"admin\" \/>\n\t<meta name=\"twitter:label2\" content=\"Szacowany czas czytania\" \/>\n\t<meta name=\"twitter:data2\" content=\"4 minuty\" \/>\n<script type=\"application\/ld+json\" class=\"yoast-schema-graph\">{\"@context\":\"https:\/\/schema.org\",\"@graph\":[{\"@type\":\"Article\",\"@id\":\"https:\/\/epokaserca.pl\/aktualnosci\/1-czerwca-2013\/#article\",\"isPartOf\":{\"@id\":\"https:\/\/epokaserca.pl\/aktualnosci\/1-czerwca-2013\/\"},\"author\":{\"name\":\"admin\",\"@id\":\"https:\/\/epokaserca.pl\/aktualnosci\/#\/schema\/person\/f87215bc4f757d15c7321145cbabc434\"},\"headline\":\"1 CZERWCA 2013\",\"datePublished\":\"2013-06-01T18:59:05+00:00\",\"mainEntityOfPage\":{\"@id\":\"https:\/\/epokaserca.pl\/aktualnosci\/1-czerwca-2013\/\"},\"wordCount\":803,\"commentCount\":0,\"articleSection\":[\"Aktualno\u015bci\"],\"inLanguage\":\"pl-PL\",\"potentialAction\":[{\"@type\":\"CommentAction\",\"name\":\"Comment\",\"target\":[\"https:\/\/epokaserca.pl\/aktualnosci\/1-czerwca-2013\/#respond\"]}]},{\"@type\":\"WebPage\",\"@id\":\"https:\/\/epokaserca.pl\/aktualnosci\/1-czerwca-2013\/\",\"url\":\"https:\/\/epokaserca.pl\/aktualnosci\/1-czerwca-2013\/\",\"name\":\"1 CZERWCA 2013 - Aktualno\u015bci\",\"isPartOf\":{\"@id\":\"https:\/\/epokaserca.pl\/aktualnosci\/#website\"},\"datePublished\":\"2013-06-01T18:59:05+00:00\",\"author\":{\"@id\":\"https:\/\/epokaserca.pl\/aktualnosci\/#\/schema\/person\/f87215bc4f757d15c7321145cbabc434\"},\"breadcrumb\":{\"@id\":\"https:\/\/epokaserca.pl\/aktualnosci\/1-czerwca-2013\/#breadcrumb\"},\"inLanguage\":\"pl-PL\",\"potentialAction\":[{\"@type\":\"ReadAction\",\"target\":[\"https:\/\/epokaserca.pl\/aktualnosci\/1-czerwca-2013\/\"]}]},{\"@type\":\"BreadcrumbList\",\"@id\":\"https:\/\/epokaserca.pl\/aktualnosci\/1-czerwca-2013\/#breadcrumb\",\"itemListElement\":[{\"@type\":\"ListItem\",\"position\":1,\"name\":\"Home\",\"item\":\"https:\/\/epokaserca.pl\/aktualnosci\/\"},{\"@type\":\"ListItem\",\"position\":2,\"name\":\"1 CZERWCA 2013\"}]},{\"@type\":\"WebSite\",\"@id\":\"https:\/\/epokaserca.pl\/aktualnosci\/#website\",\"url\":\"https:\/\/epokaserca.pl\/aktualnosci\/\",\"name\":\"Aktualno\u015bci\",\"description\":\"\",\"potentialAction\":[{\"@type\":\"SearchAction\",\"target\":{\"@type\":\"EntryPoint\",\"urlTemplate\":\"https:\/\/epokaserca.pl\/aktualnosci\/?s={search_term_string}\"},\"query-input\":{\"@type\":\"PropertyValueSpecification\",\"valueRequired\":true,\"valueName\":\"search_term_string\"}}],\"inLanguage\":\"pl-PL\"},{\"@type\":\"Person\",\"@id\":\"https:\/\/epokaserca.pl\/aktualnosci\/#\/schema\/person\/f87215bc4f757d15c7321145cbabc434\",\"name\":\"admin\",\"image\":{\"@type\":\"ImageObject\",\"inLanguage\":\"pl-PL\",\"@id\":\"https:\/\/epokaserca.pl\/aktualnosci\/#\/schema\/person\/image\/\",\"url\":\"https:\/\/secure.gravatar.com\/avatar\/8e51b30565ad99a9f8b25bd638d21cd1?s=96&d=mm&r=g\",\"contentUrl\":\"https:\/\/secure.gravatar.com\/avatar\/8e51b30565ad99a9f8b25bd638d21cd1?s=96&d=mm&r=g\",\"caption\":\"admin\"},\"url\":\"https:\/\/epokaserca.pl\/aktualnosci\/author\/admin\/\"}]}<\/script>\n<!-- \/ Yoast SEO plugin. -->","yoast_head_json":{"title":"1 CZERWCA 2013 - Aktualno\u015bci","robots":{"index":"index","follow":"follow","max-snippet":"max-snippet:-1","max-image-preview":"max-image-preview:large","max-video-preview":"max-video-preview:-1"},"canonical":"https:\/\/epokaserca.pl\/aktualnosci\/1-czerwca-2013\/","og_locale":"pl_PL","og_type":"article","og_title":"1 CZERWCA 2013 - Aktualno\u015bci","og_description":"&nbsp;DLA ZAWSZE KOCHANYCH PRZEZ BOGA BEZWARUNKOW\u0104 MI\u0141O\u015aCI\u0104 - CUDOWNYCH DZIECI WSZECH\u015aWIATA, UMI\u0141OWANYCH, CZYSTYCH, PI\u0118KNYCH, \u015aWIETLISTYCH, wszystkich 7 mld. na Ziemi - CA\u0141A MOJA MI\u0141O\u015a\u0106 i WDZI\u0118CZNO\u015a\u0106 - DZI\u0118KUJ\u0118, \u017bE JESTE\u015aCIE, \u015bwiat DZI\u0118KI WAM&nbsp;jest taki niezwyk\u0142y, kolorowy, r\u00f3\u017cnorodny. KOCHAM Dzi\u0119kuj\u0119 te\u017c wspania\u0142ym duszyczkom - moim dzieciom - Arturkowi, Kasiuni, Filipkowi, Karolince, \u0141ukaszkowi, Ole\u0144ce, Maksiowi - KOCHAM I DZI\u0118KUJ\u0118 za wszystko. &nbsp; DZIE\u0143 &nbsp;DZIECKA 37. Spytali uczniowie Jego: ?Kt\u00f3rego dnia objawisz si\u0119 nam i kt\u00f3rego dnia ujrzymy ciebie?? Odrzek\u0142 Jezus: ?Je\u015bli b\u0119dziecie mieli zwyczaj ukazywa\u0107 nie wstydz\u0105c si\u0119 te cz\u0119\u015bci cia\u0142a, kt\u00f3re godzi si\u0119 zakrywa\u0107, i b\u0119dziecie bra\u0107 szaty wasze i rzuca\u0107 je pod wasze stopy, jak ma\u0142e dzieci, i b\u0119dziecie je depta\u0107, w\u00f3wczas ujrzycie Syna \u017cywego i nie b\u0119dziecie si\u0119 ba\u0107?. &nbsp;","og_url":"https:\/\/epokaserca.pl\/aktualnosci\/1-czerwca-2013\/","og_site_name":"Aktualno\u015bci","article_published_time":"2013-06-01T18:59:05+00:00","author":"admin","twitter_card":"summary_large_image","twitter_misc":{"Napisane przez":"admin","Szacowany czas czytania":"4 minuty"},"schema":{"@context":"https:\/\/schema.org","@graph":[{"@type":"Article","@id":"https:\/\/epokaserca.pl\/aktualnosci\/1-czerwca-2013\/#article","isPartOf":{"@id":"https:\/\/epokaserca.pl\/aktualnosci\/1-czerwca-2013\/"},"author":{"name":"admin","@id":"https:\/\/epokaserca.pl\/aktualnosci\/#\/schema\/person\/f87215bc4f757d15c7321145cbabc434"},"headline":"1 CZERWCA 2013","datePublished":"2013-06-01T18:59:05+00:00","mainEntityOfPage":{"@id":"https:\/\/epokaserca.pl\/aktualnosci\/1-czerwca-2013\/"},"wordCount":803,"commentCount":0,"articleSection":["Aktualno\u015bci"],"inLanguage":"pl-PL","potentialAction":[{"@type":"CommentAction","name":"Comment","target":["https:\/\/epokaserca.pl\/aktualnosci\/1-czerwca-2013\/#respond"]}]},{"@type":"WebPage","@id":"https:\/\/epokaserca.pl\/aktualnosci\/1-czerwca-2013\/","url":"https:\/\/epokaserca.pl\/aktualnosci\/1-czerwca-2013\/","name":"1 CZERWCA 2013 - Aktualno\u015bci","isPartOf":{"@id":"https:\/\/epokaserca.pl\/aktualnosci\/#website"},"datePublished":"2013-06-01T18:59:05+00:00","author":{"@id":"https:\/\/epokaserca.pl\/aktualnosci\/#\/schema\/person\/f87215bc4f757d15c7321145cbabc434"},"breadcrumb":{"@id":"https:\/\/epokaserca.pl\/aktualnosci\/1-czerwca-2013\/#breadcrumb"},"inLanguage":"pl-PL","potentialAction":[{"@type":"ReadAction","target":["https:\/\/epokaserca.pl\/aktualnosci\/1-czerwca-2013\/"]}]},{"@type":"BreadcrumbList","@id":"https:\/\/epokaserca.pl\/aktualnosci\/1-czerwca-2013\/#breadcrumb","itemListElement":[{"@type":"ListItem","position":1,"name":"Home","item":"https:\/\/epokaserca.pl\/aktualnosci\/"},{"@type":"ListItem","position":2,"name":"1 CZERWCA 2013"}]},{"@type":"WebSite","@id":"https:\/\/epokaserca.pl\/aktualnosci\/#website","url":"https:\/\/epokaserca.pl\/aktualnosci\/","name":"Aktualno\u015bci","description":"","potentialAction":[{"@type":"SearchAction","target":{"@type":"EntryPoint","urlTemplate":"https:\/\/epokaserca.pl\/aktualnosci\/?s={search_term_string}"},"query-input":{"@type":"PropertyValueSpecification","valueRequired":true,"valueName":"search_term_string"}}],"inLanguage":"pl-PL"},{"@type":"Person","@id":"https:\/\/epokaserca.pl\/aktualnosci\/#\/schema\/person\/f87215bc4f757d15c7321145cbabc434","name":"admin","image":{"@type":"ImageObject","inLanguage":"pl-PL","@id":"https:\/\/epokaserca.pl\/aktualnosci\/#\/schema\/person\/image\/","url":"https:\/\/secure.gravatar.com\/avatar\/8e51b30565ad99a9f8b25bd638d21cd1?s=96&d=mm&r=g","contentUrl":"https:\/\/secure.gravatar.com\/avatar\/8e51b30565ad99a9f8b25bd638d21cd1?s=96&d=mm&r=g","caption":"admin"},"url":"https:\/\/epokaserca.pl\/aktualnosci\/author\/admin\/"}]}},"_links":{"self":[{"href":"https:\/\/epokaserca.pl\/aktualnosci\/wp-json\/wp\/v2\/posts\/712","targetHints":{"allow":["GET"]}}],"collection":[{"href":"https:\/\/epokaserca.pl\/aktualnosci\/wp-json\/wp\/v2\/posts"}],"about":[{"href":"https:\/\/epokaserca.pl\/aktualnosci\/wp-json\/wp\/v2\/types\/post"}],"author":[{"embeddable":true,"href":"https:\/\/epokaserca.pl\/aktualnosci\/wp-json\/wp\/v2\/users\/1"}],"replies":[{"embeddable":true,"href":"https:\/\/epokaserca.pl\/aktualnosci\/wp-json\/wp\/v2\/comments?post=712"}],"version-history":[{"count":0,"href":"https:\/\/epokaserca.pl\/aktualnosci\/wp-json\/wp\/v2\/posts\/712\/revisions"}],"wp:attachment":[{"href":"https:\/\/epokaserca.pl\/aktualnosci\/wp-json\/wp\/v2\/media?parent=712"}],"wp:term":[{"taxonomy":"category","embeddable":true,"href":"https:\/\/epokaserca.pl\/aktualnosci\/wp-json\/wp\/v2\/categories?post=712"},{"taxonomy":"post_tag","embeddable":true,"href":"https:\/\/epokaserca.pl\/aktualnosci\/wp-json\/wp\/v2\/tags?post=712"}],"curies":[{"name":"wp","href":"https:\/\/api.w.org\/{rel}","templated":true}]}}