{"id":769,"date":"2013-10-01T18:57:55","date_gmt":"2013-10-01T18:57:55","guid":{"rendered":"https:\/\/epokaserca.pl\/aktualnosci\/index.php\/2013\/10\/01\/islam-religie-poganstwo\/"},"modified":"2013-10-01T18:57:55","modified_gmt":"2013-10-01T18:57:55","slug":"islam-religie-poganstwo","status":"publish","type":"post","link":"https:\/\/epokaserca.pl\/aktualnosci\/islam-religie-poganstwo\/","title":{"rendered":"ISLAM, RELIGIE, POGA\u0143STWO"},"content":{"rendered":"\n<p>&nbsp;<img loading=\"lazy\" decoding=\"async\" class=\" size-full wp-image-767\" src=\"https:\/\/el.cgnk.pl\/wp-content\/uploads\/2013\/10\/4-679C4DCC-800265-480.jpg\" width=\"320\" height=\"480\" alt=\"4-679C4DCC-800265-480\" style=\"display: block; margin-left: auto; margin-right: auto;\" srcset=\"https:\/\/epokaserca.pl\/aktualnosci\/wp-content\/uploads\/2013\/10\/4-679C4DCC-800265-480.jpg 320w, https:\/\/epokaserca.pl\/aktualnosci\/wp-content\/uploads\/2013\/10\/4-679C4DCC-800265-480-200x300.jpg 200w\" sizes=\"auto, (max-width: 320px) 100vw, 320px\" \/><\/p>\n<p style=\"text-align: justify;\"><span style=\"font-size: 12pt; line-height: 107%; font-family: 'times new roman', times; color: black;\">Pozna\u0142am kilka religii, czyta\u0142am \u015bwi\u0119te ksi\u0119gi, ale nie mia\u0142am okazji porozmawia\u0107 z muzu\u0142maninem, aby pozna\u0107 jego zrozumienie Koranu. <\/span><\/p>\n<p style=\"text-align: justify;\"><span style=\"font-size: 12pt; line-height: 107%; font-family: 'times new roman', times; color: black;\">W Bohonikach spotka\u0142am <span class=\"textexposedshow\">imama Aleksandra, kt\u00f3ry po\u015bwi\u0119ci\u0142 mi sporo swego czasu. Spotkali\u015bmy si\u0119 w meczecie, tury\u015bci wchodzili, ogl\u0105dali, na koniec imam opowiedzia\u0142 nam troch\u0119 o swej religii. By\u0142am bardzo ciekawa i zada\u0142am wiele pyta\u0144. Wszyscy ju\u017c wyszli, a my nadal rozmawiali\u015bmy. Na koniec zapyta\u0142am czy mog\u0119 wzi\u0105\u0107 udzia\u0142 w ich codziennej wieczornej modlitwie. Odpowied\u017a brzmia\u0142a- tak. <\/span><\/span><\/p>\n<p style=\"text-align: justify;\"><span class=\"textexposedshow\" style=\"font-family: 'times new roman', times; font-size: 12pt;\"><span style=\"line-height: 107%; color: black;\">Uda\u0142o mi si\u0119 podczas modlitwy przebywa\u0107 na ma\u0142ym balkoniku, zamiast w cz\u0119\u015bci przeznaczonej dla kobiet. Obserwowa\u0142am z bardzo bliska to co si\u0119 dzia\u0142o, r\u00f3wnie\u017c na poziomie energetycznym. Imam, bardzo otwarty, \u017cyczliwy cz\u0142owiek wyt\u0142umaczy\u0142, po zako\u0144czonych ju\u017c mod\u0142ach, ka\u017cde wypowiedziane s\u0142owo, ka\u017cdy gest. Jego modlitwa by\u0142a jak \u015bpiew, przenika\u0142a moje cia\u0142o, a ja odczuwa\u0142am oddanie tego cz\u0142owieka wy\u017cszej sprawie. <\/span><\/span><\/p>\n<p style=\"text-align: justify;\"><span class=\"textexposedshow\" style=\"font-family: 'times new roman', times; font-size: 12pt;\"><span style=\"line-height: 107%; color: black;\">Podczas naszej rozmowy imam potwierdzi\u0142 to, co uzyska\u0142am wcze\u015bniej w g\u0142\u0119bi swego serca &#8211; islam, to religia pokoju. Prawdziwi muzu\u0142manie bolej\u0105 nad tym, \u017ce s\u0105 w\u015br\u00f3d nich grupy wypaczaj\u0105ce dla w\u0142asnego interesu nauki ich proroka Muhammada. Tak jak kiedy\u015b w chrze\u015bcija\u0144stwie uruchomiono w &#8222;imi\u0119 Boga&#8221; krucjaty, stosy, inkwizycj\u0119, tak i u nich s\u0105 odszczepie\u0144cy, kt\u00f3rzy nie rozumiej\u0105 g\u0142\u0119bi nauki Koranu. Imam bardzo si\u0119 otworzy\u0142, z rado\u015bci\u0105 dzieli\u0142 si\u0119 swoj\u0105 g\u0142\u0119bok\u0105 wiedz\u0105, a mnie by\u0142o niezwykle mi\u0142o, gdy powiedzia\u0142 &#8211; \u015bwi\u0119ta wojna D\u017cihad &#8211; to g\u0142\u00f3wnie wojna ze swoim wn\u0119trzem, ze s\u0142abo\u015bciami, z wzorcami, kt\u00f3re oddali\u0142y nas od mi\u0142o\u015bci, od Boga.&nbsp;<\/span><\/span><\/p>\n<p style=\"text-align: justify;\"><span class=\"textexposedshow\" style=\"font-family: 'times new roman', times; font-size: 12pt;\"><span style=\"line-height: 107%; color: black;\">Analizuj\u0105c z poziomu duchowego ewolucj\u0119 religii w naszej obecnej cywilizacji dosz\u0142am kiedy\u015b do tych w\u0142a\u015bnie wniosk\u00f3w. Zapyta\u0142am w pewnej chwili imama &#8211; dlaczego modl\u0105 si\u0119 pi\u0119\u0107 razy dziennie.&nbsp;<span style=\"line-height: 107%; color: black;\"><br \/> <span class=\"textexposedshow\">-To obowi\u0105zek zapisany w Koranie &#8211; rzek\u0142.&nbsp;<\/span><\/span><\/span><\/span><\/p>\n<p style=\"text-align: justify;\"><span class=\"textexposedshow\" style=\"font-family: 'times new roman', times; font-size: 12pt;\"><span style=\"line-height: 107%; color: black;\">Jestem bardzo dociekliwa wi\u0119c pyta\u0142am dalej &#8211; dlaczego, jakie to ma znaczenie. Nie wiedzia\u0142. W\u00f3wczas ja opowiedzia\u0142am mu w swoich dalszych analizach islamu. By\u0142 zdziwiony, ale zgodzi\u0142 si\u0119 ze wszystkim.&nbsp;<span style=\"line-height: 107%; color: black;\"><br \/> <span class=\"textexposedshow\">Szybko min\u0105\u0142 ten cenny dla mnie czas. Ca\u0142ym sercem czu\u0142am oddanie tego cz\u0142owieka dla swej religii, dla Boga, a w g\u0142\u0119bi mnie by\u0142a czu\u0142o\u015b\u0107, mi\u0142o\u015b\u0107 i wdzi\u0119czno\u015b\u0107 dla tej pi\u0119knej duszy.<\/span><\/span><\/span><\/span><\/p>\n<p style=\"text-align: justify;\"><span class=\"textexposedshow\" style=\"font-family: 'times new roman', times; font-size: 12pt;\"><span style=\"line-height: 107%; color: black;\">&nbsp;Ka\u017cda z religii prowadzi nas, jako globaln\u0105 \u015bwiadomo\u015b\u0107, ku dalszemu poznaniu siebie, ka\u017cda przynosi m\u0105dro\u015b\u0107. W wielkim skr\u00f3cie &#8211; Wedy &#8211; wiele prawdziwe g\u0142\u0119bokiej wiedzy, histori\u0119, Budda &#8211; drog\u0119 \u015brodka, prac\u0119 z umys\u0142em, Jezus prac\u0119 z sercem, nauk\u0119 mi\u0142o\u015bci, odnalezienie prawdziwej to\u017csamo\u015bci, Mahomet &#8211; praca z wzorcami, codzienny trening uwa\u017cno\u015bci i skupienie na modlitwie, wdzi\u0119czno\u015bci, oddaniu.&nbsp;<\/span><\/span><\/p>\n<p style=\"text-align: justify;\"><span class=\"textexposedshow\" style=\"font-family: 'times new roman', times; font-size: 12pt;\"><span style=\"line-height: 107%; color: black;\">Te nauki zosta\u0142y nam przekazane i s\u0105 ogromn\u0105 m\u0105dro\u015bci\u0105 prowadz\u0105c\u0105 nas w transformacji \u015bwiadomo\u015bci, jednak to nie koniec, by\u0142y przygotowaniem do etapu w kt\u00f3ry dzi\u015b wchodzimy. Ka\u017cda z nich jest bezcenna, wed\u0142ug mnie mo\u017cna i\u015b\u0107 dalej tylko dzi\u0119ki zrozumieniu i ugruntowaniu tego co przynosi\u0142a ka\u017cda z nich.&nbsp;<span style=\"line-height: 107%; color: black;\"><br \/> <span class=\"textexposedshow\">Chcemy wraca\u0107 do czas\u00f3w poga\u0144skich, t\u0119sknimy za prostot\u0105, natur\u0105, mi\u0142o\u015bci\u0105 do Ziemi, ale czy mo\u017cna, b\u0119d\u0105c doros\u0142ym cz\u0142owiekiem wr\u00f3ci\u0107 do przedszkola? Z pewno\u015bci\u0105 nie. Je\u015bli uznamy m\u0105dro\u015b\u0107 wszystkiego co si\u0119 wydarzy\u0142o w naszej historii i spojrzymy na wszystko z perspektywy, zrozumiemy, \u017ce DUCH, kt\u00f3rym przecie\u017c jeste\u015bmy przysy\u0142a\u0142 nam prorok\u00f3w, aby prowadzili nas w naszej ewolucji \u015bwiadomo\u015bci.<\/span><\/span><\/span><\/span><\/p>\n<p style=\"text-align: justify;\"><span class=\"textexposedshow\" style=\"font-family: 'times new roman', times; font-size: 12pt;\"><span style=\"line-height: 107%; color: black;\">&nbsp;Tak jak nie mo\u017cna zabra\u0107 z przedszkola nocniczka kiedy posz\u0142o si\u0119 do szko\u0142y, i jak nie mo\u017cna maj\u0105c 30, 40, 50 lat wr\u00f3ci\u0107 do przedszkola, tak nie ma powrotu do przesz\u0142o\u015bci, s\u0142owia\u0144szczyzny, &#8222;poga\u0144stwa&#8221;. Ewolucja trwa, co wi\u0119c dalej, je\u015bli nie wstecz to co przed nami. Ciekawie jest zrobi\u0107 g\u0142\u0119bsz\u0105 analiz\u0119 wszystkich religii, z tego jasno wynika obraz tego co przed nami. Tak jak nie mia\u0142oby sensu odrzuci\u0107 szko\u0142y, gdy ko\u0144czy si\u0119 wiek przedszkolny, tak i bez sensu jest odrzucanie religii chrze\u015bcija\u0144skiej gdy ko\u0144czy\u0142 si\u0119 pewien okres czasu. \u015awi\u0119ty Patryk , patron Irlandii przedstawi\u0142 to bardzo pi\u0119knie. Gdy Druidzi pokazali mu swoje moce, umiej\u0119tno\u015b\u0107 panowania nad przyrod\u0105 i \u017cywio\u0142ami on rzek\u0142: Pokazujecie mi swoj\u0105 moc, a ja przynosz\u0119 wam tego, kto stworzy\u0142 to wszystko.&nbsp;<span style=\"line-height: 107%; color: black;\"><br \/> <span class=\"textexposedshow\">Islam jak ka\u017cda z religii ma niezwyk\u0142\u0105 g\u0142\u0119bi\u0119 przekazu je\u015bli tylko potrafimy odczyta\u0107 przes\u0142ania z poziomu Ducha.<\/span><\/span><\/span><\/span><\/p>\n<p style=\"text-align: justify;\"><span class=\"textexposedshow\" style=\"font-family: 'times new roman', times; font-size: 12pt;\"><span style=\"line-height: 107%; color: black;\">&nbsp;Na t\u0119 chwil\u0119 jeszcze wi\u0119kszo\u015b\u0107 z nas uwa\u017ca, \u017ce religie przedstawiaj\u0105 Boga zewn\u0119trznego, ja uwa\u017cam inaczej &#8211; ka\u017cda z nich otwiera coraz g\u0142\u0119bsze pok\u0142ady nas samych przypominaj\u0105c nam kim jeste\u015bmy i uczy w rezultacie o doj\u015bciu do bosko\u015bci wewn\u0119trznej. Zeszli\u015bmy ze \u015bwiat\u0142o\u015bci w g\u0119\u015bciejsz\u0105 wibracj\u0119, aby teraz wznie\u015b\u0107 si\u0119 i powoli powr\u00f3ci\u0107 do \u0142ona z kt\u00f3rego wyszli\u015bmy, do \u015bwiat\u0142o\u015bci, kt\u00f3re jest w ka\u017cdym z nas, wewn\u0105trz.&nbsp;<span style=\"line-height: 107%; color: black;\"><br \/> <span class=\"textexposedshow\">Powr\u00f3t do przesz\u0142o\u015bci to podzia\u0142, zamkni\u0119cie, rozdzielenie, dzieci\u0144stwo, nie\u015bwiadomo\u015b\u0107, p\u00f3j\u015bcie do przodu to po\u0142\u0105czenie wszystkiego co zosta\u0142o rozdzielone, to Jedno\u015b\u0107. <\/span><\/span><\/span><\/span><\/p>\n<p style=\"text-align: justify;\"><span class=\"textexposedshow\" style=\"font-family: 'times new roman', times; font-size: 12pt;\"><span style=\"line-height: 107%; color: black;\">Czy id\u0119 s\u0142uszna drog\u0105? Jezus rzek\u0142: Chcecie pozna\u0107 koniec? Je\u015bli poznacie pocz\u0105tek, poznacie i koniec. Pocz\u0105tek to nasza \u015bwiat\u0142o\u015b\u0107, jedno\u015b\u0107 wszystkiego co jest &#8211; trudno to nazywa\u0107 s\u0142owami &#8211; je\u015bli znamy pocz\u0105tek, b\u0119dziemy wiedzie\u0107 jak zako\u0144czy\u0107 nasz\u0105 drog\u0119 w tym \u015bwiecie. Droga jest s\u0142uszna gdy przynosi prostot\u0119 i cisz\u0119. Im dalej, tym pro\u015bciej. Jaka jest Wasza droga Kochani? &nbsp;<\/span><\/span><\/p>\n<p>&nbsp;<\/p>\n<p>&nbsp; &nbsp;&nbsp;<img loading=\"lazy\" decoding=\"async\" class=\" size-full wp-image-768\" src=\"https:\/\/el.cgnk.pl\/wp-content\/uploads\/2013\/10\/4-931CD88C-905401-480.jpg\" width=\"480\" height=\"320\" alt=\"4-931CD88C-905401-480\" style=\"display: block; margin-left: auto; margin-right: auto;\" srcset=\"https:\/\/epokaserca.pl\/aktualnosci\/wp-content\/uploads\/2013\/10\/4-931CD88C-905401-480.jpg 480w, https:\/\/epokaserca.pl\/aktualnosci\/wp-content\/uploads\/2013\/10\/4-931CD88C-905401-480-300x200.jpg 300w\" sizes=\"auto, (max-width: 480px) 100vw, 480px\" \/><\/p>\n<div class=\"text_exposed_root text_exposed\" style=\"display: inline;\"><\/div>\n<div class=\"text_exposed_root text_exposed\" style=\"display: inline;\"><\/div>\n<div class=\"text_exposed_root text_exposed\" style=\"display: inline;\"><\/div>\n<div class=\"text_exposed_root text_exposed\" style=\"display: inline;\"><\/div>\n<p><span style=\"color: #000000; font-family: 'lucida grande', tahoma, verdana, arial, sans-serif; font-size: 13px; line-height: 18px;\">&nbsp;<\/span><\/p>\n","protected":false},"excerpt":{"rendered":"<p><span style=\"line-height: 1.3em; color: #000000;\">Odwiedzi\u0142am w tym roku meczet w Bohonikach.<\/span><\/p>\n","protected":false},"author":1,"featured_media":767,"comment_status":"open","ping_status":"open","sticky":false,"template":"","format":"standard","meta":{"footnotes":""},"categories":[2],"tags":[],"class_list":{"0":"post-769","1":"post","2":"type-post","3":"status-publish","4":"format-standard","5":"has-post-thumbnail","7":"category-artykuly","8":"czr-hentry"},"yoast_head":"<!-- This site is optimized with the Yoast SEO plugin v26.8 - https:\/\/yoast.com\/product\/yoast-seo-wordpress\/ -->\n<title>ISLAM, RELIGIE, POGA\u0143STWO - Aktualno\u015bci<\/title>\n<meta name=\"robots\" content=\"index, follow, max-snippet:-1, max-image-preview:large, max-video-preview:-1\" \/>\n<link rel=\"canonical\" href=\"https:\/\/epokaserca.pl\/aktualnosci\/islam-religie-poganstwo\/\" \/>\n<meta property=\"og:locale\" content=\"pl_PL\" \/>\n<meta property=\"og:type\" content=\"article\" \/>\n<meta property=\"og:title\" content=\"ISLAM, RELIGIE, POGA\u0143STWO - Aktualno\u015bci\" \/>\n<meta property=\"og:description\" content=\"Odwiedzi\u0142am w tym roku meczet w Bohonikach.\" \/>\n<meta property=\"og:url\" content=\"https:\/\/epokaserca.pl\/aktualnosci\/islam-religie-poganstwo\/\" \/>\n<meta property=\"og:site_name\" content=\"Aktualno\u015bci\" \/>\n<meta property=\"article:published_time\" content=\"2013-10-01T18:57:55+00:00\" \/>\n<meta property=\"og:image\" content=\"https:\/\/epokaserca.pl\/aktualnosci\/wp-content\/uploads\/2013\/10\/4-679C4DCC-800265-480.jpg\" \/>\n\t<meta property=\"og:image:width\" content=\"320\" \/>\n\t<meta property=\"og:image:height\" content=\"480\" \/>\n\t<meta property=\"og:image:type\" content=\"image\/jpeg\" \/>\n<meta name=\"author\" content=\"admin\" \/>\n<meta name=\"twitter:card\" content=\"summary_large_image\" \/>\n<meta name=\"twitter:label1\" content=\"Napisane przez\" \/>\n\t<meta name=\"twitter:data1\" content=\"admin\" \/>\n\t<meta name=\"twitter:label2\" content=\"Szacowany czas czytania\" \/>\n\t<meta name=\"twitter:data2\" content=\"5 minut\" \/>\n<script type=\"application\/ld+json\" class=\"yoast-schema-graph\">{\"@context\":\"https:\/\/schema.org\",\"@graph\":[{\"@type\":\"Article\",\"@id\":\"https:\/\/epokaserca.pl\/aktualnosci\/islam-religie-poganstwo\/#article\",\"isPartOf\":{\"@id\":\"https:\/\/epokaserca.pl\/aktualnosci\/islam-religie-poganstwo\/\"},\"author\":{\"name\":\"admin\",\"@id\":\"https:\/\/epokaserca.pl\/aktualnosci\/#\/schema\/person\/f87215bc4f757d15c7321145cbabc434\"},\"headline\":\"ISLAM, RELIGIE, POGA\u0143STWO\",\"datePublished\":\"2013-10-01T18:57:55+00:00\",\"mainEntityOfPage\":{\"@id\":\"https:\/\/epokaserca.pl\/aktualnosci\/islam-religie-poganstwo\/\"},\"wordCount\":994,\"commentCount\":0,\"image\":{\"@id\":\"https:\/\/epokaserca.pl\/aktualnosci\/islam-religie-poganstwo\/#primaryimage\"},\"thumbnailUrl\":\"https:\/\/epokaserca.pl\/aktualnosci\/wp-content\/uploads\/2013\/10\/4-679C4DCC-800265-480.jpg\",\"articleSection\":[\"Artyku\u0142y\"],\"inLanguage\":\"pl-PL\",\"potentialAction\":[{\"@type\":\"CommentAction\",\"name\":\"Comment\",\"target\":[\"https:\/\/epokaserca.pl\/aktualnosci\/islam-religie-poganstwo\/#respond\"]}]},{\"@type\":\"WebPage\",\"@id\":\"https:\/\/epokaserca.pl\/aktualnosci\/islam-religie-poganstwo\/\",\"url\":\"https:\/\/epokaserca.pl\/aktualnosci\/islam-religie-poganstwo\/\",\"name\":\"ISLAM, RELIGIE, POGA\u0143STWO - Aktualno\u015bci\",\"isPartOf\":{\"@id\":\"https:\/\/epokaserca.pl\/aktualnosci\/#website\"},\"primaryImageOfPage\":{\"@id\":\"https:\/\/epokaserca.pl\/aktualnosci\/islam-religie-poganstwo\/#primaryimage\"},\"image\":{\"@id\":\"https:\/\/epokaserca.pl\/aktualnosci\/islam-religie-poganstwo\/#primaryimage\"},\"thumbnailUrl\":\"https:\/\/epokaserca.pl\/aktualnosci\/wp-content\/uploads\/2013\/10\/4-679C4DCC-800265-480.jpg\",\"datePublished\":\"2013-10-01T18:57:55+00:00\",\"author\":{\"@id\":\"https:\/\/epokaserca.pl\/aktualnosci\/#\/schema\/person\/f87215bc4f757d15c7321145cbabc434\"},\"breadcrumb\":{\"@id\":\"https:\/\/epokaserca.pl\/aktualnosci\/islam-religie-poganstwo\/#breadcrumb\"},\"inLanguage\":\"pl-PL\",\"potentialAction\":[{\"@type\":\"ReadAction\",\"target\":[\"https:\/\/epokaserca.pl\/aktualnosci\/islam-religie-poganstwo\/\"]}]},{\"@type\":\"ImageObject\",\"inLanguage\":\"pl-PL\",\"@id\":\"https:\/\/epokaserca.pl\/aktualnosci\/islam-religie-poganstwo\/#primaryimage\",\"url\":\"https:\/\/epokaserca.pl\/aktualnosci\/wp-content\/uploads\/2013\/10\/4-679C4DCC-800265-480.jpg\",\"contentUrl\":\"https:\/\/epokaserca.pl\/aktualnosci\/wp-content\/uploads\/2013\/10\/4-679C4DCC-800265-480.jpg\",\"width\":320,\"height\":480,\"caption\":\"4-679C4DCC-800265-480\"},{\"@type\":\"BreadcrumbList\",\"@id\":\"https:\/\/epokaserca.pl\/aktualnosci\/islam-religie-poganstwo\/#breadcrumb\",\"itemListElement\":[{\"@type\":\"ListItem\",\"position\":1,\"name\":\"Home\",\"item\":\"https:\/\/epokaserca.pl\/aktualnosci\/\"},{\"@type\":\"ListItem\",\"position\":2,\"name\":\"ISLAM, RELIGIE, POGA\u0143STWO\"}]},{\"@type\":\"WebSite\",\"@id\":\"https:\/\/epokaserca.pl\/aktualnosci\/#website\",\"url\":\"https:\/\/epokaserca.pl\/aktualnosci\/\",\"name\":\"Aktualno\u015bci\",\"description\":\"\",\"potentialAction\":[{\"@type\":\"SearchAction\",\"target\":{\"@type\":\"EntryPoint\",\"urlTemplate\":\"https:\/\/epokaserca.pl\/aktualnosci\/?s={search_term_string}\"},\"query-input\":{\"@type\":\"PropertyValueSpecification\",\"valueRequired\":true,\"valueName\":\"search_term_string\"}}],\"inLanguage\":\"pl-PL\"},{\"@type\":\"Person\",\"@id\":\"https:\/\/epokaserca.pl\/aktualnosci\/#\/schema\/person\/f87215bc4f757d15c7321145cbabc434\",\"name\":\"admin\",\"image\":{\"@type\":\"ImageObject\",\"inLanguage\":\"pl-PL\",\"@id\":\"https:\/\/epokaserca.pl\/aktualnosci\/#\/schema\/person\/image\/\",\"url\":\"https:\/\/secure.gravatar.com\/avatar\/8e51b30565ad99a9f8b25bd638d21cd1?s=96&d=mm&r=g\",\"contentUrl\":\"https:\/\/secure.gravatar.com\/avatar\/8e51b30565ad99a9f8b25bd638d21cd1?s=96&d=mm&r=g\",\"caption\":\"admin\"},\"url\":\"https:\/\/epokaserca.pl\/aktualnosci\/author\/admin\/\"}]}<\/script>\n<!-- \/ Yoast SEO plugin. -->","yoast_head_json":{"title":"ISLAM, RELIGIE, POGA\u0143STWO - Aktualno\u015bci","robots":{"index":"index","follow":"follow","max-snippet":"max-snippet:-1","max-image-preview":"max-image-preview:large","max-video-preview":"max-video-preview:-1"},"canonical":"https:\/\/epokaserca.pl\/aktualnosci\/islam-religie-poganstwo\/","og_locale":"pl_PL","og_type":"article","og_title":"ISLAM, RELIGIE, POGA\u0143STWO - Aktualno\u015bci","og_description":"Odwiedzi\u0142am w tym roku meczet w Bohonikach.","og_url":"https:\/\/epokaserca.pl\/aktualnosci\/islam-religie-poganstwo\/","og_site_name":"Aktualno\u015bci","article_published_time":"2013-10-01T18:57:55+00:00","og_image":[{"width":320,"height":480,"url":"https:\/\/epokaserca.pl\/aktualnosci\/wp-content\/uploads\/2013\/10\/4-679C4DCC-800265-480.jpg","type":"image\/jpeg"}],"author":"admin","twitter_card":"summary_large_image","twitter_misc":{"Napisane przez":"admin","Szacowany czas czytania":"5 minut"},"schema":{"@context":"https:\/\/schema.org","@graph":[{"@type":"Article","@id":"https:\/\/epokaserca.pl\/aktualnosci\/islam-religie-poganstwo\/#article","isPartOf":{"@id":"https:\/\/epokaserca.pl\/aktualnosci\/islam-religie-poganstwo\/"},"author":{"name":"admin","@id":"https:\/\/epokaserca.pl\/aktualnosci\/#\/schema\/person\/f87215bc4f757d15c7321145cbabc434"},"headline":"ISLAM, RELIGIE, POGA\u0143STWO","datePublished":"2013-10-01T18:57:55+00:00","mainEntityOfPage":{"@id":"https:\/\/epokaserca.pl\/aktualnosci\/islam-religie-poganstwo\/"},"wordCount":994,"commentCount":0,"image":{"@id":"https:\/\/epokaserca.pl\/aktualnosci\/islam-religie-poganstwo\/#primaryimage"},"thumbnailUrl":"https:\/\/epokaserca.pl\/aktualnosci\/wp-content\/uploads\/2013\/10\/4-679C4DCC-800265-480.jpg","articleSection":["Artyku\u0142y"],"inLanguage":"pl-PL","potentialAction":[{"@type":"CommentAction","name":"Comment","target":["https:\/\/epokaserca.pl\/aktualnosci\/islam-religie-poganstwo\/#respond"]}]},{"@type":"WebPage","@id":"https:\/\/epokaserca.pl\/aktualnosci\/islam-religie-poganstwo\/","url":"https:\/\/epokaserca.pl\/aktualnosci\/islam-religie-poganstwo\/","name":"ISLAM, RELIGIE, POGA\u0143STWO - Aktualno\u015bci","isPartOf":{"@id":"https:\/\/epokaserca.pl\/aktualnosci\/#website"},"primaryImageOfPage":{"@id":"https:\/\/epokaserca.pl\/aktualnosci\/islam-religie-poganstwo\/#primaryimage"},"image":{"@id":"https:\/\/epokaserca.pl\/aktualnosci\/islam-religie-poganstwo\/#primaryimage"},"thumbnailUrl":"https:\/\/epokaserca.pl\/aktualnosci\/wp-content\/uploads\/2013\/10\/4-679C4DCC-800265-480.jpg","datePublished":"2013-10-01T18:57:55+00:00","author":{"@id":"https:\/\/epokaserca.pl\/aktualnosci\/#\/schema\/person\/f87215bc4f757d15c7321145cbabc434"},"breadcrumb":{"@id":"https:\/\/epokaserca.pl\/aktualnosci\/islam-religie-poganstwo\/#breadcrumb"},"inLanguage":"pl-PL","potentialAction":[{"@type":"ReadAction","target":["https:\/\/epokaserca.pl\/aktualnosci\/islam-religie-poganstwo\/"]}]},{"@type":"ImageObject","inLanguage":"pl-PL","@id":"https:\/\/epokaserca.pl\/aktualnosci\/islam-religie-poganstwo\/#primaryimage","url":"https:\/\/epokaserca.pl\/aktualnosci\/wp-content\/uploads\/2013\/10\/4-679C4DCC-800265-480.jpg","contentUrl":"https:\/\/epokaserca.pl\/aktualnosci\/wp-content\/uploads\/2013\/10\/4-679C4DCC-800265-480.jpg","width":320,"height":480,"caption":"4-679C4DCC-800265-480"},{"@type":"BreadcrumbList","@id":"https:\/\/epokaserca.pl\/aktualnosci\/islam-religie-poganstwo\/#breadcrumb","itemListElement":[{"@type":"ListItem","position":1,"name":"Home","item":"https:\/\/epokaserca.pl\/aktualnosci\/"},{"@type":"ListItem","position":2,"name":"ISLAM, RELIGIE, POGA\u0143STWO"}]},{"@type":"WebSite","@id":"https:\/\/epokaserca.pl\/aktualnosci\/#website","url":"https:\/\/epokaserca.pl\/aktualnosci\/","name":"Aktualno\u015bci","description":"","potentialAction":[{"@type":"SearchAction","target":{"@type":"EntryPoint","urlTemplate":"https:\/\/epokaserca.pl\/aktualnosci\/?s={search_term_string}"},"query-input":{"@type":"PropertyValueSpecification","valueRequired":true,"valueName":"search_term_string"}}],"inLanguage":"pl-PL"},{"@type":"Person","@id":"https:\/\/epokaserca.pl\/aktualnosci\/#\/schema\/person\/f87215bc4f757d15c7321145cbabc434","name":"admin","image":{"@type":"ImageObject","inLanguage":"pl-PL","@id":"https:\/\/epokaserca.pl\/aktualnosci\/#\/schema\/person\/image\/","url":"https:\/\/secure.gravatar.com\/avatar\/8e51b30565ad99a9f8b25bd638d21cd1?s=96&d=mm&r=g","contentUrl":"https:\/\/secure.gravatar.com\/avatar\/8e51b30565ad99a9f8b25bd638d21cd1?s=96&d=mm&r=g","caption":"admin"},"url":"https:\/\/epokaserca.pl\/aktualnosci\/author\/admin\/"}]}},"_links":{"self":[{"href":"https:\/\/epokaserca.pl\/aktualnosci\/wp-json\/wp\/v2\/posts\/769","targetHints":{"allow":["GET"]}}],"collection":[{"href":"https:\/\/epokaserca.pl\/aktualnosci\/wp-json\/wp\/v2\/posts"}],"about":[{"href":"https:\/\/epokaserca.pl\/aktualnosci\/wp-json\/wp\/v2\/types\/post"}],"author":[{"embeddable":true,"href":"https:\/\/epokaserca.pl\/aktualnosci\/wp-json\/wp\/v2\/users\/1"}],"replies":[{"embeddable":true,"href":"https:\/\/epokaserca.pl\/aktualnosci\/wp-json\/wp\/v2\/comments?post=769"}],"version-history":[{"count":0,"href":"https:\/\/epokaserca.pl\/aktualnosci\/wp-json\/wp\/v2\/posts\/769\/revisions"}],"wp:featuredmedia":[{"embeddable":true,"href":"https:\/\/epokaserca.pl\/aktualnosci\/wp-json\/wp\/v2\/media\/767"}],"wp:attachment":[{"href":"https:\/\/epokaserca.pl\/aktualnosci\/wp-json\/wp\/v2\/media?parent=769"}],"wp:term":[{"taxonomy":"category","embeddable":true,"href":"https:\/\/epokaserca.pl\/aktualnosci\/wp-json\/wp\/v2\/categories?post=769"},{"taxonomy":"post_tag","embeddable":true,"href":"https:\/\/epokaserca.pl\/aktualnosci\/wp-json\/wp\/v2\/tags?post=769"}],"curies":[{"name":"wp","href":"https:\/\/api.w.org\/{rel}","templated":true}]}}