{"id":811,"date":"2013-11-25T11:20:01","date_gmt":"2013-11-25T11:20:01","guid":{"rendered":"https:\/\/epokaserca.pl\/aktualnosci\/index.php\/2013\/11\/25\/25-listopada-2013\/"},"modified":"2013-11-25T11:20:01","modified_gmt":"2013-11-25T11:20:01","slug":"25-listopada-2013","status":"publish","type":"post","link":"https:\/\/epokaserca.pl\/aktualnosci\/25-listopada-2013\/","title":{"rendered":"25 LISTOPADA 2013"},"content":{"rendered":"\n<p>&nbsp;<\/p>\n<p><span style=\"color: #37404e; font-family: 'lucida grande', tahoma, verdana, arial, sans-serif; font-size: 13px; line-height: 18px;\"><span style=\"font-size: 13px; line-height: 18px;\">\u017bycie cudowne jest<\/span><br \/><span style=\"color: #37404e; font-family: 'lucida grande', tahoma, verdana, arial, sans-serif; font-size: 13px; line-height: 18px;\"><span style=\"color: #37404e; font-family: 'lucida grande', tahoma, verdana, arial, sans-serif; font-size: 13px; line-height: 18px;\">w mi\u0142o\u015bci mijaj\u0105 dni<br style=\"color: #37404e; font-family: 'lucida grande', tahoma, verdana, arial, sans-serif; font-size: 13px; line-height: 18px;\" \/><span style=\"color: #37404e; font-family: 'lucida grande', tahoma, verdana, arial, sans-serif; font-size: 13px; line-height: 18px;\">jestem&nbsp;<br style=\"color: #37404e; font-family: 'lucida grande', tahoma, verdana, arial, sans-serif; font-size: 13px; line-height: 18px;\" \/><span style=\"color: #37404e; font-family: 'lucida grande', tahoma, verdana, arial, sans-serif; font-size: 13px; line-height: 18px;\">szcz\u0119\u015bliwym cz\u0142owiekiem<span class=\"text_exposed_show\" style=\"display: inline; color: #37404e; font-family: 'lucida grande', tahoma, verdana, arial, sans-serif; font-size: 13px; line-height: 18px;\"><br \/>a ty?<br \/>Jak szcz\u0119\u015bcie zdoby\u0107 pytasz,<br \/>ono w prawdzie si\u0119 mie\u015bci<br \/>siebie samego,&nbsp;<br \/>bez \u017cadnej zb\u0119dnej tre\u015bci.<br \/>Ty i nic wi\u0119cej<br \/>wszech\u015bwiata to oblicze&nbsp;<br \/>cisza niesko\u0144czono\u015bci&nbsp;<br \/>i wszech-mo\u017cliwo\u015bci.<br \/><\/span><\/span><\/span><\/span><\/span><\/span><\/p>\n<p style=\"text-align: center;\">&nbsp;<\/p>\n<p style=\"text-align: center;\">&nbsp;<\/p>\n<p style=\"text-align: center;\">&nbsp;<\/p>\n","protected":false},"excerpt":{"rendered":"<p><span style=\"color: #000000;\">KOCHANI &#8211;&nbsp;<span style=\"background-color: #fafbfb; font-family: 'lucida grande', tahoma, verdana, arial, sans-serif; font-size: 11px; line-height: 14px;\">Kochani, podpisujcie &#8211; \u015al\u0119\u017ca to czarodziejskie miejsce, bliskie wielu sercom. Chcemy wszyscy, aby p\u0142yn\u0119\u0142y tam energie mi\u0142o\u015bci i jedno\u015bci<\/span><\/span><\/p>\n<p><span style=\"text-decoration: underline;\"><span style=\"color: #ff0000; text-decoration: underline;\"><a href=\"http:\/\/www.slowianskasprawa.pl\/\" style=\"font-size: 12px; line-height: 1.3em;\"><span style=\"color: #ff0000; text-decoration: underline;\">http:\/\/www.slowianskasprawa.pl\/<\/span><\/a><\/span><\/span><span style=\"font-size: 12px; line-height: 1.3em; color: #000000;\">&nbsp; tutaj, petycja i podpisy os\u00f3b wspieraj\u0105cych nasz\u0105 ide\u0119. Mamy ich, ju\u017c ponad 900.&nbsp;<\/span><\/p>\n<p><span style=\"color: #000000; font-family: 'lucida grande', tahoma, verdana, arial, sans-serif; font-size: 13px; line-height: 18px;\">Masyw \u015al\u0119\u017cy to du\u017co wi\u0119cej, ni\u017c spu\u015bcizna s\u0142owia\u0144ska, dla innych to miejsce mocy, a jeszcze dla innych, i to ma swoje g\u0142\u0119bokie uzasadnienie, to zielone p\u0142uca Wroc\u0142awia. \u015al\u0119\u017ca\u0144ski Park Krajoznawczy pr<span class=\"text_exposed_show\" style=\"display: inline; font-family: 'lucida grande', tahoma, verdana, arial, sans-serif; font-size: 13px; line-height: 18px;\">zyci\u0105ga swoj\u0105 przyrod\u0105 szukaj\u0105cych wypoczynku w naturze. Ocali\u0107 dziedzictwo Masywu \u015al\u0119\u017cy, to tak\u017ce ocali\u0107 neutralny charakter tego regionu wypoczynku i rekreacji.&nbsp;<br \/>Jest du\u017ca cz\u0119\u015b\u0107 ludzi, te\u017c do nich nale\u017c\u0119, i nie chc\u0119 by\u0107 na spacerze bombardowany \u015bwie\u017co ustawianymi, problematycznymi znakami religijnymi.&nbsp;<br \/>\u015al\u0119\u017ca i Radunia s\u0105 g\u00f3rami wszystkich ludzi, i spacer po ich \u015bcie\u017ckach , nie musi by\u0107 przymusow\u0105 \u015bcie\u017ck\u0105 katechizacji.&nbsp;<br \/>Opr\u00f3cz tego, \u017ce symbole s\u0105 na nowo ustawiane w tym regionie, to do tego jeszcze ra\u017c\u0105 jako kicz sztuki i malarstwa, \u2026przyk\u0142adem s\u0105 stacje drogi krzy\u017cowej.&nbsp;<br \/>Wg mojego rozeznania, planowane jest ustawienie stacji do tajemnic R\u00f3\u017ca\u0144ca, a wi\u0119c kolejnych 20 katolickich artefakt\\w, kupionych jakby na Krup\u00f3wkach w Zakopanem, ustawionych tym razem na zboczach \u2026Raduni. Takie s\u0105 plany, widzia\u0142em je pisemnie wyra\u017cone.&nbsp;<br \/>Ten list, poparty tak\u017ce przez r\u00f3\u017cnorakie kr\u0119gi, jednoczy nas w tej sprawie.&nbsp;<br \/>Podpisy wp\u0142ywaj\u0105 licznie, pi\u0119knie. Dalej tak trzyma\u0107!!!!! &nbsp;\/ J.M.Kwiatkowski \/<\/span><\/span><\/p>\n<p><span style=\"font-size: 12px; line-height: 1.3em; color: #000000;\">&nbsp;<\/span><\/p>\n<p style=\"text-align: center;\"><span style=\"color: #0000ff; font-family: 'lucida grande', tahoma, verdana, arial, sans-serif; font-size: 13px; line-height: 18px;\"><strong>M\u0104DRO\u015aCI DUCHA<\/strong><br style=\"color: #37404e; font-family: 'lucida grande', tahoma, verdana, arial, sans-serif; font-size: 13px; line-height: 18px;\" \/><br style=\"color: #37404e; font-family: 'lucida grande', tahoma, verdana, arial, sans-serif; font-size: 13px; line-height: 18px;\" \/><span style=\"font-family: 'lucida grande', tahoma, verdana, arial, sans-serif; font-size: 13px; line-height: 18px;\">Gdy serce \u015bmieje si\u0119 prawdziwie,&nbsp;<span style=\"font-family: 'lucida grande', tahoma, verdana, arial, sans-serif; font-size: 13px; line-height: 18px;\">zawsze pow\u00f3d jeden jest,&nbsp;<span style=\"font-family: 'lucida grande', tahoma, verdana, arial, sans-serif; font-size: 13px; line-height: 18px;\">tam cz\u0142owieka nie znajdziesz,&nbsp;<span style=\"font-family: 'lucida grande', tahoma, verdana, arial, sans-serif; font-size: 13px; line-height: 18px;\">lecz Ducha<span class=\"text_exposed_show\" style=\"display: inline; font-family: 'lucida grande', tahoma, verdana, arial, sans-serif; font-size: 13px; line-height: 18px;\"><br \/>kt\u00f3ry wszystkim jest.&nbsp;<\/span><\/span><\/span><\/span><\/span><\/span><\/p>\n<p>&nbsp;<\/p>\n<p><span style=\"color: #37404e; font-family: 'lucida grande', tahoma, verdana, arial, sans-serif; font-size: 13px; line-height: 18px;\">MOJE \u017bYCIE &nbsp;<\/span><\/p>\n","protected":false},"author":1,"featured_media":0,"comment_status":"open","ping_status":"open","sticky":false,"template":"","format":"standard","meta":{"footnotes":""},"categories":[5],"tags":[],"class_list":{"0":"post-811","1":"post","2":"type-post","3":"status-publish","4":"format-standard","6":"category-aktualnosci","7":"czr-hentry"},"yoast_head":"<!-- This site is optimized with the Yoast SEO plugin v26.8 - https:\/\/yoast.com\/product\/yoast-seo-wordpress\/ -->\n<title>25 LISTOPADA 2013 - Aktualno\u015bci<\/title>\n<meta name=\"robots\" content=\"index, follow, max-snippet:-1, max-image-preview:large, max-video-preview:-1\" \/>\n<link rel=\"canonical\" href=\"https:\/\/epokaserca.pl\/aktualnosci\/25-listopada-2013\/\" \/>\n<meta property=\"og:locale\" content=\"pl_PL\" \/>\n<meta property=\"og:type\" content=\"article\" \/>\n<meta property=\"og:title\" content=\"25 LISTOPADA 2013 - Aktualno\u015bci\" \/>\n<meta property=\"og:description\" content=\"KOCHANI -&nbsp;Kochani, podpisujcie - \u015al\u0119\u017ca to czarodziejskie miejsce, bliskie wielu sercom. Chcemy wszyscy, aby p\u0142yn\u0119\u0142y tam energie mi\u0142o\u015bci i jedno\u015bci http:\/\/www.slowianskasprawa.pl\/&nbsp; tutaj, petycja i podpisy os\u00f3b wspieraj\u0105cych nasz\u0105 ide\u0119. Mamy ich, ju\u017c ponad 900.&nbsp; Masyw \u015al\u0119\u017cy to du\u017co wi\u0119cej, ni\u017c spu\u015bcizna s\u0142owia\u0144ska, dla innych to miejsce mocy, a jeszcze dla innych, i to ma swoje g\u0142\u0119bokie uzasadnienie, to zielone p\u0142uca Wroc\u0142awia. \u015al\u0119\u017ca\u0144ski Park Krajoznawczy przyci\u0105ga swoj\u0105 przyrod\u0105 szukaj\u0105cych wypoczynku w naturze. Ocali\u0107 dziedzictwo Masywu \u015al\u0119\u017cy, to tak\u017ce ocali\u0107 neutralny charakter tego regionu wypoczynku i rekreacji.&nbsp;Jest du\u017ca cz\u0119\u015b\u0107 ludzi, te\u017c do nich nale\u017c\u0119, i nie chc\u0119 by\u0107 na spacerze bombardowany \u015bwie\u017co ustawianymi, problematycznymi znakami religijnymi.&nbsp;\u015al\u0119\u017ca i Radunia s\u0105 g\u00f3rami wszystkich ludzi, i spacer po ich \u015bcie\u017ckach , nie musi by\u0107 przymusow\u0105 \u015bcie\u017ck\u0105 katechizacji.&nbsp;Opr\u00f3cz tego, \u017ce symbole s\u0105 na nowo ustawiane w tym regionie, to do tego jeszcze ra\u017c\u0105 jako kicz sztuki i malarstwa, \u2026przyk\u0142adem s\u0105 stacje drogi krzy\u017cowej.&nbsp;Wg mojego rozeznania, planowane jest ustawienie stacji do tajemnic R\u00f3\u017ca\u0144ca, a wi\u0119c kolejnych 20 katolickich artefaktw, kupionych jakby na Krup\u00f3wkach w Zakopanem, ustawionych tym razem na zboczach \u2026Raduni. Takie s\u0105 plany, widzia\u0142em je pisemnie wyra\u017cone.&nbsp;Ten list, poparty tak\u017ce przez r\u00f3\u017cnorakie kr\u0119gi, jednoczy nas w tej sprawie.&nbsp;Podpisy wp\u0142ywaj\u0105 licznie, pi\u0119knie. Dalej tak trzyma\u0107!!!!! &nbsp;\/ J.M.Kwiatkowski \/ &nbsp; M\u0104DRO\u015aCI DUCHAGdy serce \u015bmieje si\u0119 prawdziwie,&nbsp;zawsze pow\u00f3d jeden jest,&nbsp;tam cz\u0142owieka nie znajdziesz,&nbsp;lecz Duchakt\u00f3ry wszystkim jest.&nbsp; &nbsp; MOJE \u017bYCIE &nbsp;\" \/>\n<meta property=\"og:url\" content=\"https:\/\/epokaserca.pl\/aktualnosci\/25-listopada-2013\/\" \/>\n<meta property=\"og:site_name\" content=\"Aktualno\u015bci\" \/>\n<meta property=\"article:published_time\" content=\"2013-11-25T11:20:01+00:00\" \/>\n<meta name=\"author\" content=\"admin\" \/>\n<meta name=\"twitter:card\" content=\"summary_large_image\" \/>\n<meta name=\"twitter:label1\" content=\"Napisane przez\" \/>\n\t<meta name=\"twitter:data1\" content=\"admin\" \/>\n<script type=\"application\/ld+json\" class=\"yoast-schema-graph\">{\"@context\":\"https:\/\/schema.org\",\"@graph\":[{\"@type\":\"Article\",\"@id\":\"https:\/\/epokaserca.pl\/aktualnosci\/25-listopada-2013\/#article\",\"isPartOf\":{\"@id\":\"https:\/\/epokaserca.pl\/aktualnosci\/25-listopada-2013\/\"},\"author\":{\"name\":\"admin\",\"@id\":\"https:\/\/epokaserca.pl\/aktualnosci\/#\/schema\/person\/f87215bc4f757d15c7321145cbabc434\"},\"headline\":\"25 LISTOPADA 2013\",\"datePublished\":\"2013-11-25T11:20:01+00:00\",\"mainEntityOfPage\":{\"@id\":\"https:\/\/epokaserca.pl\/aktualnosci\/25-listopada-2013\/\"},\"wordCount\":59,\"commentCount\":0,\"articleSection\":[\"Aktualno\u015bci\"],\"inLanguage\":\"pl-PL\",\"potentialAction\":[{\"@type\":\"CommentAction\",\"name\":\"Comment\",\"target\":[\"https:\/\/epokaserca.pl\/aktualnosci\/25-listopada-2013\/#respond\"]}]},{\"@type\":\"WebPage\",\"@id\":\"https:\/\/epokaserca.pl\/aktualnosci\/25-listopada-2013\/\",\"url\":\"https:\/\/epokaserca.pl\/aktualnosci\/25-listopada-2013\/\",\"name\":\"25 LISTOPADA 2013 - Aktualno\u015bci\",\"isPartOf\":{\"@id\":\"https:\/\/epokaserca.pl\/aktualnosci\/#website\"},\"datePublished\":\"2013-11-25T11:20:01+00:00\",\"author\":{\"@id\":\"https:\/\/epokaserca.pl\/aktualnosci\/#\/schema\/person\/f87215bc4f757d15c7321145cbabc434\"},\"breadcrumb\":{\"@id\":\"https:\/\/epokaserca.pl\/aktualnosci\/25-listopada-2013\/#breadcrumb\"},\"inLanguage\":\"pl-PL\",\"potentialAction\":[{\"@type\":\"ReadAction\",\"target\":[\"https:\/\/epokaserca.pl\/aktualnosci\/25-listopada-2013\/\"]}]},{\"@type\":\"BreadcrumbList\",\"@id\":\"https:\/\/epokaserca.pl\/aktualnosci\/25-listopada-2013\/#breadcrumb\",\"itemListElement\":[{\"@type\":\"ListItem\",\"position\":1,\"name\":\"Home\",\"item\":\"https:\/\/epokaserca.pl\/aktualnosci\/\"},{\"@type\":\"ListItem\",\"position\":2,\"name\":\"25 LISTOPADA 2013\"}]},{\"@type\":\"WebSite\",\"@id\":\"https:\/\/epokaserca.pl\/aktualnosci\/#website\",\"url\":\"https:\/\/epokaserca.pl\/aktualnosci\/\",\"name\":\"Aktualno\u015bci\",\"description\":\"\",\"potentialAction\":[{\"@type\":\"SearchAction\",\"target\":{\"@type\":\"EntryPoint\",\"urlTemplate\":\"https:\/\/epokaserca.pl\/aktualnosci\/?s={search_term_string}\"},\"query-input\":{\"@type\":\"PropertyValueSpecification\",\"valueRequired\":true,\"valueName\":\"search_term_string\"}}],\"inLanguage\":\"pl-PL\"},{\"@type\":\"Person\",\"@id\":\"https:\/\/epokaserca.pl\/aktualnosci\/#\/schema\/person\/f87215bc4f757d15c7321145cbabc434\",\"name\":\"admin\",\"image\":{\"@type\":\"ImageObject\",\"inLanguage\":\"pl-PL\",\"@id\":\"https:\/\/epokaserca.pl\/aktualnosci\/#\/schema\/person\/image\/\",\"url\":\"https:\/\/secure.gravatar.com\/avatar\/8e51b30565ad99a9f8b25bd638d21cd1?s=96&d=mm&r=g\",\"contentUrl\":\"https:\/\/secure.gravatar.com\/avatar\/8e51b30565ad99a9f8b25bd638d21cd1?s=96&d=mm&r=g\",\"caption\":\"admin\"},\"url\":\"https:\/\/epokaserca.pl\/aktualnosci\/author\/admin\/\"}]}<\/script>\n<!-- \/ Yoast SEO plugin. -->","yoast_head_json":{"title":"25 LISTOPADA 2013 - Aktualno\u015bci","robots":{"index":"index","follow":"follow","max-snippet":"max-snippet:-1","max-image-preview":"max-image-preview:large","max-video-preview":"max-video-preview:-1"},"canonical":"https:\/\/epokaserca.pl\/aktualnosci\/25-listopada-2013\/","og_locale":"pl_PL","og_type":"article","og_title":"25 LISTOPADA 2013 - Aktualno\u015bci","og_description":"KOCHANI -&nbsp;Kochani, podpisujcie - \u015al\u0119\u017ca to czarodziejskie miejsce, bliskie wielu sercom. Chcemy wszyscy, aby p\u0142yn\u0119\u0142y tam energie mi\u0142o\u015bci i jedno\u015bci http:\/\/www.slowianskasprawa.pl\/&nbsp; tutaj, petycja i podpisy os\u00f3b wspieraj\u0105cych nasz\u0105 ide\u0119. Mamy ich, ju\u017c ponad 900.&nbsp; Masyw \u015al\u0119\u017cy to du\u017co wi\u0119cej, ni\u017c spu\u015bcizna s\u0142owia\u0144ska, dla innych to miejsce mocy, a jeszcze dla innych, i to ma swoje g\u0142\u0119bokie uzasadnienie, to zielone p\u0142uca Wroc\u0142awia. \u015al\u0119\u017ca\u0144ski Park Krajoznawczy przyci\u0105ga swoj\u0105 przyrod\u0105 szukaj\u0105cych wypoczynku w naturze. Ocali\u0107 dziedzictwo Masywu \u015al\u0119\u017cy, to tak\u017ce ocali\u0107 neutralny charakter tego regionu wypoczynku i rekreacji.&nbsp;Jest du\u017ca cz\u0119\u015b\u0107 ludzi, te\u017c do nich nale\u017c\u0119, i nie chc\u0119 by\u0107 na spacerze bombardowany \u015bwie\u017co ustawianymi, problematycznymi znakami religijnymi.&nbsp;\u015al\u0119\u017ca i Radunia s\u0105 g\u00f3rami wszystkich ludzi, i spacer po ich \u015bcie\u017ckach , nie musi by\u0107 przymusow\u0105 \u015bcie\u017ck\u0105 katechizacji.&nbsp;Opr\u00f3cz tego, \u017ce symbole s\u0105 na nowo ustawiane w tym regionie, to do tego jeszcze ra\u017c\u0105 jako kicz sztuki i malarstwa, \u2026przyk\u0142adem s\u0105 stacje drogi krzy\u017cowej.&nbsp;Wg mojego rozeznania, planowane jest ustawienie stacji do tajemnic R\u00f3\u017ca\u0144ca, a wi\u0119c kolejnych 20 katolickich artefaktw, kupionych jakby na Krup\u00f3wkach w Zakopanem, ustawionych tym razem na zboczach \u2026Raduni. Takie s\u0105 plany, widzia\u0142em je pisemnie wyra\u017cone.&nbsp;Ten list, poparty tak\u017ce przez r\u00f3\u017cnorakie kr\u0119gi, jednoczy nas w tej sprawie.&nbsp;Podpisy wp\u0142ywaj\u0105 licznie, pi\u0119knie. Dalej tak trzyma\u0107!!!!! &nbsp;\/ J.M.Kwiatkowski \/ &nbsp; M\u0104DRO\u015aCI DUCHAGdy serce \u015bmieje si\u0119 prawdziwie,&nbsp;zawsze pow\u00f3d jeden jest,&nbsp;tam cz\u0142owieka nie znajdziesz,&nbsp;lecz Duchakt\u00f3ry wszystkim jest.&nbsp; &nbsp; MOJE \u017bYCIE &nbsp;","og_url":"https:\/\/epokaserca.pl\/aktualnosci\/25-listopada-2013\/","og_site_name":"Aktualno\u015bci","article_published_time":"2013-11-25T11:20:01+00:00","author":"admin","twitter_card":"summary_large_image","twitter_misc":{"Napisane przez":"admin"},"schema":{"@context":"https:\/\/schema.org","@graph":[{"@type":"Article","@id":"https:\/\/epokaserca.pl\/aktualnosci\/25-listopada-2013\/#article","isPartOf":{"@id":"https:\/\/epokaserca.pl\/aktualnosci\/25-listopada-2013\/"},"author":{"name":"admin","@id":"https:\/\/epokaserca.pl\/aktualnosci\/#\/schema\/person\/f87215bc4f757d15c7321145cbabc434"},"headline":"25 LISTOPADA 2013","datePublished":"2013-11-25T11:20:01+00:00","mainEntityOfPage":{"@id":"https:\/\/epokaserca.pl\/aktualnosci\/25-listopada-2013\/"},"wordCount":59,"commentCount":0,"articleSection":["Aktualno\u015bci"],"inLanguage":"pl-PL","potentialAction":[{"@type":"CommentAction","name":"Comment","target":["https:\/\/epokaserca.pl\/aktualnosci\/25-listopada-2013\/#respond"]}]},{"@type":"WebPage","@id":"https:\/\/epokaserca.pl\/aktualnosci\/25-listopada-2013\/","url":"https:\/\/epokaserca.pl\/aktualnosci\/25-listopada-2013\/","name":"25 LISTOPADA 2013 - Aktualno\u015bci","isPartOf":{"@id":"https:\/\/epokaserca.pl\/aktualnosci\/#website"},"datePublished":"2013-11-25T11:20:01+00:00","author":{"@id":"https:\/\/epokaserca.pl\/aktualnosci\/#\/schema\/person\/f87215bc4f757d15c7321145cbabc434"},"breadcrumb":{"@id":"https:\/\/epokaserca.pl\/aktualnosci\/25-listopada-2013\/#breadcrumb"},"inLanguage":"pl-PL","potentialAction":[{"@type":"ReadAction","target":["https:\/\/epokaserca.pl\/aktualnosci\/25-listopada-2013\/"]}]},{"@type":"BreadcrumbList","@id":"https:\/\/epokaserca.pl\/aktualnosci\/25-listopada-2013\/#breadcrumb","itemListElement":[{"@type":"ListItem","position":1,"name":"Home","item":"https:\/\/epokaserca.pl\/aktualnosci\/"},{"@type":"ListItem","position":2,"name":"25 LISTOPADA 2013"}]},{"@type":"WebSite","@id":"https:\/\/epokaserca.pl\/aktualnosci\/#website","url":"https:\/\/epokaserca.pl\/aktualnosci\/","name":"Aktualno\u015bci","description":"","potentialAction":[{"@type":"SearchAction","target":{"@type":"EntryPoint","urlTemplate":"https:\/\/epokaserca.pl\/aktualnosci\/?s={search_term_string}"},"query-input":{"@type":"PropertyValueSpecification","valueRequired":true,"valueName":"search_term_string"}}],"inLanguage":"pl-PL"},{"@type":"Person","@id":"https:\/\/epokaserca.pl\/aktualnosci\/#\/schema\/person\/f87215bc4f757d15c7321145cbabc434","name":"admin","image":{"@type":"ImageObject","inLanguage":"pl-PL","@id":"https:\/\/epokaserca.pl\/aktualnosci\/#\/schema\/person\/image\/","url":"https:\/\/secure.gravatar.com\/avatar\/8e51b30565ad99a9f8b25bd638d21cd1?s=96&d=mm&r=g","contentUrl":"https:\/\/secure.gravatar.com\/avatar\/8e51b30565ad99a9f8b25bd638d21cd1?s=96&d=mm&r=g","caption":"admin"},"url":"https:\/\/epokaserca.pl\/aktualnosci\/author\/admin\/"}]}},"_links":{"self":[{"href":"https:\/\/epokaserca.pl\/aktualnosci\/wp-json\/wp\/v2\/posts\/811","targetHints":{"allow":["GET"]}}],"collection":[{"href":"https:\/\/epokaserca.pl\/aktualnosci\/wp-json\/wp\/v2\/posts"}],"about":[{"href":"https:\/\/epokaserca.pl\/aktualnosci\/wp-json\/wp\/v2\/types\/post"}],"author":[{"embeddable":true,"href":"https:\/\/epokaserca.pl\/aktualnosci\/wp-json\/wp\/v2\/users\/1"}],"replies":[{"embeddable":true,"href":"https:\/\/epokaserca.pl\/aktualnosci\/wp-json\/wp\/v2\/comments?post=811"}],"version-history":[{"count":0,"href":"https:\/\/epokaserca.pl\/aktualnosci\/wp-json\/wp\/v2\/posts\/811\/revisions"}],"wp:attachment":[{"href":"https:\/\/epokaserca.pl\/aktualnosci\/wp-json\/wp\/v2\/media?parent=811"}],"wp:term":[{"taxonomy":"category","embeddable":true,"href":"https:\/\/epokaserca.pl\/aktualnosci\/wp-json\/wp\/v2\/categories?post=811"},{"taxonomy":"post_tag","embeddable":true,"href":"https:\/\/epokaserca.pl\/aktualnosci\/wp-json\/wp\/v2\/tags?post=811"}],"curies":[{"name":"wp","href":"https:\/\/api.w.org\/{rel}","templated":true}]}}