{"id":842,"date":"2014-01-08T14:19:16","date_gmt":"2014-01-08T14:19:16","guid":{"rendered":"https:\/\/epokaserca.pl\/aktualnosci\/index.php\/2014\/01\/08\/dlaczego-budda-urodzil-sie-w-bogactwie-a-jezus-w-biedzie\/"},"modified":"2014-01-08T14:19:16","modified_gmt":"2014-01-08T14:19:16","slug":"dlaczego-budda-urodzil-sie-w-bogactwie-a-jezus-w-biedzie","status":"publish","type":"post","link":"https:\/\/epokaserca.pl\/aktualnosci\/dlaczego-budda-urodzil-sie-w-bogactwie-a-jezus-w-biedzie\/","title":{"rendered":"DLACZEGO BUDDA URODZI\u0141 SI\u0118 W BOGACTWIE A JEZUS W BIEDZIE?"},"content":{"rendered":"\n<p><span style=\"color: #333333; font-family: 'lucida grande', tahoma, verdana, arial, sans-serif; font-size: 12.727272033691406px; line-height: 18px;\"><span style=\"font-family: 'lucida grande', tahoma, verdana, arial, sans-serif; font-size: 12.727272033691406px; line-height: 18px;\"><span class=\"text_exposed_show\" style=\"display: inline; font-family: 'lucida grande', tahoma, verdana, arial, sans-serif; font-size: 12.727272033691406px; line-height: 18px;\"><\/span><\/span><\/span><\/p>\n<p><span style=\"color: #333333; font-family: 'lucida grande', tahoma, verdana, arial, sans-serif; font-size: 12.727272033691406px; line-height: 18px;\"><span style=\"font-family: 'lucida grande', tahoma, verdana, arial, sans-serif; font-size: 12.727272033691406px; line-height: 18px;\"><span class=\"text_exposed_show\" style=\"display: inline; font-family: 'lucida grande', tahoma, verdana, arial, sans-serif; font-size: 12.727272033691406px; line-height: 18px;\"><\/span><\/span><\/span><\/p>\n<p><span style=\"color: #37404e; font-family: 'lucida grande', tahoma, verdana, arial, sans-serif; font-size: 12.727272033691406px; line-height: 18px;\"><span style=\"color: #37404e; font-family: 'lucida grande', tahoma, verdana, arial, sans-serif; font-size: 12.727272033691406px; line-height: 18px;\"><span class=\"text_exposed_show\" style=\"display: inline; color: #37404e; font-family: 'lucida grande', tahoma, verdana, arial, sans-serif; font-size: 12.727272033691406px; line-height: 18px;\"><\/span><\/span><\/span><\/p>\n<p><span style=\"color: #37404e; font-family: 'lucida grande', tahoma, verdana, arial, sans-serif; font-size: 12.727272033691406px; line-height: 18px;\"><span style=\"color: #37404e; font-family: 'lucida grande', tahoma, verdana, arial, sans-serif; font-size: 12.727272033691406px; line-height: 18px;\"><span class=\"text_exposed_show\" style=\"display: inline; color: #37404e; font-family: 'lucida grande', tahoma, verdana, arial, sans-serif; font-size: 12.727272033691406px; line-height: 18px;\"><\/span><\/span><\/span><\/p>\n<p>&nbsp;<\/p>\n<p><img loading=\"lazy\" decoding=\"async\" class=\" size-full wp-image-841\" src=\"https:\/\/el.cgnk.pl\/wp-content\/uploads\/2014\/01\/on1.jpg\" width=\"400\" height=\"277\" alt=\"on1\" style=\"display: block; margin-left: auto; margin-right: auto;\" srcset=\"https:\/\/epokaserca.pl\/aktualnosci\/wp-content\/uploads\/2014\/01\/on1.jpg 2556w, https:\/\/epokaserca.pl\/aktualnosci\/wp-content\/uploads\/2014\/01\/on1-300x207.jpg 300w, https:\/\/epokaserca.pl\/aktualnosci\/wp-content\/uploads\/2014\/01\/on1-768x531.jpg 768w, https:\/\/epokaserca.pl\/aktualnosci\/wp-content\/uploads\/2014\/01\/on1-1024x708.jpg 1024w, https:\/\/epokaserca.pl\/aktualnosci\/wp-content\/uploads\/2014\/01\/on1-1200x830.jpg 1200w\" sizes=\"auto, (max-width: 400px) 100vw, 400px\" \/><\/p>\n<p>J<span style=\"font-size: 10pt; color: #333333;\">este\u015bmy jednym cia\u0142em podzielonym na wiele osobowo\u015bci, jak woda ze szklanki, kt\u00f3ra rozla\u0142a si\u0119 na miliardy kropelek. Stali\u015bmy si\u0119 wieloma z jednego, aby przej\u015b\u0107 d\u0142ug\u0105 drog\u0119 poznania \u015bwiata w pewnej czaso \u2013 przestrzeni.&nbsp;<\/span><br \/><span style=\"font-size: 10pt; color: #333333;\">JA- \u015bwiadomo\u015b\u0107, nie ma\u0142e ja &#8211; osobowo\u015b\u0107, zechcia\u0142am przybra\u0107 r\u00f3\u017cne formy od minera\u0142\u00f3w do ludzkiej postaci, aby u\u017cytkowa\u0107 i poznawa\u0107 poprzez bycie tutaj i do\u015bwiadczanie. Nie dzieje si\u0119 to dla do\u015bwiadczania, lecz poprzez do\u015bwiadczenie dla ewolucji . Pozna\u0107 i i\u015b\u0107 dalej poznawa\u0107, wci\u0105\u017c w ruchu, wzrasta\u0107, jak spirala wci\u0105\u017c w g\u00f3r\u0119 i w g\u00f3r\u0119.<\/span><br \/><span style=\"font-size: 10pt; color: #333333;\">Mogliby\u015bmy zobrazowa\u0107 to w prosty spos\u00f3b.<\/span><br \/><span style=\"font-size: 10pt; color: #333333;\">Drabina \u2013 schodzimy z najwy\u017cszego szczebla na sam d\u00f3\u0142 szybciutko, aby p\u00f3\u017aniej z samego do\u0142u przystawa\u0107 na ka\u017cdym szczeblu i po poznaniu go wchodzi\u0107 wy\u017cej, a\u017c wejdziemy na sam szczyt.<\/span><br \/><span style=\"font-size: 10pt; color: #333333;\">Tak trwa ewolucja &#8211; z w\u0142asnego wyboru, z rado\u015bci poznawania i wzrastania.<\/span><br \/><span style=\"font-size: 10pt; color: #333333;\">Stali\u015bmy si\u0119 cz\u0142owiekiem. Aby u\u0142atwi\u0107 sobie poznanie tego \u015bwiata i da\u0107 impuls przyspieszaj\u0105cy ewolucj\u0119 przysy\u0142amy sobie Nauczycieli. Nios\u0105 oni informacje, kt\u00f3re, je\u015bli je zrozumiemy, daj\u0105 nam szans\u0119 wej\u015bcia na wy\u017cszy szczebel drabiny.<\/span><br \/><span style=\"font-size: 10pt; color: #333333;\">I po to przyszli Budda Siddhartha Gotama z rodu \u015aakj\u00f3w i Jezus Chrystus syn. J\u00f3zefa, ale i Muhammad ibn Abd Allah ibn Abd al-Muttalib, czyli Budda, Jezus, Mahomet.<\/span><br \/><span style=\"font-size: 10pt; color: #333333;\">Ka\u017cdy z nich przyszed\u0142 aby przynie\u015b\u0107 podpowied\u017a nad czym pracowa\u0107, aby wej\u015b\u0107 wy\u017cszej, na nast\u0119pny szczebel drabiny \u015bwiadomo\u015bci.<\/span><br \/><span style=\"font-size: 10pt; color: #333333;\">Budda \u2013 podpowiada jak pracowa\u0107 z umys\u0142em.<\/span><br \/><span style=\"font-size: 10pt; color: #333333;\">To pierwsza praca w naszej transformacji.&nbsp;<\/span><br \/><span style=\"font-size: 10pt; color: #333333;\">Urodzi\u0142 si\u0119 w bogactwie, ksi\u0105\u017c\u0119, gdy\u017c UMYS\u0141 w starym \u015bwiecie by\u0142 w bogactwie wzorc\u00f3w i mia\u0142 w\u0142adz\u0119.<\/span><br \/><span style=\"font-size: 10pt; color: #333333;\">Budda \u017cy\u0142 w \u015bwiecie schemat\u00f3w jak i stary umys\u0142, nie zna\u0142 nic innego jak i nasz umys\u0142.<\/span><br \/><span style=\"font-size: 10pt; color: #333333;\">I dalej zaczyna si\u0119 podpowied\u017a &#8211; jak mamy pracowa\u0107 z naszym UMYS\u0141EM.<\/span><br \/><span style=\"font-size: 10pt; color: #333333;\">Pewnego dnia wyszed\u0142 z tego w czym \u017cy\u0142 i odszed\u0142 w \u015bwiat zupe\u0142nie inny \u2013 pustelniczy, \u017cebraczy, skrajne przeciwie\u0144stwo, szuka\u0142, przy\u0142\u0105czy\u0142 do ascet\u00f3w, umartwia\u0142 si\u0119. Zrozumia\u0142 jednak, \u017ce nie jest to w\u0142a\u015bciwa droga.<\/span><br \/><span style=\"font-size: 10pt; color: #333333;\">Legenda m\u00f3wi te\u017c, \u017ce kt\u00f3rego\u015b dnia Budda us\u0142ysza\u0142, jak muzyk poucza swojego ucznia: &#8222;je\u015bli napniesz strun\u0119 zbyt mocno \u2013 p\u0119knie, je\u015bli za s\u0142abo \u2013 nie wyda \u017cadnego d\u017awi\u0119ku&#8221;. W\u00f3wczas poj\u0105\u0142, \u017ce zbyt skrajnie ascetyczne techniki medytacyjne nie prowadz\u0105 do celu i zacz\u0105\u0142 normalnie od\u017cywia\u0107 si\u0119 oraz dba\u0107 o swoje zdrowie.<\/span><br \/><span style=\"font-size: 10pt; color: #333333;\">Porzuci\u0142 dotychczasowe \u017cycie i zaj\u0105\u0142 si\u0119 medytacj\u0105. W ciszy, kt\u00f3r\u0105 w\u00f3wczas uzyska\u0142 \u2013 otrzyma\u0142 wgl\u0105d w swoje wcze\u015bniejsze wcielenia. Nast\u0119pnie zacz\u0105\u0142 zadawa\u0107 pytania egzystencjalne -, np. o przyczyn\u0119 cierpienia i otrzymywa\u0142 odpowiedzi, gdy\u017c w jego umy\u015ble by\u0142a \u2013 CISZA.&nbsp;<\/span><br \/><span style=\"font-size: 10pt; color: #333333;\">Gdy nie ma \u201epaplaniny\u201d wewn\u0119trznej z \u0142atwo\u015bci\u0105 \u0142\u0105czymy si\u0119 z Wy\u017csz\u0105 M\u0105dro\u015bci\u0105 \u2013 s\u0142yszymy Jej G\u0141OS.<\/span><br \/><span style=\"font-size: 10pt; color: #333333;\">Budda \u2013 osi\u0105gn\u0105\u0142 mistrzostwo w pracy z umys\u0142em i pokaza\u0142 nam co nale\u017cy zrobi\u0107.<\/span><br \/><span style=\"font-size: 10pt; color: #333333;\">Umys\u0142 trzeciego wymiaru, \u015bwiata dualno\u015bci, to ksi\u0105\u017c\u0119. Nie kr\u00f3l gdy\u017c ten tytu\u0142 do Ducha nale\u017cy, kt\u00f3ry i tak tworzy wszystko wed\u0142ug wy\u017cszego planu.&nbsp;<\/span><br \/><span style=\"font-size: 10pt; color: #333333;\">On zarz\u0105dza w tym \u015bwiecie, jest bogaty we wzorce, programy. Naszym zadaniem dzisiaj jest zdj\u0105\u0107 go z tej pozycji.&nbsp;<\/span><br \/><span style=\"font-size: 10pt; color: #333333;\">Budda przyj\u0105\u0142 drog\u0119 \u015brodka, zamiast by\u0107 w pa\u0142acu lub ca\u0142kowitej ascezie, \u017cy\u0142 prostym \u017cycie, jad\u0142, my\u0142 si\u0119.&nbsp;<\/span><br \/><span style=\"font-size: 10pt; color: #333333;\">Wybierzmy wi\u0119c drog\u0119 \u015brodka \u2013 ani zbyt dominuj\u0105cy umys\u0142, ani ca\u0142kowity jego brak. U\u017cywajmy go, lecz do cel\u00f3w, kt\u00f3re sami \u015bwiadomie wyznaczymy.<\/span><br \/><span style=\"font-size: 10pt; color: #333333;\">Budda usiad\u0142 pod drzewem i medytowa\u0142, zadawa\u0142 w ciszy pytania i otrzymywa\u0142 odpowiedzi.<\/span><br \/><span style=\"font-size: 10pt; color: #333333;\">Nasz umys\u0142 poprzez koncentracj\u0119 i inne proste praktyki mamy doprowadzi\u0107 do stanu medytacyjnego. Najpierw mo\u017cemy siada\u0107 w medytacji, ale p\u00f3\u017aniej nasze \u017cycie powinno sta\u0107 si\u0119 ci\u0105g\u0142\u0105 medytacj\u0105, czyli stanem \u015bwiadomego, wyciszonego umys\u0142u.<\/span><br \/><span style=\"font-size: 10pt; color: #333333;\">Budda nie wr\u00f3ci\u0142 do pa\u0142acu, g\u0142osi\u0142 sw\u0105 prawd\u0119, ale nadal ewoluowa\u0142, \u015bwiadcz\u0105 o tym jego prace.<\/span><br \/><span style=\"font-size: 10pt; color: #333333;\">Reasumuj\u0105c:<\/span><br \/><span style=\"font-size: 10pt; color: #333333;\">1. zdejmujemy umys\u0142 z pozycji dominuj\u0105cej,&nbsp;<\/span><br \/><span style=\"font-size: 10pt; color: #333333;\">2. poprzez medytacje i koncentracj\u0119 pracujemy nad wewn\u0119trzna cisz\u0105<\/span><br \/><span style=\"font-size: 10pt; color: #333333;\">3. praktykujemy cisz\u0119 wewn\u0119trzn\u0105 w kt\u00f3rej pojawiaj\u0105 si\u0119 nasze wcielenia, wzorce, uwalniamy go od wzorc\u00f3w starego programu dualno\u015bci<\/span><br \/><span style=\"font-size: 10pt; color: #333333;\">4. zadajemy pytania i otrzymujemy odpowiedzi od Wy\u017cszej M\u0105dro\u015bci<\/span><\/p>\n<p><span style=\"font-size: 10pt; color: #333333;\">T\u0119 drog\u0119 wskaza\u0142 nam Budda. Uznajemy go za cz\u0142owieka, o\u015bwieconego, ale cz\u0142owieka, ale mo\u017ce warto spojrze\u0107 inaczej \u2013 by\u0142 lub jest cz\u0105stk\u0105 Ducha, kt\u00f3ra poprzez swoje \u017cycie da\u0142a nam informacje \u2013 dotycz\u0105c\u0105 przemiany. Nie jego mamy ho\u0142ubi\u0107, z pewno\u015bci\u0105 \u015bmieje si\u0119 z tego, ale zrozumie\u0107 i przyj\u0105\u0107, jego przes\u0142anie. To jest cel Ducha. Ale nie koniec przemiany, gdy\u017c s\u0105 w nas dwie si\u0142y UMYS\u0141 I SERCE.&nbsp;<\/span><\/p>\n<p><span style=\"font-size: 10pt; color: #333333;\"><img loading=\"lazy\" decoding=\"async\" class=\" size-full wp-image-306\" src=\"https:\/\/el.cgnk.pl\/wp-content\/uploads\/2012\/02\/321542_2637242735233_1380445550_33149855_413130366_n.jpg\" width=\"400\" height=\"276\" alt=\"321542_2637242735233_1380445550_33149855_413130366_n\" style=\"display: block; margin-left: auto; margin-right: auto;\" \/><\/span><\/p>\n<p><span style=\"font-size: 10pt; color: #333333;\"><br \/><\/span><\/p>\n<p><span style=\"font-size: 10pt; color: #333333;\">A teraz Jezus.<\/span><br \/><span style=\"font-size: 10pt; color: #333333;\">Jezus przynosi nam informacj\u0119 jak pracowa\u0107 z sercem.<\/span><br \/><span style=\"font-size: 10pt; color: #333333;\">Urodzi\u0142 si\u0119 w biedzie, gdy\u017c serce starego \u015bwiata, jest bied\u0105. \u017byje w niewoli wzorc\u00f3w mentalnych i emocjonalnych.<\/span><br \/><span style=\"font-size: 10pt; color: #333333;\">Prawdziwe, mi\u0142uj\u0105ce serce jest przep\u0119dzane, gdy\u017c dominacja programu umys\u0142u nie dopuszcza go do \u017cycia.<\/span><br \/><span style=\"font-size: 10pt; color: #333333;\">Narodzinom Jezusa towarzyszy kometa, gwiazda betlejemska i trzej kr\u00f3lowie sk\u0142adaj\u0105cy dary. To samo dotyczy ka\u017cdego z nas. Nasze serca rodz\u0105 si\u0119 jako wyj\u0105tkowe i maj\u0105 w sobie ogromny potencja\u0142.<\/span><br \/><span style=\"font-size: 10pt; color: #333333;\">Z\u0142oto zostaje oczyszczone przez ogie\u0144. Nie mo\u017cna z nim niczego zmiesza\u0107. Blask z\u0142ota wskazuje na z\u0142oty blask naszej duszy. Nie jeste\u015bmy tylko lud\u017ami ziemi, lecz tak\u017ce lud\u017ami nieba. Nasza dusza odbija z\u0142oty blask Boga \u2013 najwy\u017cszej wibracji.<\/span><br \/><span style=\"font-size: 10pt; color: #333333;\">W wielu kulturach kadzid\u0142a u\u017cywa si\u0119 jako przyjemnego \u015brodka zapachowego. Snuj\u0105ce si\u0119 do nieba kadzid\u0142o jest obrazem naszej modlitwy, kt\u00f3ra wznosi nas do Boga. Obrazem naszej t\u0119sknoty, wykraczaj\u0105cej poza codzienno\u015b\u0107. Nasza t\u0119sknota tak jak kadzid\u0142o unosi si\u0119 do nieba. Nie pozwala uwi\u0119zi\u0107 si\u0119 tu na ziemi. Posiada lekko\u015b\u0107 kadzid\u0142a. Przenika tak\u017ce przez wszystkie zamkni\u0119te drzwi. Otwiera ona nasze serce i poszerza je. Kadzid\u0142o pi\u0119knie pachnie. Nape\u0142nia nasze \u017cycie tajemniczym zapachem, boskim aromatem.&nbsp;<\/span><br \/><span style=\"font-size: 10pt; color: #333333;\">Mirra by\u0142a dla staro\u017cytnych rajskim zielem. Wskazuje na stan Raju, za kt\u00f3rym wszyscy t\u0119sknimy. Mirra jest jednocze\u015bnie \u015brodkiem uzdrawiaj\u0105cym, lecz\u0105cym nasze rany.&nbsp;<\/span><\/p>\n<p><span style=\"font-size: 10pt; color: #333333;\">Jezus \u017cyje jako dziecko z innymi, a tradycyjnej rodzinie, ale nie poprzestaje na tym.<\/span><br \/><span style=\"font-size: 10pt; color: #333333;\">Tak nasze serce, gdziekolwiek si\u0119 narodzi, powinno wzrosn\u0105\u0107 poza zastany stan.<\/span><br \/><span style=\"font-size: 10pt; color: #333333;\">Jezus uczy si\u0119, nie jest to ukazane w Biblii. Ale jest wa\u017cny moment 40 dni odosobnienia.&nbsp;<\/span><br \/><span style=\"font-size: 10pt; color: #333333;\">Nasze serce, aby zmieni\u0142o stare programy niedoli, b\u00f3lu, cierpi\u0119tnictwa potrzebuje okresu wyciszenia, oderwania si\u0119 od starych program\u00f3w. W praktyce mo\u017cemy \u0107wiczy\u0107 t w prosty spos\u00f3b. Cokolwiek pojawia si\u0119 na naszej drodze ze starego \u015bwiata \u2013 przestajemy uznawa\u0107 za prawd\u0119. Jak w kuszeniu Jezusa. B\u0119d\u0105 pojawia\u0107 si\u0119 ro\u017cne do\u015bwiadczenia, sytuacje, ale my MAJ\u0104C JU\u017b CZYSTY UMYS\u0141 &#8211; oddalimy to od siebie. Nie chodzi o walk\u0119 z tym co przychodzi, lecz odsuni\u0119cie tego z odczuwania w sercu. TO MY DECYDUJEMY \u2013 mo\u017cemy trwa\u0107 lub odsun\u0105\u0107 to co si\u0119 pojawia. Gdy umys\u0142 jest jeszcze w starym \u015bwiecie trudno nam to czyni\u0107, gdy\u017c nawykowo dzia\u0142amy, nie jeste\u015bmy obserwatorem, je\u015bli natomiast jeste\u015bmy w ciszy potrafimy poradzi\u0107 sobie z wewn\u0119trznymi naszymi \u201edemonami\u201d \u2013 wzorcami emocjonalnymi.<\/span><br \/><span style=\"font-size: 10pt; color: #333333;\">Jezus podda\u0142 si\u0119 temu co by\u0142o zapisane w ksi\u0119gach, czyli ka\u017cdy z nas powinien przyj\u0105\u0107 do\u015bwiadczenie, kt\u00f3re przychodzi. Nie chodzi o to, aby w nim tkwi\u0107, lecz przyj\u0105\u0107, przemy\u015ble\u0107, wyci\u0105gn\u0105\u0107 wnioski, i\u015b\u0107 dalej.&nbsp;<\/span><br \/><span style=\"font-size: 10pt; color: #333333;\">Jak poradzi\u0107 sobie z do\u015bwiadczeniem pokaza\u0142 nam Jezus, swoj\u0105 drog\u0105 krzy\u017cow\u0105 i \u015bmierci\u0105 na Golgocie.<\/span><br \/><span style=\"font-size: 10pt; color: #333333;\">Nie chodzi tutaj, jak w przypadku Buddy o czczenie cz\u0142owieka, ho\u0142ubienie cierpienia, lecz ZROZUMIENIE PRZES\u0141ANIA jakie przynosili.<\/span><br \/><span style=\"font-size: 10pt; color: #333333;\">Jak pracowa\u0107 z sercem.<\/span><br \/><span style=\"font-size: 10pt; color: #333333;\">1. Uzna\u0107, \u017ce wszystko zosta\u0142o zapisane przed naszymi narodzinami. O tym m\u00f3wi Jezus, niech wype\u0142ni si\u0119 co zosta\u0142o zapisane.<\/span><br \/><span style=\"font-size: 10pt; color: #333333;\">2. Podda\u0107 si\u0119 do\u015bwiadczeniom, a nie ucieka\u0107 przed nimi. Gdy \u017co\u0142nierze przyszli aresztowa\u0107 Jezusa Piotr chcia\u0142 Go obroni\u0107, w\u00f3wczas Jezus powiedzia\u0142 \u2013 czy\u017c nie mia\u0142bym wypi\u0107 kielicha, kt\u00f3ry poda\u0142 mi m\u00f3j ojciec?<\/span><br \/><span style=\"font-size: 10pt; color: #333333;\">3. Uzna\u0107, \u017ce sami wybrali\u015bmy swego nauczyciela\/ oprawc\u0119\/, jak Jezus wybra\u0142 Judasza.<\/span><br \/><span style=\"font-size: 10pt; color: #333333;\">4. Gdy stajemy w danym do\u015bwiadczeniu \u2013 nie szuka\u0107 winnych, nie broni\u0107 si\u0119. Jezus gdy stan\u0105\u0142 przed s\u0105dem, nie broi\u0142 si\u0119, ani nie oskar\u017ca\u0142.<\/span><br \/><span style=\"font-size: 10pt; color: #333333;\">5. Uzna\u0107, \u017ce ten, kt\u00f3ry stan\u0105\u0142 przed nami otrzyma\u0142 w\u0142adz\u0119 od Boga, czyli, sami go zam\u00f3wili\u015bmy, aby przepracowa\u0107 swoj\u0105 lekcj\u0119. Jezus powiedzia\u0142 do s\u0119dziego \u2013 gdyby m\u00f3j Ojciec nie da\u0142 ci tej w\u0142adzy, nie mia\u0142by\u015b jej nade mn\u0105. Nie musimy o tym m\u00f3wi\u0107, jednak powinni\u015bmy to pami\u0119ta\u0107.<\/span><br \/><span style=\"font-size: 10pt; color: #333333;\">6. Mamy wzi\u0105\u0107 sw\u00f3j krzy\u017c i i\u015b\u0107 z nim na miejsce \u015bmierci. Krzy\u017c jest symbolem wzorca, z kt\u00f3rym zmagamy si\u0119 w danej chwili . On jest nasz, we\u017amy go i nie\u015bmy, a\u017c umrzemy na naszej wewn\u0119trznej golgocie, w dotychczasowym wzorcu.<\/span><br \/><span style=\"font-size: 10pt; color: #333333;\">7. Golgota, to miejsce ostatecznej rozgrywki, czyli \u015bmierci naszego wzorca, kt\u00f3ry przyci\u0105gn\u0105\u0142 do\u015bwiadczenie i nauczyciela. Na golgocie s\u0105 trzy krzy\u017ce po lewej \u2013 nasza lewa p\u00f3\u0142kula, po prawej prawa p\u00f3\u0142kula, a po \u015brodku nasze serce.<\/span><br \/><span style=\"font-size: 10pt; color: #333333;\">Ten z lewej \u2013 z\u0142oczy\u0144ca, logiczny umys\u0142, w momencie zaistnienia do\u015bwiadczenia jeszcze jest ze starego \u015bwiata \u2013 m\u00f3wi: udowodnij mi, \u017c\u0105da dowod\u00f3w. Oznacza to, \u017ce w momencie gdy musimy zmierzy\u0107 si\u0119 z tym co dzieje si\u0119 w nas podczas konfrontacji z danym wzorcem pojawiaj\u0105 si\u0119 dwie si\u0142y logika, opieraj\u0105c\u0105 si\u0119 na starych zasadach \u017cycia i ta nie chce ust\u0105pi\u0107, i intuicja, kt\u00f3ra gotowa jest zwierzy\u0107 i to ona m\u00f3wi do Jezusa \u2013 wierz\u0119, \u017ce jeste\u015b kr\u00f3lem. Czyli nale\u017cy uzna\u0107, \u017ce serce jest prawdziw\u0105 mi\u0142o\u015bci\u0105, a mi\u0142o\u015b\u0107 prawdziwym kr\u00f3lem.&nbsp;<\/span><br \/><span style=\"font-size: 10pt; color: #333333;\">A Jezus odpowiedzia\u0142 \u2013 Ju\u017c dzi\u015b jeste\u015b ze mn\u0105 w raju. I to jest ten moment, w kt\u00f3ry poczujemy prawdziw\u0105 wolno\u015b\u0107.<\/span><br \/><span style=\"font-size: 10pt; color: #333333;\">8. Chwil\u0119 p\u00f3\u017aniej Jezus zmar\u0142 jako cz\u0142owiek, aby narodzi\u0142 si\u0119 ju\u017c wiecznym. Tak i my po dokonaniu wyboru mi\u0142o\u015bci, czystego serca umieramy w naszej dotychczasowej postaci, i rodzimy ju\u017c jako wieczny Duch.<\/span><\/p>\n<p><span style=\"font-size: 10pt; color: #333333;\">Nie dzieje si\u0119 to jednorazowo, lecz w ka\u017cdej napotkanej sytuacji, do\u015bwiadczeniu. To droga wskazana przez Jezusa, jak pracowa\u0107 z wzorcami serca.<\/span><br \/><span style=\"font-size: 10pt; color: #333333;\">Wzorc\u00f3w mamy wiele i ujawniaj\u0105 si\u0119 one podczas relacji w innymi, kt\u00f3rzy przychodz\u0105 jako nauczyciele. To pi\u0119kna praca i prosta, cho\u0107 wymaga odwagi.<\/span><\/p>\n<p><span style=\"font-size: 10pt; color: #333333;\">Ka\u017cde s\u0142owo Buddy czy Jezusa powinni\u015bmy medytowa\u0107 gdy\u017c g\u0142\u0119bia ich przekazu jest niezwyk\u0142a.&nbsp;<\/span><br \/><span style=\"font-size: 10pt; color: #333333;\">Duch prowadzi nas nie po to, aby\u015bmy rozdzielili nauki WIELKICH NAUCZYCIELI, lecz po\u0142\u0105czyli je w jedno\u015b\u0107, zrozumieli. Gdy patrzymy ludzkim umys\u0142em \u2013 widzimy r\u00f3\u017cnice i trwamy w walce, kt\u00f3re nauka lepsza, czyja religia warto\u015bciowsza. Z poziomu JEDNEGO OKA I WY\u017bSZEJ M\u0104DRO\u015aCI \u2013 wszystko jest jednym i w tym JEDNYM spe\u0142nia swoja, przeznaczon\u0105 mu rol\u0119.<\/span><br \/><span style=\"font-size: 10pt; color: #333333;\">Od nas wi\u0119c zale\u017cy jak spojrzymy na \u017bYCIE, jeszcze jako dzieci czy ju\u017c doro\u015bli.<\/span><br \/><span style=\"font-size: 10pt; color: #333333;\">To samo dotyczmy islamu, nauki Mahometa \u2013 jakby chcia\u0142 rzec: Masz ju\u017c wszystko, jak pracowa\u0107 z umys\u0142em jak z sercem, teraz bierz si\u0119 do pracy.<\/span><\/p>\n<p><span style=\"font-size: 10pt; color: #333333;\">To co zrobiono z naukami NAUCZYCIELI, to inna sprawa, niewielu by\u0142o gotowych je w pe\u0142ni zrozumie\u0107, gdy\u017c CZAS JESZCZE NIE BY\u0141 W\u0141A\u015aCIWY. I nie jest to kwestia z\u0142a lecz dzieci\u0144stwa, kt\u00f3re teraz si\u0119 dla nas ko\u0144czy.<\/span><br \/><span style=\"font-size: 10pt; color: #333333;\">Cho\u0107 ten tekst jest przyd\u0142ugi, nie oddaje oczywi\u015bcie w pe\u0142ni przes\u0142a\u0144 Nauczycieli lecz ich skr\u00f3con\u0105 form\u0119.&nbsp;<\/span><br \/><span style=\"font-size: 10pt; color: #333333;\">Je\u015bli kogo\u015b interesuje taka praca, poznawanie przes\u0142a\u0144, zg\u0142\u0119bianie w\u0142asnej m\u0105dro\u015bci zapraszam na spotkania, warsztaty, od stycznia na skypie 4 godzinne rozmowy.<\/span><\/p>\n<p><span style=\"font-size: 10pt; color: #333333;\"><img loading=\"lazy\" decoding=\"async\" class=\" size-full wp-image-405\" src=\"https:\/\/el.cgnk.pl\/wp-content\/uploads\/2012\/07\/krishna-christ.jpg\" width=\"400\" height=\"358\" alt=\"krishna-christ\" style=\"display: block; margin-left: auto; margin-right: auto;\" \/><\/span><\/p>\n<p><span style=\"font-size: 10pt; color: #333333;\"><br \/><\/span><\/p>\n","protected":false},"excerpt":{"rendered":"<p><span style=\"color: #333333; font-family: 'lucida grande', tahoma, verdana, arial, sans-serif; font-size: 12.727272033691406px; line-height: 18px;\"><span style=\"font-family: 'lucida grande', tahoma, verdana, arial, sans-serif; font-size: 12.727272033691406px; line-height: 18px;\">Odpowied\u017a mog\u0142aby brzmie\u0107 &#8211; gdy\u017c Budda pokaza\u0142 nam pozycj\u0119 umys\u0142u, a Jezus serca, w starym \u015bwiecie. Mo\u017ce jednak zechcecie przeczyta\u0107 wi\u0119cej na ten tem<span class=\"text_exposed_show\" style=\"display: inline; font-family: 'lucida grande', tahoma, verdana, arial, sans-serif; font-size: 12.727272033691406px; line-height: 18px;\">at.<\/span><\/span><\/span><\/p>\n","protected":false},"author":1,"featured_media":841,"comment_status":"open","ping_status":"open","sticky":false,"template":"","format":"standard","meta":{"footnotes":""},"categories":[2],"tags":[],"class_list":{"0":"post-842","1":"post","2":"type-post","3":"status-publish","4":"format-standard","5":"has-post-thumbnail","7":"category-artykuly","8":"czr-hentry"},"yoast_head":"<!-- This site is optimized with the Yoast SEO plugin v26.8 - https:\/\/yoast.com\/product\/yoast-seo-wordpress\/ -->\n<title>DLACZEGO BUDDA URODZI\u0141 SI\u0118 W BOGACTWIE A JEZUS W BIEDZIE? - Aktualno\u015bci<\/title>\n<meta name=\"robots\" content=\"index, follow, max-snippet:-1, max-image-preview:large, max-video-preview:-1\" \/>\n<link rel=\"canonical\" href=\"https:\/\/epokaserca.pl\/aktualnosci\/dlaczego-budda-urodzil-sie-w-bogactwie-a-jezus-w-biedzie\/\" \/>\n<meta property=\"og:locale\" content=\"pl_PL\" \/>\n<meta property=\"og:type\" content=\"article\" \/>\n<meta property=\"og:title\" content=\"DLACZEGO BUDDA URODZI\u0141 SI\u0118 W BOGACTWIE A JEZUS W BIEDZIE? - Aktualno\u015bci\" \/>\n<meta property=\"og:description\" content=\"Odpowied\u017a mog\u0142aby brzmie\u0107 - gdy\u017c Budda pokaza\u0142 nam pozycj\u0119 umys\u0142u, a Jezus serca, w starym \u015bwiecie. Mo\u017ce jednak zechcecie przeczyta\u0107 wi\u0119cej na ten temat.\" \/>\n<meta property=\"og:url\" content=\"https:\/\/epokaserca.pl\/aktualnosci\/dlaczego-budda-urodzil-sie-w-bogactwie-a-jezus-w-biedzie\/\" \/>\n<meta property=\"og:site_name\" content=\"Aktualno\u015bci\" \/>\n<meta property=\"article:published_time\" content=\"2014-01-08T14:19:16+00:00\" \/>\n<meta property=\"og:image\" content=\"https:\/\/epokaserca.pl\/aktualnosci\/wp-content\/uploads\/2014\/01\/on1.jpg\" \/>\n\t<meta property=\"og:image:width\" content=\"2556\" \/>\n\t<meta property=\"og:image:height\" content=\"1767\" \/>\n\t<meta property=\"og:image:type\" content=\"image\/jpeg\" \/>\n<meta name=\"author\" content=\"admin\" \/>\n<meta name=\"twitter:card\" content=\"summary_large_image\" \/>\n<meta name=\"twitter:label1\" content=\"Napisane przez\" \/>\n\t<meta name=\"twitter:data1\" content=\"admin\" \/>\n\t<meta name=\"twitter:label2\" content=\"Szacowany czas czytania\" \/>\n\t<meta name=\"twitter:data2\" content=\"10 minut\" \/>\n<script type=\"application\/ld+json\" class=\"yoast-schema-graph\">{\"@context\":\"https:\/\/schema.org\",\"@graph\":[{\"@type\":\"Article\",\"@id\":\"https:\/\/epokaserca.pl\/aktualnosci\/dlaczego-budda-urodzil-sie-w-bogactwie-a-jezus-w-biedzie\/#article\",\"isPartOf\":{\"@id\":\"https:\/\/epokaserca.pl\/aktualnosci\/dlaczego-budda-urodzil-sie-w-bogactwie-a-jezus-w-biedzie\/\"},\"author\":{\"name\":\"admin\",\"@id\":\"https:\/\/epokaserca.pl\/aktualnosci\/#\/schema\/person\/f87215bc4f757d15c7321145cbabc434\"},\"headline\":\"DLACZEGO BUDDA URODZI\u0141 SI\u0118 W BOGACTWIE A JEZUS W BIEDZIE?\",\"datePublished\":\"2014-01-08T14:19:16+00:00\",\"mainEntityOfPage\":{\"@id\":\"https:\/\/epokaserca.pl\/aktualnosci\/dlaczego-budda-urodzil-sie-w-bogactwie-a-jezus-w-biedzie\/\"},\"wordCount\":1958,\"commentCount\":0,\"image\":{\"@id\":\"https:\/\/epokaserca.pl\/aktualnosci\/dlaczego-budda-urodzil-sie-w-bogactwie-a-jezus-w-biedzie\/#primaryimage\"},\"thumbnailUrl\":\"https:\/\/epokaserca.pl\/aktualnosci\/wp-content\/uploads\/2014\/01\/on1.jpg\",\"articleSection\":[\"Artyku\u0142y\"],\"inLanguage\":\"pl-PL\",\"potentialAction\":[{\"@type\":\"CommentAction\",\"name\":\"Comment\",\"target\":[\"https:\/\/epokaserca.pl\/aktualnosci\/dlaczego-budda-urodzil-sie-w-bogactwie-a-jezus-w-biedzie\/#respond\"]}]},{\"@type\":\"WebPage\",\"@id\":\"https:\/\/epokaserca.pl\/aktualnosci\/dlaczego-budda-urodzil-sie-w-bogactwie-a-jezus-w-biedzie\/\",\"url\":\"https:\/\/epokaserca.pl\/aktualnosci\/dlaczego-budda-urodzil-sie-w-bogactwie-a-jezus-w-biedzie\/\",\"name\":\"DLACZEGO BUDDA URODZI\u0141 SI\u0118 W BOGACTWIE A JEZUS W BIEDZIE? - Aktualno\u015bci\",\"isPartOf\":{\"@id\":\"https:\/\/epokaserca.pl\/aktualnosci\/#website\"},\"primaryImageOfPage\":{\"@id\":\"https:\/\/epokaserca.pl\/aktualnosci\/dlaczego-budda-urodzil-sie-w-bogactwie-a-jezus-w-biedzie\/#primaryimage\"},\"image\":{\"@id\":\"https:\/\/epokaserca.pl\/aktualnosci\/dlaczego-budda-urodzil-sie-w-bogactwie-a-jezus-w-biedzie\/#primaryimage\"},\"thumbnailUrl\":\"https:\/\/epokaserca.pl\/aktualnosci\/wp-content\/uploads\/2014\/01\/on1.jpg\",\"datePublished\":\"2014-01-08T14:19:16+00:00\",\"author\":{\"@id\":\"https:\/\/epokaserca.pl\/aktualnosci\/#\/schema\/person\/f87215bc4f757d15c7321145cbabc434\"},\"breadcrumb\":{\"@id\":\"https:\/\/epokaserca.pl\/aktualnosci\/dlaczego-budda-urodzil-sie-w-bogactwie-a-jezus-w-biedzie\/#breadcrumb\"},\"inLanguage\":\"pl-PL\",\"potentialAction\":[{\"@type\":\"ReadAction\",\"target\":[\"https:\/\/epokaserca.pl\/aktualnosci\/dlaczego-budda-urodzil-sie-w-bogactwie-a-jezus-w-biedzie\/\"]}]},{\"@type\":\"ImageObject\",\"inLanguage\":\"pl-PL\",\"@id\":\"https:\/\/epokaserca.pl\/aktualnosci\/dlaczego-budda-urodzil-sie-w-bogactwie-a-jezus-w-biedzie\/#primaryimage\",\"url\":\"https:\/\/epokaserca.pl\/aktualnosci\/wp-content\/uploads\/2014\/01\/on1.jpg\",\"contentUrl\":\"https:\/\/epokaserca.pl\/aktualnosci\/wp-content\/uploads\/2014\/01\/on1.jpg\",\"width\":2556,\"height\":1767,\"caption\":\"on1\"},{\"@type\":\"BreadcrumbList\",\"@id\":\"https:\/\/epokaserca.pl\/aktualnosci\/dlaczego-budda-urodzil-sie-w-bogactwie-a-jezus-w-biedzie\/#breadcrumb\",\"itemListElement\":[{\"@type\":\"ListItem\",\"position\":1,\"name\":\"Home\",\"item\":\"https:\/\/epokaserca.pl\/aktualnosci\/\"},{\"@type\":\"ListItem\",\"position\":2,\"name\":\"DLACZEGO BUDDA URODZI\u0141 SI\u0118 W BOGACTWIE A JEZUS W BIEDZIE?\"}]},{\"@type\":\"WebSite\",\"@id\":\"https:\/\/epokaserca.pl\/aktualnosci\/#website\",\"url\":\"https:\/\/epokaserca.pl\/aktualnosci\/\",\"name\":\"Aktualno\u015bci\",\"description\":\"\",\"potentialAction\":[{\"@type\":\"SearchAction\",\"target\":{\"@type\":\"EntryPoint\",\"urlTemplate\":\"https:\/\/epokaserca.pl\/aktualnosci\/?s={search_term_string}\"},\"query-input\":{\"@type\":\"PropertyValueSpecification\",\"valueRequired\":true,\"valueName\":\"search_term_string\"}}],\"inLanguage\":\"pl-PL\"},{\"@type\":\"Person\",\"@id\":\"https:\/\/epokaserca.pl\/aktualnosci\/#\/schema\/person\/f87215bc4f757d15c7321145cbabc434\",\"name\":\"admin\",\"image\":{\"@type\":\"ImageObject\",\"inLanguage\":\"pl-PL\",\"@id\":\"https:\/\/epokaserca.pl\/aktualnosci\/#\/schema\/person\/image\/\",\"url\":\"https:\/\/secure.gravatar.com\/avatar\/8e51b30565ad99a9f8b25bd638d21cd1?s=96&d=mm&r=g\",\"contentUrl\":\"https:\/\/secure.gravatar.com\/avatar\/8e51b30565ad99a9f8b25bd638d21cd1?s=96&d=mm&r=g\",\"caption\":\"admin\"},\"url\":\"https:\/\/epokaserca.pl\/aktualnosci\/author\/admin\/\"}]}<\/script>\n<!-- \/ Yoast SEO plugin. -->","yoast_head_json":{"title":"DLACZEGO BUDDA URODZI\u0141 SI\u0118 W BOGACTWIE A JEZUS W BIEDZIE? - Aktualno\u015bci","robots":{"index":"index","follow":"follow","max-snippet":"max-snippet:-1","max-image-preview":"max-image-preview:large","max-video-preview":"max-video-preview:-1"},"canonical":"https:\/\/epokaserca.pl\/aktualnosci\/dlaczego-budda-urodzil-sie-w-bogactwie-a-jezus-w-biedzie\/","og_locale":"pl_PL","og_type":"article","og_title":"DLACZEGO BUDDA URODZI\u0141 SI\u0118 W BOGACTWIE A JEZUS W BIEDZIE? - Aktualno\u015bci","og_description":"Odpowied\u017a mog\u0142aby brzmie\u0107 - gdy\u017c Budda pokaza\u0142 nam pozycj\u0119 umys\u0142u, a Jezus serca, w starym \u015bwiecie. Mo\u017ce jednak zechcecie przeczyta\u0107 wi\u0119cej na ten temat.","og_url":"https:\/\/epokaserca.pl\/aktualnosci\/dlaczego-budda-urodzil-sie-w-bogactwie-a-jezus-w-biedzie\/","og_site_name":"Aktualno\u015bci","article_published_time":"2014-01-08T14:19:16+00:00","og_image":[{"width":2556,"height":1767,"url":"https:\/\/epokaserca.pl\/aktualnosci\/wp-content\/uploads\/2014\/01\/on1.jpg","type":"image\/jpeg"}],"author":"admin","twitter_card":"summary_large_image","twitter_misc":{"Napisane przez":"admin","Szacowany czas czytania":"10 minut"},"schema":{"@context":"https:\/\/schema.org","@graph":[{"@type":"Article","@id":"https:\/\/epokaserca.pl\/aktualnosci\/dlaczego-budda-urodzil-sie-w-bogactwie-a-jezus-w-biedzie\/#article","isPartOf":{"@id":"https:\/\/epokaserca.pl\/aktualnosci\/dlaczego-budda-urodzil-sie-w-bogactwie-a-jezus-w-biedzie\/"},"author":{"name":"admin","@id":"https:\/\/epokaserca.pl\/aktualnosci\/#\/schema\/person\/f87215bc4f757d15c7321145cbabc434"},"headline":"DLACZEGO BUDDA URODZI\u0141 SI\u0118 W BOGACTWIE A JEZUS W BIEDZIE?","datePublished":"2014-01-08T14:19:16+00:00","mainEntityOfPage":{"@id":"https:\/\/epokaserca.pl\/aktualnosci\/dlaczego-budda-urodzil-sie-w-bogactwie-a-jezus-w-biedzie\/"},"wordCount":1958,"commentCount":0,"image":{"@id":"https:\/\/epokaserca.pl\/aktualnosci\/dlaczego-budda-urodzil-sie-w-bogactwie-a-jezus-w-biedzie\/#primaryimage"},"thumbnailUrl":"https:\/\/epokaserca.pl\/aktualnosci\/wp-content\/uploads\/2014\/01\/on1.jpg","articleSection":["Artyku\u0142y"],"inLanguage":"pl-PL","potentialAction":[{"@type":"CommentAction","name":"Comment","target":["https:\/\/epokaserca.pl\/aktualnosci\/dlaczego-budda-urodzil-sie-w-bogactwie-a-jezus-w-biedzie\/#respond"]}]},{"@type":"WebPage","@id":"https:\/\/epokaserca.pl\/aktualnosci\/dlaczego-budda-urodzil-sie-w-bogactwie-a-jezus-w-biedzie\/","url":"https:\/\/epokaserca.pl\/aktualnosci\/dlaczego-budda-urodzil-sie-w-bogactwie-a-jezus-w-biedzie\/","name":"DLACZEGO BUDDA URODZI\u0141 SI\u0118 W BOGACTWIE A JEZUS W BIEDZIE? - Aktualno\u015bci","isPartOf":{"@id":"https:\/\/epokaserca.pl\/aktualnosci\/#website"},"primaryImageOfPage":{"@id":"https:\/\/epokaserca.pl\/aktualnosci\/dlaczego-budda-urodzil-sie-w-bogactwie-a-jezus-w-biedzie\/#primaryimage"},"image":{"@id":"https:\/\/epokaserca.pl\/aktualnosci\/dlaczego-budda-urodzil-sie-w-bogactwie-a-jezus-w-biedzie\/#primaryimage"},"thumbnailUrl":"https:\/\/epokaserca.pl\/aktualnosci\/wp-content\/uploads\/2014\/01\/on1.jpg","datePublished":"2014-01-08T14:19:16+00:00","author":{"@id":"https:\/\/epokaserca.pl\/aktualnosci\/#\/schema\/person\/f87215bc4f757d15c7321145cbabc434"},"breadcrumb":{"@id":"https:\/\/epokaserca.pl\/aktualnosci\/dlaczego-budda-urodzil-sie-w-bogactwie-a-jezus-w-biedzie\/#breadcrumb"},"inLanguage":"pl-PL","potentialAction":[{"@type":"ReadAction","target":["https:\/\/epokaserca.pl\/aktualnosci\/dlaczego-budda-urodzil-sie-w-bogactwie-a-jezus-w-biedzie\/"]}]},{"@type":"ImageObject","inLanguage":"pl-PL","@id":"https:\/\/epokaserca.pl\/aktualnosci\/dlaczego-budda-urodzil-sie-w-bogactwie-a-jezus-w-biedzie\/#primaryimage","url":"https:\/\/epokaserca.pl\/aktualnosci\/wp-content\/uploads\/2014\/01\/on1.jpg","contentUrl":"https:\/\/epokaserca.pl\/aktualnosci\/wp-content\/uploads\/2014\/01\/on1.jpg","width":2556,"height":1767,"caption":"on1"},{"@type":"BreadcrumbList","@id":"https:\/\/epokaserca.pl\/aktualnosci\/dlaczego-budda-urodzil-sie-w-bogactwie-a-jezus-w-biedzie\/#breadcrumb","itemListElement":[{"@type":"ListItem","position":1,"name":"Home","item":"https:\/\/epokaserca.pl\/aktualnosci\/"},{"@type":"ListItem","position":2,"name":"DLACZEGO BUDDA URODZI\u0141 SI\u0118 W BOGACTWIE A JEZUS W BIEDZIE?"}]},{"@type":"WebSite","@id":"https:\/\/epokaserca.pl\/aktualnosci\/#website","url":"https:\/\/epokaserca.pl\/aktualnosci\/","name":"Aktualno\u015bci","description":"","potentialAction":[{"@type":"SearchAction","target":{"@type":"EntryPoint","urlTemplate":"https:\/\/epokaserca.pl\/aktualnosci\/?s={search_term_string}"},"query-input":{"@type":"PropertyValueSpecification","valueRequired":true,"valueName":"search_term_string"}}],"inLanguage":"pl-PL"},{"@type":"Person","@id":"https:\/\/epokaserca.pl\/aktualnosci\/#\/schema\/person\/f87215bc4f757d15c7321145cbabc434","name":"admin","image":{"@type":"ImageObject","inLanguage":"pl-PL","@id":"https:\/\/epokaserca.pl\/aktualnosci\/#\/schema\/person\/image\/","url":"https:\/\/secure.gravatar.com\/avatar\/8e51b30565ad99a9f8b25bd638d21cd1?s=96&d=mm&r=g","contentUrl":"https:\/\/secure.gravatar.com\/avatar\/8e51b30565ad99a9f8b25bd638d21cd1?s=96&d=mm&r=g","caption":"admin"},"url":"https:\/\/epokaserca.pl\/aktualnosci\/author\/admin\/"}]}},"_links":{"self":[{"href":"https:\/\/epokaserca.pl\/aktualnosci\/wp-json\/wp\/v2\/posts\/842","targetHints":{"allow":["GET"]}}],"collection":[{"href":"https:\/\/epokaserca.pl\/aktualnosci\/wp-json\/wp\/v2\/posts"}],"about":[{"href":"https:\/\/epokaserca.pl\/aktualnosci\/wp-json\/wp\/v2\/types\/post"}],"author":[{"embeddable":true,"href":"https:\/\/epokaserca.pl\/aktualnosci\/wp-json\/wp\/v2\/users\/1"}],"replies":[{"embeddable":true,"href":"https:\/\/epokaserca.pl\/aktualnosci\/wp-json\/wp\/v2\/comments?post=842"}],"version-history":[{"count":0,"href":"https:\/\/epokaserca.pl\/aktualnosci\/wp-json\/wp\/v2\/posts\/842\/revisions"}],"wp:featuredmedia":[{"embeddable":true,"href":"https:\/\/epokaserca.pl\/aktualnosci\/wp-json\/wp\/v2\/media\/841"}],"wp:attachment":[{"href":"https:\/\/epokaserca.pl\/aktualnosci\/wp-json\/wp\/v2\/media?parent=842"}],"wp:term":[{"taxonomy":"category","embeddable":true,"href":"https:\/\/epokaserca.pl\/aktualnosci\/wp-json\/wp\/v2\/categories?post=842"},{"taxonomy":"post_tag","embeddable":true,"href":"https:\/\/epokaserca.pl\/aktualnosci\/wp-json\/wp\/v2\/tags?post=842"}],"curies":[{"name":"wp","href":"https:\/\/api.w.org\/{rel}","templated":true}]}}