{"id":860,"date":"2014-03-05T12:30:21","date_gmt":"2014-03-05T12:30:21","guid":{"rendered":"https:\/\/epokaserca.pl\/aktualnosci\/index.php\/2014\/03\/05\/5-marca-2014\/"},"modified":"2014-03-05T12:30:21","modified_gmt":"2014-03-05T12:30:21","slug":"5-marca-2014","status":"publish","type":"post","link":"https:\/\/epokaserca.pl\/aktualnosci\/5-marca-2014\/","title":{"rendered":"5 MARCA 2014"},"content":{"rendered":"\n<p>&nbsp;<\/p>\n<p>&nbsp;<\/p>\n<p><span style=\"color: #000000;\">Na warsztatach zajmiemy si\u0119 cia\u0142em.<\/span><br \/><span style=\"color: #000000;\">1.Praca z d\u017awi\u0119kiem \u2013 przywr\u00f3cenie czakramom ich w\u0142a\u015bciwej wibracji.&nbsp;<\/span><br \/><span style=\"color: #000000;\">2x dziennie<\/span><\/p>\n<p><span style=\"color: #000000;\">2.Praca z cia\u0142em \u2013 \u0107wiczenia przywracaj\u0105ce zdrowie kr\u0119gos\u0142upa, a wi\u0119c i prawid\u0142owy przep\u0142yw energii. Joga dla kr\u0119gos\u0142upa \u2013 proste i bardzo skuteczne \u0107wiczenia. 1 x dziennie<\/span><\/p>\n<p><span style=\"color: #000000;\">3.Praca z oddechem \u2013 odczu\u0107 siebie, odnale\u017a\u0107 wewn\u0119trzn\u0105 cisz\u0119, powi\u0119kszy\u0107 pojemno\u015b\u0107 p\u0142uc.<\/span><br \/><span style=\"color: #000000;\">2 x dziennie<\/span><\/p>\n<p><span style=\"color: #000000;\">4.Praca ze \u015bpiewem \u2013 ka\u017cdy otrzyma w\u0142asny d\u017awi\u0119k duszy. Pomaga on zharmonizowa\u0107 energetycznie cia\u0142o. Podczas grupowego \u015bpiewu indywidualnych d\u017awi\u0119k\u00f3w duszy wytwarza si\u0119 wspania\u0142a, silna wibracja.&nbsp;<\/span><br \/><span style=\"color: #000000;\">2 x dziennie<\/span><\/p>\n<p><span style=\"color: #000000;\">5.Medytacja SERCA.&nbsp;<\/span><br \/><span style=\"color: #000000;\">1 x dziennie<\/span><\/p>\n<p><span style=\"color: #000000;\">Oraz ma\u0142e niespodzianki.<\/span><\/p>\n<p><span style=\"color: #000000;\">Proponuj\u0119 4 dni mi\u0142o\u015bci, ciszy, rado\u015bci, relaksu, uzdrawiania cia\u0142a fizycznego, energetycznych i czakram\u00f3w. Kuchnia wegetaria\u0144ska, spacery.<\/span><br \/><span style=\"color: #000000;\">Potrzebne b\u0119d\u0105 lu\u017ane, wygodne, sportowe ubranie, karimata i troszk\u0119 rado\u015bci.<\/span><\/p>\n<p><span style=\"color: #000000;\"><a href=\"..\/instytut\/warsztaty-i-wczasy\/warsztaty\" rel=\"nofollow noopener noreferrer\" target=\"_blank\" style=\"color: #3b5998; cursor: pointer;\"><span style=\"color: #000000;\">http:\/\/www.epokaserca.pl\/instytut\/warsztaty-i-wczasy\/warsztaty<\/span><\/a><\/span><\/p>\n","protected":false},"excerpt":{"rendered":"<p>&nbsp;<\/p>\n<p style=\"text-align: center;\"><span style=\"color: #37404e; font-family: 'lucida grande', tahoma, verdana, arial, sans-serif; font-size: 12.800000190734863px; line-height: 18px;\"><strong><span style=\"color: #0000ff;\">M\u0104DRO\u015aCI DUCHA<\/span><\/strong><br style=\"color: #37404e; font-family: 'lucida grande', tahoma, verdana, arial, sans-serif; font-size: 12.800000190734863px; line-height: 18px;\" \/><span style=\"color: #37404e; font-family: 'lucida grande', tahoma, verdana, arial, sans-serif; font-size: 12.800000190734863px; line-height: 18px;\"><strong><span style=\"color: #0000ff;\">Skomplikowanie \u017cycia bierze si\u0119 ze skomplikowania cz\u0142owieka. Gdy prostot\u0105 si\u0119 staniesz, \u017cycie prostym uczynisz.<\/span><\/strong><br style=\"color: #37404e; font-family: 'lucida grande', tahoma, verdana, arial, sans-serif; font-size: 12.800000190734863px; line-height: 18px;\" \/><br style=\"color: #37404e; font-family: 'lucida grande', tahoma, verdana, arial, sans-serif; font-size: 12.800000190734863px; line-height: 18px;\" \/><span style=\"color: #37404e; font-family: 'lucida grande', tahoma, verdana, arial, sans-serif; font-size: 12.800000190734863px; line-height: 18px;\">Elen Elijah&nbsp;<br style=\"color: #37404e; font-family: 'lucida grande', tahoma, verdana, arial, sans-serif; font-size: 12.800000190734863px; line-height: 18px;\" \/><span style=\"color: #37404e; font-family: 'lucida grande', tahoma, verdana, arial, sans-serif; font-size: 12.800000190734863px; line-height: 18px;\">Z ksi\u0105\u017cki &#8222;Z Mi\u0142o\u015bci Serca &#8211; przypowie\u015bci, opowie\u015bci i m\u0105dro\u015bci Ducha.&#8221;<br style=\"color: #37404e; font-family: 'lucida grande', tahoma, verdana, arial, sans-serif; font-size: 12.800000190734863px; line-height: 18px;\" \/><a href=\"..\/instytut\/ksiazki\/przypowiesci-ducha\" rel=\"nofollow noopener noreferrer\" target=\"_blank\" style=\"color: #3b5998; cursor: pointer; font-family: 'lucida grande', tahoma, verdana, arial, sans-serif; font-size: 12.800000190734863px; line-height: 18px;\">http:\/\/www.epokaserca.pl\/instytut\/ksiazki\/przypowiesci-ducha<\/a><\/span><\/span><\/span><\/span><\/p>\n<p>&nbsp;<\/p>\n<p><span style=\"color: #000000;\"><\/span><\/p>\n<p style=\"margin-top: 10px; padding: 0px; line-height: 1.5em; color: #a7a998; font-family: Tahoma, Arial, Helvetica, sans-serif; font-size: 13px;\"><span style=\"margin: 0px; padding: 0px; color: #800000; font-family: 'lucida grande', tahoma, verdana, arial, sans-serif; font-size: 10pt; line-height: 18px;\">ZAPRASZAM na WARSZTATY, tym razem wyjazdowe \/nie na skypie\/.<\/span><\/p>\n<p><span style=\"color: #000000;\"><\/span><\/p>\n<p style=\"margin-top: 10px; padding: 0px; line-height: 1.5em; color: #a7a998; font-family: Tahoma, Arial, Helvetica, sans-serif; font-size: 13px;\"><span style=\"margin: 0px; padding: 0px; color: #800000; font-family: 'lucida grande', tahoma, verdana, arial, sans-serif; font-size: 10pt; line-height: 18px;\"><span style=\"margin: 0px; padding: 0px; font-size: 12pt;\"><strong style=\"margin: 0px; padding: 0px;\">I.<\/strong><\/span><\/span><\/p>\n<p><span style=\"color: #000000;\"><\/span><\/p>\n<p style=\"margin-top: 10px; padding: 0px; line-height: 1.5em; color: #a7a998; font-family: Tahoma, Arial, Helvetica, sans-serif; font-size: 13px;\"><span style=\"margin: 0px; padding: 0px; color: #800000; font-family: 'lucida grande', tahoma, verdana, arial, sans-serif; font-size: 10pt; line-height: 18px;\"><span style=\"margin: 0px; padding: 0px; font-size: 12pt;\"><strong style=\"margin: 0px; padding: 0px;\">Termin 1-4 maja 2014<\/strong>, miejsce&nbsp;<span style=\"margin: 0px; padding: 0px; color: #800000;\"><a href=\"http:\/\/hotelgorski.pl\/jak-trafic.html\" rel=\"nofollow noopener noreferrer\" target=\"_blank\" style=\"color: #3b5998; font-size: 12.800000190734863px; text-decoration: underline; outline-width: 0px; cursor: pointer;\"><span style=\"margin: 0px; padding: 0px; color: #800000;\">http:\/\/hotelgorski.pl\/jak-trafic.html<\/span><\/a><span style=\"margin: 0px; padding: 0px; font-family: 'lucida grande', tahoma, verdana, arial, sans-serif; font-size: 12.800000190734863px; line-height: 18px;\">&nbsp;<\/span><\/span><\/span><\/span><\/p>\n<p><span style=\"color: #000000;\"><\/span><\/p>\n<p style=\"padding: 0px; text-align: justify;\"><span style=\"margin: 0px; padding: 0px; color: #800000; font-family: 'lucida grande', tahoma, verdana, arial, sans-serif; font-size: 12.800000190734863px; line-height: 18px;\"><span style=\"margin: 0px; padding: 0px; font-size: 12.800000190734863px;\"><span style=\"margin: 0px; padding: 0px; font-size: 12.800000190734863px;\">poci\u0105giem mo\u017cna dojecha\u0107 do Bystrzycy K\u0142odzkiej ,autobusem do Stronia \u015al. jest mo\u017cliwo\u015b\u0107. Kuchni<span class=\"text_exposed_show\" style=\"margin: 0px; padding: 0px; display: inline; font-size: 12.800000190734863px;\">a wegetaria\u0144ska, \u015bniadanie \/ bufet\/ , obiadokolacja. Mo\u017cna przyjecha\u0107 30 kwietnia b\u0119dzie &nbsp;obiadokolacja &#8211; odjazd &nbsp;4 maja &nbsp;po po\u0142udniu godz.18.<br style=\"margin: 0px; padding: 0px;\" \/><strong style=\"margin: 0px; padding: 0px;\">Koszt pobytu 255 z\u0142 + 400 warsztaty<\/strong>. Zapisy i zaliczki do ko\u0144ca marca.<\/span><\/span><\/span><\/span><\/p>\n<p><span style=\"color: #000000;\"><\/span><\/p>\n<p style=\"margin-top: 10px; padding: 0px; line-height: 1.5em; color: #a7a998; font-family: Tahoma, Arial, Helvetica, sans-serif; font-size: 13px;\"><span style=\"margin: 0px; padding: 0px; font-size: 12pt;\"><strong style=\"margin: 0px; padding: 0px;\"><span style=\"margin: 0px; padding: 0px; color: #800000;\">II.<\/span><\/strong><\/span><\/p>\n<p><span style=\"color: #000000;\"><\/span><\/p>\n<p style=\"margin-top: 10px; padding: 0px; line-height: 1.5em; color: #a7a998; font-family: Tahoma, Arial, Helvetica, sans-serif; font-size: 13px;\"><span style=\"margin: 0px; padding: 0px; font-size: 12pt;\"><strong style=\"margin: 0px; padding: 0px;\"><span style=\"margin: 0px; padding: 0px; color: #800000;\">Termin 19-22 czerwca 2014&nbsp;<\/span><\/strong>&nbsp;<span style=\"margin: 0px; padding: 0px; color: #800000;\"><a href=\"http:\/\/www.agrozmyslona.republika.pl\/\" rel=\"nofollow noopener noreferrer\" target=\"_blank\" style=\"color: #3b5998; font-size: 12.800000190734863px; text-decoration: underline; outline-width: 0px; cursor: pointer; font-family: 'lucida grande', tahoma, verdana, arial, sans-serif; line-height: 18px;\"><span style=\"margin: 0px; padding: 0px; color: #800000;\">http:\/<span class=\"text_exposed_show\" style=\"margin: 0px; padding: 0px; display: inline;\">\/www.agrozmyslona.republika.pl\/<\/span><\/span><\/a><span class=\"text_exposed_show\" style=\"margin: 0px; padding: 0px; display: inline; font-family: 'lucida grande', tahoma, verdana, arial, sans-serif; font-size: 12.800000190734863px; line-height: 18px;\">&nbsp;<\/span><\/span><\/span><\/p>\n<p><span style=\"color: #000000;\"><\/span><\/p>\n<p style=\"margin-top: 10px; padding: 0px; line-height: 1.5em; color: #a7a998; font-family: Tahoma, Arial, Helvetica, sans-serif; font-size: 13px;\"><span style=\"margin: 0px; padding: 0px; font-size: 12pt;\"><span style=\"margin: 0px; padding: 0px; color: #800000;\"><span class=\"text_exposed_show\" style=\"margin: 0px; padding: 0px; display: inline; font-family: 'lucida grande', tahoma, verdana, arial, sans-serif; font-size: 12.800000190734863px; line-height: 18px;\">wie\u015b Zmy\u015blona gm. Siemkowice, pow.paj\u0119cza\u0144ski, centralna Polska.<\/span><\/span><\/span><\/p>\n<p><span style=\"color: #000000;\"><\/span><\/p>\n<p style=\"margin-top: 10px; padding: 0px; line-height: 1.5em; color: #a7a998; font-family: Tahoma, Arial, Helvetica, sans-serif; font-size: 13px;\"><span style=\"margin: 0px; padding: 0px; font-size: 12pt;\"><span style=\"margin: 0px; padding: 0px; color: #800000;\"><span class=\"text_exposed_show\" style=\"margin: 0px; padding: 0px; display: inline; font-family: 'lucida grande', tahoma, verdana, arial, sans-serif; font-size: 12.800000190734863px; line-height: 18px;\"><strong style=\"margin: 0px; padding: 0px;\"><span style=\"margin: 0px; padding: 0px; font-size: 12pt;\"><span class=\"text_exposed_show\" style=\"margin: 0px; padding: 0px; display: inline; font-family: 'lucida grande', tahoma, verdana, arial, sans-serif; font-size: 12.800000190734863px; line-height: 18px; color: #800000;\">Koszt pobytu 240 z\u0142 + 400 z\u0142 warsztaty<span style=\"margin: 0px; padding: 0px; color: #800000;\"><span class=\"text_exposed_show\" style=\"margin: 0px; padding: 0px; display: inline; font-family: 'lucida grande', tahoma, verdana, arial, sans-serif; font-size: 12.800000190734863px; line-height: 18px;\">.&nbsp;<\/span><\/span><\/span><\/span><\/strong><span style=\"margin: 0px; padding: 0px; font-size: 12pt;\"><span style=\"margin: 0px; padding: 0px; color: #800000;\"><span class=\"text_exposed_show\" style=\"margin: 0px; padding: 0px; display: inline; font-family: 'lucida grande', tahoma, verdana, arial, sans-serif; font-size: 12.800000190734863px; line-height: 18px;\">Zapisy i zaliczki do ko\u0144ca marca.<\/span><\/span><\/span><\/span><\/span><\/span><\/p>\n<p><span style=\"color: #000000;\"><\/span><\/p>\n<p><span style=\"color: #000000;\">NOWE WARSZTATY<\/span><\/p>\n<p><span style=\"color: #000000;\">Uzdrawianie translacyjne to praca ze \u015bwiadomo\u015bci\u0105, w kt\u00f3rej stare programy, wzorce, poprzez u\u015bwiadomienie i przemienienie &#8211; przestaj\u0105 dzia\u0142a\u0107.&nbsp;<\/span><br \/><span style=\"color: #000000;\">To wa\u017cna praca, ale pr\u00f3cz \u015bwiadomo\u015bci jest jeszcze \u015bwi\u0105tynia, nasze cia\u0142o, w kt\u00f3rej nasz Duch przebywa. Zebra\u0142o ono sporo zak\u0142\u00f3ce\u0144, a teraz w czasie intensywnej pracy transformuj\u0105cej mentalnej i emocjonalnej potrzebuje uporz\u0105dkowania.<\/span><\/p>\n","protected":false},"author":1,"featured_media":0,"comment_status":"open","ping_status":"open","sticky":false,"template":"","format":"standard","meta":{"footnotes":""},"categories":[5],"tags":[],"class_list":{"0":"post-860","1":"post","2":"type-post","3":"status-publish","4":"format-standard","6":"category-aktualnosci","7":"czr-hentry"},"yoast_head":"<!-- This site is optimized with the Yoast SEO plugin v26.8 - https:\/\/yoast.com\/product\/yoast-seo-wordpress\/ -->\n<title>5 MARCA 2014 - Aktualno\u015bci<\/title>\n<meta name=\"robots\" content=\"index, follow, max-snippet:-1, max-image-preview:large, max-video-preview:-1\" \/>\n<link rel=\"canonical\" href=\"https:\/\/epokaserca.pl\/aktualnosci\/5-marca-2014\/\" \/>\n<meta property=\"og:locale\" content=\"pl_PL\" \/>\n<meta property=\"og:type\" content=\"article\" \/>\n<meta property=\"og:title\" content=\"5 MARCA 2014 - Aktualno\u015bci\" \/>\n<meta property=\"og:description\" content=\"&nbsp; M\u0104DRO\u015aCI DUCHASkomplikowanie \u017cycia bierze si\u0119 ze skomplikowania cz\u0142owieka. Gdy prostot\u0105 si\u0119 staniesz, \u017cycie prostym uczynisz.Elen Elijah&nbsp;Z ksi\u0105\u017cki &quot;Z Mi\u0142o\u015bci Serca - przypowie\u015bci, opowie\u015bci i m\u0105dro\u015bci Ducha.&quot;http:\/\/www.epokaserca.pl\/instytut\/ksiazki\/przypowiesci-ducha &nbsp; ZAPRASZAM na WARSZTATY, tym razem wyjazdowe \/nie na skypie\/. I. Termin 1-4 maja 2014, miejsce&nbsp;http:\/\/hotelgorski.pl\/jak-trafic.html&nbsp; poci\u0105giem mo\u017cna dojecha\u0107 do Bystrzycy K\u0142odzkiej ,autobusem do Stronia \u015al. jest mo\u017cliwo\u015b\u0107. Kuchnia wegetaria\u0144ska, \u015bniadanie \/ bufet\/ , obiadokolacja. Mo\u017cna przyjecha\u0107 30 kwietnia b\u0119dzie &nbsp;obiadokolacja - odjazd &nbsp;4 maja &nbsp;po po\u0142udniu godz.18.Koszt pobytu 255 z\u0142 + 400 warsztaty. Zapisy i zaliczki do ko\u0144ca marca. II. Termin 19-22 czerwca 2014&nbsp;&nbsp;http:\/\/www.agrozmyslona.republika.pl\/&nbsp; wie\u015b Zmy\u015blona gm. Siemkowice, pow.paj\u0119cza\u0144ski, centralna Polska. Koszt pobytu 240 z\u0142 + 400 z\u0142 warsztaty.&nbsp;Zapisy i zaliczki do ko\u0144ca marca. NOWE WARSZTATY Uzdrawianie translacyjne to praca ze \u015bwiadomo\u015bci\u0105, w kt\u00f3rej stare programy, wzorce, poprzez u\u015bwiadomienie i przemienienie - przestaj\u0105 dzia\u0142a\u0107.&nbsp;To wa\u017cna praca, ale pr\u00f3cz \u015bwiadomo\u015bci jest jeszcze \u015bwi\u0105tynia, nasze cia\u0142o, w kt\u00f3rej nasz Duch przebywa. Zebra\u0142o ono sporo zak\u0142\u00f3ce\u0144, a teraz w czasie intensywnej pracy transformuj\u0105cej mentalnej i emocjonalnej potrzebuje uporz\u0105dkowania.\" \/>\n<meta property=\"og:url\" content=\"https:\/\/epokaserca.pl\/aktualnosci\/5-marca-2014\/\" \/>\n<meta property=\"og:site_name\" content=\"Aktualno\u015bci\" \/>\n<meta property=\"article:published_time\" content=\"2014-03-05T12:30:21+00:00\" \/>\n<meta name=\"author\" content=\"admin\" \/>\n<meta name=\"twitter:card\" content=\"summary_large_image\" \/>\n<meta name=\"twitter:label1\" content=\"Napisane przez\" \/>\n\t<meta name=\"twitter:data1\" content=\"admin\" \/>\n\t<meta name=\"twitter:label2\" content=\"Szacowany czas czytania\" \/>\n\t<meta name=\"twitter:data2\" content=\"1 minuta\" \/>\n<script type=\"application\/ld+json\" class=\"yoast-schema-graph\">{\"@context\":\"https:\/\/schema.org\",\"@graph\":[{\"@type\":\"Article\",\"@id\":\"https:\/\/epokaserca.pl\/aktualnosci\/5-marca-2014\/#article\",\"isPartOf\":{\"@id\":\"https:\/\/epokaserca.pl\/aktualnosci\/5-marca-2014\/\"},\"author\":{\"name\":\"admin\",\"@id\":\"https:\/\/epokaserca.pl\/aktualnosci\/#\/schema\/person\/f87215bc4f757d15c7321145cbabc434\"},\"headline\":\"5 MARCA 2014\",\"datePublished\":\"2014-03-05T12:30:21+00:00\",\"mainEntityOfPage\":{\"@id\":\"https:\/\/epokaserca.pl\/aktualnosci\/5-marca-2014\/\"},\"wordCount\":159,\"commentCount\":0,\"articleSection\":[\"Aktualno\u015bci\"],\"inLanguage\":\"pl-PL\",\"potentialAction\":[{\"@type\":\"CommentAction\",\"name\":\"Comment\",\"target\":[\"https:\/\/epokaserca.pl\/aktualnosci\/5-marca-2014\/#respond\"]}]},{\"@type\":\"WebPage\",\"@id\":\"https:\/\/epokaserca.pl\/aktualnosci\/5-marca-2014\/\",\"url\":\"https:\/\/epokaserca.pl\/aktualnosci\/5-marca-2014\/\",\"name\":\"5 MARCA 2014 - Aktualno\u015bci\",\"isPartOf\":{\"@id\":\"https:\/\/epokaserca.pl\/aktualnosci\/#website\"},\"datePublished\":\"2014-03-05T12:30:21+00:00\",\"author\":{\"@id\":\"https:\/\/epokaserca.pl\/aktualnosci\/#\/schema\/person\/f87215bc4f757d15c7321145cbabc434\"},\"breadcrumb\":{\"@id\":\"https:\/\/epokaserca.pl\/aktualnosci\/5-marca-2014\/#breadcrumb\"},\"inLanguage\":\"pl-PL\",\"potentialAction\":[{\"@type\":\"ReadAction\",\"target\":[\"https:\/\/epokaserca.pl\/aktualnosci\/5-marca-2014\/\"]}]},{\"@type\":\"BreadcrumbList\",\"@id\":\"https:\/\/epokaserca.pl\/aktualnosci\/5-marca-2014\/#breadcrumb\",\"itemListElement\":[{\"@type\":\"ListItem\",\"position\":1,\"name\":\"Home\",\"item\":\"https:\/\/epokaserca.pl\/aktualnosci\/\"},{\"@type\":\"ListItem\",\"position\":2,\"name\":\"5 MARCA 2014\"}]},{\"@type\":\"WebSite\",\"@id\":\"https:\/\/epokaserca.pl\/aktualnosci\/#website\",\"url\":\"https:\/\/epokaserca.pl\/aktualnosci\/\",\"name\":\"Aktualno\u015bci\",\"description\":\"\",\"potentialAction\":[{\"@type\":\"SearchAction\",\"target\":{\"@type\":\"EntryPoint\",\"urlTemplate\":\"https:\/\/epokaserca.pl\/aktualnosci\/?s={search_term_string}\"},\"query-input\":{\"@type\":\"PropertyValueSpecification\",\"valueRequired\":true,\"valueName\":\"search_term_string\"}}],\"inLanguage\":\"pl-PL\"},{\"@type\":\"Person\",\"@id\":\"https:\/\/epokaserca.pl\/aktualnosci\/#\/schema\/person\/f87215bc4f757d15c7321145cbabc434\",\"name\":\"admin\",\"image\":{\"@type\":\"ImageObject\",\"inLanguage\":\"pl-PL\",\"@id\":\"https:\/\/epokaserca.pl\/aktualnosci\/#\/schema\/person\/image\/\",\"url\":\"https:\/\/secure.gravatar.com\/avatar\/8e51b30565ad99a9f8b25bd638d21cd1?s=96&d=mm&r=g\",\"contentUrl\":\"https:\/\/secure.gravatar.com\/avatar\/8e51b30565ad99a9f8b25bd638d21cd1?s=96&d=mm&r=g\",\"caption\":\"admin\"},\"url\":\"https:\/\/epokaserca.pl\/aktualnosci\/author\/admin\/\"}]}<\/script>\n<!-- \/ Yoast SEO plugin. -->","yoast_head_json":{"title":"5 MARCA 2014 - Aktualno\u015bci","robots":{"index":"index","follow":"follow","max-snippet":"max-snippet:-1","max-image-preview":"max-image-preview:large","max-video-preview":"max-video-preview:-1"},"canonical":"https:\/\/epokaserca.pl\/aktualnosci\/5-marca-2014\/","og_locale":"pl_PL","og_type":"article","og_title":"5 MARCA 2014 - Aktualno\u015bci","og_description":"&nbsp; M\u0104DRO\u015aCI DUCHASkomplikowanie \u017cycia bierze si\u0119 ze skomplikowania cz\u0142owieka. Gdy prostot\u0105 si\u0119 staniesz, \u017cycie prostym uczynisz.Elen Elijah&nbsp;Z ksi\u0105\u017cki \"Z Mi\u0142o\u015bci Serca - przypowie\u015bci, opowie\u015bci i m\u0105dro\u015bci Ducha.\"http:\/\/www.epokaserca.pl\/instytut\/ksiazki\/przypowiesci-ducha &nbsp; ZAPRASZAM na WARSZTATY, tym razem wyjazdowe \/nie na skypie\/. I. Termin 1-4 maja 2014, miejsce&nbsp;http:\/\/hotelgorski.pl\/jak-trafic.html&nbsp; poci\u0105giem mo\u017cna dojecha\u0107 do Bystrzycy K\u0142odzkiej ,autobusem do Stronia \u015al. jest mo\u017cliwo\u015b\u0107. Kuchnia wegetaria\u0144ska, \u015bniadanie \/ bufet\/ , obiadokolacja. Mo\u017cna przyjecha\u0107 30 kwietnia b\u0119dzie &nbsp;obiadokolacja - odjazd &nbsp;4 maja &nbsp;po po\u0142udniu godz.18.Koszt pobytu 255 z\u0142 + 400 warsztaty. Zapisy i zaliczki do ko\u0144ca marca. II. Termin 19-22 czerwca 2014&nbsp;&nbsp;http:\/\/www.agrozmyslona.republika.pl\/&nbsp; wie\u015b Zmy\u015blona gm. Siemkowice, pow.paj\u0119cza\u0144ski, centralna Polska. Koszt pobytu 240 z\u0142 + 400 z\u0142 warsztaty.&nbsp;Zapisy i zaliczki do ko\u0144ca marca. NOWE WARSZTATY Uzdrawianie translacyjne to praca ze \u015bwiadomo\u015bci\u0105, w kt\u00f3rej stare programy, wzorce, poprzez u\u015bwiadomienie i przemienienie - przestaj\u0105 dzia\u0142a\u0107.&nbsp;To wa\u017cna praca, ale pr\u00f3cz \u015bwiadomo\u015bci jest jeszcze \u015bwi\u0105tynia, nasze cia\u0142o, w kt\u00f3rej nasz Duch przebywa. Zebra\u0142o ono sporo zak\u0142\u00f3ce\u0144, a teraz w czasie intensywnej pracy transformuj\u0105cej mentalnej i emocjonalnej potrzebuje uporz\u0105dkowania.","og_url":"https:\/\/epokaserca.pl\/aktualnosci\/5-marca-2014\/","og_site_name":"Aktualno\u015bci","article_published_time":"2014-03-05T12:30:21+00:00","author":"admin","twitter_card":"summary_large_image","twitter_misc":{"Napisane przez":"admin","Szacowany czas czytania":"1 minuta"},"schema":{"@context":"https:\/\/schema.org","@graph":[{"@type":"Article","@id":"https:\/\/epokaserca.pl\/aktualnosci\/5-marca-2014\/#article","isPartOf":{"@id":"https:\/\/epokaserca.pl\/aktualnosci\/5-marca-2014\/"},"author":{"name":"admin","@id":"https:\/\/epokaserca.pl\/aktualnosci\/#\/schema\/person\/f87215bc4f757d15c7321145cbabc434"},"headline":"5 MARCA 2014","datePublished":"2014-03-05T12:30:21+00:00","mainEntityOfPage":{"@id":"https:\/\/epokaserca.pl\/aktualnosci\/5-marca-2014\/"},"wordCount":159,"commentCount":0,"articleSection":["Aktualno\u015bci"],"inLanguage":"pl-PL","potentialAction":[{"@type":"CommentAction","name":"Comment","target":["https:\/\/epokaserca.pl\/aktualnosci\/5-marca-2014\/#respond"]}]},{"@type":"WebPage","@id":"https:\/\/epokaserca.pl\/aktualnosci\/5-marca-2014\/","url":"https:\/\/epokaserca.pl\/aktualnosci\/5-marca-2014\/","name":"5 MARCA 2014 - Aktualno\u015bci","isPartOf":{"@id":"https:\/\/epokaserca.pl\/aktualnosci\/#website"},"datePublished":"2014-03-05T12:30:21+00:00","author":{"@id":"https:\/\/epokaserca.pl\/aktualnosci\/#\/schema\/person\/f87215bc4f757d15c7321145cbabc434"},"breadcrumb":{"@id":"https:\/\/epokaserca.pl\/aktualnosci\/5-marca-2014\/#breadcrumb"},"inLanguage":"pl-PL","potentialAction":[{"@type":"ReadAction","target":["https:\/\/epokaserca.pl\/aktualnosci\/5-marca-2014\/"]}]},{"@type":"BreadcrumbList","@id":"https:\/\/epokaserca.pl\/aktualnosci\/5-marca-2014\/#breadcrumb","itemListElement":[{"@type":"ListItem","position":1,"name":"Home","item":"https:\/\/epokaserca.pl\/aktualnosci\/"},{"@type":"ListItem","position":2,"name":"5 MARCA 2014"}]},{"@type":"WebSite","@id":"https:\/\/epokaserca.pl\/aktualnosci\/#website","url":"https:\/\/epokaserca.pl\/aktualnosci\/","name":"Aktualno\u015bci","description":"","potentialAction":[{"@type":"SearchAction","target":{"@type":"EntryPoint","urlTemplate":"https:\/\/epokaserca.pl\/aktualnosci\/?s={search_term_string}"},"query-input":{"@type":"PropertyValueSpecification","valueRequired":true,"valueName":"search_term_string"}}],"inLanguage":"pl-PL"},{"@type":"Person","@id":"https:\/\/epokaserca.pl\/aktualnosci\/#\/schema\/person\/f87215bc4f757d15c7321145cbabc434","name":"admin","image":{"@type":"ImageObject","inLanguage":"pl-PL","@id":"https:\/\/epokaserca.pl\/aktualnosci\/#\/schema\/person\/image\/","url":"https:\/\/secure.gravatar.com\/avatar\/8e51b30565ad99a9f8b25bd638d21cd1?s=96&d=mm&r=g","contentUrl":"https:\/\/secure.gravatar.com\/avatar\/8e51b30565ad99a9f8b25bd638d21cd1?s=96&d=mm&r=g","caption":"admin"},"url":"https:\/\/epokaserca.pl\/aktualnosci\/author\/admin\/"}]}},"_links":{"self":[{"href":"https:\/\/epokaserca.pl\/aktualnosci\/wp-json\/wp\/v2\/posts\/860","targetHints":{"allow":["GET"]}}],"collection":[{"href":"https:\/\/epokaserca.pl\/aktualnosci\/wp-json\/wp\/v2\/posts"}],"about":[{"href":"https:\/\/epokaserca.pl\/aktualnosci\/wp-json\/wp\/v2\/types\/post"}],"author":[{"embeddable":true,"href":"https:\/\/epokaserca.pl\/aktualnosci\/wp-json\/wp\/v2\/users\/1"}],"replies":[{"embeddable":true,"href":"https:\/\/epokaserca.pl\/aktualnosci\/wp-json\/wp\/v2\/comments?post=860"}],"version-history":[{"count":0,"href":"https:\/\/epokaserca.pl\/aktualnosci\/wp-json\/wp\/v2\/posts\/860\/revisions"}],"wp:attachment":[{"href":"https:\/\/epokaserca.pl\/aktualnosci\/wp-json\/wp\/v2\/media?parent=860"}],"wp:term":[{"taxonomy":"category","embeddable":true,"href":"https:\/\/epokaserca.pl\/aktualnosci\/wp-json\/wp\/v2\/categories?post=860"},{"taxonomy":"post_tag","embeddable":true,"href":"https:\/\/epokaserca.pl\/aktualnosci\/wp-json\/wp\/v2\/tags?post=860"}],"curies":[{"name":"wp","href":"https:\/\/api.w.org\/{rel}","templated":true}]}}