{"id":879,"date":"2014-04-19T15:21:05","date_gmt":"2014-04-19T15:21:05","guid":{"rendered":"https:\/\/epokaserca.pl\/aktualnosci\/index.php\/2014\/04\/19\/19-kwietnia-2014\/"},"modified":"2014-04-19T15:21:05","modified_gmt":"2014-04-19T15:21:05","slug":"19-kwietnia-2014","status":"publish","type":"post","link":"https:\/\/epokaserca.pl\/aktualnosci\/19-kwietnia-2014\/","title":{"rendered":"19 KWIETNIA 2014"},"content":{"rendered":"\n<p>&nbsp;<\/p>\n<p><span style=\"line-height: 1.3em;\">Dla wi\u0119kszo\u015bci te szczeg\u00f3lne dni Wielkiej Nocy, to rozpami\u0119tywanie m\u0119ki Jezusa i cho\u0107 przychodzi refleksja &#8211; dlaczego, co niesie, jak\u0105 m\u0105dro\u015b\u0107, nauk\u0119 -ukrzy\u017cowanie Chrystusa, wci\u0105\u017c skupiamy si\u0119 bardziej na cierpieniu, umartwiaj\u0105c si\u0119, pogr\u0105\u017caj\u0105c w zadumie, nast\u0119pnie radujemy &#8211; bo Jezus powr\u00f3ci\u0142 do \u017cywych.<\/span><\/p>\n<p>Jak bardzo zag\u0142\u0119biamy si\u0119 w prawdziwe przes\u0142anie ca\u0142ej idei zmartwychwstania? Chyba niewielu to czyni, cho\u0107 ju\u017c coraz wi\u0119cej, a przecie\u017c przekaz jest jasny, czytelny.&nbsp;<\/p>\n<p>POWSTA\u0143 Z MARTWYCH &#8211; i to jest mo\u017cliwe. Tak uczyni\u0142 Jezus, mo\u017ce zrobi\u0107 to r\u00f3wnie\u017c ka\u017cdy z nas.<br \/>Czy Jezus chcia\u0142 nam przekaza\u0107, sp\u00f3jrzcie &#8211; jestem synem Boga, potrafi\u0119 dokonywa\u0107 cud\u00f3w, jestem kim\u015b ponad wami? Nie! Przekaz Jezusa to droga, kt\u00f3ra szed\u0142.<\/p>\n<p>Jezus pokaza\u0142 nam drog\u0119 do zmartwychwstania. Ca\u0142e jego \u017cycie, to dla nas nauka MI-\u0141OWANIA. To nie pokaz nadprzyrodzonych mo\u017cliwo\u015bci wybra\u0144ca, lecz obraz, wz\u00f3r do na\u015bladowania.<br \/>Kim jeste\u015b cz\u0142owieku? Kim jeste\u015bmy, \u017ce uzurpujemy sobie prawo do zmartwychwstania?&nbsp;<\/p>\n<p>JAKO BOGI JESTE\u015aCIE, WY WSZYSCY JESTE\u015aCIE SYNAMI NAJWY\u017bSZEGO? Ps 82:6<\/p>\n<p>Jezus m\u00f3wi &#8211; wszyscy jeste\u015bmy r\u00f3wni, wszyscy mi\u0142o\u015bci\u0105, wszyscy dzie\u0107mi jednego Boga. Czym si\u0119 r\u00f3\u017cnimy? Czym odr\u00f3\u017cniamy od naszego NAUCZYCIELA, JEZUSA? Tylko tym, \u017ce On ju\u017c zmartwychwsta\u0142, a my?<\/p>\n<p>Ca\u0142e przes\u0142anie \u201e\u015bmierci\u201d Jezusa i Jego zmartwychwstania, to &#8211; ODDAJ SI\u0118 BOGU, ZAUFAJ, B\u0104D\u0179 MI\u0141O\u015aCI\u0104.<\/p>\n<p>Jezus wiedzia\u0142 doskonale, jakie jest przeznaczenie, wiedzia\u0142, co si\u0119 wydarzy. Przyj\u0105\u0142 swoj\u0105 drog\u0119 z pokor\u0105, mi\u0142o\u015bci\u0105, ufno\u015bci\u0105, wiedzia\u0142, \u017ce jest w tym wy\u017csza m\u0105dro\u015b\u0107.<br \/>Tak i my przyjmujmy swoj\u0105 drog\u0119, ufaj\u0105c w pe\u0142ni naszym Wy\u017cszym Ja\u017aniom, duszom, Bogu. Je\u015bli dostajemy co\u015b od losu, przypatrzmy si\u0119 temu spokojnie, zadajmy pytanie -czego ma nas to nauczy\u0107, wykonajmy zadanie, wyci\u0105gnijmy wnioski.&nbsp;<\/p>\n<p>Czy to oznacza, \u017ce nie mamy wolnej woli? Nie,&#8230; mamy j\u0105. Tw\u00f3rzmy w\u0142asne \u017cycie, r\u00f3bmy plany, d\u0105\u017cmy do ich realizacji, ale je\u015bli \u017cycie przyniesie nam w darze co\u015b innego, nie za\u0142amujmy si\u0119, nie rozpaczajmy. U\u015bmiechnijmy si\u0119, mrugnijmy okiem do \u201enieba\u201d i powiedzmy OK, rozumiem, przyjmuj\u0119 Wasz plan, dlaczego nie, Wy wiecie lepiej.<br \/>Post\u0119pujmy jak Jezus. Przyjmijmy przeznaczenie.<\/p>\n<p>Niech dzieje si\u0119 wola Twoja, nie moja.&nbsp;<\/p>\n<p>Cho\u0107 wszyscy jeste\u015bmy dzie\u0107mi Boga, \u017cyj\u0105c na ziemi jeste\u015bmy te\u017c w zapomnieniu swej mocy. Oddaj\u0105c si\u0119 z ufno\u015bci\u0105 w ramiona Ojca &#8211; doznamy ukojenia.<br \/>Otw\u00f3rzmy nasze serca, wznie\u015bmy g\u0142owy do g\u00f3ry i powiedzmy -NIECH DZIEJE SI\u0118 TWOJA WOLA OJCZE.&nbsp;<br \/>Oddajmy si\u0119 z ufno\u015bci\u0105 Bogu, to przynosi prawdziwe ukojenie, bo to tak, jakby\u015bmy znale\u017ali schronienie w najczulszych, najdro\u017cszych ramionach matki-ojca. To daje ukojenie i pewno\u015b\u0107 pod\u0105\u017cania s\u0142uszn\u0105 drog\u0105, przecie\u017c oddali\u015bmy swe \u017cycie najwy\u017cszej mi\u0142o\u015bci, m\u0105dro\u015bci, dobroci.<\/p>\n<p>Niech \u015awi\u0119ta Wielkanocne nie b\u0119d\u0105 gloryfikacj\u0105 cierpienia Jezusa, lecz przypomnieniem:<br \/>POWSTA\u0143 Z MARTWYCH, OBUD\u0179 SI\u0118, ZMARTWYCHWSTA\u0143.<\/p>\n<p>Powinni\u015bmy to robi\u0107 ka\u017cdego dnia, id\u0105c za s\u0142owami chyba \u015bw. Augustyna&nbsp;<br \/>KA\u017bDEGO DNIA UMIERAM, BY M\u00d3G\u0141 \u017bY\u0106 WE MNIE CHRYSTUS.<\/p>\n<p>To zdanie niech b\u0119dzie mottem dla poszukuj\u0105cych mi\u0142o\u015bci. Ka\u017cdy dzie\u0144 niech b\u0119dzie zmartwychwstaniem, przebudzeniem, porzuceniem tego, co jest zapomnieniem. Pozostawmy nasze ego, z jego l\u0119kami, obawami, z\u0142o\u015bci\u0105, nienawi\u015bci\u0105, zawi\u015bci\u0105, ma\u0142o\u015bci\u0105, pretensjami, niedowarto\u015bciowaniem, sk\u0105pstwem, zach\u0142anno\u015bci\u0105, pych\u0105, ob\u0142ud\u0105 itd. Niech to b\u0119dzie w\u0142a\u015bnie u m i e r a ni e i zr\u00f3bmy miejsce na \u015bwiat\u0142o, na mi\u0142o\u015b\u0107, na Chrystusa.<\/p>\n<p>KA\u017bDEGO DNIA UMIERAM, ABY M\u00d3G\u0141 \u017bY\u0106 WE MNIE CHRYSTUS,<br \/>czyli \u015bwiat\u0142o, mi\u0142o\u015b\u0107, m\u0105dro\u015b\u0107, pi\u0119kno, moc, pot\u0119g\u0105 i \u015bwiadomo\u015b\u0107 JA i M\u00d3J OJCIEC JEDNYM JESTE\u015aMY.<\/p>\n<p>Ka\u017cdego dnia przygl\u0105dajmy si\u0119 sobie i u\u015bmiercajmy nasze ma\u0142e zapomnienia, aby mog\u0142a \u017cy\u0107 w nas MI\u0141O\u015a\u0106.<\/p>\n<p>Zastan\u00f3wmy si\u0119 tutaj jeszcze nad post\u0119pkiem Judasza. Jezus wiedzia\u0142, jakie jest przeznaczenie. Wie, \u017ce zostanie zdradzony i skazany na \u015bmier\u0107. Musi dokona\u0107 si\u0119 przeznaczenie. Je\u015bli tak jest zapisane w ksi\u0119dze przeznaczenie, to Judasz jest tylko narz\u0119dziem w r\u0119kach opatrzno\u015bci. Czy Jezus w jaki\u015b spos\u00f3b pot\u0119pia go za to? Nie. Czy czujesz do niego z\u0142o\u015b\u0107, nienawi\u015b\u0107, czy ma \u017cal? Nie. Wie, \u017ce wszystko dzieje si\u0119 wed\u0142ug planu, a Judasz gra tylko rol\u0119 w teatrze \u017cycia. Tak i my, wyzb\u0105d\u017amy si\u0119 wszelkiej z\u0142o\u015bci, nienawi\u015bci, pretensji, bo to, co nas spotyka jest zapisane w naszym przeznaczeniu. Czy wszystko? Tak. Dop\u00f3ki nie staniemy si\u0119 w pe\u0142ni \u015bwiadomi swego duchowego pochodzenia i wewn\u0119trznej mocy, b\u0119dziemy do\u015bwiadczali. B\u0119dziemy gra\u0107 role w teatrze \u017cycia, inni b\u0119d\u0105 nam Judaszami wype\u0142niaj\u0105cymi swoje zadania, tak jak i my dla innych. Nie czujmy do nich nienawi\u015bci \u2013 pojmijmy lekcj\u0119, kt\u00f3r\u0105 przysz\u0142o im odegra\u0107, przyjmijmy nauk\u0119, aby nie dostawa\u0107 takich samych lekcji ponownie.<br \/>Pojmijmy r\u00f3wnie\u017c, \u017ce to nie B\u00f3g zsy\u0142a nam do\u015bwiadczenia dla naszej udr\u0119ki, lecz dopuszcza je na nasze \u017cyczenie, na \u017cyczenie naszych dusz, aby\u015bmy przyj\u0119li nauki, odkryli swe wewn\u0119trzne pi\u0119kno, blask, mi\u0142o\u015b\u0107, pot\u0119g\u0119.<\/p>\n<p>Je\u015bli do tej pory nie powsta\u0142a\u015b\/ \u0142e\u015b\/ ze \u015bwiata zmar\u0142ych, \u015bwiata zapomnienia MI\u0141O\u015aCI, czas ju\u017c ZMARTWYCHWSTA\u0106.. Rozejrzyj si\u0119 do doko\u0142a. \u015awiat, wraz z wiosn\u0105 budzi si\u0119 do nowego \u017cycia, daj\u0105c sygna\u0142 &#8211; czas pobudki. Jest pi\u0119knie, kolorowo, s\u0142oneczko cieplutko przygrzewa, ptaszki \u015bpiewaj\u0105 swoje trele, a\u017c chce si\u0119 \u017cy\u0107.<br \/>Mo\u017ce warto id\u0105c za podpowiedzi\u0105 naszej Matki Ziemi, przyrody, p\u00f3j\u015b\u0107 t\u0105 sam\u0105 drog\u0105 i postanowi\u0107:<br \/>OD DZI\u015a KA\u017bDEGO DNIA UMIERAM, ABY M\u00d3G\u0141 \u017bY\u0106 WE MNIE CHRYSTUS.<\/p>\n<p>Ja odnalaz\u0142am Jezusa, odnalaz\u0142am MI\u0141O\u015a\u0106, \u015aWIAT\u0141O, RADO\u015a\u0106 I TEGO WAM KOCHANI Z CA\u0141EGO SERCA \u017bYCZ\u0118 Z OKAZJI NADCHODZ\u0104CYCH \u015aWI\u0104T WIELKANOCNYCH.<\/p>\n<p>Niech ten czas b\u0119dzie nie tylko gloryfikowaniem historycznego Jezusa, jego \u015bmierci i zmartwychwstania, lecz niech b\u0119dzie prawdziwym ZMARTWYCHWSTANIEM Chrystusa prawdziwego, tego, kt\u00f3ry jest mi\u0142o\u015bci\u0105 i \u015bwiat\u0142em, tego, kt\u00f3ry jest w ka\u017cdym z Nas.<\/p>\n<p>Chrystus, nasz najwi\u0119kszy Nauczyciel Mi\u0142o\u015bci chcia\u0142\/chce\/, w\u0142a\u015bnie tego. To, dlatego przyszed\u0142 na Ziemi\u0119, to jego misja -przebudzenie ka\u017cdego z nas. Chcesz odda\u0107 mu ho\u0142d, chcesz okaza\u0107 mi\u0142o\u015b\u0107 \u2013<br \/>ZMARTWYCHWSTA\u0143.<\/p>\n<p>Zmartwychwstanie &#8211; to powo\u0142anie do \u017cycia tego co jest w nas, a co na chwilk\u0119 wycofa\u0142o si\u0119 ze \u015bwiata widzialnego. Zapomnieli\u015bmy, \u017ce jeste\u015bmy Mi\u0142o\u015bci\u0105 &#8211; teraz jest czas, aby to sobie przypomnie\u0107 i POWSTA\u0106 ze sny \u015aWIADOMO\u015aCI, sta\u0107 si\u0119 ponownie Chrystusem, tym &#8211; KTO ZBAWIA \u015aWIAT ze snu dualno\u015bci.<\/p>\n<p>W ka\u017cdym z nas jest Chrystus, to \u015bwiadomo\u015b\u0107 chrystusowa, to przestrze\u0144 serca i mi\u0142o\u015bci bezwarunkowej. Gdy zrozumiemy g\u0142\u0119bokie przes\u0142anie Jezusa, w kt\u00f3rym daje klucz do naszego wzrostu \u015bwiadomo\u015bci, w\u00f3wczas nie b\u0119dziemy musieli wielbi\u0107 postaci Jezusa, bo nie o to Jemu chodzi\u0142o, lecz uwielbimy czysto\u015b\u0107 serc, nasz\u0105 prawdziw\u0105 Istot\u0119 Duchow\u0105, w sobie i ka\u017cdym z ludzi, a w\u00f3wczas tradycja \u015bwi\u0105t odejdzie, gdy\u017c w ka\u017cdej chwili b\u0119dziemy celebrowa\u0107 i wielbi\u0107 mi\u0142o\u015b\u0107, wiosna w nas b\u0119dzie ca\u0142y czas i ca\u0142y czas rodzi\u0107 si\u0119 b\u0119dzie mi\u0142o\u015b\u0107, nieustannie. I nie b\u0119dzie to s\u0142odkie ciu\u0107kanie, a \u017cycie w rado\u015bci, wolno\u015bci, szcz\u0119\u015bciu i tworzeniu.&nbsp;<\/p>\n<p>&nbsp;<\/p>\n<p>&nbsp;<\/p>\n","protected":false},"excerpt":{"rendered":"<p style=\"text-align: center;\"><span style=\"color: #ff0000; font-family: 'lucida grande', tahoma, verdana, arial, sans-serif; font-size: 12.727272033691406px; line-height: 18px;\">KOCHANI &#8211; \u017cycz\u0119 Wam pe\u0142nych mi\u0142o\u015bci i \u015bwiat\u0142a, sp\u0119dzonych w gronie najbli\u017cszych Waszym sercom, <\/span><\/p>\n<p style=\"text-align: center;\"><span style=\"color: #ff0000; font-family: 'lucida grande', tahoma, verdana, arial, sans-serif; font-size: 12.727272033691406px; line-height: 18px;\">\u015aWI\u0104T POWSTANIA Z MARTWYCH <\/span><\/p>\n<p style=\"text-align: center;\"><span style=\"color: #ff0000; font-family: 'lucida grande', tahoma, verdana, arial, sans-serif; font-size: 12.727272033691406px; line-height: 18px;\">NASZYCH SERC I \u015aWIADOMO\u015aCI.<br style=\"color: #37404e; font-family: 'lucida grande', tahoma, verdana, arial, sans-serif; font-size: 12.727272033691406px; line-height: 18px;\" \/><i class=\"_4-k1 img sp_dk1d0b sx_4ca97d\" style=\"vertical-align: -3px; background-image: url('https:\/\/fbstatic-a.akamaihd.net\/rsrc.php\/v2\/y6\/r\/lmoraOs5zei.png'); display: inline-block; height: 16px; width: 16px; color: #37404e; font-family: 'lucida grande', tahoma, verdana, arial, sans-serif; font-size: 12.727272033691406px; line-height: 18px; background-position: -174px -98px; background-repeat: no-repeat no-repeat;\"><\/i><span style=\"font-family: 'lucida grande', tahoma, verdana, arial, sans-serif; font-size: 12.727272033691406px; line-height: 18px;\"><\/span><\/span><\/p>\n<p style=\"text-align: center;\"><span style=\"color: #ff0000; font-family: 'lucida grande', tahoma, verdana, arial, sans-serif; font-size: 12.727272033691406px; line-height: 18px;\"><span style=\"font-family: 'lucida grande', tahoma, verdana, arial, sans-serif; font-size: 12.727272033691406px; line-height: 18px;\">&nbsp;NIECH CHRYSTUS \u017bYJE JU\u017b W NAS NA WIECZNO\u015a\u0106&nbsp;<\/span><\/span><\/p>\n<p style=\"text-align: center;\">&nbsp;<\/p>\n<p style=\"text-align: center;\">&nbsp;<\/p>\n<p><span style=\"color: #37404e; font-family: 'lucida grande', tahoma, verdana, arial, sans-serif; font-size: 12.727272033691406px; line-height: 18px;\">KOCHANI &#8211; ZMARTWYCHWSTANIE i moje \u017cyczenia \u015bwi\u0105teczne.<br style=\"color: #37404e; font-family: 'lucida grande', tahoma, verdana, arial, sans-serif; font-size: 12.727272033691406px; line-height: 18px;\" \/><br style=\"color: #37404e; font-family: 'lucida grande', tahoma, verdana, arial, sans-serif; font-size: 12.727272033691406px; line-height: 18px;\" \/><span style=\"color: #37404e; font-family: 'lucida grande', tahoma, verdana, arial, sans-serif; font-size: 12.727272033691406px; line-height: 18px;\">Zbli\u017caj\u0105 si\u0119 \u015awi\u0119ta Wielkanocne, pami\u0105tka dnia Zmartwychwstania Chrystusa, to dla wielu czas na refleksj\u0119. Czy tylko te \u015bwi\u0105tecznie dni powinny by\u0107 momentem zatrzymania i zastanowi<span class=\"text_exposed_show\" style=\"display: inline; color: #37404e; font-family: 'lucida grande', tahoma, verdana, arial, sans-serif; font-size: 12.727272033691406px; line-height: 18px;\">enia nad sensem odrodzenia, zmartwychwstania, przebudzenia?<\/span><\/span><\/span><\/p>\n<p>&nbsp;<\/p>\n<p><img loading=\"lazy\" decoding=\"async\" class=\" size-full wp-image-878\" src=\"https:\/\/el.cgnk.pl\/wp-content\/uploads\/2014\/04\/10259734_10201977347978598_5538063589110121327_n.jpg\" width=\"200\" height=\"296\" alt=\"10259734_10201977347978598_5538063589110121327_n\" style=\"display: block; margin-left: auto; margin-right: auto;\" srcset=\"https:\/\/epokaserca.pl\/aktualnosci\/wp-content\/uploads\/2014\/04\/10259734_10201977347978598_5538063589110121327_n.jpg 270w, https:\/\/epokaserca.pl\/aktualnosci\/wp-content\/uploads\/2014\/04\/10259734_10201977347978598_5538063589110121327_n-203x300.jpg 203w\" sizes=\"auto, (max-width: 200px) 100vw, 200px\" \/><\/p>\n<p>&nbsp;<\/p>\n<p>Czy dobrze rozumiemy sens, przekaz, ide\u0119 zmartwychwstania?&nbsp;<\/p>\n","protected":false},"author":1,"featured_media":878,"comment_status":"open","ping_status":"open","sticky":false,"template":"","format":"standard","meta":{"footnotes":""},"categories":[5],"tags":[],"class_list":{"0":"post-879","1":"post","2":"type-post","3":"status-publish","4":"format-standard","5":"has-post-thumbnail","7":"category-aktualnosci","8":"czr-hentry"},"yoast_head":"<!-- This site is optimized with the Yoast SEO plugin v26.8 - https:\/\/yoast.com\/product\/yoast-seo-wordpress\/ -->\n<title>19 KWIETNIA 2014 - Aktualno\u015bci<\/title>\n<meta name=\"robots\" content=\"index, follow, max-snippet:-1, max-image-preview:large, max-video-preview:-1\" \/>\n<link rel=\"canonical\" href=\"https:\/\/epokaserca.pl\/aktualnosci\/19-kwietnia-2014\/\" \/>\n<meta property=\"og:locale\" content=\"pl_PL\" \/>\n<meta property=\"og:type\" content=\"article\" \/>\n<meta property=\"og:title\" content=\"19 KWIETNIA 2014 - Aktualno\u015bci\" \/>\n<meta property=\"og:description\" content=\"KOCHANI - \u017cycz\u0119 Wam pe\u0142nych mi\u0142o\u015bci i \u015bwiat\u0142a, sp\u0119dzonych w gronie najbli\u017cszych Waszym sercom, \u015aWI\u0104T POWSTANIA Z MARTWYCH NASZYCH SERC I \u015aWIADOMO\u015aCI. &nbsp;NIECH CHRYSTUS \u017bYJE JU\u017b W NAS NA WIECZNO\u015a\u0106&nbsp; &nbsp; &nbsp; KOCHANI - ZMARTWYCHWSTANIE i moje \u017cyczenia \u015bwi\u0105teczne.Zbli\u017caj\u0105 si\u0119 \u015awi\u0119ta Wielkanocne, pami\u0105tka dnia Zmartwychwstania Chrystusa, to dla wielu czas na refleksj\u0119. Czy tylko te \u015bwi\u0105tecznie dni powinny by\u0107 momentem zatrzymania i zastanowienia nad sensem odrodzenia, zmartwychwstania, przebudzenia? &nbsp; &nbsp; Czy dobrze rozumiemy sens, przekaz, ide\u0119 zmartwychwstania?&nbsp;\" \/>\n<meta property=\"og:url\" content=\"https:\/\/epokaserca.pl\/aktualnosci\/19-kwietnia-2014\/\" \/>\n<meta property=\"og:site_name\" content=\"Aktualno\u015bci\" \/>\n<meta property=\"article:published_time\" content=\"2014-04-19T15:21:05+00:00\" \/>\n<meta property=\"og:image\" content=\"https:\/\/epokaserca.pl\/aktualnosci\/wp-content\/uploads\/2014\/04\/10259734_10201977347978598_5538063589110121327_n.jpg\" \/>\n\t<meta property=\"og:image:width\" content=\"270\" \/>\n\t<meta property=\"og:image:height\" content=\"400\" \/>\n\t<meta property=\"og:image:type\" content=\"image\/jpeg\" \/>\n<meta name=\"author\" content=\"admin\" \/>\n<meta name=\"twitter:card\" content=\"summary_large_image\" \/>\n<meta name=\"twitter:label1\" content=\"Napisane przez\" \/>\n\t<meta name=\"twitter:data1\" content=\"admin\" \/>\n\t<meta name=\"twitter:label2\" content=\"Szacowany czas czytania\" \/>\n\t<meta name=\"twitter:data2\" content=\"6 minut\" \/>\n<script type=\"application\/ld+json\" class=\"yoast-schema-graph\">{\"@context\":\"https:\/\/schema.org\",\"@graph\":[{\"@type\":\"Article\",\"@id\":\"https:\/\/epokaserca.pl\/aktualnosci\/19-kwietnia-2014\/#article\",\"isPartOf\":{\"@id\":\"https:\/\/epokaserca.pl\/aktualnosci\/19-kwietnia-2014\/\"},\"author\":{\"name\":\"admin\",\"@id\":\"https:\/\/epokaserca.pl\/aktualnosci\/#\/schema\/person\/f87215bc4f757d15c7321145cbabc434\"},\"headline\":\"19 KWIETNIA 2014\",\"datePublished\":\"2014-04-19T15:21:05+00:00\",\"mainEntityOfPage\":{\"@id\":\"https:\/\/epokaserca.pl\/aktualnosci\/19-kwietnia-2014\/\"},\"wordCount\":1271,\"commentCount\":0,\"image\":{\"@id\":\"https:\/\/epokaserca.pl\/aktualnosci\/19-kwietnia-2014\/#primaryimage\"},\"thumbnailUrl\":\"https:\/\/epokaserca.pl\/aktualnosci\/wp-content\/uploads\/2014\/04\/10259734_10201977347978598_5538063589110121327_n.jpg\",\"articleSection\":[\"Aktualno\u015bci\"],\"inLanguage\":\"pl-PL\",\"potentialAction\":[{\"@type\":\"CommentAction\",\"name\":\"Comment\",\"target\":[\"https:\/\/epokaserca.pl\/aktualnosci\/19-kwietnia-2014\/#respond\"]}]},{\"@type\":\"WebPage\",\"@id\":\"https:\/\/epokaserca.pl\/aktualnosci\/19-kwietnia-2014\/\",\"url\":\"https:\/\/epokaserca.pl\/aktualnosci\/19-kwietnia-2014\/\",\"name\":\"19 KWIETNIA 2014 - Aktualno\u015bci\",\"isPartOf\":{\"@id\":\"https:\/\/epokaserca.pl\/aktualnosci\/#website\"},\"primaryImageOfPage\":{\"@id\":\"https:\/\/epokaserca.pl\/aktualnosci\/19-kwietnia-2014\/#primaryimage\"},\"image\":{\"@id\":\"https:\/\/epokaserca.pl\/aktualnosci\/19-kwietnia-2014\/#primaryimage\"},\"thumbnailUrl\":\"https:\/\/epokaserca.pl\/aktualnosci\/wp-content\/uploads\/2014\/04\/10259734_10201977347978598_5538063589110121327_n.jpg\",\"datePublished\":\"2014-04-19T15:21:05+00:00\",\"author\":{\"@id\":\"https:\/\/epokaserca.pl\/aktualnosci\/#\/schema\/person\/f87215bc4f757d15c7321145cbabc434\"},\"breadcrumb\":{\"@id\":\"https:\/\/epokaserca.pl\/aktualnosci\/19-kwietnia-2014\/#breadcrumb\"},\"inLanguage\":\"pl-PL\",\"potentialAction\":[{\"@type\":\"ReadAction\",\"target\":[\"https:\/\/epokaserca.pl\/aktualnosci\/19-kwietnia-2014\/\"]}]},{\"@type\":\"ImageObject\",\"inLanguage\":\"pl-PL\",\"@id\":\"https:\/\/epokaserca.pl\/aktualnosci\/19-kwietnia-2014\/#primaryimage\",\"url\":\"https:\/\/epokaserca.pl\/aktualnosci\/wp-content\/uploads\/2014\/04\/10259734_10201977347978598_5538063589110121327_n.jpg\",\"contentUrl\":\"https:\/\/epokaserca.pl\/aktualnosci\/wp-content\/uploads\/2014\/04\/10259734_10201977347978598_5538063589110121327_n.jpg\",\"width\":270,\"height\":400,\"caption\":\"10259734_10201977347978598_5538063589110121327_n\"},{\"@type\":\"BreadcrumbList\",\"@id\":\"https:\/\/epokaserca.pl\/aktualnosci\/19-kwietnia-2014\/#breadcrumb\",\"itemListElement\":[{\"@type\":\"ListItem\",\"position\":1,\"name\":\"Home\",\"item\":\"https:\/\/epokaserca.pl\/aktualnosci\/\"},{\"@type\":\"ListItem\",\"position\":2,\"name\":\"19 KWIETNIA 2014\"}]},{\"@type\":\"WebSite\",\"@id\":\"https:\/\/epokaserca.pl\/aktualnosci\/#website\",\"url\":\"https:\/\/epokaserca.pl\/aktualnosci\/\",\"name\":\"Aktualno\u015bci\",\"description\":\"\",\"potentialAction\":[{\"@type\":\"SearchAction\",\"target\":{\"@type\":\"EntryPoint\",\"urlTemplate\":\"https:\/\/epokaserca.pl\/aktualnosci\/?s={search_term_string}\"},\"query-input\":{\"@type\":\"PropertyValueSpecification\",\"valueRequired\":true,\"valueName\":\"search_term_string\"}}],\"inLanguage\":\"pl-PL\"},{\"@type\":\"Person\",\"@id\":\"https:\/\/epokaserca.pl\/aktualnosci\/#\/schema\/person\/f87215bc4f757d15c7321145cbabc434\",\"name\":\"admin\",\"image\":{\"@type\":\"ImageObject\",\"inLanguage\":\"pl-PL\",\"@id\":\"https:\/\/epokaserca.pl\/aktualnosci\/#\/schema\/person\/image\/\",\"url\":\"https:\/\/secure.gravatar.com\/avatar\/8e51b30565ad99a9f8b25bd638d21cd1?s=96&d=mm&r=g\",\"contentUrl\":\"https:\/\/secure.gravatar.com\/avatar\/8e51b30565ad99a9f8b25bd638d21cd1?s=96&d=mm&r=g\",\"caption\":\"admin\"},\"url\":\"https:\/\/epokaserca.pl\/aktualnosci\/author\/admin\/\"}]}<\/script>\n<!-- \/ Yoast SEO plugin. -->","yoast_head_json":{"title":"19 KWIETNIA 2014 - Aktualno\u015bci","robots":{"index":"index","follow":"follow","max-snippet":"max-snippet:-1","max-image-preview":"max-image-preview:large","max-video-preview":"max-video-preview:-1"},"canonical":"https:\/\/epokaserca.pl\/aktualnosci\/19-kwietnia-2014\/","og_locale":"pl_PL","og_type":"article","og_title":"19 KWIETNIA 2014 - Aktualno\u015bci","og_description":"KOCHANI - \u017cycz\u0119 Wam pe\u0142nych mi\u0142o\u015bci i \u015bwiat\u0142a, sp\u0119dzonych w gronie najbli\u017cszych Waszym sercom, \u015aWI\u0104T POWSTANIA Z MARTWYCH NASZYCH SERC I \u015aWIADOMO\u015aCI. &nbsp;NIECH CHRYSTUS \u017bYJE JU\u017b W NAS NA WIECZNO\u015a\u0106&nbsp; &nbsp; &nbsp; KOCHANI - ZMARTWYCHWSTANIE i moje \u017cyczenia \u015bwi\u0105teczne.Zbli\u017caj\u0105 si\u0119 \u015awi\u0119ta Wielkanocne, pami\u0105tka dnia Zmartwychwstania Chrystusa, to dla wielu czas na refleksj\u0119. Czy tylko te \u015bwi\u0105tecznie dni powinny by\u0107 momentem zatrzymania i zastanowienia nad sensem odrodzenia, zmartwychwstania, przebudzenia? &nbsp; &nbsp; Czy dobrze rozumiemy sens, przekaz, ide\u0119 zmartwychwstania?&nbsp;","og_url":"https:\/\/epokaserca.pl\/aktualnosci\/19-kwietnia-2014\/","og_site_name":"Aktualno\u015bci","article_published_time":"2014-04-19T15:21:05+00:00","og_image":[{"width":270,"height":400,"url":"https:\/\/epokaserca.pl\/aktualnosci\/wp-content\/uploads\/2014\/04\/10259734_10201977347978598_5538063589110121327_n.jpg","type":"image\/jpeg"}],"author":"admin","twitter_card":"summary_large_image","twitter_misc":{"Napisane przez":"admin","Szacowany czas czytania":"6 minut"},"schema":{"@context":"https:\/\/schema.org","@graph":[{"@type":"Article","@id":"https:\/\/epokaserca.pl\/aktualnosci\/19-kwietnia-2014\/#article","isPartOf":{"@id":"https:\/\/epokaserca.pl\/aktualnosci\/19-kwietnia-2014\/"},"author":{"name":"admin","@id":"https:\/\/epokaserca.pl\/aktualnosci\/#\/schema\/person\/f87215bc4f757d15c7321145cbabc434"},"headline":"19 KWIETNIA 2014","datePublished":"2014-04-19T15:21:05+00:00","mainEntityOfPage":{"@id":"https:\/\/epokaserca.pl\/aktualnosci\/19-kwietnia-2014\/"},"wordCount":1271,"commentCount":0,"image":{"@id":"https:\/\/epokaserca.pl\/aktualnosci\/19-kwietnia-2014\/#primaryimage"},"thumbnailUrl":"https:\/\/epokaserca.pl\/aktualnosci\/wp-content\/uploads\/2014\/04\/10259734_10201977347978598_5538063589110121327_n.jpg","articleSection":["Aktualno\u015bci"],"inLanguage":"pl-PL","potentialAction":[{"@type":"CommentAction","name":"Comment","target":["https:\/\/epokaserca.pl\/aktualnosci\/19-kwietnia-2014\/#respond"]}]},{"@type":"WebPage","@id":"https:\/\/epokaserca.pl\/aktualnosci\/19-kwietnia-2014\/","url":"https:\/\/epokaserca.pl\/aktualnosci\/19-kwietnia-2014\/","name":"19 KWIETNIA 2014 - Aktualno\u015bci","isPartOf":{"@id":"https:\/\/epokaserca.pl\/aktualnosci\/#website"},"primaryImageOfPage":{"@id":"https:\/\/epokaserca.pl\/aktualnosci\/19-kwietnia-2014\/#primaryimage"},"image":{"@id":"https:\/\/epokaserca.pl\/aktualnosci\/19-kwietnia-2014\/#primaryimage"},"thumbnailUrl":"https:\/\/epokaserca.pl\/aktualnosci\/wp-content\/uploads\/2014\/04\/10259734_10201977347978598_5538063589110121327_n.jpg","datePublished":"2014-04-19T15:21:05+00:00","author":{"@id":"https:\/\/epokaserca.pl\/aktualnosci\/#\/schema\/person\/f87215bc4f757d15c7321145cbabc434"},"breadcrumb":{"@id":"https:\/\/epokaserca.pl\/aktualnosci\/19-kwietnia-2014\/#breadcrumb"},"inLanguage":"pl-PL","potentialAction":[{"@type":"ReadAction","target":["https:\/\/epokaserca.pl\/aktualnosci\/19-kwietnia-2014\/"]}]},{"@type":"ImageObject","inLanguage":"pl-PL","@id":"https:\/\/epokaserca.pl\/aktualnosci\/19-kwietnia-2014\/#primaryimage","url":"https:\/\/epokaserca.pl\/aktualnosci\/wp-content\/uploads\/2014\/04\/10259734_10201977347978598_5538063589110121327_n.jpg","contentUrl":"https:\/\/epokaserca.pl\/aktualnosci\/wp-content\/uploads\/2014\/04\/10259734_10201977347978598_5538063589110121327_n.jpg","width":270,"height":400,"caption":"10259734_10201977347978598_5538063589110121327_n"},{"@type":"BreadcrumbList","@id":"https:\/\/epokaserca.pl\/aktualnosci\/19-kwietnia-2014\/#breadcrumb","itemListElement":[{"@type":"ListItem","position":1,"name":"Home","item":"https:\/\/epokaserca.pl\/aktualnosci\/"},{"@type":"ListItem","position":2,"name":"19 KWIETNIA 2014"}]},{"@type":"WebSite","@id":"https:\/\/epokaserca.pl\/aktualnosci\/#website","url":"https:\/\/epokaserca.pl\/aktualnosci\/","name":"Aktualno\u015bci","description":"","potentialAction":[{"@type":"SearchAction","target":{"@type":"EntryPoint","urlTemplate":"https:\/\/epokaserca.pl\/aktualnosci\/?s={search_term_string}"},"query-input":{"@type":"PropertyValueSpecification","valueRequired":true,"valueName":"search_term_string"}}],"inLanguage":"pl-PL"},{"@type":"Person","@id":"https:\/\/epokaserca.pl\/aktualnosci\/#\/schema\/person\/f87215bc4f757d15c7321145cbabc434","name":"admin","image":{"@type":"ImageObject","inLanguage":"pl-PL","@id":"https:\/\/epokaserca.pl\/aktualnosci\/#\/schema\/person\/image\/","url":"https:\/\/secure.gravatar.com\/avatar\/8e51b30565ad99a9f8b25bd638d21cd1?s=96&d=mm&r=g","contentUrl":"https:\/\/secure.gravatar.com\/avatar\/8e51b30565ad99a9f8b25bd638d21cd1?s=96&d=mm&r=g","caption":"admin"},"url":"https:\/\/epokaserca.pl\/aktualnosci\/author\/admin\/"}]}},"_links":{"self":[{"href":"https:\/\/epokaserca.pl\/aktualnosci\/wp-json\/wp\/v2\/posts\/879","targetHints":{"allow":["GET"]}}],"collection":[{"href":"https:\/\/epokaserca.pl\/aktualnosci\/wp-json\/wp\/v2\/posts"}],"about":[{"href":"https:\/\/epokaserca.pl\/aktualnosci\/wp-json\/wp\/v2\/types\/post"}],"author":[{"embeddable":true,"href":"https:\/\/epokaserca.pl\/aktualnosci\/wp-json\/wp\/v2\/users\/1"}],"replies":[{"embeddable":true,"href":"https:\/\/epokaserca.pl\/aktualnosci\/wp-json\/wp\/v2\/comments?post=879"}],"version-history":[{"count":0,"href":"https:\/\/epokaserca.pl\/aktualnosci\/wp-json\/wp\/v2\/posts\/879\/revisions"}],"wp:featuredmedia":[{"embeddable":true,"href":"https:\/\/epokaserca.pl\/aktualnosci\/wp-json\/wp\/v2\/media\/878"}],"wp:attachment":[{"href":"https:\/\/epokaserca.pl\/aktualnosci\/wp-json\/wp\/v2\/media?parent=879"}],"wp:term":[{"taxonomy":"category","embeddable":true,"href":"https:\/\/epokaserca.pl\/aktualnosci\/wp-json\/wp\/v2\/categories?post=879"},{"taxonomy":"post_tag","embeddable":true,"href":"https:\/\/epokaserca.pl\/aktualnosci\/wp-json\/wp\/v2\/tags?post=879"}],"curies":[{"name":"wp","href":"https:\/\/api.w.org\/{rel}","templated":true}]}}