{"id":881,"date":"2014-05-07T10:56:10","date_gmt":"2014-05-07T10:56:10","guid":{"rendered":"https:\/\/epokaserca.pl\/aktualnosci\/index.php\/2014\/05\/07\/7-maja-2014\/"},"modified":"2014-05-07T10:56:10","modified_gmt":"2014-05-07T10:56:10","slug":"7-maja-2014","status":"publish","type":"post","link":"https:\/\/epokaserca.pl\/aktualnosci\/7-maja-2014\/","title":{"rendered":"7 MAJA 2014"},"content":{"rendered":"<p><span style=\"color: #333333;\">KOCHANI &#8211; pierwsze warsztaty wyjazdowe w tym roku za nami, oto ma\u0142e sprawozdanie.&nbsp;<\/span><\/p>\n<p><span style=\"text-decoration: underline;\"><span style=\"color: #ff0000;\"><a href=\"..\/instytut\/warsztaty-i-wczasy\/warsztaty\/78-warsztaty-1-4-maja-2014-temat-praca-z-cialem\"><span style=\"color: #ff0000; text-decoration: underline;\">http:\/\/www.epokaserca.pl\/instytut\/warsztaty-i-wczasy\/warsztaty\/78-warsztaty-1-4-maja-2014-temat-praca-z-cialem<\/span><\/a><\/span><\/span><\/p>\n<p><strong><span style=\"color: #333333;\"><\/span><\/strong><\/p>\n<p><strong><span style=\"color: #333333;\"><\/span><\/strong><\/p>\n<p><span style=\"color: #333333;\">Nast\u0119pne warsztaty w czerwcu 19-22. 06.2014 Jeszcze mo\u017cna sie zapisa\u0107.<\/span><\/p>\n<p><span style=\"text-decoration: underline;\"><span style=\"color: #ff0000;\"><a href=\"..\/instytut\/warsztaty-i-wczasy\/warsztaty\"><span style=\"color: #ff0000; text-decoration: underline;\">http:\/\/www.epokaserca.pl\/instytut\/warsztaty-i-wczasy\/warsztaty<\/span><\/a><\/span><\/span><\/p>\n<p><span style=\"color: #333333;\"><\/span><\/p>\n<p><span style=\"color: #333333;\"><\/span><\/p>\n<p><span style=\"color: #333333;\"><\/span><\/p>\n<p><span style=\"color: #333333;\">Jest te\u017c plan warsztat\u00f3w na lipiec i sieprie\u0144.&nbsp;<\/span><\/p>\n<p><span style=\"text-decoration: underline;\"><span style=\"color: #ff0000;\"><a href=\"..\/instytut\/warsztaty-i-wczasy\/wczasy-duchowe\"><span style=\"color: #ff0000; text-decoration: underline;\">http:\/\/www.epokaserca.pl\/instytut\/warsztaty-i-wczasy\/wczasy-duchowe<\/span><\/a><\/span><\/span><\/p>\n<p><span style=\"color: #333333;\"><\/span><\/p>\n<p><span style=\"color: #333333;\"><\/span><\/p>\n<p><span style=\"color: #333333;\"><\/span><\/p>\n<p><span style=\"color: #333333;\"><\/span><\/p>\n<p><span style=\"color: #333333;\"><\/span><\/p>\n<p><span style=\"color: #333333;\"><\/span><\/p>\n<p><span style=\"color: #333333;\">SPE\u0141NIENIE<\/span><\/p>\n<p><span style=\"color: #37404e; font-family: Helvetica, Arial, 'lucida grande', tahoma, verdana, arial, sans-serif; font-size: 13.63636302947998px; line-height: 20px;\">Ta\u0144czy<br style=\"color: #37404e; font-family: Helvetica, Arial, 'lucida grande', tahoma, verdana, arial, sans-serif; font-size: 13.63636302947998px; line-height: 20px;\" \/><span style=\"color: #37404e; font-family: Helvetica, Arial, 'lucida grande', tahoma, verdana, arial, sans-serif; font-size: 13.63636302947998px; line-height: 20px;\">w s\u0142onecznej dolinie czas<br style=\"color: #37404e; font-family: Helvetica, Arial, 'lucida grande', tahoma, verdana, arial, sans-serif; font-size: 13.63636302947998px; line-height: 20px;\" \/><span style=\"color: #37404e; font-family: Helvetica, Arial, 'lucida grande', tahoma, verdana, arial, sans-serif; font-size: 13.63636302947998px; line-height: 20px;\">cho\u0107 poza czasem<br style=\"color: #37404e; font-family: Helvetica, Arial, 'lucida grande', tahoma, verdana, arial, sans-serif; font-size: 13.63636302947998px; line-height: 20px;\" \/><span style=\"color: #37404e; font-family: Helvetica, Arial, 'lucida grande', tahoma, verdana, arial, sans-serif; font-size: 13.63636302947998px; line-height: 20px;\">\u017cycie p\u0142ynie<span class=\"text_exposed_show\" style=\"display: inline; color: #37404e; font-family: Helvetica, Arial, 'lucida grande', tahoma, verdana, arial, sans-serif; font-size: 13.63636302947998px; line-height: 20px;\"><br \/>obejmuje ramionami \u015bwit<br \/>ten<br \/>co sobie nie ujmuje<br \/>wieczno\u015bci\u0105 \u017cycie mierzy<br \/>kto w swojej pe\u0142ni jest<br \/>w nim<br \/>jak w \u015bwiat\u0142o\u015bci<br \/>wszech\u015bwiat darzy<br \/>mi\u0142o\u015bci\u0105 ju\u017c wszystko jest<br \/>spoczywa w ciszy<br \/>mi\u0142o\u015b\u0107 ma<br \/>nic wi\u0119cej mi nie trzeba<br \/>wype\u0142ni\u0142 si\u0119&nbsp;<br \/>w\u0142asno\u015bci czas<br \/>pe\u0142ni\u0105 Istno\u015b\u0107 dojrzewa.<\/span><\/span><\/span><\/span><\/span><\/p>\n<p><span style=\"color: #37404e; font-family: Helvetica, Arial, 'lucida grande', tahoma, verdana, arial, sans-serif; font-size: 13.63636302947998px; line-height: 20px;\"><span style=\"color: #37404e; font-family: Helvetica, Arial, 'lucida grande', tahoma, verdana, arial, sans-serif; font-size: 13.63636302947998px; line-height: 20px;\"><span style=\"color: #37404e; font-family: Helvetica, Arial, 'lucida grande', tahoma, verdana, arial, sans-serif; font-size: 13.63636302947998px; line-height: 20px;\"><span style=\"color: #37404e; font-family: Helvetica, Arial, 'lucida grande', tahoma, verdana, arial, sans-serif; font-size: 13.63636302947998px; line-height: 20px;\"><span class=\"text_exposed_show\" style=\"display: inline; color: #37404e; font-family: Helvetica, Arial, 'lucida grande', tahoma, verdana, arial, sans-serif; font-size: 13.63636302947998px; line-height: 20px;\">Elen E.<\/span><\/span><\/span><\/span><\/span><\/p>\n<p>&nbsp;<\/p>\n<p>&nbsp;<\/p>\n<p>&nbsp;<\/p>\n<p>&nbsp;<\/p>\n<p>&nbsp;<\/p>\n<p>&nbsp;<\/p>\n<p>&nbsp;<\/p>\n","protected":false},"excerpt":{"rendered":"<p>KOCHANI &#8211; pierwsze warsztaty wyjazdowe w tym roku za nami, oto ma\u0142e sprawozdanie.&nbsp; http:\/\/www.epokaserca.pl\/instytut\/warsztaty-i-wczasy\/warsztaty\/78-warsztaty-1-4-maja-2014-temat-praca-z-cialem Nast\u0119pne warsztaty w czerwcu 19-22. 06.2014 Jeszcze mo\u017cna sie zapisa\u0107. http:\/\/www.epokaserca.pl\/instytut\/warsztaty-i-wczasy\/warsztaty Jest te\u017c plan warsztat\u00f3w na lipiec i sieprie\u0144.&nbsp; http:\/\/www.epokaserca.pl\/instytut\/warsztaty-i-wczasy\/wczasy-duchowe SPE\u0141NIENIE Ta\u0144czyw s\u0142onecznej dolinie czascho\u0107 poza czasem\u017cycie p\u0142ynieobejmuje ramionami \u015bwittenco sobie nie ujmujewieczno\u015bci\u0105 \u017cycie mierzykto w swojej pe\u0142ni jestw nimjak w [&hellip;]<\/p>\n","protected":false},"author":1,"featured_media":0,"comment_status":"open","ping_status":"open","sticky":false,"template":"","format":"standard","meta":{"footnotes":""},"categories":[5],"tags":[],"class_list":{"0":"post-881","1":"post","2":"type-post","3":"status-publish","4":"format-standard","6":"category-aktualnosci","7":"czr-hentry"},"yoast_head":"<!-- This site is optimized with the Yoast SEO plugin v26.8 - https:\/\/yoast.com\/product\/yoast-seo-wordpress\/ -->\n<title>7 MAJA 2014 - Aktualno\u015bci<\/title>\n<meta name=\"robots\" content=\"index, follow, max-snippet:-1, max-image-preview:large, max-video-preview:-1\" \/>\n<link rel=\"canonical\" href=\"https:\/\/epokaserca.pl\/aktualnosci\/7-maja-2014\/\" \/>\n<meta property=\"og:locale\" content=\"pl_PL\" \/>\n<meta property=\"og:type\" content=\"article\" \/>\n<meta property=\"og:title\" content=\"7 MAJA 2014 - Aktualno\u015bci\" \/>\n<meta property=\"og:description\" content=\"KOCHANI &#8211; pierwsze warsztaty wyjazdowe w tym roku za nami, oto ma\u0142e sprawozdanie.&nbsp; http:\/\/www.epokaserca.pl\/instytut\/warsztaty-i-wczasy\/warsztaty\/78-warsztaty-1-4-maja-2014-temat-praca-z-cialem Nast\u0119pne warsztaty w czerwcu 19-22. 06.2014 Jeszcze mo\u017cna sie zapisa\u0107. http:\/\/www.epokaserca.pl\/instytut\/warsztaty-i-wczasy\/warsztaty Jest te\u017c plan warsztat\u00f3w na lipiec i sieprie\u0144.&nbsp; http:\/\/www.epokaserca.pl\/instytut\/warsztaty-i-wczasy\/wczasy-duchowe SPE\u0141NIENIE Ta\u0144czyw s\u0142onecznej dolinie czascho\u0107 poza czasem\u017cycie p\u0142ynieobejmuje ramionami \u015bwittenco sobie nie ujmujewieczno\u015bci\u0105 \u017cycie mierzykto w swojej pe\u0142ni jestw nimjak w [&hellip;]\" \/>\n<meta property=\"og:url\" content=\"https:\/\/epokaserca.pl\/aktualnosci\/7-maja-2014\/\" \/>\n<meta property=\"og:site_name\" content=\"Aktualno\u015bci\" \/>\n<meta property=\"article:published_time\" content=\"2014-05-07T10:56:10+00:00\" \/>\n<meta name=\"author\" content=\"admin\" \/>\n<meta name=\"twitter:card\" content=\"summary_large_image\" \/>\n<meta name=\"twitter:label1\" content=\"Napisane przez\" \/>\n\t<meta name=\"twitter:data1\" content=\"admin\" \/>\n\t<meta name=\"twitter:label2\" content=\"Szacowany czas czytania\" \/>\n\t<meta name=\"twitter:data2\" content=\"1 minuta\" \/>\n<script type=\"application\/ld+json\" class=\"yoast-schema-graph\">{\"@context\":\"https:\/\/schema.org\",\"@graph\":[{\"@type\":\"Article\",\"@id\":\"https:\/\/epokaserca.pl\/aktualnosci\/7-maja-2014\/#article\",\"isPartOf\":{\"@id\":\"https:\/\/epokaserca.pl\/aktualnosci\/7-maja-2014\/\"},\"author\":{\"name\":\"admin\",\"@id\":\"https:\/\/epokaserca.pl\/aktualnosci\/#\/schema\/person\/f87215bc4f757d15c7321145cbabc434\"},\"headline\":\"7 MAJA 2014\",\"datePublished\":\"2014-05-07T10:56:10+00:00\",\"mainEntityOfPage\":{\"@id\":\"https:\/\/epokaserca.pl\/aktualnosci\/7-maja-2014\/\"},\"wordCount\":131,\"commentCount\":0,\"articleSection\":[\"Aktualno\u015bci\"],\"inLanguage\":\"pl-PL\",\"potentialAction\":[{\"@type\":\"CommentAction\",\"name\":\"Comment\",\"target\":[\"https:\/\/epokaserca.pl\/aktualnosci\/7-maja-2014\/#respond\"]}]},{\"@type\":\"WebPage\",\"@id\":\"https:\/\/epokaserca.pl\/aktualnosci\/7-maja-2014\/\",\"url\":\"https:\/\/epokaserca.pl\/aktualnosci\/7-maja-2014\/\",\"name\":\"7 MAJA 2014 - Aktualno\u015bci\",\"isPartOf\":{\"@id\":\"https:\/\/epokaserca.pl\/aktualnosci\/#website\"},\"datePublished\":\"2014-05-07T10:56:10+00:00\",\"author\":{\"@id\":\"https:\/\/epokaserca.pl\/aktualnosci\/#\/schema\/person\/f87215bc4f757d15c7321145cbabc434\"},\"breadcrumb\":{\"@id\":\"https:\/\/epokaserca.pl\/aktualnosci\/7-maja-2014\/#breadcrumb\"},\"inLanguage\":\"pl-PL\",\"potentialAction\":[{\"@type\":\"ReadAction\",\"target\":[\"https:\/\/epokaserca.pl\/aktualnosci\/7-maja-2014\/\"]}]},{\"@type\":\"BreadcrumbList\",\"@id\":\"https:\/\/epokaserca.pl\/aktualnosci\/7-maja-2014\/#breadcrumb\",\"itemListElement\":[{\"@type\":\"ListItem\",\"position\":1,\"name\":\"Home\",\"item\":\"https:\/\/epokaserca.pl\/aktualnosci\/\"},{\"@type\":\"ListItem\",\"position\":2,\"name\":\"7 MAJA 2014\"}]},{\"@type\":\"WebSite\",\"@id\":\"https:\/\/epokaserca.pl\/aktualnosci\/#website\",\"url\":\"https:\/\/epokaserca.pl\/aktualnosci\/\",\"name\":\"Aktualno\u015bci\",\"description\":\"\",\"potentialAction\":[{\"@type\":\"SearchAction\",\"target\":{\"@type\":\"EntryPoint\",\"urlTemplate\":\"https:\/\/epokaserca.pl\/aktualnosci\/?s={search_term_string}\"},\"query-input\":{\"@type\":\"PropertyValueSpecification\",\"valueRequired\":true,\"valueName\":\"search_term_string\"}}],\"inLanguage\":\"pl-PL\"},{\"@type\":\"Person\",\"@id\":\"https:\/\/epokaserca.pl\/aktualnosci\/#\/schema\/person\/f87215bc4f757d15c7321145cbabc434\",\"name\":\"admin\",\"image\":{\"@type\":\"ImageObject\",\"inLanguage\":\"pl-PL\",\"@id\":\"https:\/\/epokaserca.pl\/aktualnosci\/#\/schema\/person\/image\/\",\"url\":\"https:\/\/secure.gravatar.com\/avatar\/8e51b30565ad99a9f8b25bd638d21cd1?s=96&d=mm&r=g\",\"contentUrl\":\"https:\/\/secure.gravatar.com\/avatar\/8e51b30565ad99a9f8b25bd638d21cd1?s=96&d=mm&r=g\",\"caption\":\"admin\"},\"url\":\"https:\/\/epokaserca.pl\/aktualnosci\/author\/admin\/\"}]}<\/script>\n<!-- \/ Yoast SEO plugin. -->","yoast_head_json":{"title":"7 MAJA 2014 - Aktualno\u015bci","robots":{"index":"index","follow":"follow","max-snippet":"max-snippet:-1","max-image-preview":"max-image-preview:large","max-video-preview":"max-video-preview:-1"},"canonical":"https:\/\/epokaserca.pl\/aktualnosci\/7-maja-2014\/","og_locale":"pl_PL","og_type":"article","og_title":"7 MAJA 2014 - Aktualno\u015bci","og_description":"KOCHANI &#8211; pierwsze warsztaty wyjazdowe w tym roku za nami, oto ma\u0142e sprawozdanie.&nbsp; http:\/\/www.epokaserca.pl\/instytut\/warsztaty-i-wczasy\/warsztaty\/78-warsztaty-1-4-maja-2014-temat-praca-z-cialem Nast\u0119pne warsztaty w czerwcu 19-22. 06.2014 Jeszcze mo\u017cna sie zapisa\u0107. http:\/\/www.epokaserca.pl\/instytut\/warsztaty-i-wczasy\/warsztaty Jest te\u017c plan warsztat\u00f3w na lipiec i sieprie\u0144.&nbsp; http:\/\/www.epokaserca.pl\/instytut\/warsztaty-i-wczasy\/wczasy-duchowe SPE\u0141NIENIE Ta\u0144czyw s\u0142onecznej dolinie czascho\u0107 poza czasem\u017cycie p\u0142ynieobejmuje ramionami \u015bwittenco sobie nie ujmujewieczno\u015bci\u0105 \u017cycie mierzykto w swojej pe\u0142ni jestw nimjak w [&hellip;]","og_url":"https:\/\/epokaserca.pl\/aktualnosci\/7-maja-2014\/","og_site_name":"Aktualno\u015bci","article_published_time":"2014-05-07T10:56:10+00:00","author":"admin","twitter_card":"summary_large_image","twitter_misc":{"Napisane przez":"admin","Szacowany czas czytania":"1 minuta"},"schema":{"@context":"https:\/\/schema.org","@graph":[{"@type":"Article","@id":"https:\/\/epokaserca.pl\/aktualnosci\/7-maja-2014\/#article","isPartOf":{"@id":"https:\/\/epokaserca.pl\/aktualnosci\/7-maja-2014\/"},"author":{"name":"admin","@id":"https:\/\/epokaserca.pl\/aktualnosci\/#\/schema\/person\/f87215bc4f757d15c7321145cbabc434"},"headline":"7 MAJA 2014","datePublished":"2014-05-07T10:56:10+00:00","mainEntityOfPage":{"@id":"https:\/\/epokaserca.pl\/aktualnosci\/7-maja-2014\/"},"wordCount":131,"commentCount":0,"articleSection":["Aktualno\u015bci"],"inLanguage":"pl-PL","potentialAction":[{"@type":"CommentAction","name":"Comment","target":["https:\/\/epokaserca.pl\/aktualnosci\/7-maja-2014\/#respond"]}]},{"@type":"WebPage","@id":"https:\/\/epokaserca.pl\/aktualnosci\/7-maja-2014\/","url":"https:\/\/epokaserca.pl\/aktualnosci\/7-maja-2014\/","name":"7 MAJA 2014 - Aktualno\u015bci","isPartOf":{"@id":"https:\/\/epokaserca.pl\/aktualnosci\/#website"},"datePublished":"2014-05-07T10:56:10+00:00","author":{"@id":"https:\/\/epokaserca.pl\/aktualnosci\/#\/schema\/person\/f87215bc4f757d15c7321145cbabc434"},"breadcrumb":{"@id":"https:\/\/epokaserca.pl\/aktualnosci\/7-maja-2014\/#breadcrumb"},"inLanguage":"pl-PL","potentialAction":[{"@type":"ReadAction","target":["https:\/\/epokaserca.pl\/aktualnosci\/7-maja-2014\/"]}]},{"@type":"BreadcrumbList","@id":"https:\/\/epokaserca.pl\/aktualnosci\/7-maja-2014\/#breadcrumb","itemListElement":[{"@type":"ListItem","position":1,"name":"Home","item":"https:\/\/epokaserca.pl\/aktualnosci\/"},{"@type":"ListItem","position":2,"name":"7 MAJA 2014"}]},{"@type":"WebSite","@id":"https:\/\/epokaserca.pl\/aktualnosci\/#website","url":"https:\/\/epokaserca.pl\/aktualnosci\/","name":"Aktualno\u015bci","description":"","potentialAction":[{"@type":"SearchAction","target":{"@type":"EntryPoint","urlTemplate":"https:\/\/epokaserca.pl\/aktualnosci\/?s={search_term_string}"},"query-input":{"@type":"PropertyValueSpecification","valueRequired":true,"valueName":"search_term_string"}}],"inLanguage":"pl-PL"},{"@type":"Person","@id":"https:\/\/epokaserca.pl\/aktualnosci\/#\/schema\/person\/f87215bc4f757d15c7321145cbabc434","name":"admin","image":{"@type":"ImageObject","inLanguage":"pl-PL","@id":"https:\/\/epokaserca.pl\/aktualnosci\/#\/schema\/person\/image\/","url":"https:\/\/secure.gravatar.com\/avatar\/8e51b30565ad99a9f8b25bd638d21cd1?s=96&d=mm&r=g","contentUrl":"https:\/\/secure.gravatar.com\/avatar\/8e51b30565ad99a9f8b25bd638d21cd1?s=96&d=mm&r=g","caption":"admin"},"url":"https:\/\/epokaserca.pl\/aktualnosci\/author\/admin\/"}]}},"_links":{"self":[{"href":"https:\/\/epokaserca.pl\/aktualnosci\/wp-json\/wp\/v2\/posts\/881","targetHints":{"allow":["GET"]}}],"collection":[{"href":"https:\/\/epokaserca.pl\/aktualnosci\/wp-json\/wp\/v2\/posts"}],"about":[{"href":"https:\/\/epokaserca.pl\/aktualnosci\/wp-json\/wp\/v2\/types\/post"}],"author":[{"embeddable":true,"href":"https:\/\/epokaserca.pl\/aktualnosci\/wp-json\/wp\/v2\/users\/1"}],"replies":[{"embeddable":true,"href":"https:\/\/epokaserca.pl\/aktualnosci\/wp-json\/wp\/v2\/comments?post=881"}],"version-history":[{"count":0,"href":"https:\/\/epokaserca.pl\/aktualnosci\/wp-json\/wp\/v2\/posts\/881\/revisions"}],"wp:attachment":[{"href":"https:\/\/epokaserca.pl\/aktualnosci\/wp-json\/wp\/v2\/media?parent=881"}],"wp:term":[{"taxonomy":"category","embeddable":true,"href":"https:\/\/epokaserca.pl\/aktualnosci\/wp-json\/wp\/v2\/categories?post=881"},{"taxonomy":"post_tag","embeddable":true,"href":"https:\/\/epokaserca.pl\/aktualnosci\/wp-json\/wp\/v2\/tags?post=881"}],"curies":[{"name":"wp","href":"https:\/\/api.w.org\/{rel}","templated":true}]}}