{"id":944,"date":"2014-09-25T15:44:11","date_gmt":"2014-09-25T15:44:11","guid":{"rendered":"https:\/\/epokaserca.pl\/aktualnosci\/index.php\/2014\/09\/25\/26-wrzesnia-2014-a\/"},"modified":"2014-09-25T15:44:11","modified_gmt":"2014-09-25T15:44:11","slug":"26-wrzesnia-2014-a","status":"publish","type":"post","link":"https:\/\/epokaserca.pl\/aktualnosci\/26-wrzesnia-2014-a\/","title":{"rendered":"26 WRZE\u015aNIA 2014\/a"},"content":{"rendered":"\n<p style=\"margin-top: 6px; margin-bottom: 6px; color: #141823; font-family: Helvetica, Arial, 'lucida grande', tahoma, verdana, arial, sans-serif; font-size: 13.63636302948px; line-height: 17.5636348724365px;\">&nbsp;<\/p>\n<p style=\"margin-top: 6px; margin-bottom: 6px; color: #141823; font-family: Helvetica, Arial, 'lucida grande', tahoma, verdana, arial, sans-serif; font-size: 13.63636302948px; line-height: 17.5636348724365px;\"><span style=\"font-size: 13.63636302948px; line-height: 17.5636348724365px;\">Nie mia\u0142am w planach tych zaj\u0119\u0107, ale poddana woli &#8222;G\u00f3ry&#8221; zezwalaj\u0105ca na prowadzenie &#8211; oczywi\u015bcie zaproponowa\u0142am temat poprzednim absolwentom i zg\u0142osili si\u0119 Ci, kt\u00f3rzy gotowi s\u0105 na t\u0119 wy\u017cej wibracyjn\u0105 prac\u0119.<\/span><\/p>\n<p style=\"margin-top: 6px; margin-bottom: 6px; color: #141823; font-family: Helvetica, Arial, 'lucida grande', tahoma, verdana, arial, sans-serif; font-size: 13.63636302948px; line-height: 17.5636348724365px;\">Poj\u0119cia nie mia\u0142am co b\u0119dzie si\u0119 dzi<span class=\"text_exposed_show\" style=\"display: inline;\">a\u0142o, nie przygotowuj\u0119 si\u0119 wcze\u015bniej, materia\u0142 sam p\u0142ynie z Ducha i cz\u0119sto dla mnie jest r\u00f3wnie\u017c niespodziank\u0105.<\/span><\/p>\n<div class=\"text_exposed_show\" style=\"display: inline; color: #141823; font-family: Helvetica, Arial, 'lucida grande', tahoma, verdana, arial, sans-serif; font-size: 13.63636302948px; line-height: 17.5636348724365px;\">\n<p style=\"margin-bottom: 6px;\">I zadzia\u0142o si\u0119 pi\u0119knie, bardzo pi\u0119knie.<br \/>Nie zdradz\u0119 programu, bo jak nam powiedziano, nie ka\u017cdy jest got\u00f3w zrozumie\u0107, przyj\u0105\u0107 i w\u0142a\u015bciwe wykorzysta\u0107 t\u0119 wiedz\u0119 &#8211; kiedy\u015b zwan\u0105 tajemn\u0105, dlatego zg\u0142osi\u0142y sie tylko osoby, kt\u00f3rych dusze uzna\u0142y gotowo\u015b\u0107.<\/p>\n<p style=\"margin-top: 6px; margin-bottom: 6px;\">Pi\u0119knie by\u0142o i b\u0119dzie jeszcze ciekawej .<br \/>Zacz\u0119li\u015bmy od przyj\u0119cia olejku &#8211; Archanielskiego- Nak\u0142adanie Piecz\u0119ci \u015awiat\u0142a &#8211; Marysi Przyby\u0142owicz &#8211; \/dzia\u0142a pi\u0119knie na odleg\u0142o\u015b\u0107\/, kt\u00f3ry uruchomi\u0142 przep\u0142yw w\u0142a\u015bciwej dla naszej pracy energii.<\/p>\n<p style=\"margin-top: 6px; margin-bottom: 6px;\">Kocham t\u0119 prac\u0119, bo dzieje si\u0119 tyle niezwyk\u0142ych rzeczy.<\/p>\n<p style=\"margin-top: 6px; margin-bottom: 6px;\">No i wczoraj zajecia roku pierwszego. Z pewno\u015bci\u0105 sporo wiedzy i zm\u0119czenie, ale to tylko na pocz\u0105tku, wszak potrzeba nam gotowych i \u015bwiadomych dusz w tym niezwyk\u0142ym kosmicznym czasie TRANSMUTACJI.<\/p>\n<p style=\"margin-top: 6px; margin-bottom: 6px;\">Uwielbiam t\u0119 mo\u017cliwo\u015b\u0107 zezwalania, aby p\u0142yn\u0119\u0142a wiedza i m\u0105dro\u015b\u0107 wszech\u015bwiata i przybiera\u0142a form\u0119 ludzkiej komunikacji. Im wi\u0119ksza otwarto\u015b\u0107 tym pe\u0142niejszy powr\u00f3t do SIEBIE jako kosmicznej nieograniczonej \u015bwiadomo\u015bci. Rozczytywanie kod\u00f3w \u015bwiat\u0142a &#8211; dla mnie to najpi\u0119kniejsza sprawa w tym \u015bwiecie.<br \/>Nadano \/ sami to zrobili\u015bmy\/ tajemnic\u0119, aby\u015bmy j\u0105 krok po kroku rozszyfrowywali. Wspania\u0142a zabawa. &nbsp;<\/p>\n<p> <\/p>\n<p style=\"margin-top: 6px; margin-bottom: 6px;\">&nbsp;<\/p>\n<\/p><\/div>\n","protected":false},"excerpt":{"rendered":"<p style=\"margin-bottom: 6px; color: #141823; font-family: Helvetica, Arial, 'lucida grande', tahoma, verdana, arial, sans-serif; font-size: 13.63636302948px; line-height: 17.5636348724365px;\">KOCHANI &#8211; mamy za sob\u0105 pierwsze zaj\u0119cia II roku Uniwersytetu Wirtualnego &#8211; temat przewodni &#8211; &#8222;Przysz\u0142a pora na wzniesienie i podr\u00f3\u017c poza czas. \u015awiat\u0142o\u015b\u0107 w nas czeka na manifestacj\u0119&#8221; &nbsp; &nbsp;<\/p>\n<p style=\"margin-top: 6px; margin-bottom: 6px; color: #141823; font-family: Helvetica, Arial, 'lucida grande', tahoma, verdana, arial, sans-serif; font-size: 13.63636302948px; line-height: 17.5636348724365px;\">Drugi rok zaj\u0119\u0107 &#8211; to praca z energi\u0105 Archanio\u0142\u00f3w.&nbsp;<\/p>\n","protected":false},"author":1,"featured_media":0,"comment_status":"open","ping_status":"open","sticky":false,"template":"","format":"standard","meta":{"footnotes":""},"categories":[5],"tags":[],"class_list":{"0":"post-944","1":"post","2":"type-post","3":"status-publish","4":"format-standard","6":"category-aktualnosci","7":"czr-hentry"},"yoast_head":"<!-- This site is optimized with the Yoast SEO plugin v26.8 - https:\/\/yoast.com\/product\/yoast-seo-wordpress\/ -->\n<title>26 WRZE\u015aNIA 2014\/a - Aktualno\u015bci<\/title>\n<meta name=\"robots\" content=\"index, follow, max-snippet:-1, max-image-preview:large, max-video-preview:-1\" \/>\n<link rel=\"canonical\" href=\"https:\/\/epokaserca.pl\/aktualnosci\/26-wrzesnia-2014-a\/\" \/>\n<meta property=\"og:locale\" content=\"pl_PL\" \/>\n<meta property=\"og:type\" content=\"article\" \/>\n<meta property=\"og:title\" content=\"26 WRZE\u015aNIA 2014\/a - Aktualno\u015bci\" \/>\n<meta property=\"og:description\" content=\"KOCHANI - mamy za sob\u0105 pierwsze zaj\u0119cia II roku Uniwersytetu Wirtualnego - temat przewodni - &quot;Przysz\u0142a pora na wzniesienie i podr\u00f3\u017c poza czas. \u015awiat\u0142o\u015b\u0107 w nas czeka na manifestacj\u0119&quot; &nbsp; &nbsp; Drugi rok zaj\u0119\u0107 - to praca z energi\u0105 Archanio\u0142\u00f3w.&nbsp;\" \/>\n<meta property=\"og:url\" content=\"https:\/\/epokaserca.pl\/aktualnosci\/26-wrzesnia-2014-a\/\" \/>\n<meta property=\"og:site_name\" content=\"Aktualno\u015bci\" \/>\n<meta property=\"article:published_time\" content=\"2014-09-25T15:44:11+00:00\" \/>\n<meta name=\"author\" content=\"admin\" \/>\n<meta name=\"twitter:card\" content=\"summary_large_image\" \/>\n<meta name=\"twitter:label1\" content=\"Napisane przez\" \/>\n\t<meta name=\"twitter:data1\" content=\"admin\" \/>\n\t<meta name=\"twitter:label2\" content=\"Szacowany czas czytania\" \/>\n\t<meta name=\"twitter:data2\" content=\"1 minuta\" \/>\n<script type=\"application\/ld+json\" class=\"yoast-schema-graph\">{\"@context\":\"https:\/\/schema.org\",\"@graph\":[{\"@type\":\"Article\",\"@id\":\"https:\/\/epokaserca.pl\/aktualnosci\/26-wrzesnia-2014-a\/#article\",\"isPartOf\":{\"@id\":\"https:\/\/epokaserca.pl\/aktualnosci\/26-wrzesnia-2014-a\/\"},\"author\":{\"name\":\"admin\",\"@id\":\"https:\/\/epokaserca.pl\/aktualnosci\/#\/schema\/person\/f87215bc4f757d15c7321145cbabc434\"},\"headline\":\"26 WRZE\u015aNIA 2014\/a\",\"datePublished\":\"2014-09-25T15:44:11+00:00\",\"mainEntityOfPage\":{\"@id\":\"https:\/\/epokaserca.pl\/aktualnosci\/26-wrzesnia-2014-a\/\"},\"wordCount\":284,\"commentCount\":0,\"articleSection\":[\"Aktualno\u015bci\"],\"inLanguage\":\"pl-PL\",\"potentialAction\":[{\"@type\":\"CommentAction\",\"name\":\"Comment\",\"target\":[\"https:\/\/epokaserca.pl\/aktualnosci\/26-wrzesnia-2014-a\/#respond\"]}]},{\"@type\":\"WebPage\",\"@id\":\"https:\/\/epokaserca.pl\/aktualnosci\/26-wrzesnia-2014-a\/\",\"url\":\"https:\/\/epokaserca.pl\/aktualnosci\/26-wrzesnia-2014-a\/\",\"name\":\"26 WRZE\u015aNIA 2014\/a - Aktualno\u015bci\",\"isPartOf\":{\"@id\":\"https:\/\/epokaserca.pl\/aktualnosci\/#website\"},\"datePublished\":\"2014-09-25T15:44:11+00:00\",\"author\":{\"@id\":\"https:\/\/epokaserca.pl\/aktualnosci\/#\/schema\/person\/f87215bc4f757d15c7321145cbabc434\"},\"breadcrumb\":{\"@id\":\"https:\/\/epokaserca.pl\/aktualnosci\/26-wrzesnia-2014-a\/#breadcrumb\"},\"inLanguage\":\"pl-PL\",\"potentialAction\":[{\"@type\":\"ReadAction\",\"target\":[\"https:\/\/epokaserca.pl\/aktualnosci\/26-wrzesnia-2014-a\/\"]}]},{\"@type\":\"BreadcrumbList\",\"@id\":\"https:\/\/epokaserca.pl\/aktualnosci\/26-wrzesnia-2014-a\/#breadcrumb\",\"itemListElement\":[{\"@type\":\"ListItem\",\"position\":1,\"name\":\"Home\",\"item\":\"https:\/\/epokaserca.pl\/aktualnosci\/\"},{\"@type\":\"ListItem\",\"position\":2,\"name\":\"26 WRZE\u015aNIA 2014\/a\"}]},{\"@type\":\"WebSite\",\"@id\":\"https:\/\/epokaserca.pl\/aktualnosci\/#website\",\"url\":\"https:\/\/epokaserca.pl\/aktualnosci\/\",\"name\":\"Aktualno\u015bci\",\"description\":\"\",\"potentialAction\":[{\"@type\":\"SearchAction\",\"target\":{\"@type\":\"EntryPoint\",\"urlTemplate\":\"https:\/\/epokaserca.pl\/aktualnosci\/?s={search_term_string}\"},\"query-input\":{\"@type\":\"PropertyValueSpecification\",\"valueRequired\":true,\"valueName\":\"search_term_string\"}}],\"inLanguage\":\"pl-PL\"},{\"@type\":\"Person\",\"@id\":\"https:\/\/epokaserca.pl\/aktualnosci\/#\/schema\/person\/f87215bc4f757d15c7321145cbabc434\",\"name\":\"admin\",\"image\":{\"@type\":\"ImageObject\",\"inLanguage\":\"pl-PL\",\"@id\":\"https:\/\/epokaserca.pl\/aktualnosci\/#\/schema\/person\/image\/\",\"url\":\"https:\/\/secure.gravatar.com\/avatar\/8e51b30565ad99a9f8b25bd638d21cd1?s=96&d=mm&r=g\",\"contentUrl\":\"https:\/\/secure.gravatar.com\/avatar\/8e51b30565ad99a9f8b25bd638d21cd1?s=96&d=mm&r=g\",\"caption\":\"admin\"},\"url\":\"https:\/\/epokaserca.pl\/aktualnosci\/author\/admin\/\"}]}<\/script>\n<!-- \/ Yoast SEO plugin. -->","yoast_head_json":{"title":"26 WRZE\u015aNIA 2014\/a - Aktualno\u015bci","robots":{"index":"index","follow":"follow","max-snippet":"max-snippet:-1","max-image-preview":"max-image-preview:large","max-video-preview":"max-video-preview:-1"},"canonical":"https:\/\/epokaserca.pl\/aktualnosci\/26-wrzesnia-2014-a\/","og_locale":"pl_PL","og_type":"article","og_title":"26 WRZE\u015aNIA 2014\/a - Aktualno\u015bci","og_description":"KOCHANI - mamy za sob\u0105 pierwsze zaj\u0119cia II roku Uniwersytetu Wirtualnego - temat przewodni - \"Przysz\u0142a pora na wzniesienie i podr\u00f3\u017c poza czas. \u015awiat\u0142o\u015b\u0107 w nas czeka na manifestacj\u0119\" &nbsp; &nbsp; Drugi rok zaj\u0119\u0107 - to praca z energi\u0105 Archanio\u0142\u00f3w.&nbsp;","og_url":"https:\/\/epokaserca.pl\/aktualnosci\/26-wrzesnia-2014-a\/","og_site_name":"Aktualno\u015bci","article_published_time":"2014-09-25T15:44:11+00:00","author":"admin","twitter_card":"summary_large_image","twitter_misc":{"Napisane przez":"admin","Szacowany czas czytania":"1 minuta"},"schema":{"@context":"https:\/\/schema.org","@graph":[{"@type":"Article","@id":"https:\/\/epokaserca.pl\/aktualnosci\/26-wrzesnia-2014-a\/#article","isPartOf":{"@id":"https:\/\/epokaserca.pl\/aktualnosci\/26-wrzesnia-2014-a\/"},"author":{"name":"admin","@id":"https:\/\/epokaserca.pl\/aktualnosci\/#\/schema\/person\/f87215bc4f757d15c7321145cbabc434"},"headline":"26 WRZE\u015aNIA 2014\/a","datePublished":"2014-09-25T15:44:11+00:00","mainEntityOfPage":{"@id":"https:\/\/epokaserca.pl\/aktualnosci\/26-wrzesnia-2014-a\/"},"wordCount":284,"commentCount":0,"articleSection":["Aktualno\u015bci"],"inLanguage":"pl-PL","potentialAction":[{"@type":"CommentAction","name":"Comment","target":["https:\/\/epokaserca.pl\/aktualnosci\/26-wrzesnia-2014-a\/#respond"]}]},{"@type":"WebPage","@id":"https:\/\/epokaserca.pl\/aktualnosci\/26-wrzesnia-2014-a\/","url":"https:\/\/epokaserca.pl\/aktualnosci\/26-wrzesnia-2014-a\/","name":"26 WRZE\u015aNIA 2014\/a - Aktualno\u015bci","isPartOf":{"@id":"https:\/\/epokaserca.pl\/aktualnosci\/#website"},"datePublished":"2014-09-25T15:44:11+00:00","author":{"@id":"https:\/\/epokaserca.pl\/aktualnosci\/#\/schema\/person\/f87215bc4f757d15c7321145cbabc434"},"breadcrumb":{"@id":"https:\/\/epokaserca.pl\/aktualnosci\/26-wrzesnia-2014-a\/#breadcrumb"},"inLanguage":"pl-PL","potentialAction":[{"@type":"ReadAction","target":["https:\/\/epokaserca.pl\/aktualnosci\/26-wrzesnia-2014-a\/"]}]},{"@type":"BreadcrumbList","@id":"https:\/\/epokaserca.pl\/aktualnosci\/26-wrzesnia-2014-a\/#breadcrumb","itemListElement":[{"@type":"ListItem","position":1,"name":"Home","item":"https:\/\/epokaserca.pl\/aktualnosci\/"},{"@type":"ListItem","position":2,"name":"26 WRZE\u015aNIA 2014\/a"}]},{"@type":"WebSite","@id":"https:\/\/epokaserca.pl\/aktualnosci\/#website","url":"https:\/\/epokaserca.pl\/aktualnosci\/","name":"Aktualno\u015bci","description":"","potentialAction":[{"@type":"SearchAction","target":{"@type":"EntryPoint","urlTemplate":"https:\/\/epokaserca.pl\/aktualnosci\/?s={search_term_string}"},"query-input":{"@type":"PropertyValueSpecification","valueRequired":true,"valueName":"search_term_string"}}],"inLanguage":"pl-PL"},{"@type":"Person","@id":"https:\/\/epokaserca.pl\/aktualnosci\/#\/schema\/person\/f87215bc4f757d15c7321145cbabc434","name":"admin","image":{"@type":"ImageObject","inLanguage":"pl-PL","@id":"https:\/\/epokaserca.pl\/aktualnosci\/#\/schema\/person\/image\/","url":"https:\/\/secure.gravatar.com\/avatar\/8e51b30565ad99a9f8b25bd638d21cd1?s=96&d=mm&r=g","contentUrl":"https:\/\/secure.gravatar.com\/avatar\/8e51b30565ad99a9f8b25bd638d21cd1?s=96&d=mm&r=g","caption":"admin"},"url":"https:\/\/epokaserca.pl\/aktualnosci\/author\/admin\/"}]}},"_links":{"self":[{"href":"https:\/\/epokaserca.pl\/aktualnosci\/wp-json\/wp\/v2\/posts\/944","targetHints":{"allow":["GET"]}}],"collection":[{"href":"https:\/\/epokaserca.pl\/aktualnosci\/wp-json\/wp\/v2\/posts"}],"about":[{"href":"https:\/\/epokaserca.pl\/aktualnosci\/wp-json\/wp\/v2\/types\/post"}],"author":[{"embeddable":true,"href":"https:\/\/epokaserca.pl\/aktualnosci\/wp-json\/wp\/v2\/users\/1"}],"replies":[{"embeddable":true,"href":"https:\/\/epokaserca.pl\/aktualnosci\/wp-json\/wp\/v2\/comments?post=944"}],"version-history":[{"count":0,"href":"https:\/\/epokaserca.pl\/aktualnosci\/wp-json\/wp\/v2\/posts\/944\/revisions"}],"wp:attachment":[{"href":"https:\/\/epokaserca.pl\/aktualnosci\/wp-json\/wp\/v2\/media?parent=944"}],"wp:term":[{"taxonomy":"category","embeddable":true,"href":"https:\/\/epokaserca.pl\/aktualnosci\/wp-json\/wp\/v2\/categories?post=944"},{"taxonomy":"post_tag","embeddable":true,"href":"https:\/\/epokaserca.pl\/aktualnosci\/wp-json\/wp\/v2\/tags?post=944"}],"curies":[{"name":"wp","href":"https:\/\/api.w.org\/{rel}","templated":true}]}}