{"id":950,"date":"2014-09-29T18:59:51","date_gmt":"2014-09-29T18:59:51","guid":{"rendered":"https:\/\/epokaserca.pl\/aktualnosci\/index.php\/2014\/09\/29\/swiatlo-zawsze-silniejsze-jest-od-mroku\/"},"modified":"2014-09-29T18:59:51","modified_gmt":"2014-09-29T18:59:51","slug":"swiatlo-zawsze-silniejsze-jest-od-mroku","status":"publish","type":"post","link":"https:\/\/epokaserca.pl\/aktualnosci\/swiatlo-zawsze-silniejsze-jest-od-mroku\/","title":{"rendered":"SWIAT\u0141O ZAWSZE SILNIEJSZE JEST OD MROKU"},"content":{"rendered":"\n<p style=\"margin-bottom: 6px; color: #141823; font-family: Helvetica, Arial, 'lucida grande', tahoma, verdana, arial, sans-serif; font-size: 13.63636302948px; line-height: 17.5636348724365px;\">&nbsp;<\/p>\n<p style=\"margin-top: 6px; margin-bottom: 6px; color: #141823; font-family: Helvetica, Arial, 'lucida grande', tahoma, verdana, arial, sans-serif; font-size: 13.63636302948px; line-height: 17.5636348724365px;\">Wyobra\u017amy sobie pok\u00f3j w kt\u00f3rym jest ciemno, nagle zapala si\u0119 ma\u0142e \u015bwiate\u0142ko i m\u00f3wi do innych cz\u0105steczek istnienia:<br \/>-Ej, koledzy, przyszed\u0142 czas, aby\u015bmy si\u0119 zbudzili ze snu ciemno\u015bci i roz\u015bwietlili nasz pok\u00f3j, aby w naszym pokoju za\u015bwieci\u0142o \u015aWIAT\u0141O!<br \/>A koledzy na to:<span class=\"text_exposed_show\" style=\"display: inline;\"><br \/>&#8211; Ja si\u0119 zbudzi\u0142em i widz\u0119, \u017ce wok\u00f3\u0142 tyle ciemno\u015bci, musz\u0119 z ni\u0105 walczy\u0107.<br \/>Inni przy\u0142\u0105czaj\u0105 si\u0119:<br \/>&#8211; My te\u017c, my te\u017c, czas zlikwidowa\u0107 t\u0119 paskudn\u0105 ciemno\u015b\u0107 i zniszczysz ten z\u0142y \u015bwiat cienia.<br \/>A \u015bwiate\u0142ko, kt\u00f3re zapali\u0142o si\u0119 pierwsze m\u00f3wi:<br \/>&#8211; Nie walczcie z ciemno\u015bci\u0105, gdy\u017c w\u00f3wczas sami w cieniu przebywacie z\u0142o\u015bci, nienawi\u015bci, oceny, walki, zniszczenia. Zajmijcie si\u0119 SOB\u0104, sami rozja\u015bniajcie swoje istnienie, bo im wi\u0119cej nas za\u015bwieci tym szybciej JASNO\u015a\u0106 w pokoju nastanie.<br \/>&#8211; Nie, nie, nie masz racji. My musimy walczy\u0107 z cieniem, bo to takie szlachetne. Przecie\u017c my jeste\u015bmy dobrzy a cie\u0144 jest z\u0142y, Nie dopu\u015bcimy, aby nadal to ciemne z\u0142o panowa\u0142o w naszym pokoju.<\/span><\/p>\n<div class=\"text_exposed_show\" style=\"display: inline; color: #141823; font-family: Helvetica, Arial, 'lucida grande', tahoma, verdana, arial, sans-serif; font-size: 13.63636302948px; line-height: 17.5636348724365px;\">\n<p style=\"margin-bottom: 6px;\">Mija\u0142 czas i pok\u00f3j wci\u0105\u017c w ciemno\u015bci by\u0142, a przecie\u017c wystarczy\u0142o, aby Ci, kt\u00f3rzy w walce byli, zaj\u0119li si\u0119 swoim roz\u015bwietleniem.&nbsp;<br \/>Pok\u00f3j ja\u015bnia\u0142by, gdy\u017c \u015bwiat\u0142o zawsze silniejsze jest od zmroku, a w\u00f3wczas c\u00f3\u017c z cienia by zosta\u0142o?&nbsp;<br \/>Wystarczy niewiele \u015bwiat\u0142a, aby z ciemno\u015bci, szaro\u015b\u0107 nasta\u0142a, a tylko troszk\u0119 wi\u0119cej \u015bwiat\u0142a &#8211; aby jasno\u015b\u0107 na zawsze zapanowa\u0142a. I cienia ju\u017c nie b\u0119dzie.&nbsp;<br \/>&#8211; Nie pouczajcie innych, \u017ce w cieniu s\u0105, lecz ca\u0142\u0105 swoj\u0105 uwag\u0119 skierujcie na w\u0142asny blask, a w\u00f3wczas, ten co w cieniu by\u0142 jasno\u015b\u0107 zobaczy i cho\u0107by chcia\u0142, cienia ju\u017c nie ujrzy &#8211; powiedzia\u0142o na koniec \u015bwiate\u0142ko, kt\u00f3re zbudzi\u0142o si\u0119 prawdziwie.<\/p>\n<\/p><\/div>\n","protected":false},"excerpt":{"rendered":"<p style=\"margin-bottom: 6px; color: #141823; font-family: Helvetica, Arial, 'lucida grande', tahoma, verdana, arial, sans-serif; font-size: 13.63636302948px; line-height: 17.5636348724365px;\">Jak d\u0142ugo jeszcze \u015bwiat czeka\u0142 b\u0119dzie na prawdziwe zrozumienie \u017cycia?&nbsp;<\/p>\n","protected":false},"author":1,"featured_media":0,"comment_status":"open","ping_status":"open","sticky":false,"template":"","format":"standard","meta":{"footnotes":""},"categories":[2],"tags":[],"class_list":{"0":"post-950","1":"post","2":"type-post","3":"status-publish","4":"format-standard","6":"category-artykuly","7":"czr-hentry"},"yoast_head":"<!-- This site is optimized with the Yoast SEO plugin v26.8 - https:\/\/yoast.com\/product\/yoast-seo-wordpress\/ -->\n<title>SWIAT\u0141O ZAWSZE SILNIEJSZE JEST OD MROKU - Aktualno\u015bci<\/title>\n<meta name=\"robots\" content=\"index, follow, max-snippet:-1, max-image-preview:large, max-video-preview:-1\" \/>\n<link rel=\"canonical\" href=\"https:\/\/epokaserca.pl\/aktualnosci\/swiatlo-zawsze-silniejsze-jest-od-mroku\/\" \/>\n<meta property=\"og:locale\" content=\"pl_PL\" \/>\n<meta property=\"og:type\" content=\"article\" \/>\n<meta property=\"og:title\" content=\"SWIAT\u0141O ZAWSZE SILNIEJSZE JEST OD MROKU - Aktualno\u015bci\" \/>\n<meta property=\"og:description\" content=\"Jak d\u0142ugo jeszcze \u015bwiat czeka\u0142 b\u0119dzie na prawdziwe zrozumienie \u017cycia?&nbsp;\" \/>\n<meta property=\"og:url\" content=\"https:\/\/epokaserca.pl\/aktualnosci\/swiatlo-zawsze-silniejsze-jest-od-mroku\/\" \/>\n<meta property=\"og:site_name\" content=\"Aktualno\u015bci\" \/>\n<meta property=\"article:published_time\" content=\"2014-09-29T18:59:51+00:00\" \/>\n<meta name=\"author\" content=\"admin\" \/>\n<meta name=\"twitter:card\" content=\"summary_large_image\" \/>\n<meta name=\"twitter:label1\" content=\"Napisane przez\" \/>\n\t<meta name=\"twitter:data1\" content=\"admin\" \/>\n\t<meta name=\"twitter:label2\" content=\"Szacowany czas czytania\" \/>\n\t<meta name=\"twitter:data2\" content=\"2 minuty\" \/>\n<script type=\"application\/ld+json\" class=\"yoast-schema-graph\">{\"@context\":\"https:\/\/schema.org\",\"@graph\":[{\"@type\":\"Article\",\"@id\":\"https:\/\/epokaserca.pl\/aktualnosci\/swiatlo-zawsze-silniejsze-jest-od-mroku\/#article\",\"isPartOf\":{\"@id\":\"https:\/\/epokaserca.pl\/aktualnosci\/swiatlo-zawsze-silniejsze-jest-od-mroku\/\"},\"author\":{\"name\":\"admin\",\"@id\":\"https:\/\/epokaserca.pl\/aktualnosci\/#\/schema\/person\/f87215bc4f757d15c7321145cbabc434\"},\"headline\":\"SWIAT\u0141O ZAWSZE SILNIEJSZE JEST OD MROKU\",\"datePublished\":\"2014-09-29T18:59:51+00:00\",\"mainEntityOfPage\":{\"@id\":\"https:\/\/epokaserca.pl\/aktualnosci\/swiatlo-zawsze-silniejsze-jest-od-mroku\/\"},\"wordCount\":324,\"commentCount\":0,\"articleSection\":[\"Artyku\u0142y\"],\"inLanguage\":\"pl-PL\",\"potentialAction\":[{\"@type\":\"CommentAction\",\"name\":\"Comment\",\"target\":[\"https:\/\/epokaserca.pl\/aktualnosci\/swiatlo-zawsze-silniejsze-jest-od-mroku\/#respond\"]}]},{\"@type\":\"WebPage\",\"@id\":\"https:\/\/epokaserca.pl\/aktualnosci\/swiatlo-zawsze-silniejsze-jest-od-mroku\/\",\"url\":\"https:\/\/epokaserca.pl\/aktualnosci\/swiatlo-zawsze-silniejsze-jest-od-mroku\/\",\"name\":\"SWIAT\u0141O ZAWSZE SILNIEJSZE JEST OD MROKU - Aktualno\u015bci\",\"isPartOf\":{\"@id\":\"https:\/\/epokaserca.pl\/aktualnosci\/#website\"},\"datePublished\":\"2014-09-29T18:59:51+00:00\",\"author\":{\"@id\":\"https:\/\/epokaserca.pl\/aktualnosci\/#\/schema\/person\/f87215bc4f757d15c7321145cbabc434\"},\"breadcrumb\":{\"@id\":\"https:\/\/epokaserca.pl\/aktualnosci\/swiatlo-zawsze-silniejsze-jest-od-mroku\/#breadcrumb\"},\"inLanguage\":\"pl-PL\",\"potentialAction\":[{\"@type\":\"ReadAction\",\"target\":[\"https:\/\/epokaserca.pl\/aktualnosci\/swiatlo-zawsze-silniejsze-jest-od-mroku\/\"]}]},{\"@type\":\"BreadcrumbList\",\"@id\":\"https:\/\/epokaserca.pl\/aktualnosci\/swiatlo-zawsze-silniejsze-jest-od-mroku\/#breadcrumb\",\"itemListElement\":[{\"@type\":\"ListItem\",\"position\":1,\"name\":\"Home\",\"item\":\"https:\/\/epokaserca.pl\/aktualnosci\/\"},{\"@type\":\"ListItem\",\"position\":2,\"name\":\"SWIAT\u0141O ZAWSZE SILNIEJSZE JEST OD MROKU\"}]},{\"@type\":\"WebSite\",\"@id\":\"https:\/\/epokaserca.pl\/aktualnosci\/#website\",\"url\":\"https:\/\/epokaserca.pl\/aktualnosci\/\",\"name\":\"Aktualno\u015bci\",\"description\":\"\",\"potentialAction\":[{\"@type\":\"SearchAction\",\"target\":{\"@type\":\"EntryPoint\",\"urlTemplate\":\"https:\/\/epokaserca.pl\/aktualnosci\/?s={search_term_string}\"},\"query-input\":{\"@type\":\"PropertyValueSpecification\",\"valueRequired\":true,\"valueName\":\"search_term_string\"}}],\"inLanguage\":\"pl-PL\"},{\"@type\":\"Person\",\"@id\":\"https:\/\/epokaserca.pl\/aktualnosci\/#\/schema\/person\/f87215bc4f757d15c7321145cbabc434\",\"name\":\"admin\",\"image\":{\"@type\":\"ImageObject\",\"inLanguage\":\"pl-PL\",\"@id\":\"https:\/\/epokaserca.pl\/aktualnosci\/#\/schema\/person\/image\/\",\"url\":\"https:\/\/secure.gravatar.com\/avatar\/8e51b30565ad99a9f8b25bd638d21cd1?s=96&d=mm&r=g\",\"contentUrl\":\"https:\/\/secure.gravatar.com\/avatar\/8e51b30565ad99a9f8b25bd638d21cd1?s=96&d=mm&r=g\",\"caption\":\"admin\"},\"url\":\"https:\/\/epokaserca.pl\/aktualnosci\/author\/admin\/\"}]}<\/script>\n<!-- \/ Yoast SEO plugin. -->","yoast_head_json":{"title":"SWIAT\u0141O ZAWSZE SILNIEJSZE JEST OD MROKU - Aktualno\u015bci","robots":{"index":"index","follow":"follow","max-snippet":"max-snippet:-1","max-image-preview":"max-image-preview:large","max-video-preview":"max-video-preview:-1"},"canonical":"https:\/\/epokaserca.pl\/aktualnosci\/swiatlo-zawsze-silniejsze-jest-od-mroku\/","og_locale":"pl_PL","og_type":"article","og_title":"SWIAT\u0141O ZAWSZE SILNIEJSZE JEST OD MROKU - Aktualno\u015bci","og_description":"Jak d\u0142ugo jeszcze \u015bwiat czeka\u0142 b\u0119dzie na prawdziwe zrozumienie \u017cycia?&nbsp;","og_url":"https:\/\/epokaserca.pl\/aktualnosci\/swiatlo-zawsze-silniejsze-jest-od-mroku\/","og_site_name":"Aktualno\u015bci","article_published_time":"2014-09-29T18:59:51+00:00","author":"admin","twitter_card":"summary_large_image","twitter_misc":{"Napisane przez":"admin","Szacowany czas czytania":"2 minuty"},"schema":{"@context":"https:\/\/schema.org","@graph":[{"@type":"Article","@id":"https:\/\/epokaserca.pl\/aktualnosci\/swiatlo-zawsze-silniejsze-jest-od-mroku\/#article","isPartOf":{"@id":"https:\/\/epokaserca.pl\/aktualnosci\/swiatlo-zawsze-silniejsze-jest-od-mroku\/"},"author":{"name":"admin","@id":"https:\/\/epokaserca.pl\/aktualnosci\/#\/schema\/person\/f87215bc4f757d15c7321145cbabc434"},"headline":"SWIAT\u0141O ZAWSZE SILNIEJSZE JEST OD MROKU","datePublished":"2014-09-29T18:59:51+00:00","mainEntityOfPage":{"@id":"https:\/\/epokaserca.pl\/aktualnosci\/swiatlo-zawsze-silniejsze-jest-od-mroku\/"},"wordCount":324,"commentCount":0,"articleSection":["Artyku\u0142y"],"inLanguage":"pl-PL","potentialAction":[{"@type":"CommentAction","name":"Comment","target":["https:\/\/epokaserca.pl\/aktualnosci\/swiatlo-zawsze-silniejsze-jest-od-mroku\/#respond"]}]},{"@type":"WebPage","@id":"https:\/\/epokaserca.pl\/aktualnosci\/swiatlo-zawsze-silniejsze-jest-od-mroku\/","url":"https:\/\/epokaserca.pl\/aktualnosci\/swiatlo-zawsze-silniejsze-jest-od-mroku\/","name":"SWIAT\u0141O ZAWSZE SILNIEJSZE JEST OD MROKU - Aktualno\u015bci","isPartOf":{"@id":"https:\/\/epokaserca.pl\/aktualnosci\/#website"},"datePublished":"2014-09-29T18:59:51+00:00","author":{"@id":"https:\/\/epokaserca.pl\/aktualnosci\/#\/schema\/person\/f87215bc4f757d15c7321145cbabc434"},"breadcrumb":{"@id":"https:\/\/epokaserca.pl\/aktualnosci\/swiatlo-zawsze-silniejsze-jest-od-mroku\/#breadcrumb"},"inLanguage":"pl-PL","potentialAction":[{"@type":"ReadAction","target":["https:\/\/epokaserca.pl\/aktualnosci\/swiatlo-zawsze-silniejsze-jest-od-mroku\/"]}]},{"@type":"BreadcrumbList","@id":"https:\/\/epokaserca.pl\/aktualnosci\/swiatlo-zawsze-silniejsze-jest-od-mroku\/#breadcrumb","itemListElement":[{"@type":"ListItem","position":1,"name":"Home","item":"https:\/\/epokaserca.pl\/aktualnosci\/"},{"@type":"ListItem","position":2,"name":"SWIAT\u0141O ZAWSZE SILNIEJSZE JEST OD MROKU"}]},{"@type":"WebSite","@id":"https:\/\/epokaserca.pl\/aktualnosci\/#website","url":"https:\/\/epokaserca.pl\/aktualnosci\/","name":"Aktualno\u015bci","description":"","potentialAction":[{"@type":"SearchAction","target":{"@type":"EntryPoint","urlTemplate":"https:\/\/epokaserca.pl\/aktualnosci\/?s={search_term_string}"},"query-input":{"@type":"PropertyValueSpecification","valueRequired":true,"valueName":"search_term_string"}}],"inLanguage":"pl-PL"},{"@type":"Person","@id":"https:\/\/epokaserca.pl\/aktualnosci\/#\/schema\/person\/f87215bc4f757d15c7321145cbabc434","name":"admin","image":{"@type":"ImageObject","inLanguage":"pl-PL","@id":"https:\/\/epokaserca.pl\/aktualnosci\/#\/schema\/person\/image\/","url":"https:\/\/secure.gravatar.com\/avatar\/8e51b30565ad99a9f8b25bd638d21cd1?s=96&d=mm&r=g","contentUrl":"https:\/\/secure.gravatar.com\/avatar\/8e51b30565ad99a9f8b25bd638d21cd1?s=96&d=mm&r=g","caption":"admin"},"url":"https:\/\/epokaserca.pl\/aktualnosci\/author\/admin\/"}]}},"_links":{"self":[{"href":"https:\/\/epokaserca.pl\/aktualnosci\/wp-json\/wp\/v2\/posts\/950","targetHints":{"allow":["GET"]}}],"collection":[{"href":"https:\/\/epokaserca.pl\/aktualnosci\/wp-json\/wp\/v2\/posts"}],"about":[{"href":"https:\/\/epokaserca.pl\/aktualnosci\/wp-json\/wp\/v2\/types\/post"}],"author":[{"embeddable":true,"href":"https:\/\/epokaserca.pl\/aktualnosci\/wp-json\/wp\/v2\/users\/1"}],"replies":[{"embeddable":true,"href":"https:\/\/epokaserca.pl\/aktualnosci\/wp-json\/wp\/v2\/comments?post=950"}],"version-history":[{"count":0,"href":"https:\/\/epokaserca.pl\/aktualnosci\/wp-json\/wp\/v2\/posts\/950\/revisions"}],"wp:attachment":[{"href":"https:\/\/epokaserca.pl\/aktualnosci\/wp-json\/wp\/v2\/media?parent=950"}],"wp:term":[{"taxonomy":"category","embeddable":true,"href":"https:\/\/epokaserca.pl\/aktualnosci\/wp-json\/wp\/v2\/categories?post=950"},{"taxonomy":"post_tag","embeddable":true,"href":"https:\/\/epokaserca.pl\/aktualnosci\/wp-json\/wp\/v2\/tags?post=950"}],"curies":[{"name":"wp","href":"https:\/\/api.w.org\/{rel}","templated":true}]}}