{"id":255,"date":"2019-12-28T21:12:45","date_gmt":"2019-12-28T20:12:45","guid":{"rendered":"https:\/\/epokaserca.pl\/instytut\/?p=255"},"modified":"2020-08-20T12:10:53","modified_gmt":"2020-08-20T10:10:53","slug":"krolewski-instytut-personalny","status":"publish","type":"post","link":"https:\/\/epokaserca.pl\/instytut\/krolewski-instytut-personalny\/","title":{"rendered":"Kr\u00f3lewski Instytut Personalny"},"content":{"rendered":"<h3><\/h3>\n<h3 style=\"text-align: center;\"><span style=\"font-size: 14pt; font-family: Georgia, Palatino; color: #800000;\">Kr\u00f3lewski Instytut Personalny<\/span><\/h3>\n<p style=\"font-weight: 400;\"><span style=\"font-size: 12pt; font-family: Georgia, Palatino;\">\u00a0\u00a0<\/span><\/p>\n<p style=\"font-weight: 400;\"><span style=\"font-family: Georgia, Palatino;\"><span style=\"font-size: 12pt;\">Taka nazwa zosta\u0142a mi podpowiedziana przez Wy\u017csz\u0105 Ja\u017a\u0144. Dlaczego? To bardzo proste<\/span><span style=\"font-size: 12pt;\">\u00a0&#8211; to miejsce, gdzie ka\u017cdy b\u0119dzie m\u00f3g\u0142 w ramach indywidualnych lub grupowych zaj\u0119\u0107 osi\u0105gn\u0105\u0107 swoje osobiste kr\u00f3lestwo wewn\u0119trzne.<\/span><\/span><\/p>\n<p style=\"font-weight: 400; text-align: justify;\"><span style=\"font-family: Georgia, Palatino;\"><span style=\"font-size: 12pt;\">Gdy osi\u0105gn\u0119\u0142am wewn\u0119trzne zrozumienie KIM JESTEM &#8211; jako duchowa Istota, przyszed\u0142 czas na dzielenie si\u0119 wiedz\u0105 z innymi.<br \/>\n<\/span><span style=\"font-size: 12pt;\">Moja wiedza, czy raczej ju\u017c m\u0105dro\u015b\u0107 nie wynikaj\u0105 z ksi\u0105\u017cek, lecz z czysto\u015bci cia\u0142 energetycznych, kt\u00f3r\u0105 osi\u0105gn\u0119\u0142am poprzez odwa\u017cn\u0105 transformacj\u0119 program\u00f3w dualnego \u015bwiat. Trwa\u0142o to wiele lat i wymaga\u0142o du\u017co wysi\u0142ku, jednak by\u0142o niezb\u0119dne, gdy\u017c takie za\u0142o\u017cenie na obecne \u017cycie za\u0142o\u017cy\u0142am sobie jako duchowa Istota.<br \/>\n<\/span><span style=\"font-size: 12pt;\">Wielu z nas obiera sobie na obecne wcielenie podobne zadania, nie ka\u017cdy jednak ma determinacj\u0119, aby umiera\u0107 wielokrotnie w r\u00f3\u017cnych tematach \u017cycia i naradza\u0107 si\u0119 ponownie na wy\u017cszym ju\u017c poziomie zrozumienia danego tematu.<br \/>\n<\/span><span style=\"font-size: 12pt;\">Zadaniem osoby, kt\u00f3ra przesz\u0142a ciemn\u0105 dolin\u0119, jest wskazywa\u0107 drog\u0119 tym, kt\u00f3rzy jej szukaj\u0105, czyli s\u0105 ju\u017c gotowi, w procesie swej ewolucji, na dalszych etap dla wzrostu w\u0142asnego oraz ca\u0142ej cywilizacji.<br \/>\n<\/span><span style=\"font-size: 12pt;\">By\u0142am prowadzona przez Wy\u017csz\u0105 M\u0105dro\u015b\u0107 i nadal jestem, gdy\u017c rozw\u00f3j trwa, dlatego post\u0119puj\u0105c wed\u0142ug zalece\u0144 uruchamiam w obecnym roku trzy nowe wsp\u00f3lne dzia\u0142ania, <\/span><span style=\"font-size: 12pt;\">jednym z nich jest <\/span><span style=\"font-size: 12pt;\">Kr\u00f3lewski Instytut Personalny <\/span><span style=\"font-size: 12pt;\">gdy\u017c czas wyj\u015b\u0107 nam z ma\u0142o\u015bci , <\/span><span style=\"font-size: 12pt;\">aby powsta\u0107 kr\u00f3lem w kr\u00f3lestwie nowej \u015bwiadomo\u015bci, <\/span><span style=\"font-size: 12pt;\">samostanowi\u0105cym, samo\u015bwiadomym, w pe\u0142ni przebudzonym i b\u0119d\u0105cy pe\u0142ni\u0105 <\/span><span style=\"font-size: 12pt;\">prawdziwy kr\u00f3l w swej wspania\u0142ej \u015bwi\u0105tyni cia\u0142a.<\/span><\/span><\/p>\n<p style=\"text-align: center;\"><iframe loading=\"lazy\" src=\"\/\/www.youtube.com\/embed\/F9SA4QS8HRQ\" width=\"560\" height=\"315\" frameborder=\"0\" allowfullscreen=\"allowfullscreen\"><\/iframe><\/p>\n<p>&nbsp;<\/p>\n<p><span class=\"style-scope yt-formatted-string\" dir=\"auto\">Kochani \u2013 zr\u00f3bmy tak. Kto ch\u0119tny niech pisze na\u00a0 e-mali:\u00a0<\/span><a class=\"yt-simple-endpoint style-scope yt-formatted-string\" dir=\"auto\" spellcheck=\"false\" href=\"https:\/\/www.youtube.com\/redirect?event=comments&amp;stzid=UgyWwcGcMqvYWj0PNn54AaABAg&amp;q=http%3A%2F%2Fwp.pl%2F&amp;redir_token=QUFFLUhqblJKMXFCcHpGR0NLMFMyOEFFQzdxSGZJT3lYZ3xBQ3Jtc0ttZTNjdkZfdWhrdWxwd1BQVUFXbHQ4S1NCYjBTRXR0bjByNDJjTnpMRnRVNFVub192TVZFaDh4S2M0N1dhTjFVTFhuWnhWMHpHWWl1MC1GVkstVEx5RTFXck5YWUVfSWdYQnFxbEdFX2o0UDdVV2NjQQ%3D%3D\" target=\"_blank\" rel=\"nofollow noopener noreferrer\">elenelijah.yt@wp.pl\u00a0<\/a><span class=\"style-scope yt-formatted-string\" dir=\"auto\">gdy\u017c dalszy kontakt z Wami, gdy zbierze si\u0119 grupa, b\u0119d\u0119 robila poprzez e-mail . Nagrania bed\u0119 wysy\u0142a\u0142a na Wasze e-maile. Je\u015bli b\u0119dzie grupa zaczniemy od wrze\u015bnia, wi\u0119c do ko\u0144ca sierpnia zbieram Wasze zg\u0142oszenia. Mog\u0119 zaproponowa\u0107 ka\u017cde ze szkole\u0144 , kt\u00f3re s\u0105 prezentowane na stronie. Dlatego prosz\u0119, gdy b\u0119dzieci pisa\u0107 zg\u0142oszenia \u2013 zaznaczcie KT\u00d3RE WAS INTERESUJE , W KT\u00d3RYM CHCECIE WZI\u0104\u0106 UDZIA\u0141. Mo\u017cna wzi\u0105\u0107 udzia\u0142 w kilku, w\u00f3wczas op\u0142ata b\u0119dzie konieczna za ka\u017cde. Szczeg\u00f3\u0142y podam w e-mailu. Osoby, kt\u00f3re ju\u017c napisa\u0142y na inny e-mail, prosz\u0119 powt\u00f3rnie napisa\u0107 na e-mail NOWY\u2026\u2026\u2026<\/span><a class=\"yt-simple-endpoint style-scope yt-formatted-string\" dir=\"auto\" spellcheck=\"false\" href=\"https:\/\/www.youtube.com\/redirect?event=comments&amp;stzid=UgyWwcGcMqvYWj0PNn54AaABAg&amp;q=http%3A%2F%2Fwp.pl%2F&amp;redir_token=QUFFLUhqbEpqQ2c5SG9KYUtLcHFpSWJVSFM1U0ZnY3gwQXxBQ3Jtc0trU1lkbnlLNjNqUks3cWNRUzA2NkdydFpxVVNQNmp0eGw1N0lVTDBvT0VWcWRPSVFGb3YzY0gwOGIwYXNLSlhWQmZNcnVoS3JHQmpPR1VGdFhqTVduQmI4WnNnNzRpajRvVml6QU9ibHdWNjJKUGxOcw%3D%3D\" target=\"_blank\" rel=\"nofollow noopener noreferrer\">\u00a0 elenelijah.yt@wp.pl\u00a0<\/a><\/p>\n<p>&nbsp;<\/p>\n<p style=\"font-weight: 400;\">\n","protected":false},"excerpt":{"rendered":"<p>Kr\u00f3lewski Instytut Personalny \u00a0\u00a0 Taka nazwa zosta\u0142a mi podpowiedziana przez Wy\u017csz\u0105 Ja\u017a\u0144. Dlaczego? To bardzo proste\u00a0&#8211; to miejsce, gdzie ka\u017cdy b\u0119dzie m\u00f3g\u0142 w ramach indywidualnych lub grupowych zaj\u0119\u0107 osi\u0105gn\u0105\u0107 swoje osobiste kr\u00f3lestwo wewn\u0119trzne. Gdy osi\u0105gn\u0119\u0142am wewn\u0119trzne zrozumienie KIM JESTEM &#8211; jako duchowa Istota, przyszed\u0142 czas na dzielenie si\u0119 wiedz\u0105 z innymi. Moja wiedza, czy raczej [&hellip;]<\/p>\n","protected":false},"author":2,"featured_media":0,"comment_status":"open","ping_status":"open","sticky":false,"template":"","format":"standard","meta":{"_acf_changed":false,"footnotes":""},"categories":[15],"tags":[],"class_list":{"0":"post-255","1":"post","2":"type-post","3":"status-publish","4":"format-standard","6":"category-krolewski-instytut-personalny","7":"czr-hentry"},"acf":[],"_links":{"self":[{"href":"https:\/\/epokaserca.pl\/instytut\/wp-json\/wp\/v2\/posts\/255","targetHints":{"allow":["GET"]}}],"collection":[{"href":"https:\/\/epokaserca.pl\/instytut\/wp-json\/wp\/v2\/posts"}],"about":[{"href":"https:\/\/epokaserca.pl\/instytut\/wp-json\/wp\/v2\/types\/post"}],"author":[{"embeddable":true,"href":"https:\/\/epokaserca.pl\/instytut\/wp-json\/wp\/v2\/users\/2"}],"replies":[{"embeddable":true,"href":"https:\/\/epokaserca.pl\/instytut\/wp-json\/wp\/v2\/comments?post=255"}],"version-history":[{"count":4,"href":"https:\/\/epokaserca.pl\/instytut\/wp-json\/wp\/v2\/posts\/255\/revisions"}],"predecessor-version":[{"id":652,"href":"https:\/\/epokaserca.pl\/instytut\/wp-json\/wp\/v2\/posts\/255\/revisions\/652"}],"wp:attachment":[{"href":"https:\/\/epokaserca.pl\/instytut\/wp-json\/wp\/v2\/media?parent=255"}],"wp:term":[{"taxonomy":"category","embeddable":true,"href":"https:\/\/epokaserca.pl\/instytut\/wp-json\/wp\/v2\/categories?post=255"},{"taxonomy":"post_tag","embeddable":true,"href":"https:\/\/epokaserca.pl\/instytut\/wp-json\/wp\/v2\/tags?post=255"}],"curies":[{"name":"wp","href":"https:\/\/api.w.org\/{rel}","templated":true}]}}